{"id":20249,"date":"2023-07-06T11:31:02","date_gmt":"2023-07-06T09:31:02","guid":{"rendered":"http:\/\/www.robertosedda.it\/?p=20249"},"modified":"2023-07-20T10:31:31","modified_gmt":"2023-07-20T08:31:31","slug":"ombre-notturne","status":"publish","type":"post","link":"https:\/\/www.robertosedda.it\/?p=20249","title":{"rendered":"Ombre notturne"},"content":{"rendered":"\n<p>Avviso: questo \u00e8 un articolo molto sincero, e come tale potrebbe non piacere. Fine dell&#8217;avviso.<\/p>\n\n\n\n<p>L&#8217;altro giorno ho visto casualmente questo <em>tweet<\/em>:<\/p>\n\n\n\n<figure class=\"wp-block-image alignwide size-full\"><img data-attachment-id=\"20258\" data-permalink=\"https:\/\/www.robertosedda.it\/?attachment_id=20258\" data-orig-file=\"https:\/\/i0.wp.com\/www.robertosedda.it\/wp-content\/uploads\/2023\/07\/Balabam.png?fit=596%2C488&amp;ssl=1\" data-orig-size=\"596,488\" data-comments-opened=\"1\" data-image-meta=\"{&quot;aperture&quot;:&quot;0&quot;,&quot;credit&quot;:&quot;&quot;,&quot;camera&quot;:&quot;&quot;,&quot;caption&quot;:&quot;&quot;,&quot;created_timestamp&quot;:&quot;0&quot;,&quot;copyright&quot;:&quot;&quot;,&quot;focal_length&quot;:&quot;0&quot;,&quot;iso&quot;:&quot;0&quot;,&quot;shutter_speed&quot;:&quot;0&quot;,&quot;title&quot;:&quot;&quot;,&quot;orientation&quot;:&quot;0&quot;}\" data-image-title=\"Balabam\" data-image-description=\"\" data-image-caption=\"\" data-medium-file=\"https:\/\/i0.wp.com\/www.robertosedda.it\/wp-content\/uploads\/2023\/07\/Balabam.png?fit=300%2C246&amp;ssl=1\" data-large-file=\"https:\/\/i0.wp.com\/www.robertosedda.it\/wp-content\/uploads\/2023\/07\/Balabam.png?fit=510%2C418&amp;ssl=1\" decoding=\"async\" loading=\"lazy\" width=\"596\" height=\"488\" src=\"https:\/\/i0.wp.com\/www.robertosedda.it\/wp-content\/uploads\/2023\/07\/Balabam.png?resize=596%2C488\" alt=\"\" class=\"wp-image-20258\" srcset=\"https:\/\/i0.wp.com\/www.robertosedda.it\/wp-content\/uploads\/2023\/07\/Balabam.png?w=596&amp;ssl=1 596w, https:\/\/i0.wp.com\/www.robertosedda.it\/wp-content\/uploads\/2023\/07\/Balabam.png?resize=300%2C246&amp;ssl=1 300w, https:\/\/i0.wp.com\/www.robertosedda.it\/wp-content\/uploads\/2023\/07\/Balabam.png?resize=510%2C418&amp;ssl=1 510w, https:\/\/i0.wp.com\/www.robertosedda.it\/wp-content\/uploads\/2023\/07\/Balabam.png?resize=150%2C123&amp;ssl=1 150w\" sizes=\"(max-width: 596px) 100vw, 596px\" data-recalc-dims=\"1\" \/><\/figure>\n\n\n\n<p>Ora, la mia reazione a queste cose, di solito, \u00e8 venata di scetticismo. Come la volta che per strada \u00e8 passata Melissa Satta e nel gruppo di maschi che commentava c&#8217;era uno che, protendendo il petto, ipotizzava: \u00abIo, a quella, se fossimo noi due su un&#8217;isola deserta, cosa tutto le farei\u00bb, e io, passando sopra allo squallore generale e al fatto non trascurabile che gi\u00e0 devi ridurti a ipotizzare l&#8217;isola deserta, dove quella non ha alternative, ma comunque mi ricordo di avere considerato fisico e et\u00e0 e di avere pensato: \u00abTe, sull&#8217;isola deserta quella ti d\u00e0 due schiaffi e ti manda a calci nel sedere a raccogliere noci di cocco in spiaggia e dopo, se ti rimane tempo, <em>raus<\/em> a spaccare la legna e se non ti sbrighi altri due schiaffi\u00bb.<\/p>\n\n\n\n<p>S\u00ec, la mia idea dell&#8217;isola deserta deriva da <em><a href=\"https:\/\/it.wikipedia.org\/wiki\/Duello_nel_Pacifico\">Duello nel Pacifico<\/a><\/em>, pi\u00f9 che da <em><a href=\"https:\/\/it.wikipedia.org\/wiki\/Laguna_blu\">Laguna blu<\/a><\/em>.<\/p>\n\n\n\n<p>Comunque, istintivamente la mia reazione al <em>tweet<\/em> di Balabam \u00e8 stata simile: \u00abChe paura farai tu che citi Fantozzi e devi essere pi\u00f9 o meno mio coetaneo, che se mai ci mettessimo a inseguire una ragazza di notte altro che uomo lupo, pi\u00f9 probabilmente dopo cinquanta metri ci viene l&#8217;infarto\u00bb.<\/p>\n\n\n\n<p>Poi l&#8217;altra sera, dopo una serata coi <em>Fabbricastorie<\/em>, Andrea mi ha riaccompagnato a casa e mi ha lasciato dall&#8217;altro lato della strada. Ho attraversato e mi sono infilato nell&#8217;area del distributore, che attualmente \u00e8 abbandonato. Dall&#8217;altra parte delle pompe di benzina ho intravisto un&#8217;ombra. Era una ragazza, molto giovane, col cellulare acceso in mano, e un vestitino di quelli che li devi tirare di sotto e per\u00f2 poi li devi tirare anche di sopra.<\/p>\n\n\n\n<p>E anche lei mi ha visto ed \u00e8 trasalita. Ha fatto due passi indietro. La piazza, in quel momento, era deserta.<\/p>\n\n\n\n<figure class=\"wp-block-image alignwide size-full\"><img data-attachment-id=\"20259\" data-permalink=\"https:\/\/www.robertosedda.it\/?attachment_id=20259\" data-orig-file=\"https:\/\/i0.wp.com\/www.robertosedda.it\/wp-content\/uploads\/2023\/07\/IMG_20230629_225119-scaled.jpg?fit=2560%2C1920&amp;ssl=1\" data-orig-size=\"2560,1920\" data-comments-opened=\"1\" data-image-meta=\"{&quot;aperture&quot;:&quot;2.2&quot;,&quot;credit&quot;:&quot;&quot;,&quot;camera&quot;:&quot;STF-L09&quot;,&quot;caption&quot;:&quot;&quot;,&quot;created_timestamp&quot;:&quot;1688079081&quot;,&quot;copyright&quot;:&quot;&quot;,&quot;focal_length&quot;:&quot;3.95&quot;,&quot;iso&quot;:&quot;2000&quot;,&quot;shutter_speed&quot;:&quot;0.06&quot;,&quot;title&quot;:&quot;&quot;,&quot;orientation&quot;:&quot;0&quot;}\" data-image-title=\"IMG_20230629_225119\" data-image-description=\"\" data-image-caption=\"\" data-medium-file=\"https:\/\/i0.wp.com\/www.robertosedda.it\/wp-content\/uploads\/2023\/07\/IMG_20230629_225119-scaled.jpg?fit=300%2C225&amp;ssl=1\" data-large-file=\"https:\/\/i0.wp.com\/www.robertosedda.it\/wp-content\/uploads\/2023\/07\/IMG_20230629_225119-scaled.jpg?fit=510%2C383&amp;ssl=1\" decoding=\"async\" loading=\"lazy\" width=\"800\" height=\"600\" src=\"https:\/\/i0.wp.com\/www.robertosedda.it\/wp-content\/uploads\/2023\/07\/IMG_20230629_225119-scaled.jpg?resize=800%2C600\" alt=\"\" class=\"wp-image-20259\" srcset=\"https:\/\/i0.wp.com\/www.robertosedda.it\/wp-content\/uploads\/2023\/07\/IMG_20230629_225119-scaled.jpg?w=2560&amp;ssl=1 2560w, https:\/\/i0.wp.com\/www.robertosedda.it\/wp-content\/uploads\/2023\/07\/IMG_20230629_225119-scaled.jpg?resize=300%2C225&amp;ssl=1 300w, https:\/\/i0.wp.com\/www.robertosedda.it\/wp-content\/uploads\/2023\/07\/IMG_20230629_225119-scaled.jpg?resize=510%2C383&amp;ssl=1 510w, https:\/\/i0.wp.com\/www.robertosedda.it\/wp-content\/uploads\/2023\/07\/IMG_20230629_225119-scaled.jpg?resize=150%2C113&amp;ssl=1 150w, https:\/\/i0.wp.com\/www.robertosedda.it\/wp-content\/uploads\/2023\/07\/IMG_20230629_225119-scaled.jpg?resize=1536%2C1152&amp;ssl=1 1536w, https:\/\/i0.wp.com\/www.robertosedda.it\/wp-content\/uploads\/2023\/07\/IMG_20230629_225119-scaled.jpg?resize=2048%2C1536&amp;ssl=1 2048w, https:\/\/i0.wp.com\/www.robertosedda.it\/wp-content\/uploads\/2023\/07\/IMG_20230629_225119-scaled.jpg?resize=1024%2C768&amp;ssl=1 1024w, https:\/\/i0.wp.com\/www.robertosedda.it\/wp-content\/uploads\/2023\/07\/IMG_20230629_225119-scaled.jpg?w=1600 1600w, https:\/\/i0.wp.com\/www.robertosedda.it\/wp-content\/uploads\/2023\/07\/IMG_20230629_225119-scaled.jpg?w=2400 2400w\" sizes=\"(max-width: 800px) 100vw, 800px\" data-recalc-dims=\"1\" \/><\/figure>\n\n\n\n<p>Per un attimo ho considerato di chiederle se era tutto a posto, se aveva bisogno di qualcosa. Poi ho considerato che le domande possibili, per quanto benintenzionate, erano tutte <em>poco <\/em>rassicuranti, tipo: \u00abSei qui da sola?\u00bb, \u00abAspetti qualcuno?\u00bb e quindi ho deciso di no. Ho tirato fuori le chiavi dalla tasca, ho cercato di darmi l&#8217;aria del tizio stanco che vuole solo arrivare a casa sua, le ho voltato accuratamente le spalle e sono andato dritto al portone.<\/p>\n\n\n\n<p>\u00c8 stato abbastanza doloroso. <\/p>\n\n\n\n<p>E, salendo le scale, mi chiedevo se l&#8217;avevo lasciata in una situazione di disagio o di pericolo. Intendiamoci, Cagliari \u00e8 una citt\u00e0 tranquillissima, la piazza anche a quell&#8217;ora avr\u00e0 comunque un po&#8217; di traffico ogni tanto e la <a href=\"http:\/\/www.robertosedda.it\/?p=15434\" data-type=\"post\" data-id=\"15434\">sensazione di pericolo percepito non va mai confusa col pericolo vero<\/a>, altrimenti dovremmo decidere di dare ragione alle peggio paranoie dei razzisti e istituire uno stato di polizia praticamente per ogni questione, che \u00e8 un po&#8217; il limite di tutte quelle linee di comunicazione: <em>provateci voi a essere una donna, di notte&#8230;<\/em> presumibilmente, se ci provi in un quartiere normale, in una situazione normale, non ti succede niente di grave.<\/p>\n\n\n\n<p>Per\u00f2 \u00e8 vero che di notte pu\u00f2 sempre capitare uno che quanto meno ti rompe le palle, tanto pi\u00f9 se sei una ragazza sola.<\/p>\n\n\n\n<p>E poi lei aveva avuto paura, e anche questo \u00e8 un fatto.<\/p>\n\n\n\n<p>Sono entrato a casa. Maria Bonaria dormiva. Ho aperto la finestra. La ragazza aveva attraversato la strada e stava, sempre col cellulare consultato nervosamente, sotto un lampione. C&#8217;era appena di traffico, un tizio in moto si \u00e8 girato a guardarla, una macchina ha rallentato per vederla meglio.<\/p>\n\n\n\n<p>Sono rimato una mezzora in balcone ad aspettare, finch\u00e9 \u00e8 arrivata una macchina e lei se n&#8217;\u00e8 andata via, e allora sono andato a dormire.<\/p>\n","protected":false},"excerpt":{"rendered":"<p>Avviso: questo \u00e8 un articolo molto sincero, e come tale potrebbe non piacere. Fine dell&#8217;avviso. L&#8217;altro giorno ho visto casualmente<\/p>\n","protected":false},"author":1,"featured_media":20259,"comment_status":"open","ping_status":"open","sticky":false,"template":"","format":"standard","meta":{"_mi_skip_tracking":false,"_monsterinsights_sitenote_active":false,"_monsterinsights_sitenote_note":"","_monsterinsights_sitenote_category":0,"jetpack_post_was_ever_published":false,"_jetpack_newsletter_access":"","jetpack_publicize_message":"","jetpack_is_tweetstorm":false,"jetpack_publicize_feature_enabled":true,"jetpack_social_post_already_shared":true,"jetpack_social_options":{"image_generator_settings":{"template":"highway","enabled":false}}},"categories":[52,56,82,18,16],"tags":[],"jetpack_publicize_connections":[],"jetpack_featured_media_url":"https:\/\/i0.wp.com\/www.robertosedda.it\/wp-content\/uploads\/2023\/07\/IMG_20230629_225119-scaled.jpg?fit=2560%2C1920&ssl=1","jetpack_sharing_enabled":true,"jetpack_shortlink":"https:\/\/wp.me\/p4jV2T-5gB","jetpack_likes_enabled":true,"jetpack-related-posts":[{"id":7923,"url":"https:\/\/www.robertosedda.it\/?p=7923","url_meta":{"origin":20249,"position":0},"title":"Anche i professori a volte sbagliano (un intervento di Nicol\u00f2 Migheli)","author":"Rufus","date":"08\/07\/2014","format":false,"excerpt":"L'articolo dei blogger del luned\u00ec\u00a0\u00e8 pubblicato oltre che su questo sito anche su quelli\u00a0di\u00a0Fondazione Sardinia,\u00a0Tramas de amistade,\u00a0Aladin pensiero,\u00a0Vito Biolchini,\u00a0Sardegna soprattutto,\u00a0Enrico Lobina,\u00a0Madrigopolis,\u00a0Forma paris\u00a0e\u00a0Tottus in pari. Anche i professori a volte sbagliano di Nicol\u00f2 Migheli Chiunque in questi ultimi vent'anni abbia seguito le tendenze demografiche della Sardegna ha consapevolezza che l'isola \u00e8\u2026","rel":"","context":"In &quot;Coordinate&quot;","block_context":{"text":"Coordinate","link":"https:\/\/www.robertosedda.it\/?cat=52"},"img":{"alt_text":"","src":"https:\/\/i0.wp.com\/www.robertosedda.it\/wp-content\/uploads\/2014\/07\/Nicol\u00f2-Migheli.jpg?fit=417%2C628&ssl=1&resize=350%2C200","width":350,"height":200},"classes":[]},{"id":4945,"url":"https:\/\/www.robertosedda.it\/?p=4945","url_meta":{"origin":20249,"position":1},"title":"La Sardegna \u00e8 un mosaico (un intervento di Fabrizio Palazzari)","author":"Rufus","date":"05\/11\/2013","format":false,"excerpt":"Contrariamente al solito, l'articolo che segue non \u00e8 mio. Sono stato invitato, con molta gentilezza, agli incontri che si tengono il luned\u00ec presso la Fondazione Sardinia: le regole del gioco prevedono che a turno ciascuno proponga un articolo, che sia discusso amichevolmente e che poi sia pubblicato da tutti. Non\u2026","rel":"","context":"In &quot;Coordinate&quot;","block_context":{"text":"Coordinate","link":"https:\/\/www.robertosedda.it\/?cat=52"},"img":{"alt_text":"","src":"https:\/\/i0.wp.com\/www.robertosedda.it\/wp-content\/uploads\/2013\/08\/Ortiz.jpg?fit=397%2C424&ssl=1&resize=350%2C200","width":350,"height":200},"classes":[]},{"id":19999,"url":"https:\/\/www.robertosedda.it\/?p=19999","url_meta":{"origin":20249,"position":2},"title":"Racconti che sono recensioni","author":"Rufus","date":"28\/03\/2023","format":false,"excerpt":"Avevo sempre desiderato leggere Gli Scorpioni del Deserto di Hugo Pratt e dopo la visita alla bella mostra di Cagliari dedicata al grande fumettista, dove erano esposte alcune tavole originali, mi sono deciso e ho comprato l'edizione integrale (Lizard, \u20ac 29,00, anche se io l'ho trovato con un piccolo sconto).\u2026","rel":"","context":"In &quot;Cappe e spade&quot;","block_context":{"text":"Cappe e spade","link":"https:\/\/www.robertosedda.it\/?cat=70"},"img":{"alt_text":"","src":"https:\/\/i0.wp.com\/www.robertosedda.it\/wp-content\/uploads\/2023\/03\/Cover-Scorpioni-del-deserto.jpg?fit=323%2C445&ssl=1&resize=350%2C200","width":350,"height":200},"classes":[]},{"id":4484,"url":"https:\/\/www.robertosedda.it\/?p=4484","url_meta":{"origin":20249,"position":3},"title":"Nel deserto o con Aggeo? Sassolini nelle scarpe","author":"Rufus","date":"20\/09\/2013","format":false,"excerpt":"Ieri sotto la doccia improvvisamente ho pensato al deserto. Non a un deserto specifico -\u00a0del resto non ne ho mai visitato nessuno - ma al deserto come concetto. Biblico. Era il 2001 e nell'Azione Cattolica ero in disgrazia, tanto per cambiare. La forma specifica della disgrazia era del tipo \"maneggiare\u2026","rel":"","context":"In &quot;Azione Cattolica&quot;","block_context":{"text":"Azione Cattolica","link":"https:\/\/www.robertosedda.it\/?cat=76"},"img":{"alt_text":"","src":"","width":0,"height":0},"classes":[]},{"id":17384,"url":"https:\/\/www.robertosedda.it\/?p=17384","url_meta":{"origin":20249,"position":4},"title":"Elitari ma spirituali","author":"Rufus","date":"27\/09\/2019","format":false,"excerpt":"Non so bene per quali misteriosi motivi mi sia passata sotto il naso una notizia pubblicata sul sito della rivista Town&Country: voglio dire, \u00e8 una rivista che divide i suoi articoli fra notizie della casa reale inglese e tutto il resto, cio\u00e8 viaggi e moda, il che non la pone\u2026","rel":"","context":"In &quot;Coordinate&quot;","block_context":{"text":"Coordinate","link":"https:\/\/www.robertosedda.it\/?cat=52"},"img":{"alt_text":"","src":"https:\/\/i0.wp.com\/www.robertosedda.it\/wp-content\/uploads\/2019\/10\/Spiritual-onepercenters.jpg?fit=768%2C768&ssl=1&resize=350%2C200","width":350,"height":200,"srcset":"https:\/\/i0.wp.com\/www.robertosedda.it\/wp-content\/uploads\/2019\/10\/Spiritual-onepercenters.jpg?fit=768%2C768&ssl=1&resize=350%2C200 1x, https:\/\/i0.wp.com\/www.robertosedda.it\/wp-content\/uploads\/2019\/10\/Spiritual-onepercenters.jpg?fit=768%2C768&ssl=1&resize=700%2C400 2x"},"classes":[]},{"id":8914,"url":"https:\/\/www.robertosedda.it\/?p=8914","url_meta":{"origin":20249,"position":5},"title":"Quali intellettuali in Sardegna? Un intervento di Piero Marcialis","author":"Rufus","date":"19\/11\/2014","format":false,"excerpt":"Oltre che su questo\u00a0blog questo articolo viene pubblicato anche sui siti di\u00a0Fondazione Sardinia,\u00a0Aladinpensiero,\u00a0Tramas de amistade,\u00a0Sardegna Soprattutto,\u00a0Sportello Formaparis,\u00a0Tottusinpari e sui blog di\u00a0Enrico Lobina,\u00a0Vito Biolchini\u00a0e\u00a0Francesca Madrigali. Quali intellettuali in Sardegna? di Piero Marcialis Si scalda (forse) il dibattito sugli intellettuali in Sardegna. Non mi soffermo a dire che intellettuali siamo un po\u2019\u2026","rel":"","context":"In &quot;Coordinate&quot;","block_context":{"text":"Coordinate","link":"https:\/\/www.robertosedda.it\/?cat=52"},"img":{"alt_text":"","src":"https:\/\/i0.wp.com\/www.robertosedda.it\/wp-content\/uploads\/2014\/11\/intellettuali1.jpg?fit=360%2C269&ssl=1&resize=350%2C200","width":350,"height":200},"classes":[]}],"_links":{"self":[{"href":"https:\/\/www.robertosedda.it\/index.php?rest_route=\/wp\/v2\/posts\/20249"}],"collection":[{"href":"https:\/\/www.robertosedda.it\/index.php?rest_route=\/wp\/v2\/posts"}],"about":[{"href":"https:\/\/www.robertosedda.it\/index.php?rest_route=\/wp\/v2\/types\/post"}],"author":[{"embeddable":true,"href":"https:\/\/www.robertosedda.it\/index.php?rest_route=\/wp\/v2\/users\/1"}],"replies":[{"embeddable":true,"href":"https:\/\/www.robertosedda.it\/index.php?rest_route=%2Fwp%2Fv2%2Fcomments&post=20249"}],"version-history":[{"count":3,"href":"https:\/\/www.robertosedda.it\/index.php?rest_route=\/wp\/v2\/posts\/20249\/revisions"}],"predecessor-version":[{"id":20266,"href":"https:\/\/www.robertosedda.it\/index.php?rest_route=\/wp\/v2\/posts\/20249\/revisions\/20266"}],"wp:featuredmedia":[{"embeddable":true,"href":"https:\/\/www.robertosedda.it\/index.php?rest_route=\/wp\/v2\/media\/20259"}],"wp:attachment":[{"href":"https:\/\/www.robertosedda.it\/index.php?rest_route=%2Fwp%2Fv2%2Fmedia&parent=20249"}],"wp:term":[{"taxonomy":"category","embeddable":true,"href":"https:\/\/www.robertosedda.it\/index.php?rest_route=%2Fwp%2Fv2%2Fcategories&post=20249"},{"taxonomy":"post_tag","embeddable":true,"href":"https:\/\/www.robertosedda.it\/index.php?rest_route=%2Fwp%2Fv2%2Ftags&post=20249"}],"curies":[{"name":"wp","href":"https:\/\/api.w.org\/{rel}","templated":true}]}}