{"id":20109,"date":"2023-05-04T12:20:29","date_gmt":"2023-05-04T10:20:29","guid":{"rendered":"http:\/\/www.robertosedda.it\/?p=20109"},"modified":"2025-05-07T09:53:23","modified_gmt":"2025-05-07T07:53:23","slug":"supercazzole","status":"publish","type":"post","link":"https:\/\/www.robertosedda.it\/?p=20109","title":{"rendered":"Supercazzole"},"content":{"rendered":"\n<p>Ieri a cena, casualmente tutte persone interne all&#8217;Universit\u00e0, ci siamo detti che gli studenti non sanno pi\u00f9 scrivere, che si tratti di un breve saggio o una relazione oppure un&#8217;istanza di carattere amministrativo non importa.<\/p>\n\n\n\n<p>Il che magari, fatta la tara alle generalizzazioni e al compianto per il declino inarrestabile del mondo, \u00e8 probabilmente anche abbastanza vero, almeno per una percentuale di studenti (temo crescente).<\/p>\n\n\n\n<p>Per\u00f2 oggi al chiosco vicino all&#8217;ufficio mi fermo a prendere il caff\u00e8, apro il quotidiano locale e ci trovo editoriali e articoli di finissimi intellettuali ed esponenti cittadini che non sono pi\u00f9 studenti da un pezzo e che non solo scrivono quelle che paiono con tutta evidenza delle supercazzole, ma le scrivono pure in maniera improponibile o incomprensibile.<\/p>\n\n\n\n<figure class=\"wp-block-image alignwide size-full\"><img data-attachment-id=\"20110\" data-permalink=\"https:\/\/www.robertosedda.it\/?attachment_id=20110\" data-orig-file=\"https:\/\/i0.wp.com\/www.robertosedda.it\/wp-content\/uploads\/2023\/05\/Amicimiei-Tognazzi.jpg?fit=704%2C368&amp;ssl=1\" data-orig-size=\"704,368\" data-comments-opened=\"1\" data-image-meta=\"{&quot;aperture&quot;:&quot;0&quot;,&quot;credit&quot;:&quot;&quot;,&quot;camera&quot;:&quot;&quot;,&quot;caption&quot;:&quot;&quot;,&quot;created_timestamp&quot;:&quot;0&quot;,&quot;copyright&quot;:&quot;&quot;,&quot;focal_length&quot;:&quot;0&quot;,&quot;iso&quot;:&quot;0&quot;,&quot;shutter_speed&quot;:&quot;0&quot;,&quot;title&quot;:&quot;&quot;,&quot;orientation&quot;:&quot;0&quot;}\" data-image-title=\"Amicimiei-Tognazzi\" data-image-description=\"\" data-image-caption=\"\" data-medium-file=\"https:\/\/i0.wp.com\/www.robertosedda.it\/wp-content\/uploads\/2023\/05\/Amicimiei-Tognazzi.jpg?fit=300%2C157&amp;ssl=1\" data-large-file=\"https:\/\/i0.wp.com\/www.robertosedda.it\/wp-content\/uploads\/2023\/05\/Amicimiei-Tognazzi.jpg?fit=510%2C267&amp;ssl=1\" decoding=\"async\" loading=\"lazy\" width=\"704\" height=\"368\" src=\"https:\/\/i0.wp.com\/www.robertosedda.it\/wp-content\/uploads\/2023\/05\/Amicimiei-Tognazzi.jpg?resize=704%2C368\" alt=\"\" class=\"wp-image-20110\" srcset=\"https:\/\/i0.wp.com\/www.robertosedda.it\/wp-content\/uploads\/2023\/05\/Amicimiei-Tognazzi.jpg?w=704&amp;ssl=1 704w, https:\/\/i0.wp.com\/www.robertosedda.it\/wp-content\/uploads\/2023\/05\/Amicimiei-Tognazzi.jpg?resize=300%2C157&amp;ssl=1 300w, https:\/\/i0.wp.com\/www.robertosedda.it\/wp-content\/uploads\/2023\/05\/Amicimiei-Tognazzi.jpg?resize=510%2C267&amp;ssl=1 510w, https:\/\/i0.wp.com\/www.robertosedda.it\/wp-content\/uploads\/2023\/05\/Amicimiei-Tognazzi.jpg?resize=150%2C78&amp;ssl=1 150w, https:\/\/i0.wp.com\/www.robertosedda.it\/wp-content\/uploads\/2023\/05\/Amicimiei-Tognazzi.jpg?resize=390%2C205&amp;ssl=1 390w\" sizes=\"(max-width: 704px) 100vw, 704px\" data-recalc-dims=\"1\" \/><\/figure>\n\n\n\n<p>Bevo il caff\u00e8 e vado via.<\/p>\n\n\n\n<p>Meglio gli studenti, penso.<\/p>\n","protected":false},"excerpt":{"rendered":"<p>Ieri a cena, casualmente tutte persone interne all&#8217;Universit\u00e0, ci siamo detti che gli studenti non sanno pi\u00f9 scrivere, che si<\/p>\n","protected":false},"author":1,"featured_media":20110,"comment_status":"open","ping_status":"open","sticky":false,"template":"","format":"standard","meta":{"_mi_skip_tracking":false,"_monsterinsights_sitenote_active":false,"_monsterinsights_sitenote_note":"","_monsterinsights_sitenote_category":0,"jetpack_post_was_ever_published":false,"_jetpack_newsletter_access":"","jetpack_publicize_message":"Del declino dei tempi, o no.","jetpack_is_tweetstorm":false,"jetpack_publicize_feature_enabled":true,"jetpack_social_post_already_shared":false,"jetpack_social_options":{"image_generator_settings":{"template":"highway","enabled":false}}},"categories":[52,55,77,95,16],"tags":[],"jetpack_publicize_connections":[],"jetpack_featured_media_url":"https:\/\/i0.wp.com\/www.robertosedda.it\/wp-content\/uploads\/2023\/05\/Amicimiei-Tognazzi.jpg?fit=704%2C368&ssl=1","jetpack_sharing_enabled":true,"jetpack_shortlink":"https:\/\/wp.me\/p4jV2T-5el","jetpack_likes_enabled":true,"jetpack-related-posts":[{"id":10608,"url":"https:\/\/www.robertosedda.it\/?p=10608","url_meta":{"origin":20109,"position":0},"title":"REBLOG: Le letture per l&#8217;estate di Nonconimieisoldi","author":"Rufus","date":"10\/08\/2015","format":"link","excerpt":"Sette libri per le\u00a0letture estive proposte\u00a0dalle persone che scrivono sul\u00a0blog di\u00a0Nonconimieisoldi. Hillman, Varoufakis, Stiglitz e vari\u00a0altri.","rel":"","context":"In &quot;Segnalazioni&quot;","block_context":{"text":"Segnalazioni","link":"https:\/\/www.robertosedda.it\/?cat=95"},"img":{"alt_text":"","src":"","width":0,"height":0},"classes":[]},{"id":10584,"url":"https:\/\/www.robertosedda.it\/?p=10584","url_meta":{"origin":20109,"position":1},"title":"Professori terrorizzati","author":"Rufus","date":"10\/09\/2015","format":false,"excerpt":"All'articolo della settimana scorsa sul come liberarsi degli stereotipi razzisti faccio seguire, oggi, la traduzione di un pezzo uscito su\u00a0Vox\u00a0che sebbene parli apparentemente d'altro per me si muove almeno in parte sulla stessa linea, diciamo in una dimensione di indagine\u00a0del rapporto complesso fra correttezza politica, studi sull'identit\u00e0 e azione di\u2026","rel":"","context":"In &quot;Coordinate&quot;","block_context":{"text":"Coordinate","link":"https:\/\/www.robertosedda.it\/?cat=52"},"img":{"alt_text":"","src":"https:\/\/i0.wp.com\/www.robertosedda.it\/wp-content\/uploads\/2015\/07\/Zombie-students.jpg?fit=600%2C400&ssl=1&resize=350%2C200","width":350,"height":200},"classes":[]},{"id":15299,"url":"https:\/\/www.robertosedda.it\/?p=15299","url_meta":{"origin":20109,"position":2},"title":"Quando un College affronta la povert\u00e0","author":"Rufus","date":"19\/07\/2018","format":false,"excerpt":"Ho letto recentemente per caso un articolo su\u00a0The Atlantic che racconta del lavoro fatto in una piccola universit\u00e0 del Texas a favore degli studenti svantaggiati. L'ho trovato molto interessante, un po' perch\u00e9 tutto ci\u00f2 che \u00e8 universit\u00e0 mi riguarda e un po' perch\u00e9 trovo molto interessante, anche in ottica italiana,\u2026","rel":"","context":"In &quot;Coordinate&quot;","block_context":{"text":"Coordinate","link":"https:\/\/www.robertosedda.it\/?cat=52"},"img":{"alt_text":"","src":"https:\/\/i0.wp.com\/www.robertosedda.it\/wp-content\/uploads\/2018\/07\/Lowery-Hart.jpg?fit=1200%2C587&ssl=1&resize=350%2C200","width":350,"height":200,"srcset":"https:\/\/i0.wp.com\/www.robertosedda.it\/wp-content\/uploads\/2018\/07\/Lowery-Hart.jpg?fit=1200%2C587&ssl=1&resize=350%2C200 1x, https:\/\/i0.wp.com\/www.robertosedda.it\/wp-content\/uploads\/2018\/07\/Lowery-Hart.jpg?fit=1200%2C587&ssl=1&resize=700%2C400 2x, https:\/\/i0.wp.com\/www.robertosedda.it\/wp-content\/uploads\/2018\/07\/Lowery-Hart.jpg?fit=1200%2C587&ssl=1&resize=1050%2C600 3x"},"classes":[]},{"id":8597,"url":"https:\/\/www.robertosedda.it\/?p=8597","url_meta":{"origin":20109,"position":3},"title":"Foto infernali di studenti sprovveduti. O forse no&#8230;","author":"Rufus","date":"07\/10\/2014","format":false,"excerpt":"Da quest'anno non \u00e8 pi\u00f9 necessario, per i nostri studenti, presentare due foto formato tessera insieme con la domanda di immatricolazione. Ci siamo evoluti: la foto viene caricata dallo studente direttamente nella sua area riservata e da l\u00ec inserita automaticamente sul suo\u00a0badge, che sostituir\u00e0 il vecchio libretto. Ai primi avvisi\u2026","rel":"","context":"In &quot;Coordinate&quot;","block_context":{"text":"Coordinate","link":"https:\/\/www.robertosedda.it\/?cat=52"},"img":{"alt_text":"","src":"https:\/\/i0.wp.com\/www.robertosedda.it\/wp-content\/uploads\/2013\/10\/Rufus-clown.jpg?fit=604%2C415&ssl=1&resize=350%2C200","width":350,"height":200},"classes":[]},{"id":12564,"url":"https:\/\/www.robertosedda.it\/?p=12564","url_meta":{"origin":20109,"position":4},"title":"Meglio le scuole grandi!","author":"Rufus","date":"22\/09\/2016","format":false,"excerpt":"Seguendo un articolo su\u00a0The Atlantic\u00a0ho letto due articoli scientifici, sostanzialmente dello stesso gruppo di autori, che mettono in relazione la\u00a0forma della scuola (la sua grandezza, la presenza di diversi livelli scolastici - elementari, medie, superiori) con una serie di elementi, per esempio il livello di bullismo all'interno o il grado\u2026","rel":"","context":"In &quot;Coordinate&quot;","block_context":{"text":"Coordinate","link":"https:\/\/www.robertosedda.it\/?cat=52"},"img":{"alt_text":"","src":"https:\/\/i0.wp.com\/www.robertosedda.it\/wp-content\/uploads\/2016\/09\/Zerocalcare-Corrado-bullo.jpg?fit=600%2C280&ssl=1&resize=350%2C200","width":350,"height":200},"classes":[]},{"id":6993,"url":"https:\/\/www.robertosedda.it\/?p=6993","url_meta":{"origin":20109,"position":5},"title":"Una breve nota sul dibattito sul turismo cagliaritano","author":"Rufus","date":"17\/04\/2014","format":false,"excerpt":"Mi capita spesso di ascoltare in macchina\u00a0la rubrica My Cagliari, che\u00a0Radio X\u00a0dedica all'esperienza degli studenti Erasmus a Cagliari. In cinque\u00a0brevi minuti viene chiesto a uno studente straniero ogni volta diverso di dare un voto e un parere su Cagliari, la sua mobilit\u00e0, i servizi turistici, il cibo, la vita notturna,\u2026","rel":"","context":"In &quot;Coordinate&quot;","block_context":{"text":"Coordinate","link":"https:\/\/www.robertosedda.it\/?cat=52"},"img":{"alt_text":"","src":"https:\/\/i0.wp.com\/www.robertosedda.it\/wp-content\/uploads\/2014\/04\/Mycagliari-Erasmus.jpg?fit=620%2C310&ssl=1&resize=350%2C200","width":350,"height":200},"classes":[]}],"_links":{"self":[{"href":"https:\/\/www.robertosedda.it\/index.php?rest_route=\/wp\/v2\/posts\/20109"}],"collection":[{"href":"https:\/\/www.robertosedda.it\/index.php?rest_route=\/wp\/v2\/posts"}],"about":[{"href":"https:\/\/www.robertosedda.it\/index.php?rest_route=\/wp\/v2\/types\/post"}],"author":[{"embeddable":true,"href":"https:\/\/www.robertosedda.it\/index.php?rest_route=\/wp\/v2\/users\/1"}],"replies":[{"embeddable":true,"href":"https:\/\/www.robertosedda.it\/index.php?rest_route=%2Fwp%2Fv2%2Fcomments&post=20109"}],"version-history":[{"count":1,"href":"https:\/\/www.robertosedda.it\/index.php?rest_route=\/wp\/v2\/posts\/20109\/revisions"}],"predecessor-version":[{"id":20111,"href":"https:\/\/www.robertosedda.it\/index.php?rest_route=\/wp\/v2\/posts\/20109\/revisions\/20111"}],"wp:featuredmedia":[{"embeddable":true,"href":"https:\/\/www.robertosedda.it\/index.php?rest_route=\/wp\/v2\/media\/20110"}],"wp:attachment":[{"href":"https:\/\/www.robertosedda.it\/index.php?rest_route=%2Fwp%2Fv2%2Fmedia&parent=20109"}],"wp:term":[{"taxonomy":"category","embeddable":true,"href":"https:\/\/www.robertosedda.it\/index.php?rest_route=%2Fwp%2Fv2%2Fcategories&post=20109"},{"taxonomy":"post_tag","embeddable":true,"href":"https:\/\/www.robertosedda.it\/index.php?rest_route=%2Fwp%2Fv2%2Ftags&post=20109"}],"curies":[{"name":"wp","href":"https:\/\/api.w.org\/{rel}","templated":true}]}}