{"id":19832,"date":"2022-07-19T13:54:12","date_gmt":"2022-07-19T11:54:12","guid":{"rendered":"http:\/\/www.robertosedda.it\/?p=19832"},"modified":"2022-07-19T13:54:17","modified_gmt":"2022-07-19T11:54:17","slug":"contro-i-borghi-a-favore-di-giba","status":"publish","type":"post","link":"https:\/\/www.robertosedda.it\/?p=19832","title":{"rendered":"Contro i borghi, a favore di Giba"},"content":{"rendered":"\n<p>Segnalo su <em>Altreconomia<\/em> un ottimo <a href=\"https:\/\/altreconomia.it\/contro-i-borghi-per-i-paesi-perche-dobbiamo-ridare-dignita-ai-territori\/\">articolo<\/a> di Luca Martinelli che presenta e commenta <em><a href=\"https:\/\/www.donzelli.it\/libro\/9788855223560\">Contro i borghi<\/a><\/em>, libro curato da Filippo Barbera, Antonio De Rossi e Domenico Cersosimo\u00a0e che comprende un gran numero di contributi (ne vedo anche uno di Pietro Clemente). <\/p>\n\n\n\n<p>Non l&#8217;ho ancora letto ma si tratta quasi di un <em>pamphlet<\/em> politico sul tema del rapporto fra aree metropolitane e aree interne &#8211; o rurali, o svantaggiate:<\/p>\n\n\n\n<blockquote class=\"wp-block-quote\"><p>L\u2019urgenza di questo libro, all\u2019interno dell\u2019associazione\u00a0<a rel=\"noreferrer noopener\" href=\"https:\/\/riabitarelitalia.net\/RIABITARE_LITALIA\/\" target=\"_blank\">Riabitare l\u2019Italia<\/a>, di cui i tre curatori fanno parte, nasce dall\u2019esigenza di \u00absgomberare il campo, di ripulire una discussione ormai viziata, una narrazione &#8220;sui borghi&#8221; che \u00e8 patologicamente urbana, malata di metrofilia e molto borghese (come spiega il saggio di Giovanni Semi), di una borghesia che si crede riflessiva e\u00a0<em>green<\/em>, oggi un po\u2019 stanca di queste citt\u00e0 calde e alla ricerca della frescura\u00bb, sottolinea Barbera.\u00a0<\/p><\/blockquote>\n\n\n\n<p>Ripensavo all&#8217;articolo domenica mentre guidavo lungo la 195 e mi sono ricordato che l&#8217;articolo citava Carbonia, in maniera non proprio lusinghiera:<\/p>\n\n\n\n<blockquote class=\"wp-block-quote\"><p>Se il tema diventa l\u2019abitabilit\u00e0 quotidiana dei territori e non l\u2019attrattivit\u00e0 turistica, dentro il policentrismo che l\u2019immaginario dei borghi deforma, allora il tema vero \u00e8 come riabitare quei luoghi che non rientrano nelle categorie estetizzanti. Prendi due posti belli nelle tua Regione, distanti almeno un\u2019ora, se vai tra uno e l\u2019altro, passi in mezzo a molti posti brutti, ma importanti e carichi di senso per quelli che ci vivono. Le politiche devono garantire servizi essenziali perch\u00e9 le persone siano libere di vivere a Santhia o a Carbonia e non solo nella bella Ostana.<\/p><\/blockquote>\n\n\n\n<p>L&#8217;idea \u00e8 che i borghi sono importanti per chi ci vive, non per chi va a ristorarsi dallo stress della vita cittadina in una bella scenografia, magari finta ma tanto caruccia. E quindi Carbonia, anche se brutta. Ci ripensavo quando sono passato da Giba e Masainas, in un panorama obiettivamente squallido (credo che non ripasser\u00f2 da questi borghi per qualche anno, finch\u00e9 l&#8217;insulto sanguinoso non sar\u00e0 stato dimenticato); poi fuori Sant&#8217;Anna Arresi, c&#8217;era una rotonda carina, la strada messa meglio, i giardini dei B&amp;B un po&#8217; aggiustati: stavamo entrando nel retrobottega dell&#8217;area turistica costiera e, improvvisamente, niente pi\u00f9 squallore.<\/p>\n","protected":false},"excerpt":{"rendered":"<p>Segnalo su Altreconomia un ottimo articolo di Luca Martinelli che presenta e commenta Contro i borghi, libro curato da Filippo<\/p>\n","protected":false},"author":1,"featured_media":19833,"comment_status":"open","ping_status":"open","sticky":false,"template":"","format":"standard","meta":{"_mi_skip_tracking":false,"_monsterinsights_sitenote_active":false,"_monsterinsights_sitenote_note":"","_monsterinsights_sitenote_category":0,"jetpack_post_was_ever_published":false,"_jetpack_newsletter_access":"","jetpack_publicize_message":"","jetpack_is_tweetstorm":false,"jetpack_publicize_feature_enabled":true,"jetpack_social_post_already_shared":true,"jetpack_social_options":{"image_generator_settings":{"template":"highway","enabled":false}}},"categories":[52,55,77,95,16],"tags":[],"jetpack_publicize_connections":[],"jetpack_featured_media_url":"https:\/\/i0.wp.com\/www.robertosedda.it\/wp-content\/uploads\/2022\/07\/Altreconomia.jpg?fit=900%2C600&ssl=1","jetpack_sharing_enabled":true,"jetpack_shortlink":"https:\/\/wp.me\/p4jV2T-59S","jetpack_likes_enabled":true,"jetpack-related-posts":[{"id":20856,"url":"https:\/\/www.robertosedda.it\/?p=20856","url_meta":{"origin":19832,"position":0},"title":"Il disagio urbano a Cagliari in un nuovo indice ISTAT","author":"Rufus","date":"22\/01\/2026","format":false,"excerpt":"L'altro giorno ho scoperto casualmente, da una conversazione fra dei miei contatti di LinkedIn, che l'ISTAT ha recentemente introdotto un nuovo indice destinato a misurare e identificare le aree di disagio urbano all'interno di una citt\u00e0. Per il momento il calcolo \u00e8 stato effettuato per un numero ristretto di Comuni,\u2026","rel":"","context":"In &quot;Coordinate&quot;","block_context":{"text":"Coordinate","link":"https:\/\/www.robertosedda.it\/?cat=52"},"img":{"alt_text":"","src":"https:\/\/i0.wp.com\/www.robertosedda.it\/wp-content\/uploads\/2026\/01\/Cagliari-IDISE.jpg?fit=1200%2C574&ssl=1&resize=350%2C200","width":350,"height":200,"srcset":"https:\/\/i0.wp.com\/www.robertosedda.it\/wp-content\/uploads\/2026\/01\/Cagliari-IDISE.jpg?fit=1200%2C574&ssl=1&resize=350%2C200 1x, https:\/\/i0.wp.com\/www.robertosedda.it\/wp-content\/uploads\/2026\/01\/Cagliari-IDISE.jpg?fit=1200%2C574&ssl=1&resize=700%2C400 2x, https:\/\/i0.wp.com\/www.robertosedda.it\/wp-content\/uploads\/2026\/01\/Cagliari-IDISE.jpg?fit=1200%2C574&ssl=1&resize=1050%2C600 3x"},"classes":[]},{"id":2109,"url":"https:\/\/www.robertosedda.it\/?p=2109","url_meta":{"origin":19832,"position":1},"title":"Le impreviste delusioni di padre Spadaro (e quel certo moralismo&#8230;)","author":"Rufus","date":"30\/01\/2013","format":false,"excerpt":"Aperture di credito Qualche settimana fa grazie a un articolo sul sito dell'Azione Cattolica ho scoperto padre Antonio Spadaro: gesuita, direttore della Civilt\u00e0 Cattolica, teologo esperto delle dinamiche del web, animatore culturale e acuto critico di Flannery O'Connor\u00a0(si dice anche che sia lui il consulente principale del Papa per la\u2026","rel":"","context":"In &quot;Coordinate&quot;","block_context":{"text":"Coordinate","link":"https:\/\/www.robertosedda.it\/?cat=52"},"img":{"alt_text":"","src":"https:\/\/i0.wp.com\/www.robertosedda.it\/wp-content\/uploads\/2013\/01\/Web-2.0-Spadaro.jpg?fit=276%2C437&ssl=1&resize=350%2C200","width":350,"height":200},"classes":[]},{"id":5552,"url":"https:\/\/www.robertosedda.it\/?p=5552","url_meta":{"origin":19832,"position":2},"title":"Noir. Istruzioni per l&#8217;uso (Luca Crovi, Garzanti 2013)","author":"Rufus","date":"23\/12\/2013","format":false,"excerpt":"Ho preso Noir. Istruzioni per l'uso prima dell'estate, quando ho cominciato a pensare a un ciclo di puntate di Oggi parliamo di libri dedicate ai gialli: Luca Crovi per tanti anni ha condotto Tutti i colori del giallo, coordina l'Almanacco del giallo di Bonelli e quindi, ho pensato, chi meglio\u2026","rel":"","context":"In &quot;Coordinate&quot;","block_context":{"text":"Coordinate","link":"https:\/\/www.robertosedda.it\/?cat=52"},"img":{"alt_text":"","src":"https:\/\/i0.wp.com\/www.robertosedda.it\/wp-content\/uploads\/2013\/12\/Crovi-Noir-.jpg?fit=795%2C1200&ssl=1&resize=350%2C200","width":350,"height":200,"srcset":"https:\/\/i0.wp.com\/www.robertosedda.it\/wp-content\/uploads\/2013\/12\/Crovi-Noir-.jpg?fit=795%2C1200&ssl=1&resize=350%2C200 1x, https:\/\/i0.wp.com\/www.robertosedda.it\/wp-content\/uploads\/2013\/12\/Crovi-Noir-.jpg?fit=795%2C1200&ssl=1&resize=700%2C400 2x"},"classes":[]},{"id":15319,"url":"https:\/\/www.robertosedda.it\/?p=15319","url_meta":{"origin":19832,"position":3},"title":"Disertori dello Stato islamico","author":"Rufus","date":"07\/06\/2018","format":false,"excerpt":"Mentre ero a casa ammalato ho letto uno dei libri ricevuti in regalo per il mio compleanno,\u00a0Dawla di Gabriele Del Grande (Mondadori, e 19). Si tratta della sintesi di una lunga ricerca (finanziata, vedo, su produzionidalbasso.com)\u00a0fatta da Del Grande fra i disertori dello Stato Islamico, cio\u00e8 fra tutti quei combattenti\u2026","rel":"","context":"In &quot;Coordinate&quot;","block_context":{"text":"Coordinate","link":"https:\/\/www.robertosedda.it\/?cat=52"},"img":{"alt_text":"","src":"https:\/\/i0.wp.com\/www.robertosedda.it\/wp-content\/uploads\/2018\/06\/Del-Grande.jpg?fit=651%2C1000&ssl=1&resize=350%2C200","width":350,"height":200},"classes":[]},{"id":7459,"url":"https:\/\/www.robertosedda.it\/?p=7459","url_meta":{"origin":19832,"position":4},"title":"Il banchiere dei poveri a &#8220;Oggi parliamo di libri&#8221;","author":"Rufus","date":"17\/05\/2014","format":"video","excerpt":"Il 13 marzo, in piena festa della finanza etica sono andato in onda su Oggi parliamo di libri e ho aggiunto il mio piccolo contributo ai festeggiamenti presentando Il banchiere dei poveri di Muhammad Yunus, il fondatore della Grameen Bank del Bangladesh, considerato l'inventore del moderno microcredito. La puntata \u00e8\u2026","rel":"","context":"In &quot;Biografie&quot;","block_context":{"text":"Biografie","link":"https:\/\/www.robertosedda.it\/?cat=83"},"img":{"alt_text":"","src":"https:\/\/i0.wp.com\/www.robertosedda.it\/wp-content\/uploads\/2014\/05\/Finanza-per-indignati.jpg?fit=282%2C420&ssl=1&resize=350%2C200","width":350,"height":200},"classes":[]},{"id":9372,"url":"https:\/\/www.robertosedda.it\/?p=9372","url_meta":{"origin":19832,"position":5},"title":"Due libri su Orani","author":"Rufus","date":"12\/01\/2015","format":false,"excerpt":"Invidio molto mia mamma alla quale \u00e8 stato appena regalato\u00a0Costantino Nivola. Ritorno a Itaca di Carlo Bavagnoli. Si tratta di un bellissimo libro fotografico che si giova oltretutto del fatto che documenta un momento davvero particolare della vita della Sardegna e in particolare di Orani. Le foto di Bavagnoli, in\u2026","rel":"","context":"In &quot;Coordinate&quot;","block_context":{"text":"Coordinate","link":"https:\/\/www.robertosedda.it\/?cat=52"},"img":{"alt_text":"","src":"https:\/\/i0.wp.com\/www.robertosedda.it\/wp-content\/uploads\/2015\/01\/Bavagnoli-Nivola-5.png?fit=482%2C480&ssl=1&resize=350%2C200","width":350,"height":200},"classes":[]}],"_links":{"self":[{"href":"https:\/\/www.robertosedda.it\/index.php?rest_route=\/wp\/v2\/posts\/19832"}],"collection":[{"href":"https:\/\/www.robertosedda.it\/index.php?rest_route=\/wp\/v2\/posts"}],"about":[{"href":"https:\/\/www.robertosedda.it\/index.php?rest_route=\/wp\/v2\/types\/post"}],"author":[{"embeddable":true,"href":"https:\/\/www.robertosedda.it\/index.php?rest_route=\/wp\/v2\/users\/1"}],"replies":[{"embeddable":true,"href":"https:\/\/www.robertosedda.it\/index.php?rest_route=%2Fwp%2Fv2%2Fcomments&post=19832"}],"version-history":[{"count":1,"href":"https:\/\/www.robertosedda.it\/index.php?rest_route=\/wp\/v2\/posts\/19832\/revisions"}],"predecessor-version":[{"id":19834,"href":"https:\/\/www.robertosedda.it\/index.php?rest_route=\/wp\/v2\/posts\/19832\/revisions\/19834"}],"wp:featuredmedia":[{"embeddable":true,"href":"https:\/\/www.robertosedda.it\/index.php?rest_route=\/wp\/v2\/media\/19833"}],"wp:attachment":[{"href":"https:\/\/www.robertosedda.it\/index.php?rest_route=%2Fwp%2Fv2%2Fmedia&parent=19832"}],"wp:term":[{"taxonomy":"category","embeddable":true,"href":"https:\/\/www.robertosedda.it\/index.php?rest_route=%2Fwp%2Fv2%2Fcategories&post=19832"},{"taxonomy":"post_tag","embeddable":true,"href":"https:\/\/www.robertosedda.it\/index.php?rest_route=%2Fwp%2Fv2%2Ftags&post=19832"}],"curies":[{"name":"wp","href":"https:\/\/api.w.org\/{rel}","templated":true}]}}