{"id":19822,"date":"2022-07-18T13:13:21","date_gmt":"2022-07-18T11:13:21","guid":{"rendered":"http:\/\/www.robertosedda.it\/?p=19822"},"modified":"2023-07-20T10:32:40","modified_gmt":"2023-07-20T08:32:40","slug":"il-problema-della-violenza-a-milano-nellanalisi-del-post","status":"publish","type":"post","link":"https:\/\/www.robertosedda.it\/?p=19822","title":{"rendered":"Il problema della violenza a Milano nell&#8217;analisi del Post"},"content":{"rendered":"\n<p>Mi sembra opportuno invitare a leggere <a href=\"https:\/\/www.ilpost.it\/2022\/07\/15\/sicurezza-milano-dati-reati-percezione\/\">un&#8217;analisi pubblicata dal <em>Post <\/em>sulla situazione di Milano riguardo a violenza e criminalit\u00e0<\/a>, argomento diventato di richiamo perch\u00e9 evocato di recente anche da Chiara Ferragni. <\/p>\n\n\n\n<p>Vale la pena di leggerlo per l&#8217;interesse dell&#8217;argomento in s\u00e9, perch\u00e9 suscita riflessioni che possono valere per altre citt\u00e0 ed aree metropolitane e  anche perch\u00e9, come capita spesso al <em>Post<\/em> per questo tipo di disamine, \u00e8 un esempio di come fare buon giornalismo.<\/p>\n","protected":false},"excerpt":{"rendered":"<p>Mi sembra opportuno invitare a leggere un&#8217;analisi pubblicata dal Post sulla situazione di Milano riguardo a violenza e criminalit\u00e0, argomento<\/p>\n","protected":false},"author":1,"featured_media":19823,"comment_status":"open","ping_status":"open","sticky":false,"template":"","format":"standard","meta":{"_mi_skip_tracking":false,"_monsterinsights_sitenote_active":false,"_monsterinsights_sitenote_note":"","_monsterinsights_sitenote_category":0,"jetpack_post_was_ever_published":false,"_jetpack_newsletter_access":"","jetpack_publicize_message":"Qui il #Post fa buon giornalismo. Da leggere.","jetpack_is_tweetstorm":false,"jetpack_publicize_feature_enabled":true,"jetpack_social_post_already_shared":true,"jetpack_social_options":{"image_generator_settings":{"template":"highway","enabled":false}}},"categories":[52,55,77,95,16],"tags":[],"jetpack_publicize_connections":[],"jetpack_featured_media_url":"https:\/\/i0.wp.com\/www.robertosedda.it\/wp-content\/uploads\/2022\/07\/Milano-violenza-Post.png?fit=817%2C581&ssl=1","jetpack_sharing_enabled":true,"jetpack_shortlink":"https:\/\/wp.me\/p4jV2T-59I","jetpack_likes_enabled":true,"jetpack-related-posts":[{"id":9225,"url":"https:\/\/www.robertosedda.it\/?p=9225","url_meta":{"origin":19822,"position":0},"title":"Quegli strani commenti che appaiono sul sito","author":"Rufus","date":"28\/12\/2014","format":"aside","excerpt":"Non ho capito bene perch\u00e9, ma dopo averli bloccati per molto tempo il sito permette di nuovo i pingback. Trattasi di quelle segnalazioni che appaiono sotto gli articoli, in forma di commenti, per segnalare che quel post \u00e8 stato citato da qualche altra parte (di solito in un mio articolo\u2026","rel":"","context":"Articolo simile","block_context":{"text":"Articolo simile","link":""},"img":{"alt_text":"","src":"","width":0,"height":0},"classes":[]},{"id":18604,"url":"https:\/\/www.robertosedda.it\/?p=18604","url_meta":{"origin":19822,"position":1},"title":"Lo scrittore di realt\u00e0-che-potrebbe-essere (o che magari \u00e8 gi\u00e0)","author":"Rufus","date":"06\/05\/2021","format":false,"excerpt":"Quando ho deciso di seguire un po' di pi\u00f9 Twitter, che languiva in un angolo oscuro del mio telefono, la prima sensazione che ho avuto \u00e8 stata che fosse pieno di spazzatura livorosa. Per ovviare al problema ho deciso di scegliere con estrema cura chi seguire, non solo dal punto\u2026","rel":"","context":"In &quot;Coordinate&quot;","block_context":{"text":"Coordinate","link":"https:\/\/www.robertosedda.it\/?cat=52"},"img":{"alt_text":"","src":"https:\/\/i0.wp.com\/www.robertosedda.it\/wp-content\/uploads\/2021\/05\/Doctorow1.png?fit=793%2C677&ssl=1&resize=350%2C200","width":350,"height":200,"srcset":"https:\/\/i0.wp.com\/www.robertosedda.it\/wp-content\/uploads\/2021\/05\/Doctorow1.png?fit=793%2C677&ssl=1&resize=350%2C200 1x, https:\/\/i0.wp.com\/www.robertosedda.it\/wp-content\/uploads\/2021\/05\/Doctorow1.png?fit=793%2C677&ssl=1&resize=700%2C400 2x"},"classes":[]},{"id":15112,"url":"https:\/\/www.robertosedda.it\/?p=15112","url_meta":{"origin":19822,"position":2},"title":"Se stasera sono qui&#8230;","author":"Rufus","date":"07\/05\/2018","format":false,"excerpt":"... a questo incontro organizzato in collaborazione fra noi soci di Banca Etica e l'ARCI sotto l'egida del Comitato Riconversione RWM... ... \u00e8 perch\u00e9 penso che sia tempo che la questione delle bombe itaiane in Yemen esca da un equivoco: \u00e8 un argomento di cui si parla in mezzo mondo,\u2026","rel":"","context":"In &quot;Coordinate&quot;","block_context":{"text":"Coordinate","link":"https:\/\/www.robertosedda.it\/?cat=52"},"img":{"alt_text":"","src":"https:\/\/i0.wp.com\/www.robertosedda.it\/wp-content\/uploads\/2018\/05\/Iglesias-Run4Unity.jpg?fit=960%2C528&ssl=1&resize=350%2C200","width":350,"height":200,"srcset":"https:\/\/i0.wp.com\/www.robertosedda.it\/wp-content\/uploads\/2018\/05\/Iglesias-Run4Unity.jpg?fit=960%2C528&ssl=1&resize=350%2C200 1x, https:\/\/i0.wp.com\/www.robertosedda.it\/wp-content\/uploads\/2018\/05\/Iglesias-Run4Unity.jpg?fit=960%2C528&ssl=1&resize=700%2C400 2x"},"classes":[]},{"id":2646,"url":"https:\/\/www.robertosedda.it\/?p=2646","url_meta":{"origin":19822,"position":3},"title":"Storie, politica, violenza","author":"Rufus","date":"26\/03\/2013","format":false,"excerpt":"Avviso: questo \u00e8 un post che parla di letteratura di genere (forse). Solo che ci mette un po' per arrivarci. \u00abLui le butta\u00bb Quando ero alle elementari ero molto amico di tre fratelli i cui genitori avevano una casa al mare sul litorale di Quartu. In quella casetta in cui\u2026","rel":"","context":"In &quot;Cappe e spade&quot;","block_context":{"text":"Cappe e spade","link":"https:\/\/www.robertosedda.it\/?cat=70"},"img":{"alt_text":"","src":"https:\/\/i0.wp.com\/www.robertosedda.it\/wp-content\/uploads\/2012\/08\/9788806187859g.jpg?fit=200%2C307&ssl=1&resize=350%2C200","width":350,"height":200},"classes":[]},{"id":19945,"url":"https:\/\/www.robertosedda.it\/?p=19945","url_meta":{"origin":19822,"position":4},"title":"Videogame d&#8217;impatto (sociale)","author":"Rufus","date":"13\/12\/2022","format":false,"excerpt":"Adesso che, per la prima volta dopo molti anni, non ho pi\u00f9 incarichi formali in Banca Etica ho deciso di dedicarmi un po' di pi\u00f9 ai giochi (e magari a finire il libro di giochi sui conflitti ambientali, che da aprile ha fatto ben pochi progressi). Fra le tante cose\u2026","rel":"","context":"In &quot;Banche e finanza&quot;","block_context":{"text":"Banche e finanza","link":"https:\/\/www.robertosedda.it\/?cat=72"},"img":{"alt_text":"","src":"https:\/\/i0.wp.com\/www.robertosedda.it\/wp-content\/uploads\/2022\/12\/Riot2.jpg?resize=350%2C200&ssl=1","width":350,"height":200},"classes":[]},{"id":11500,"url":"https:\/\/www.robertosedda.it\/?p=11500","url_meta":{"origin":19822,"position":5},"title":"REBLOG: In morte di Nanni Salio","author":"Rufus","date":"02\/02\/2016","format":"link","excerpt":"Giunge improvvisa la notizia della morte di uno dei maggiori pensatori e sostenitori della non-violenza in Italia.","rel":"","context":"In &quot;Segnalazioni&quot;","block_context":{"text":"Segnalazioni","link":"https:\/\/www.robertosedda.it\/?cat=95"},"img":{"alt_text":"","src":"","width":0,"height":0},"classes":[]}],"_links":{"self":[{"href":"https:\/\/www.robertosedda.it\/index.php?rest_route=\/wp\/v2\/posts\/19822"}],"collection":[{"href":"https:\/\/www.robertosedda.it\/index.php?rest_route=\/wp\/v2\/posts"}],"about":[{"href":"https:\/\/www.robertosedda.it\/index.php?rest_route=\/wp\/v2\/types\/post"}],"author":[{"embeddable":true,"href":"https:\/\/www.robertosedda.it\/index.php?rest_route=\/wp\/v2\/users\/1"}],"replies":[{"embeddable":true,"href":"https:\/\/www.robertosedda.it\/index.php?rest_route=%2Fwp%2Fv2%2Fcomments&post=19822"}],"version-history":[{"count":1,"href":"https:\/\/www.robertosedda.it\/index.php?rest_route=\/wp\/v2\/posts\/19822\/revisions"}],"predecessor-version":[{"id":19824,"href":"https:\/\/www.robertosedda.it\/index.php?rest_route=\/wp\/v2\/posts\/19822\/revisions\/19824"}],"wp:featuredmedia":[{"embeddable":true,"href":"https:\/\/www.robertosedda.it\/index.php?rest_route=\/wp\/v2\/media\/19823"}],"wp:attachment":[{"href":"https:\/\/www.robertosedda.it\/index.php?rest_route=%2Fwp%2Fv2%2Fmedia&parent=19822"}],"wp:term":[{"taxonomy":"category","embeddable":true,"href":"https:\/\/www.robertosedda.it\/index.php?rest_route=%2Fwp%2Fv2%2Fcategories&post=19822"},{"taxonomy":"post_tag","embeddable":true,"href":"https:\/\/www.robertosedda.it\/index.php?rest_route=%2Fwp%2Fv2%2Ftags&post=19822"}],"curies":[{"name":"wp","href":"https:\/\/api.w.org\/{rel}","templated":true}]}}