{"id":19761,"date":"2022-06-28T18:40:16","date_gmt":"2022-06-28T16:40:16","guid":{"rendered":"http:\/\/www.robertosedda.it\/?p=19761"},"modified":"2022-08-06T14:25:24","modified_gmt":"2022-08-06T12:25:24","slug":"la-non-vittoria-del-no-profit-inglese","status":"publish","type":"post","link":"https:\/\/www.robertosedda.it\/?p=19761","title":{"rendered":"La (non) vittoria del no profit inglese"},"content":{"rendered":"\n<p>La settima scorsa ero in Scozia con Maria Bonaria, al matrimonio di Andrea Veneruzzo (s\u00ec, quello del <a href=\"http:\/\/www.robertosedda.it\/?p=2236\" data-type=\"post\" data-id=\"2236\">criterio Veneruzzo<\/a>), e ne abbiamo approfittato per trattenerci un paio di giorni nella regione del Border. \u00c8 stata una bella vacanza, che sicuramente era necessaria, nella quale ci sono successe un sacco di cose interessanti, a partire naturalmente dal matrimonio.<\/p>\n\n\n\n<figure class=\"wp-block-image alignwide size-full\"><img data-attachment-id=\"19762\" data-permalink=\"https:\/\/www.robertosedda.it\/?attachment_id=19762\" data-orig-file=\"https:\/\/i0.wp.com\/www.robertosedda.it\/wp-content\/uploads\/2022\/06\/007b62d7-9f2a-4229-9512-dbee62dbc6ca.jpg?fit=1600%2C737&amp;ssl=1\" data-orig-size=\"1600,737\" data-comments-opened=\"1\" data-image-meta=\"{&quot;aperture&quot;:&quot;0&quot;,&quot;credit&quot;:&quot;&quot;,&quot;camera&quot;:&quot;&quot;,&quot;caption&quot;:&quot;&quot;,&quot;created_timestamp&quot;:&quot;0&quot;,&quot;copyright&quot;:&quot;&quot;,&quot;focal_length&quot;:&quot;0&quot;,&quot;iso&quot;:&quot;0&quot;,&quot;shutter_speed&quot;:&quot;0&quot;,&quot;title&quot;:&quot;&quot;,&quot;orientation&quot;:&quot;0&quot;}\" data-image-title=\"007b62d7-9f2a-4229-9512-dbee62dbc6ca\" data-image-description=\"\" data-image-caption=\"\" data-medium-file=\"https:\/\/i0.wp.com\/www.robertosedda.it\/wp-content\/uploads\/2022\/06\/007b62d7-9f2a-4229-9512-dbee62dbc6ca.jpg?fit=300%2C138&amp;ssl=1\" data-large-file=\"https:\/\/i0.wp.com\/www.robertosedda.it\/wp-content\/uploads\/2022\/06\/007b62d7-9f2a-4229-9512-dbee62dbc6ca.jpg?fit=510%2C235&amp;ssl=1\" decoding=\"async\" loading=\"lazy\" width=\"1600\" height=\"737\" src=\"https:\/\/i0.wp.com\/www.robertosedda.it\/wp-content\/uploads\/2022\/06\/007b62d7-9f2a-4229-9512-dbee62dbc6ca.jpg?fit=1600%2C737\" alt=\"\" class=\"wp-image-19762\" srcset=\"https:\/\/i0.wp.com\/www.robertosedda.it\/wp-content\/uploads\/2022\/06\/007b62d7-9f2a-4229-9512-dbee62dbc6ca.jpg?w=1600&amp;ssl=1 1600w, https:\/\/i0.wp.com\/www.robertosedda.it\/wp-content\/uploads\/2022\/06\/007b62d7-9f2a-4229-9512-dbee62dbc6ca.jpg?resize=300%2C138&amp;ssl=1 300w, https:\/\/i0.wp.com\/www.robertosedda.it\/wp-content\/uploads\/2022\/06\/007b62d7-9f2a-4229-9512-dbee62dbc6ca.jpg?resize=510%2C235&amp;ssl=1 510w, https:\/\/i0.wp.com\/www.robertosedda.it\/wp-content\/uploads\/2022\/06\/007b62d7-9f2a-4229-9512-dbee62dbc6ca.jpg?resize=150%2C69&amp;ssl=1 150w, https:\/\/i0.wp.com\/www.robertosedda.it\/wp-content\/uploads\/2022\/06\/007b62d7-9f2a-4229-9512-dbee62dbc6ca.jpg?resize=1536%2C708&amp;ssl=1 1536w\" sizes=\"(max-width: 800px) 100vw, 800px\" \/><\/figure>\n\n\n\n<p>La cosa di cui vi voglio parlare, per\u00f2, \u00e8 una cosa di cui mi sono reso conto nei giorni successivi, nella ridente cittadina di Hawick (si pronuncia <em>oik<\/em>) dove alloggiavamo. <\/p>\n\n\n\n<p>Ora, Hawick \u00e8 il centro pi\u00f9 importante del Border ma rimane piuttosto piccola: funge da centro amministrativo e commerciale della zona e come tale, in una strada principale cha sar\u00e0 al massimo di cinquecento metri o nelle immediate vicinanze, ha due monumenti dedicati a quando i giovani del paese hanno passato a fil di spada gli inglesi (<em>due<\/em> monumenti, uno all&#8217;inizio della strada e uno alla fine, cos\u00ec tanto per rendere ben chiare le cose), la sede dell&#8217;amministrazione provinciale e di quella comunale, tre o quattro negozi di barbiere (<em>tradizionale turco<\/em>, chiss\u00e0 perch\u00e9), tre kebabbari, due ristoranti, due <em>pub<\/em>, tre o quattro caffetterie che fanno anche da mangiare, un <em>bed&amp;breakfast<\/em>, una rosticceria cinese desolatamente vuota a ogni ora, un caff\u00e8\/cinema, un posto dove ogni tanto si ascolta musica e si beve molto, un fotografo, tre negozi di <em>moquette<\/em>, quattro agenzie immobiliari, due avvocati, un podologo, un supermercato di quartiere, un <em>discount<\/em> di prodotti surgelati, il museo dell&#8217;industria tessile locale, tre ristoranti italiani, un negozio di caccia, pesca, coppe e targhe, un antiquario-con-ricordini, due banche, due negozi di telefonia, un pachistano che vende attrezzature elettriche, il negozio aziendale di due industrie tessili e, per finire, una cartolibreria.<\/p>\n\n\n\n<p>Cosa manca?<\/p>\n\n\n\n<figure class=\"wp-block-image alignwide size-full\"><img data-attachment-id=\"19763\" data-permalink=\"https:\/\/www.robertosedda.it\/?attachment_id=19763\" data-orig-file=\"https:\/\/i0.wp.com\/www.robertosedda.it\/wp-content\/uploads\/2022\/06\/ALIM5104-scaled.jpg?fit=2560%2C1920&amp;ssl=1\" data-orig-size=\"2560,1920\" data-comments-opened=\"1\" data-image-meta=\"{&quot;aperture&quot;:&quot;4.6&quot;,&quot;credit&quot;:&quot;&quot;,&quot;camera&quot;:&quot;F8035&quot;,&quot;caption&quot;:&quot;YASHICA Digital Camera&quot;,&quot;created_timestamp&quot;:&quot;1655840068&quot;,&quot;copyright&quot;:&quot;&quot;,&quot;focal_length&quot;:&quot;13.7&quot;,&quot;iso&quot;:&quot;134&quot;,&quot;shutter_speed&quot;:&quot;0.01003&quot;,&quot;title&quot;:&quot;YASHICA Digital Camera&quot;,&quot;orientation&quot;:&quot;1&quot;}\" data-image-title=\"YASHICA Digital Camera\" data-image-description=\"\" data-image-caption=\"&lt;p&gt;YASHICA Digital Camera&lt;\/p&gt;\n\" data-medium-file=\"https:\/\/i0.wp.com\/www.robertosedda.it\/wp-content\/uploads\/2022\/06\/ALIM5104-scaled.jpg?fit=300%2C225&amp;ssl=1\" data-large-file=\"https:\/\/i0.wp.com\/www.robertosedda.it\/wp-content\/uploads\/2022\/06\/ALIM5104-scaled.jpg?fit=510%2C383&amp;ssl=1\" decoding=\"async\" loading=\"lazy\" width=\"2560\" height=\"1920\" src=\"https:\/\/i0.wp.com\/www.robertosedda.it\/wp-content\/uploads\/2022\/06\/ALIM5104-scaled.jpg?fit=2560%2C1920\" alt=\"\" class=\"wp-image-19763\" srcset=\"https:\/\/i0.wp.com\/www.robertosedda.it\/wp-content\/uploads\/2022\/06\/ALIM5104-scaled.jpg?w=2560&amp;ssl=1 2560w, https:\/\/i0.wp.com\/www.robertosedda.it\/wp-content\/uploads\/2022\/06\/ALIM5104-scaled.jpg?resize=300%2C225&amp;ssl=1 300w, https:\/\/i0.wp.com\/www.robertosedda.it\/wp-content\/uploads\/2022\/06\/ALIM5104-scaled.jpg?resize=510%2C383&amp;ssl=1 510w, https:\/\/i0.wp.com\/www.robertosedda.it\/wp-content\/uploads\/2022\/06\/ALIM5104-scaled.jpg?resize=150%2C113&amp;ssl=1 150w, https:\/\/i0.wp.com\/www.robertosedda.it\/wp-content\/uploads\/2022\/06\/ALIM5104-scaled.jpg?resize=1536%2C1152&amp;ssl=1 1536w, https:\/\/i0.wp.com\/www.robertosedda.it\/wp-content\/uploads\/2022\/06\/ALIM5104-scaled.jpg?resize=2048%2C1536&amp;ssl=1 2048w, https:\/\/i0.wp.com\/www.robertosedda.it\/wp-content\/uploads\/2022\/06\/ALIM5104-scaled.jpg?w=1600 1600w, https:\/\/i0.wp.com\/www.robertosedda.it\/wp-content\/uploads\/2022\/06\/ALIM5104-scaled.jpg?w=2400 2400w\" sizes=\"(max-width: 800px) 100vw, 800px\" \/><\/figure>\n\n\n\n<p>Beh, il vestiario, magari. Solo che questa categoria merceologica, insieme agli articoli da regalo e al materiale per la casa, \u00e8 coperta dai negozi che vendono articoli di seconda mano per beneficenza: cinque in totale pi\u00f9 una delle caffetterie, fondata dalla chiesa battista locale, il che rendeva i negozi <em>no profit<\/em> o simili di gran lunga il tipo di negozio pi\u00f9 diffuso.<\/p>\n\n\n\n<figure class=\"wp-block-image alignwide size-full\"><img data-attachment-id=\"19764\" data-permalink=\"https:\/\/www.robertosedda.it\/?attachment_id=19764\" data-orig-file=\"https:\/\/i0.wp.com\/www.robertosedda.it\/wp-content\/uploads\/2022\/06\/ALIM5105r.jpg?fit=2364%2C1773&amp;ssl=1\" data-orig-size=\"2364,1773\" data-comments-opened=\"1\" data-image-meta=\"{&quot;aperture&quot;:&quot;0&quot;,&quot;credit&quot;:&quot;&quot;,&quot;camera&quot;:&quot;&quot;,&quot;caption&quot;:&quot;&quot;,&quot;created_timestamp&quot;:&quot;1655840119&quot;,&quot;copyright&quot;:&quot;&quot;,&quot;focal_length&quot;:&quot;0&quot;,&quot;iso&quot;:&quot;0&quot;,&quot;shutter_speed&quot;:&quot;0&quot;,&quot;title&quot;:&quot;&quot;,&quot;orientation&quot;:&quot;1&quot;}\" data-image-title=\"ALIM5105r\" data-image-description=\"\" data-image-caption=\"\" data-medium-file=\"https:\/\/i0.wp.com\/www.robertosedda.it\/wp-content\/uploads\/2022\/06\/ALIM5105r.jpg?fit=300%2C225&amp;ssl=1\" data-large-file=\"https:\/\/i0.wp.com\/www.robertosedda.it\/wp-content\/uploads\/2022\/06\/ALIM5105r.jpg?fit=510%2C383&amp;ssl=1\" decoding=\"async\" loading=\"lazy\" width=\"2364\" height=\"1773\" src=\"https:\/\/i0.wp.com\/www.robertosedda.it\/wp-content\/uploads\/2022\/06\/ALIM5105r.jpg?fit=2364%2C1773\" alt=\"\" class=\"wp-image-19764\" srcset=\"https:\/\/i0.wp.com\/www.robertosedda.it\/wp-content\/uploads\/2022\/06\/ALIM5105r.jpg?w=2364&amp;ssl=1 2364w, https:\/\/i0.wp.com\/www.robertosedda.it\/wp-content\/uploads\/2022\/06\/ALIM5105r.jpg?resize=300%2C225&amp;ssl=1 300w, https:\/\/i0.wp.com\/www.robertosedda.it\/wp-content\/uploads\/2022\/06\/ALIM5105r.jpg?resize=510%2C383&amp;ssl=1 510w, https:\/\/i0.wp.com\/www.robertosedda.it\/wp-content\/uploads\/2022\/06\/ALIM5105r.jpg?resize=150%2C113&amp;ssl=1 150w, https:\/\/i0.wp.com\/www.robertosedda.it\/wp-content\/uploads\/2022\/06\/ALIM5105r.jpg?resize=1536%2C1152&amp;ssl=1 1536w, https:\/\/i0.wp.com\/www.robertosedda.it\/wp-content\/uploads\/2022\/06\/ALIM5105r.jpg?resize=2048%2C1536&amp;ssl=1 2048w, https:\/\/i0.wp.com\/www.robertosedda.it\/wp-content\/uploads\/2022\/06\/ALIM5105r.jpg?w=1600 1600w\" sizes=\"(max-width: 800px) 100vw, 800px\" \/><figcaption>Notate dal riflesso della vetrina che le due realt\u00e0 che operano nello stesso settore sono una davanti all&#8217;altra<\/figcaption><\/figure>\n\n\n\n<p>I due negozi le cui vetrine vedete qui sopra operano nel settore della salute. C&#8217;erano poi un negozio dell&#8217;<em>Oxfam<\/em>, uno di una specie di protezione animali e l&#8217;Esercito della Salvezza, che ha la primogenitura di questa specie di attivit\u00e0. <\/p>\n\n\n\n<p>La comunicazione delle varie realt\u00e0, pur nelle differenze specifiche, era abbastanza omogenea e corrispondeva anche a quella di aziende del luogo specificamente <em>profit<\/em>: a parte eventi del momento, come l&#8217;appoggio al <em>Pride<\/em>, il tema pervasivo era quello della <em>comunit\u00e0<\/em>, tanto che perfino il grande supermercato <em>Morrisons <\/em>alla periferia del paese usava un linguaggio che sarebbe stato pi\u00f9 adatto a una <em>coop<\/em> di quartiere o a un negozio locale: essere a sostegno alla comunit\u00e0, essere al servizio della comunit\u00e0, essere espressione della comunit\u00e0 erano temi ricorrenti. Che cosa fosse questa compromissione con la comunit\u00e0 non sempre era chiarissimo, e di solito assumeva la forma della raccolta fondi (non della destinazione dei profitti) per una qualche causa locale. <em>Morrison<\/em> gestisce per conto suo campagne a valenza nazionale, e chiedeva sostegno per queste, altri negozi promuovevano questa o quella causa locale.<\/p>\n\n\n\n<figure class=\"wp-block-image alignwide size-full\"><img data-attachment-id=\"19765\" data-permalink=\"https:\/\/www.robertosedda.it\/?attachment_id=19765\" data-orig-file=\"https:\/\/i0.wp.com\/www.robertosedda.it\/wp-content\/uploads\/2022\/06\/IMG_20220622_125104r.jpg?fit=2364%2C1773&amp;ssl=1\" data-orig-size=\"2364,1773\" data-comments-opened=\"1\" data-image-meta=\"{&quot;aperture&quot;:&quot;0&quot;,&quot;credit&quot;:&quot;&quot;,&quot;camera&quot;:&quot;&quot;,&quot;caption&quot;:&quot;&quot;,&quot;created_timestamp&quot;:&quot;1655902266&quot;,&quot;copyright&quot;:&quot;&quot;,&quot;focal_length&quot;:&quot;0&quot;,&quot;iso&quot;:&quot;0&quot;,&quot;shutter_speed&quot;:&quot;0&quot;,&quot;title&quot;:&quot;&quot;,&quot;orientation&quot;:&quot;0&quot;}\" data-image-title=\"IMG_20220622_125104r\" data-image-description=\"\" data-image-caption=\"\" data-medium-file=\"https:\/\/i0.wp.com\/www.robertosedda.it\/wp-content\/uploads\/2022\/06\/IMG_20220622_125104r.jpg?fit=300%2C225&amp;ssl=1\" data-large-file=\"https:\/\/i0.wp.com\/www.robertosedda.it\/wp-content\/uploads\/2022\/06\/IMG_20220622_125104r.jpg?fit=510%2C383&amp;ssl=1\" decoding=\"async\" loading=\"lazy\" width=\"2364\" height=\"1773\" src=\"https:\/\/i0.wp.com\/www.robertosedda.it\/wp-content\/uploads\/2022\/06\/IMG_20220622_125104r.jpg?fit=2364%2C1773\" alt=\"\" class=\"wp-image-19765\" srcset=\"https:\/\/i0.wp.com\/www.robertosedda.it\/wp-content\/uploads\/2022\/06\/IMG_20220622_125104r.jpg?w=2364&amp;ssl=1 2364w, https:\/\/i0.wp.com\/www.robertosedda.it\/wp-content\/uploads\/2022\/06\/IMG_20220622_125104r.jpg?resize=300%2C225&amp;ssl=1 300w, https:\/\/i0.wp.com\/www.robertosedda.it\/wp-content\/uploads\/2022\/06\/IMG_20220622_125104r.jpg?resize=510%2C383&amp;ssl=1 510w, https:\/\/i0.wp.com\/www.robertosedda.it\/wp-content\/uploads\/2022\/06\/IMG_20220622_125104r.jpg?resize=150%2C113&amp;ssl=1 150w, https:\/\/i0.wp.com\/www.robertosedda.it\/wp-content\/uploads\/2022\/06\/IMG_20220622_125104r.jpg?resize=1536%2C1152&amp;ssl=1 1536w, https:\/\/i0.wp.com\/www.robertosedda.it\/wp-content\/uploads\/2022\/06\/IMG_20220622_125104r.jpg?resize=2048%2C1536&amp;ssl=1 2048w, https:\/\/i0.wp.com\/www.robertosedda.it\/wp-content\/uploads\/2022\/06\/IMG_20220622_125104r.jpg?w=1600 1600w\" sizes=\"(max-width: 800px) 100vw, 800px\" \/><figcaption>Questo era in un paese vicino<\/figcaption><\/figure>\n\n\n\n<p>L&#8217;altro tema ricorrente era quello dei volontari. Ora, <em>The Almond Tree<\/em>, cio\u00e8 la caffetteria, ha come progetto esattamente quello di dare una professionalit\u00e0 a giovani svantaggiati: io non conosco bene la situazione scozzese in una provincia periferica come il Border, e forse il massimo che pu\u00f2 fare \u00e8 farli lavorare come volontari &#8211; ho molte perplessit\u00e0, devo dire, perch\u00e9 sarebbe pi\u00f9 equo che siano pagati, e in Italia le cooperative sociali che corrispondono al tipo di impresa che \u00e8 <em>The Almond Tree<\/em> fanno inserimento lavorativo, cio\u00e8 pagano, ma mettiamo che l\u00ec la situazione sia particolare. Negli altri negozi la richiesta di volontari &#8211; cio\u00e8 di persone che non fossero gi\u00e0 socie dell&#8217;una o dell&#8217;altra organizzazione &#8211; non aveva nessuna giustificazione se non l&#8217;utilit\u00e0 di avere forza lavoro gratis ed era esplicitamente basata sul <em>do ut des<\/em>: tu vieni a lavorare con noi e cos\u00ec acquisisci esperienza da mettere nel curriculum. Non siamo esattamente al pagare in visibilit\u00e0, ma quasi.<\/p>\n\n\n\n<p>Ora, all&#8217;epoca d&#8217;oro del volontariato in Italia, negli anni &#8217;80, era <em>normale <\/em>lavorare per questa o quella impresa sociale senza essere pagati, e quel tipo di volontariato aveva un enorme dinamismo, ma era un lavoro volontario funzionale al perseguimento di qualche scopo sociale che si considerava proprio, che si trattasse di promuovere la cultura ludica, di assistere un portatore di <em>handicap<\/em> o di educare cristianamente il laicato &#8211; giusto per dire cose che ho fatto direttamente. Visti gli annunci di ricerca esposti nei vari negozi, qui di adesione a uno scopo sociale non sembra sia il caso di parlare.<\/p>\n\n\n\n<p>Peraltro, nei nostri giri la presenza dei volontari era pervasiva: qualunque piccolo museo, centro culturale o luogo storico era popolato di volontari, in questo caso di solito di et\u00e0 anziana, assegnati al ruolo di guide, ciceroni o semplicemente incaricati di fare buona accoglienza. Si sentiva molta partecipazione e amore per il luogo custodito, e anche molta comprensione del proprio ruolo: al museo archeologico di Melrose l&#8217;ansia di un vecchietto di fornirci assistenza, <em>qualunque<\/em> assistenza, si avvicinava parecchio alla molestia: \u00abNon esitate a chiedermi qualcosa, <em>qualunque<\/em> cosa? E allora, non avete nulla da chiedermi? Proprio niente?! Eh? Eh?? Nulla?!?!\u00bb. Altrove, come nell&#8217;abbazia di Melrose o nella casa di Maria Stuarda a Jedburgh, il ruolo era molto pi\u00f9 leggero e, di conseguenza, molto pi\u00f9 autenticamente accogliente.<\/p>\n\n\n\n<figure class=\"wp-block-image alignwide size-full\"><img data-attachment-id=\"19766\" data-permalink=\"https:\/\/www.robertosedda.it\/?attachment_id=19766\" data-orig-file=\"https:\/\/i0.wp.com\/www.robertosedda.it\/wp-content\/uploads\/2022\/06\/ALIM5108r.jpg?fit=2364%2C1773&amp;ssl=1\" data-orig-size=\"2364,1773\" data-comments-opened=\"1\" data-image-meta=\"{&quot;aperture&quot;:&quot;0&quot;,&quot;credit&quot;:&quot;&quot;,&quot;camera&quot;:&quot;&quot;,&quot;caption&quot;:&quot;&quot;,&quot;created_timestamp&quot;:&quot;1655840397&quot;,&quot;copyright&quot;:&quot;&quot;,&quot;focal_length&quot;:&quot;0&quot;,&quot;iso&quot;:&quot;0&quot;,&quot;shutter_speed&quot;:&quot;0&quot;,&quot;title&quot;:&quot;&quot;,&quot;orientation&quot;:&quot;1&quot;}\" data-image-title=\"ALIM5108r\" data-image-description=\"\" data-image-caption=\"\" data-medium-file=\"https:\/\/i0.wp.com\/www.robertosedda.it\/wp-content\/uploads\/2022\/06\/ALIM5108r.jpg?fit=300%2C225&amp;ssl=1\" data-large-file=\"https:\/\/i0.wp.com\/www.robertosedda.it\/wp-content\/uploads\/2022\/06\/ALIM5108r.jpg?fit=510%2C383&amp;ssl=1\" decoding=\"async\" loading=\"lazy\" width=\"2364\" height=\"1773\" src=\"https:\/\/i0.wp.com\/www.robertosedda.it\/wp-content\/uploads\/2022\/06\/ALIM5108r.jpg?fit=2364%2C1773\" alt=\"\" class=\"wp-image-19766\" srcset=\"https:\/\/i0.wp.com\/www.robertosedda.it\/wp-content\/uploads\/2022\/06\/ALIM5108r.jpg?w=2364&amp;ssl=1 2364w, https:\/\/i0.wp.com\/www.robertosedda.it\/wp-content\/uploads\/2022\/06\/ALIM5108r.jpg?resize=300%2C225&amp;ssl=1 300w, https:\/\/i0.wp.com\/www.robertosedda.it\/wp-content\/uploads\/2022\/06\/ALIM5108r.jpg?resize=510%2C383&amp;ssl=1 510w, https:\/\/i0.wp.com\/www.robertosedda.it\/wp-content\/uploads\/2022\/06\/ALIM5108r.jpg?resize=150%2C113&amp;ssl=1 150w, https:\/\/i0.wp.com\/www.robertosedda.it\/wp-content\/uploads\/2022\/06\/ALIM5108r.jpg?resize=1536%2C1152&amp;ssl=1 1536w, https:\/\/i0.wp.com\/www.robertosedda.it\/wp-content\/uploads\/2022\/06\/ALIM5108r.jpg?resize=2048%2C1536&amp;ssl=1 2048w, https:\/\/i0.wp.com\/www.robertosedda.it\/wp-content\/uploads\/2022\/06\/ALIM5108r.jpg?w=1600 1600w\" sizes=\"(max-width: 800px) 100vw, 800px\" \/><\/figure>\n\n\n\n<p>Dopo i primi giri e l&#8217;esserci accorti della cosa, riflettevo: ma qui, abbiamo vinto o abbiamo perso? I negozi <em>no profit<\/em> occupano un intero settore merceologico. Riciclo, riparo, riuso: cosa c&#8217;\u00e8 di meglio? C&#8217;\u00e8 un robusto tessuto di volontariato locale, che offre supporto al mantenimento della memoria storica del luogo, alla vivacit\u00e0 delle attivit\u00e0 culturali e anche all&#8217;efficacia e efficienza delle imprese sociali. <\/p>\n\n\n\n<p>Cosa pu\u00f2 andar male?<\/p>\n\n\n\n<p>Boh. Una dei sospetti sgradevoli che ho \u00e8 che, per esempio, il successo dei negozi di seconda mano non sia segno di un consumo responsabile, ma della scelta obbligata di una clientela impoverita che non \u00e8 per\u00f2 disposta al servirsi di negozi di fascia bassa. Un impoverimento che non \u00e8 solo delle famiglie: se tutti i musei sono stati trasformati in fondazioni o in <em>partnership<\/em> pubblico-privato pu\u00f2 darsi che non sia una scelta di aprire la gestione del bene culturale alla partecipazione civica, ma di ovviare col lavoro dei volontari al calo dei fondi messi a disposizione dal pubblico (il racconto del gentile bibliotecario di Hawick, mentre ci faceva visitare la sua &#8211; bella &#8211; biblioteca andava del tutto in questo senso). E sul lavoro dei giovani e giovanissimi impegnati a rimpolpare il curriculum vendendo abiti di seconda mano pesava la spiegazione data dai nostri amici quando ci siamo resi conto che dappertutto i camerieri dei locali erano giovanissimi: siccome in Inghilterra c&#8217;\u00e8 il salario minimo, ma \u00e8 stato stabilito che per i minorenni il salario minimo \u00e8 progressivamente inferiore pi\u00f9 bassa \u00e8 l&#8217;et\u00e0, allora c&#8217;\u00e8 un effetto di spiazzamento per il quale una serie di attivit\u00e0 preferiscono impiegare minorenni <em>part time<\/em> piuttosto che adulti, disincentivando oltretutto la prosecuzione degli studi: il che sar\u00e0 senz&#8217;altro un progresso del capitalismo, ma proietta delle ombre molto ottocentesche su tutto l&#8217;ambiente.<\/p>\n\n\n\n<figure class=\"wp-block-image alignwide size-full\"><img data-attachment-id=\"19768\" data-permalink=\"https:\/\/www.robertosedda.it\/?attachment_id=19768\" data-orig-file=\"https:\/\/i0.wp.com\/www.robertosedda.it\/wp-content\/uploads\/2022\/06\/ALIM5109r.jpg?fit=2364%2C1773&amp;ssl=1\" data-orig-size=\"2364,1773\" data-comments-opened=\"1\" data-image-meta=\"{&quot;aperture&quot;:&quot;0&quot;,&quot;credit&quot;:&quot;&quot;,&quot;camera&quot;:&quot;&quot;,&quot;caption&quot;:&quot;&quot;,&quot;created_timestamp&quot;:&quot;1655840450&quot;,&quot;copyright&quot;:&quot;&quot;,&quot;focal_length&quot;:&quot;0&quot;,&quot;iso&quot;:&quot;0&quot;,&quot;shutter_speed&quot;:&quot;0&quot;,&quot;title&quot;:&quot;&quot;,&quot;orientation&quot;:&quot;1&quot;}\" data-image-title=\"ALIM5109r\" data-image-description=\"\" data-image-caption=\"\" data-medium-file=\"https:\/\/i0.wp.com\/www.robertosedda.it\/wp-content\/uploads\/2022\/06\/ALIM5109r.jpg?fit=300%2C225&amp;ssl=1\" data-large-file=\"https:\/\/i0.wp.com\/www.robertosedda.it\/wp-content\/uploads\/2022\/06\/ALIM5109r.jpg?fit=510%2C383&amp;ssl=1\" decoding=\"async\" loading=\"lazy\" width=\"2364\" height=\"1773\" src=\"https:\/\/i0.wp.com\/www.robertosedda.it\/wp-content\/uploads\/2022\/06\/ALIM5109r.jpg?fit=2364%2C1773\" alt=\"\" class=\"wp-image-19768\" srcset=\"https:\/\/i0.wp.com\/www.robertosedda.it\/wp-content\/uploads\/2022\/06\/ALIM5109r.jpg?w=2364&amp;ssl=1 2364w, https:\/\/i0.wp.com\/www.robertosedda.it\/wp-content\/uploads\/2022\/06\/ALIM5109r.jpg?resize=300%2C225&amp;ssl=1 300w, https:\/\/i0.wp.com\/www.robertosedda.it\/wp-content\/uploads\/2022\/06\/ALIM5109r.jpg?resize=510%2C383&amp;ssl=1 510w, https:\/\/i0.wp.com\/www.robertosedda.it\/wp-content\/uploads\/2022\/06\/ALIM5109r.jpg?resize=150%2C113&amp;ssl=1 150w, https:\/\/i0.wp.com\/www.robertosedda.it\/wp-content\/uploads\/2022\/06\/ALIM5109r.jpg?resize=1536%2C1152&amp;ssl=1 1536w, https:\/\/i0.wp.com\/www.robertosedda.it\/wp-content\/uploads\/2022\/06\/ALIM5109r.jpg?resize=2048%2C1536&amp;ssl=1 2048w, https:\/\/i0.wp.com\/www.robertosedda.it\/wp-content\/uploads\/2022\/06\/ALIM5109r.jpg?w=1600 1600w\" sizes=\"(max-width: 800px) 100vw, 800px\" \/><\/figure>\n","protected":false},"excerpt":{"rendered":"<p>La settima scorsa ero in Scozia con Maria Bonaria, al matrimonio di Andrea Veneruzzo (s\u00ec, quello del criterio Veneruzzo), e<\/p>\n","protected":false},"author":1,"featured_media":19768,"comment_status":"open","ping_status":"open","sticky":false,"template":"","format":"standard","meta":{"_mi_skip_tracking":false,"_monsterinsights_sitenote_active":false,"_monsterinsights_sitenote_note":"","_monsterinsights_sitenote_category":0,"jetpack_post_was_ever_published":false,"_jetpack_newsletter_access":"","jetpack_publicize_message":"Riciclo, riparo, riuso: cosa c'\u00e8 di meglio? C'\u00e8 un robusto tessuto di volontariato locale, che offre supporto al mantenimento della memoria storica, alla vivacit\u00e0 delle attivit\u00e0 culturali e alle imprese sociali.","jetpack_is_tweetstorm":false,"jetpack_publicize_feature_enabled":true,"jetpack_social_post_already_shared":true,"jetpack_social_options":{"image_generator_settings":{"template":"highway","enabled":false}}},"categories":[52,55,77,18,16],"tags":[],"jetpack_publicize_connections":[],"jetpack_featured_media_url":"https:\/\/i0.wp.com\/www.robertosedda.it\/wp-content\/uploads\/2022\/06\/ALIM5109r.jpg?fit=2364%2C1773&ssl=1","jetpack_sharing_enabled":true,"jetpack_shortlink":"https:\/\/wp.me\/p4jV2T-58J","jetpack_likes_enabled":true,"jetpack-related-posts":[{"id":2236,"url":"https:\/\/www.robertosedda.it\/?p=2236","url_meta":{"origin":19761,"position":0},"title":"Il criterio Veneruzzo","author":"Rufus","date":"16\/02\/2013","format":false,"excerpt":"Al tempo in cui andavo al cinema col mio amico Andrea Veneruzzo (o quando discutevo con lui di cinema, che \u00e8 lo stesso) mi aveva insegnato un criterio di massima, rozzo ma efficace, per giudicare un film: se ha tre scene che ti ricordi, che ti restano impresse, \u00e8 un\u2026","rel":"","context":"In &quot;Coordinate&quot;","block_context":{"text":"Coordinate","link":"https:\/\/www.robertosedda.it\/?cat=52"},"img":{"alt_text":"","src":"https:\/\/i0.wp.com\/www.robertosedda.it\/wp-content\/uploads\/2013\/02\/Venticinquesima-ora.jpg?fit=1200%2C675&ssl=1&resize=350%2C200","width":350,"height":200,"srcset":"https:\/\/i0.wp.com\/www.robertosedda.it\/wp-content\/uploads\/2013\/02\/Venticinquesima-ora.jpg?fit=1200%2C675&ssl=1&resize=350%2C200 1x, https:\/\/i0.wp.com\/www.robertosedda.it\/wp-content\/uploads\/2013\/02\/Venticinquesima-ora.jpg?fit=1200%2C675&ssl=1&resize=700%2C400 2x, https:\/\/i0.wp.com\/www.robertosedda.it\/wp-content\/uploads\/2013\/02\/Venticinquesima-ora.jpg?fit=1200%2C675&ssl=1&resize=1050%2C600 3x"},"classes":[]},{"id":4396,"url":"https:\/\/www.robertosedda.it\/?p=4396","url_meta":{"origin":19761,"position":1},"title":"Primo anniversario","author":"Rufus","date":"04\/09\/2013","format":false,"excerpt":"Il primo articolo del blog rinnovato \u00e8 uscito il 4 settembre 2012. Oggi quindi questo sito compie un anno. Giusto per informazione, in questo periodo ci sono state 15181 visite (10659 persone) con 29616 visualizzazioni di pagina. Non credo che siano numeri significativi, cio\u00e8 non ho la pi\u00f9 pallida idea\u2026","rel":"","context":"In &quot;Coordinate&quot;","block_context":{"text":"Coordinate","link":"https:\/\/www.robertosedda.it\/?cat=52"},"img":{"alt_text":"","src":"","width":0,"height":0},"classes":[]},{"id":823,"url":"https:\/\/www.robertosedda.it\/?p=823","url_meta":{"origin":19761,"position":2},"title":"On the road again","author":"Rufus","date":"04\/09\/2012","format":false,"excerpt":"Pubblicare un sito o un blog comporta una buona dose di presunzione: vuol dire supporre che quello che si scrive o si fa sia interessante per gli altri, di solito molti altri. \u00c8 con un certo imbarazzo, quindi, che ho deciso di rimettere su il mio sito, che da un\u2026","rel":"","context":"In &quot;Coordinate&quot;","block_context":{"text":"Coordinate","link":"https:\/\/www.robertosedda.it\/?cat=52"},"img":{"alt_text":"","src":"","width":0,"height":0},"classes":[]},{"id":11084,"url":"https:\/\/www.robertosedda.it\/?p=11084","url_meta":{"origin":19761,"position":3},"title":"Imprevisti","author":"Rufus","date":"27\/10\/2015","format":false,"excerpt":"Questo articolo potrebbe iniziare Caro diario, cose da ricordare se ci si deve sposare... Che poi a me la cosa non mi riguarda, ma insomma, ci sono cose che \u00e8 sempre bene ricordarsi. Tipo che ci sono Alberto e Cristiana, che Alberto \u00e8\u00a0mio testimone di nozze e Cristiana \u00e8\u00a0mia cugina,\u2026","rel":"","context":"In &quot;Coordinate&quot;","block_context":{"text":"Coordinate","link":"https:\/\/www.robertosedda.it\/?cat=52"},"img":{"alt_text":"","src":"https:\/\/i0.wp.com\/www.robertosedda.it\/wp-content\/uploads\/2015\/10\/Alberto-e-Cristiana.jpg?fit=1154%2C575&ssl=1&resize=350%2C200","width":350,"height":200,"srcset":"https:\/\/i0.wp.com\/www.robertosedda.it\/wp-content\/uploads\/2015\/10\/Alberto-e-Cristiana.jpg?fit=1154%2C575&ssl=1&resize=350%2C200 1x, https:\/\/i0.wp.com\/www.robertosedda.it\/wp-content\/uploads\/2015\/10\/Alberto-e-Cristiana.jpg?fit=1154%2C575&ssl=1&resize=700%2C400 2x, https:\/\/i0.wp.com\/www.robertosedda.it\/wp-content\/uploads\/2015\/10\/Alberto-e-Cristiana.jpg?fit=1154%2C575&ssl=1&resize=1050%2C600 3x"},"classes":[]},{"id":8717,"url":"https:\/\/www.robertosedda.it\/?p=8717","url_meta":{"origin":19761,"position":4},"title":"Quel che succede quando ti capita di sposarti","author":"Rufus","date":"20\/10\/2014","format":false,"excerpt":"Oggi \u00e8 il nostro anniversario di matrimonio (sono tredici anni, di gi\u00e0). E cos\u00ec l'altro giorno mi sono tornate in mente, all'improvviso, un po' di cose capitate all'epoca del matrimonio. Ci avevo perfino elaborato sopra una teoria, ai tempi, detta degli sposi come fornitori di servizi. Mi sembra l'occasione buona\u2026","rel":"","context":"In &quot;Coordinate&quot;","block_context":{"text":"Coordinate","link":"https:\/\/www.robertosedda.it\/?cat=52"},"img":{"alt_text":"","src":"https:\/\/i0.wp.com\/www.robertosedda.it\/wp-content\/uploads\/2014\/10\/Matrimonio001.jpg?fit=373%2C568&ssl=1&resize=350%2C200","width":350,"height":200},"classes":[]},{"id":20630,"url":"https:\/\/www.robertosedda.it\/?p=20630","url_meta":{"origin":19761,"position":5},"title":"Avercene","author":"Rufus","date":"08\/05\/2025","format":false,"excerpt":"Visto che ho ricominciato a scrivere sul blog sono andato a rivedere una lista fatta molti mesi fa di articoli da scrivere (si vede che anche allora avevo voglia di riprendere) e ci trovo un appunto di una sola parola: avercene. Si tratta della mia nuova categoria interpretativa di opere\u2026","rel":"","context":"In &quot;Coordinate&quot;","block_context":{"text":"Coordinate","link":"https:\/\/www.robertosedda.it\/?cat=52"},"img":{"alt_text":"","src":"https:\/\/i0.wp.com\/www.robertosedda.it\/wp-content\/uploads\/2025\/05\/Povere-creature.jpg?fit=1136%2C639&ssl=1&resize=350%2C200","width":350,"height":200,"srcset":"https:\/\/i0.wp.com\/www.robertosedda.it\/wp-content\/uploads\/2025\/05\/Povere-creature.jpg?fit=1136%2C639&ssl=1&resize=350%2C200 1x, https:\/\/i0.wp.com\/www.robertosedda.it\/wp-content\/uploads\/2025\/05\/Povere-creature.jpg?fit=1136%2C639&ssl=1&resize=700%2C400 2x, https:\/\/i0.wp.com\/www.robertosedda.it\/wp-content\/uploads\/2025\/05\/Povere-creature.jpg?fit=1136%2C639&ssl=1&resize=1050%2C600 3x"},"classes":[]}],"_links":{"self":[{"href":"https:\/\/www.robertosedda.it\/index.php?rest_route=\/wp\/v2\/posts\/19761"}],"collection":[{"href":"https:\/\/www.robertosedda.it\/index.php?rest_route=\/wp\/v2\/posts"}],"about":[{"href":"https:\/\/www.robertosedda.it\/index.php?rest_route=\/wp\/v2\/types\/post"}],"author":[{"embeddable":true,"href":"https:\/\/www.robertosedda.it\/index.php?rest_route=\/wp\/v2\/users\/1"}],"replies":[{"embeddable":true,"href":"https:\/\/www.robertosedda.it\/index.php?rest_route=%2Fwp%2Fv2%2Fcomments&post=19761"}],"version-history":[{"count":3,"href":"https:\/\/www.robertosedda.it\/index.php?rest_route=\/wp\/v2\/posts\/19761\/revisions"}],"predecessor-version":[{"id":19771,"href":"https:\/\/www.robertosedda.it\/index.php?rest_route=\/wp\/v2\/posts\/19761\/revisions\/19771"}],"wp:featuredmedia":[{"embeddable":true,"href":"https:\/\/www.robertosedda.it\/index.php?rest_route=\/wp\/v2\/media\/19768"}],"wp:attachment":[{"href":"https:\/\/www.robertosedda.it\/index.php?rest_route=%2Fwp%2Fv2%2Fmedia&parent=19761"}],"wp:term":[{"taxonomy":"category","embeddable":true,"href":"https:\/\/www.robertosedda.it\/index.php?rest_route=%2Fwp%2Fv2%2Fcategories&post=19761"},{"taxonomy":"post_tag","embeddable":true,"href":"https:\/\/www.robertosedda.it\/index.php?rest_route=%2Fwp%2Fv2%2Ftags&post=19761"}],"curies":[{"name":"wp","href":"https:\/\/api.w.org\/{rel}","templated":true}]}}