{"id":19672,"date":"2022-05-18T12:15:59","date_gmt":"2022-05-18T10:15:59","guid":{"rendered":"http:\/\/www.robertosedda.it\/?p=19672"},"modified":"2022-06-28T18:46:00","modified_gmt":"2022-06-28T16:46:00","slug":"il-nuovo-trattato-sulle-pandemie-e-la-partita-in-corso","status":"publish","type":"post","link":"https:\/\/www.robertosedda.it\/?p=19672","title":{"rendered":"Il nuovo trattato sulle pandemie e la partita in corso"},"content":{"rendered":"\n<p>Rilancio e traduco un pezzo di Nicoletta Dentico sulle trattative in corso per la firma di un trattato mondiale sulle pandemie, nell&#8217;ambito dell&#8217;Organizzazione Mondiale della Sanit\u00e0, perch\u00e9 mi sembra un articolo molto interessante. L&#8217;<a href=\"https:\/\/www.ipsnews.net\/2022\/05\/projections-pandemic-future-whose-interest\/\">originale<\/a> \u00e8 stato pubblicato su <em>Inter Press<\/em> <em>Service<\/em> il 12 maggio; ho mantenuto i <em>link<\/em> originali; ho anche mantenuto le varie sigle (es.: WHO&#8230;) perch\u00e9 pi\u00f9 note e comuni nel discorso comune, ma ne ho tradotto i nomi quando indicati per esteso (es.: Organizzazione Mondiale della Sanit\u00e0), nel caso sciogliendo la sigla col nome corrispondente in inglese (es.: WHO, <em>World Health Organization<\/em>).<\/p>\n\n\n\n<h2>Preparativi verso un futuro pandemico: nell&#8217;interesse di chi?<\/h2>\n\n\n\n<p>In quella che \u00e8 stata definita una storica decisione collettiva volta a proteggere il mondo dalle future crisi legate alle malattie infettive, il 1\u00b0 dicembre 2021 la sessione speciale dell&#8217;Assemblea Mondiale della Sanit\u00e0 ha deciso di lanciare un processo globale che stendesse e negoziasse una convenzione, un accordo o un altro strumento internazionale per rafforzare la prevenzione, la preparazione adeguata e la risposta alle pandemie.<\/p>\n\n\n\n<p>Secondo il Direttore Generale dell&#8217;Organizzazione Mondiale della Sanit\u00e0 (WHO), la decisione ha segnato \u00abuna di quelle opportunit\u00e0 che capitano una sola volta nell&#8217;arco di una generazione per rafforzare l&#8217;architettura sanitaria globale al fine di proteggere e promuovere il benessere di tutte le persone\u00bb.<\/p>\n\n\n\n<p>Il processo \u00e8 iniziato ufficialmente con la costituzione dell&#8217;Organo Intergovernativo di Negoziazione (<em>Intergovernmental Negotiating Body<\/em>), il cui compito \u00e8 di tessere la trama del negoziato, che sar\u00e0 basato su una bozza di massima del trattato, a partire dal 1\u00b0 agosto 2022. All&#8217;INB \u00e8 richiesto di sottoporre l&#8217;esito dei suoi lavori all&#8217;esame della Settantasettesima Assemblea Mondiale della Sanit\u00e0 nel 2024.<\/p>\n\n\n\n<p>La WHO non ha un&#8217;esperienza consolidata nell&#8217;esercitare un proprio potere normativo vincolante, che \u00e8 stato utilizzato solo due volte in settantaquattro anni.\u00a0Gi\u00e0 ben prima della pandemia, l&#8217;andamento delle questioni sanitarie negoziate presso la WHO aveva spinto esperti e organizzazioni della societ\u00e0 civile a chiedere che regole certe sostituissero il sistema delle adesioni volontarie, insufficienti per affrontare sfide crescenti e l&#8217;ampliamento delle dimensioni determinanti, che ora includono\u00a0<a rel=\"noreferrer noopener\" href=\"https:\/\/gh.bmj.com\/content\/7\/2\/e007156\" target=\"_blank\">regole commerciali<\/a>,\u00a0<a href=\"https:\/\/www.paho.org\/en\/topics\/environmental-determinants-health\">l&#8217;ambiente<\/a> e <a href=\"https:\/\/www.thelancet.com\/journals\/landig\/article\/PIIS2589-7500(21)00238-7\/fulltext\">la\u00a0digitalizzazione<\/a>.<\/p>\n\n\n\n<p>D&#8217;altra parte, come illustrato nel rapporto del Centro sulla Salute Globale di Ginevra (G2H2, <em>Geneva Global Health Hub<\/em>) sulla genesi del trattato pandemico, ci sono acute problematiche geopolitiche che richiedono una scrupolosa lettura della realt\u00e0 e un atteggiamento che non rifugge dal porre interrogativi, ora che la comunit\u00e0 internazionale si sta approcciando a un futuro pandemico.<\/p>\n\n\n\n<p>Il mondo ha bisogno di un nuovo trattato sulla pandemia?<\/p>\n\n\n\n<p>Dopo mesi di dibattiti nel Gruppo di Lavoro della WHO sulla Capacit\u00e0 di Preparazione e la Risposta alle Pandemie (WGPR, <em>Working Group on Pandemic Preparedness and Response<\/em>), permane la mancanza di una dimostrazione approfondita contestuale dei problemi che il nuovo strumento potrebbe e dovrebbe aiutare a risolvere.<\/p>\n\n\n\n<p>Non esiste nemmeno una\u00a0<a rel=\"noreferrer noopener\" href=\"https:\/\/papers.ssrn.com\/sol3\/papers.cfm?abstract_id=3845044\" target=\"_blank\">definizione ufficiale<\/a>\u00a0di cosa sia una pandemia in termini legali.\u00a0Il COVID-19 non \u00e8 stata l&#8217;unica pandemia che abbia imperversato nel mondo: le cifre globali del cancro sono tali da lasciare impietriti e\u00a0<a rel=\"noreferrer noopener\" href=\"https:\/\/acsjournals.onlinelibrary.wiley.com\/doi\/full\/10.3322\/caac.21660#:~:text=Worldwide%2C%20an%20estimated%2019.3%20million,cancer%2C%20with%20an%20estimated%202.3\" target=\"_blank\">fatalmente condannate a crescere<\/a>\u00a0a causa degli effetti del COVID e del cambiamento climatico.<\/p>\n\n\n\n<p>Altre pandemie esistenti (come la resistenza antimicrobica) non sono innescate soltanto da eventi zoonotici, la\u00a0<a rel=\"noreferrer noopener\" href=\"https:\/\/www.nature.org\/en-us\/newsroom\/tnc-wildlife-trade-pandemics-analysis\/\" target=\"_blank\">maggior parte dei quali sono causati dal commercio di animali selvatici<\/a>, insieme con i disastri naturali, l&#8217;allevamento industrializzato del bestiame e la distruzione dell&#8217;habitat.\u00a0Non sarebbe meglio che le misure vincolanti volte a prevenire e rispondere a queste crisi affrontassero la diffusa distruzione degli ecosistemi?<\/p>\n\n\n\n<p>Le pandemie non sono n\u00e9 una fatalit\u00e0 n\u00e9 un fenomeno naturale.\u00a0<a rel=\"noreferrer noopener\" href=\"https:\/\/theindependentpanel.org\/wp-content\/uploads\/2021\/05\/COVID-19-Make-it-the-Last-Pandemic_final.pdf\" target=\"_blank\">Il rapporto del Comitato Indipendente della WHO sulla Capacit\u00e0 di Preparazione e la Risposta alle pandemie<\/a>\u00a0spiega che sono il risultato indesiderabile di molteplici fallimenti di <em>governance<\/em>, a partire dalla mancanza di cooperazione a livello internazionale.<\/p>\n\n\n\n<p>Questa sfortunata congiuntura dovrebbe essere presa in considerazione, ma ad oggi non esiste un&#8217;analisi esaustiva delle ragioni per le quali i governi non hanno rispettato il quadro giuridico vincolante della WHO in vigore e progettato per far fronte alle emergenze sanitarie: il Regolamento Sanitario Internazionale (IHR, <em>International Health Regulations<\/em>), rivisto l&#8217;ultima volta nel 2005 (dopo la SARS).<\/p>\n\n\n\n<p>Gli obblighi previsti dall&#8217;IHR avrebbero dovuto condurre i diversi paesi a impegnarsi nella condivisione delle informazioni e a cooperare per contrastare l&#8217;epidemia sconosciuta e aggressiva da SARS-CoV-2.\u00a0Cosa \u00e8 andato storto?\u00a0\u00c8 possibile che l&#8217;IHR sia fortemente sbilanciato verso la prevenzione e il rilevamento di agenti patogeni e limitato per quanto riguarda le azioni sequenziali necessarie a prevenire la trasmissione.<\/p>\n\n\n\n<p>Ma non si potrebbe rivederlo e aggiornarlo in profondit\u00e0, come gi\u00e0 in passato, per includere i nuovi contenuti derivanti dalle lezioni senza precedenti del COVID-19 invece di spingere verso un nuovo trattato?<\/p>\n\n\n\n<p>Il Comitato di Emergenza e il sistema di allarme della WHO necessitano di una riforma, insieme al rafforzamento degli obblighi previsti dalle norme e della necessit\u00e0 di rispettare le regole di cooperazione: questo \u00e8 il il campo in cui si sono verificate la maggior parte delle violazioni dell&#8217;IHR.<\/p>\n\n\n\n<p>Gli approcci <em>One Health<\/em> [un approccio integrato alle politiche sanitarie, NdRufus] devono sicuramente essere integrati nella revisione negoziata, per costruire una migliore prevenzione e capacit\u00e0 di risposta alle dure lezioni del COVID-19.\u00a0Una chiara priorit\u00e0 senza compromessi assegnata al finanziamento sostenibile\u00a0<em>dei sistemi sanitari pubblici universali<\/em>\u00a0e della loro forza lavoro, come salvaguardia affidabile per le societ\u00e0 quando emergono focolai, deve soppiantare le politiche persistenti orientate alla\u00a0<a rel=\"noreferrer noopener\" href=\"https:\/\/corpwatchers.eu\/en\/investigations\/caring-for-profit-en\/in-the-midst-of-a-pandemic-who-is-full-of-praises-for-the-private-for-profit-en?lang=en\" target=\"_blank\">privatizzazione e alla finanziarizzazione della salute<\/a>, promosse troppo acriticamente dalla WHO.\u00a0Le disposizioni esistenti all&#8217;interno dell?IHR devono essere aggiornate e rafforzate in questo senso.<\/p>\n\n\n\n<p>In definitiva, la tensione critica tra i requisiti di sicurezza sanitaria globale e\u00a0<a rel=\"noreferrer noopener\" href=\"https:\/\/council.science\/wp-content\/uploads\/2020\/06\/ScienceAsAPublicGood-FINAL.pdf\" target=\"_blank\">la gestione della scienza esistente<\/a>\u00a0deve essere risolta nell&#8217;interesse della salute pubblica piuttosto che dei profitti privati: il COVID-19 chiarisce che questo non \u00e8 un gioco facile.<\/p>\n\n\n\n<p>Nel frattempo, le cose si stanno facendo pi\u00f9 complicate.\u00a0Ora che i negoziati sul trattato sulla pandemia sono guidati dall&#8217;INB, parallelamente alla revisione dell&#8217;IHR guidata dagli Stati Uniti, nuovi livelli di complessit\u00e0 diplomatica emergono in termini di sovrapposizione di contenuti e processi, dando spazio a aspettative in calando.<\/p>\n\n\n\n<p>Alla mancanza di una visione condivisa fa riscontro il ritmo accelerato della trattativa INB, per la quale i governi non sono pronti \u2013 un senso di disagio \u00e8 emerso nelle recenti consultazioni europee sugli elementi del trattato che dovevano essere presentati entro il 29 aprile.<\/p>\n\n\n\n<p>Sia la WHO che l&#8217;INB affermano di guardare come punto di riferimento al precedente dell&#8217;unico altro trattato WHO, la rivoluzionaria Convenzione Quadro sul Controllo del Tabacco (FCTC, <em>Framework Convention on Tobacco Control<\/em>); mentre le organizzazioni della societ\u00e0 civile hanno svolto un ruolo determinante nell&#8217;aprire la strada all&#8217;FCTC e sfidare il\u00a0<a rel=\"noreferrer noopener\" href=\"https:\/\/pubmed.ncbi.nlm.nih.gov\/10994263\/#:~:text=The%20tactics%20used%20by%20the,using%20front%20groups%20and%20allied\" target=\"_blank\">l&#8217;agenda dell&#8217;industria del tabacco<\/a>, ora siedono ai margini del processo diplomatico, svolgendo il loro ruolo di pressione nella limitatezza di spazi e vicoli di tempo permessi\u00a0<a rel=\"noreferrer noopener\" href=\"https:\/\/g2h2.org\/posts\/media-13-04-2022\/\" target=\"_blank\">nella prima tornata di udienze pubbliche<\/a>.<\/p>\n\n\n\n<p>Grazie ai lunghi negoziati dell&#8217;FCTC che comportarono un&#8217;ampia e coerente partecipazione della societ\u00e0 civile, il primo trattato globale della WHO sulla salute contiene\u00a0<a rel=\"noreferrer noopener\" href=\"https:\/\/blogs.bmj.com\/tc\/2021\/11\/03\/who-fctc-article-5-3-a-vaccine-for-curbing-the-tobacco-pandemic\/\" target=\"_blank\">disposizioni e linee guida rigorose sui conflitti di interesse<\/a>.<\/p>\n\n\n\n<p>Vent&#8217;anni dopo, il fatto che le forze macroeconomiche siano state autorizzate a plasmare una nuova piattaforma politica per la governance globale attraverso il meccanismo del <em>multistakeholderismo<\/em>, non favorisce necessariamente lo scenario migliore per lo sviluppo di trattati pandemici.<\/p>\n\n\n\n<p>La WHO \u00e8 indebolita e con risorse insufficienti, mentre i settori aziendali che hanno tratto vantaggio dalla pandemia in termini di dominio del mercato \u2013 aziende farmaceutiche, <em>big tech<\/em>, eccetera \u2013 sembrano sostenere questa nuova negoziazione, con l&#8217;idea che possa istituzionalizzare\u00a0<a rel=\"noreferrer noopener\" href=\"https:\/\/pubmed.ncbi.nlm.nih.gov\/34686103\/\" target=\"_blank\">le super partnership pubblico-privato<\/a>\u00a0costruite nel 2020 dai principali attori filantropici per la risposta al COVID-19.<\/p>\n\n\n\n<p>I governi, dal canto loro, sono ancora alle prese con la pandemia e i suoi turbolenti effetti socio-economici.&nbsp;Nel frattempo, esattamente come un secolo fa, lo tsunami pandemico si intreccia con una guerra di proporzioni internazionali destinata a trasformare il mondo e la comunit\u00e0 internazionale.<\/p>\n\n\n\n<p>Il sapore dell&#8217;invasione russa dell&#8217;Ucraina sta iniziando ad avvelenare gli ambienti sanitari di Ginevra.&nbsp;Questo non \u00e8 un buon presagio.<\/p>\n","protected":false},"excerpt":{"rendered":"<p>Rilancio e traduco un pezzo di Nicoletta Dentico sulle trattative in corso per la firma di un trattato mondiale sulle<\/p>\n","protected":false},"author":1,"featured_media":11959,"comment_status":"open","ping_status":"open","sticky":false,"template":"","format":"standard","meta":{"_mi_skip_tracking":false,"_monsterinsights_sitenote_active":false,"_monsterinsights_sitenote_note":"","_monsterinsights_sitenote_category":0,"jetpack_post_was_ever_published":false,"_jetpack_newsletter_access":"","jetpack_publicize_message":"L'Organizzazione Mondiale della Sanit\u00e0 \u00e8 in trasformazione, con luci e ombre","jetpack_is_tweetstorm":false,"jetpack_publicize_feature_enabled":true,"jetpack_social_post_already_shared":true,"jetpack_social_options":{"image_generator_settings":{"template":"highway","enabled":false}}},"categories":[52,55,77,17,16],"tags":[],"jetpack_publicize_connections":[],"jetpack_featured_media_url":"https:\/\/i0.wp.com\/www.robertosedda.it\/wp-content\/uploads\/2016\/05\/Dentico.jpg?fit=400%2C400&ssl=1","jetpack_sharing_enabled":true,"jetpack_shortlink":"https:\/\/wp.me\/p4jV2T-57i","jetpack_likes_enabled":true,"jetpack-related-posts":[{"id":6777,"url":"https:\/\/www.robertosedda.it\/?p=6777","url_meta":{"origin":19672,"position":0},"title":"\u00abFai un intervento politico&#8230;\u00bb","author":"Rufus","date":"18\/03\/2014","format":false,"excerpt":"\u00abFai un intervento politico...\u00bb \u00e8 la raccomandazione che sto facendo a tutti quelli che mi chiedono: \u00abChe devo dire?\u00bb. Stasera modero il dibattito (che spero succoso, interessante e partecipato) durante La finanza non \u00e8 un gioco, l'appuntamento cagliaritano della festa della finanza etica\u00a0che in tutta Italia\u00a0celebra i quindici anni di\u2026","rel":"","context":"In &quot;Banche e finanza&quot;","block_context":{"text":"Banche e finanza","link":"https:\/\/www.robertosedda.it\/?cat=72"},"img":{"alt_text":"","src":"https:\/\/i0.wp.com\/www.robertosedda.it\/wp-content\/uploads\/2014\/03\/Locandina.jpg?fit=664%2C960&ssl=1&resize=350%2C200","width":350,"height":200},"classes":[]},{"id":7294,"url":"https:\/\/www.robertosedda.it\/?p=7294","url_meta":{"origin":19672,"position":1},"title":"Pepe Mujica ed il coraggio del nuovo","author":"Rufus","date":"08\/05\/2014","format":false,"excerpt":"\u00c8 giunto molto gradito un nuovo articolo dei\u00a0blogger del luned\u00ec, che non ho pubblicato subito perch\u00e9 non avevo controllato la posta (ehm). Lo pubblico adesso insieme, come al solito, ai siti\u00a0della\u00a0Fondazione Sardinia,\u00a0Tramas de amistade,\u00a0Aladin pensiero,\u00a0Vito Biolchini,\u00a0Sardegna soprattutto,\u00a0Enrico Lobina,\u00a0Madrigopolis,\u00a0Forma paris\u00a0e\u00a0Tottus in pari. Pepe Mujica ed il coraggio del nuovo di Enrico\u2026","rel":"","context":"In &quot;Coordinate&quot;","block_context":{"text":"Coordinate","link":"https:\/\/www.robertosedda.it\/?cat=52"},"img":{"alt_text":"","src":"https:\/\/i0.wp.com\/www.robertosedda.it\/wp-content\/uploads\/2013\/04\/2013-04-25-10.33.37.jpg?fit=900%2C1200&ssl=1&resize=350%2C200","width":350,"height":200,"srcset":"https:\/\/i0.wp.com\/www.robertosedda.it\/wp-content\/uploads\/2013\/04\/2013-04-25-10.33.37.jpg?fit=900%2C1200&ssl=1&resize=350%2C200 1x, https:\/\/i0.wp.com\/www.robertosedda.it\/wp-content\/uploads\/2013\/04\/2013-04-25-10.33.37.jpg?fit=900%2C1200&ssl=1&resize=700%2C400 2x"},"classes":[]},{"id":17881,"url":"https:\/\/www.robertosedda.it\/?p=17881","url_meta":{"origin":19672,"position":2},"title":"Per il pensiero critico","author":"Rufus","date":"27\/02\/2020","format":false,"excerpt":"Ho visto l'altro giorno, sulla bacheca di un contatto che non sono pi\u00f9 riuscito a ritrovare un grafico, prodotto dalla organizzazione americana senza fine di lucro Global Digital Citizen Foundation, che riassume in maniera interessante una serie di domande che tutti ci dovremmo porre quando tentiamo di decodificare una informazione\u2026","rel":"","context":"In &quot;Coordinate&quot;","block_context":{"text":"Coordinate","link":"https:\/\/www.robertosedda.it\/?cat=52"},"img":{"alt_text":"","src":"https:\/\/i0.wp.com\/www.robertosedda.it\/wp-content\/uploads\/2020\/02\/Checklist-pensiero-critico.jpg?fit=848%2C1200&ssl=1&resize=350%2C200","width":350,"height":200,"srcset":"https:\/\/i0.wp.com\/www.robertosedda.it\/wp-content\/uploads\/2020\/02\/Checklist-pensiero-critico.jpg?fit=848%2C1200&ssl=1&resize=350%2C200 1x, https:\/\/i0.wp.com\/www.robertosedda.it\/wp-content\/uploads\/2020\/02\/Checklist-pensiero-critico.jpg?fit=848%2C1200&ssl=1&resize=700%2C400 2x"},"classes":[]},{"id":17920,"url":"https:\/\/www.robertosedda.it\/?p=17920","url_meta":{"origin":19672,"position":3},"title":"Dalla Cina","author":"Rufus","date":"05\/03\/2020","format":false,"excerpt":"Anche se ogni tanto condivido su Facebook alcuni articoli interessanti in materia (come questo, questo e questo, che tra l'altro sono su argomenti piuttosto diversi), sto evitando di scrivere sul COVID-19 qui sul blog, un po' per una questione di sobriet\u00e0 psicologica e un po' perch\u00e9 tutto sommato credo che\u2026","rel":"","context":"In &quot;Coordinate&quot;","block_context":{"text":"Coordinate","link":"https:\/\/www.robertosedda.it\/?cat=52"},"img":{"alt_text":"","src":"https:\/\/i0.wp.com\/www.robertosedda.it\/wp-content\/uploads\/2020\/03\/Ailward.png?fit=1200%2C673&ssl=1&resize=350%2C200","width":350,"height":200,"srcset":"https:\/\/i0.wp.com\/www.robertosedda.it\/wp-content\/uploads\/2020\/03\/Ailward.png?fit=1200%2C673&ssl=1&resize=350%2C200 1x, https:\/\/i0.wp.com\/www.robertosedda.it\/wp-content\/uploads\/2020\/03\/Ailward.png?fit=1200%2C673&ssl=1&resize=700%2C400 2x, https:\/\/i0.wp.com\/www.robertosedda.it\/wp-content\/uploads\/2020\/03\/Ailward.png?fit=1200%2C673&ssl=1&resize=1050%2C600 3x"},"classes":[]},{"id":17780,"url":"https:\/\/www.robertosedda.it\/?p=17780","url_meta":{"origin":19672,"position":4},"title":"Strani compagni di letto, allarmi e minacce","author":"Rufus","date":"04\/02\/2020","format":false,"excerpt":"L'altro giorno ho preso un foglio Excel, ci ho caricato sopra un paio di dati, ho trascinato le celle per estendere la formula e mi sono fatto quattro calcoli. Sulla base di questo, oggi ho scoperto di avere previsto quasi esattamente il numero di morti totali per coronavirus. A me\u2026","rel":"","context":"In &quot;Antropologia&quot;","block_context":{"text":"Antropologia","link":"https:\/\/www.robertosedda.it\/?cat=97"},"img":{"alt_text":"","src":"https:\/\/i0.wp.com\/www.robertosedda.it\/wp-content\/uploads\/2020\/02\/Coronavirus.png?fit=1200%2C610&ssl=1&resize=350%2C200","width":350,"height":200,"srcset":"https:\/\/i0.wp.com\/www.robertosedda.it\/wp-content\/uploads\/2020\/02\/Coronavirus.png?fit=1200%2C610&ssl=1&resize=350%2C200 1x, https:\/\/i0.wp.com\/www.robertosedda.it\/wp-content\/uploads\/2020\/02\/Coronavirus.png?fit=1200%2C610&ssl=1&resize=700%2C400 2x, https:\/\/i0.wp.com\/www.robertosedda.it\/wp-content\/uploads\/2020\/02\/Coronavirus.png?fit=1200%2C610&ssl=1&resize=1050%2C600 3x"},"classes":[]},{"id":19125,"url":"https:\/\/www.robertosedda.it\/?p=19125","url_meta":{"origin":19672,"position":5},"title":"Le due destre","author":"Rufus","date":"26\/01\/2022","format":false,"excerpt":"Adesso che sto scrivendo sul blog con una certa frequenza ritrovo appunti e abbozzi di articoli non portati a termine durante questo periodo di... inappetenza. Fra gli altri vedo un abbozzo intitolato Non cambier\u00e0 niente, che deve risalire pi\u00f9 o meno a maggio del 2020, cio\u00e8 verso il termine del\u2026","rel":"","context":"In &quot;Coordinate&quot;","block_context":{"text":"Coordinate","link":"https:\/\/www.robertosedda.it\/?cat=52"},"img":{"alt_text":"","src":"https:\/\/i0.wp.com\/www.robertosedda.it\/wp-content\/uploads\/2022\/01\/Doppia-direzione.png?fit=465%2C500&ssl=1&resize=350%2C200","width":350,"height":200},"classes":[]}],"_links":{"self":[{"href":"https:\/\/www.robertosedda.it\/index.php?rest_route=\/wp\/v2\/posts\/19672"}],"collection":[{"href":"https:\/\/www.robertosedda.it\/index.php?rest_route=\/wp\/v2\/posts"}],"about":[{"href":"https:\/\/www.robertosedda.it\/index.php?rest_route=\/wp\/v2\/types\/post"}],"author":[{"embeddable":true,"href":"https:\/\/www.robertosedda.it\/index.php?rest_route=\/wp\/v2\/users\/1"}],"replies":[{"embeddable":true,"href":"https:\/\/www.robertosedda.it\/index.php?rest_route=%2Fwp%2Fv2%2Fcomments&post=19672"}],"version-history":[{"count":1,"href":"https:\/\/www.robertosedda.it\/index.php?rest_route=\/wp\/v2\/posts\/19672\/revisions"}],"predecessor-version":[{"id":19673,"href":"https:\/\/www.robertosedda.it\/index.php?rest_route=\/wp\/v2\/posts\/19672\/revisions\/19673"}],"wp:featuredmedia":[{"embeddable":true,"href":"https:\/\/www.robertosedda.it\/index.php?rest_route=\/wp\/v2\/media\/11959"}],"wp:attachment":[{"href":"https:\/\/www.robertosedda.it\/index.php?rest_route=%2Fwp%2Fv2%2Fmedia&parent=19672"}],"wp:term":[{"taxonomy":"category","embeddable":true,"href":"https:\/\/www.robertosedda.it\/index.php?rest_route=%2Fwp%2Fv2%2Fcategories&post=19672"},{"taxonomy":"post_tag","embeddable":true,"href":"https:\/\/www.robertosedda.it\/index.php?rest_route=%2Fwp%2Fv2%2Ftags&post=19672"}],"curies":[{"name":"wp","href":"https:\/\/api.w.org\/{rel}","templated":true}]}}