{"id":19463,"date":"2022-04-07T13:00:57","date_gmt":"2022-04-07T11:00:57","guid":{"rendered":"http:\/\/www.robertosedda.it\/?p=19463"},"modified":"2022-06-14T15:00:23","modified_gmt":"2022-06-14T13:00:23","slug":"diari-di-progettazione-parlare-di-conflitto","status":"publish","type":"post","link":"https:\/\/www.robertosedda.it\/?p=19463","title":{"rendered":"Diari di progettazione: parlare di conflitto"},"content":{"rendered":"\n<p>Il 30 aprile, a Selegas, i soci di Banca Etica organizzano un seminario sul tema del conflitto, che fa seguito a una attivit\u00e0 precedente sulla gestione delle reti di lavoro. <\/p>\n\n\n\n<div class=\"wp-block-image\"><figure class=\"alignright size-medium\"><img data-attachment-id=\"19464\" data-permalink=\"https:\/\/www.robertosedda.it\/?attachment_id=19464\" data-orig-file=\"https:\/\/i0.wp.com\/www.robertosedda.it\/wp-content\/uploads\/2022\/04\/Sagas-of-the-Icelanders.jpg?fit=1762%2C2494&amp;ssl=1\" data-orig-size=\"1762,2494\" data-comments-opened=\"1\" data-image-meta=\"{&quot;aperture&quot;:&quot;0&quot;,&quot;credit&quot;:&quot;&quot;,&quot;camera&quot;:&quot;&quot;,&quot;caption&quot;:&quot;&quot;,&quot;created_timestamp&quot;:&quot;0&quot;,&quot;copyright&quot;:&quot;&quot;,&quot;focal_length&quot;:&quot;0&quot;,&quot;iso&quot;:&quot;0&quot;,&quot;shutter_speed&quot;:&quot;0&quot;,&quot;title&quot;:&quot;&quot;,&quot;orientation&quot;:&quot;0&quot;}\" data-image-title=\"Sagas-of-the-Icelanders\" data-image-description=\"\" data-image-caption=\"\" data-medium-file=\"https:\/\/i0.wp.com\/www.robertosedda.it\/wp-content\/uploads\/2022\/04\/Sagas-of-the-Icelanders.jpg?fit=212%2C300&amp;ssl=1\" data-large-file=\"https:\/\/i0.wp.com\/www.robertosedda.it\/wp-content\/uploads\/2022\/04\/Sagas-of-the-Icelanders.jpg?fit=510%2C722&amp;ssl=1\" decoding=\"async\" loading=\"lazy\" width=\"212\" height=\"300\" src=\"https:\/\/i0.wp.com\/www.robertosedda.it\/wp-content\/uploads\/2022\/04\/Sagas-of-the-Icelanders.jpg?resize=212%2C300\" alt=\"\" class=\"wp-image-19464\" srcset=\"https:\/\/i0.wp.com\/www.robertosedda.it\/wp-content\/uploads\/2022\/04\/Sagas-of-the-Icelanders.jpg?resize=212%2C300&amp;ssl=1 212w, https:\/\/i0.wp.com\/www.robertosedda.it\/wp-content\/uploads\/2022\/04\/Sagas-of-the-Icelanders.jpg?resize=510%2C722&amp;ssl=1 510w, https:\/\/i0.wp.com\/www.robertosedda.it\/wp-content\/uploads\/2022\/04\/Sagas-of-the-Icelanders.jpg?resize=106%2C150&amp;ssl=1 106w, https:\/\/i0.wp.com\/www.robertosedda.it\/wp-content\/uploads\/2022\/04\/Sagas-of-the-Icelanders.jpg?resize=1085%2C1536&amp;ssl=1 1085w, https:\/\/i0.wp.com\/www.robertosedda.it\/wp-content\/uploads\/2022\/04\/Sagas-of-the-Icelanders.jpg?resize=1447%2C2048&amp;ssl=1 1447w, https:\/\/i0.wp.com\/www.robertosedda.it\/wp-content\/uploads\/2022\/04\/Sagas-of-the-Icelanders.jpg?w=1762&amp;ssl=1 1762w, https:\/\/i0.wp.com\/www.robertosedda.it\/wp-content\/uploads\/2022\/04\/Sagas-of-the-Icelanders.jpg?w=1600 1600w\" sizes=\"(max-width: 212px) 100vw, 212px\" data-recalc-dims=\"1\" \/><\/figure><\/div>\n\n\n\n<p>Il seminario lo conduco io, e sono molto in tensione. Intanto perch\u00e9, evidentemente, parlare di conflitto in questo periodo non \u00e8 neutrale &#8211; non \u00e8 mai neutrale, ma in questo periodo meno che mai &#8211; e poi perch\u00e9, abbastanza paradossalmente, fra tutte le centinaia di incontri di formazione che ho gestito uno sul conflitto non l&#8217;ho mai fatto. Ho tutti gli strumenti, ho fatto ore e ore di formazione (e pratica) sull&#8217;argomento, ma un incontro di formazione mio mai.<\/p>\n\n\n\n<p>Insomma, sento la responsabilit\u00e0 e quindi ho scaricato dalla libreria tutto quel che mi pareva rilevante &#8211; pi\u00f9 o meno un palchetto di libri &#8211; e mi sono messo a studiare. Un po&#8217; di fonti sono abbastanza eterodosse, per quanto io le trovi molto rilevanti; per esempio ho incluso la raccolta di saghe islandesi che stavo comunque finendo di leggere, ma d&#8217;altra parte mi sembra che nessuna letteratura abbia riflettuto con la stessa costanza sulle faide e le tensioni interne a un raggruppamento sociale &#8211; il problema, semmai, \u00e8 che saggezza provare a distillare dal <em>corpus<\/em>.<\/p>\n\n\n\n<div class=\"wp-block-image\"><figure class=\"alignleft size-medium\"><img data-attachment-id=\"19466\" data-permalink=\"https:\/\/www.robertosedda.it\/?attachment_id=19466\" data-orig-file=\"https:\/\/i0.wp.com\/www.robertosedda.it\/wp-content\/uploads\/2022\/04\/Novara.jpg?fit=758%2C1252&amp;ssl=1\" data-orig-size=\"758,1252\" data-comments-opened=\"1\" data-image-meta=\"{&quot;aperture&quot;:&quot;0&quot;,&quot;credit&quot;:&quot;&quot;,&quot;camera&quot;:&quot;&quot;,&quot;caption&quot;:&quot;&quot;,&quot;created_timestamp&quot;:&quot;0&quot;,&quot;copyright&quot;:&quot;&quot;,&quot;focal_length&quot;:&quot;0&quot;,&quot;iso&quot;:&quot;0&quot;,&quot;shutter_speed&quot;:&quot;0&quot;,&quot;title&quot;:&quot;&quot;,&quot;orientation&quot;:&quot;0&quot;}\" data-image-title=\"Novara\" data-image-description=\"\" data-image-caption=\"\" data-medium-file=\"https:\/\/i0.wp.com\/www.robertosedda.it\/wp-content\/uploads\/2022\/04\/Novara.jpg?fit=182%2C300&amp;ssl=1\" data-large-file=\"https:\/\/i0.wp.com\/www.robertosedda.it\/wp-content\/uploads\/2022\/04\/Novara.jpg?fit=510%2C842&amp;ssl=1\" decoding=\"async\" loading=\"lazy\" width=\"182\" height=\"300\" src=\"https:\/\/i0.wp.com\/www.robertosedda.it\/wp-content\/uploads\/2022\/04\/Novara.jpg?resize=182%2C300\" alt=\"\" class=\"wp-image-19466\" srcset=\"https:\/\/i0.wp.com\/www.robertosedda.it\/wp-content\/uploads\/2022\/04\/Novara.jpg?resize=182%2C300&amp;ssl=1 182w, https:\/\/i0.wp.com\/www.robertosedda.it\/wp-content\/uploads\/2022\/04\/Novara.jpg?resize=510%2C842&amp;ssl=1 510w, https:\/\/i0.wp.com\/www.robertosedda.it\/wp-content\/uploads\/2022\/04\/Novara.jpg?resize=91%2C150&amp;ssl=1 91w, https:\/\/i0.wp.com\/www.robertosedda.it\/wp-content\/uploads\/2022\/04\/Novara.jpg?w=758&amp;ssl=1 758w\" sizes=\"(max-width: 182px) 100vw, 182px\" data-recalc-dims=\"1\" \/><\/figure><\/div>\n\n\n\n<p>Ma divago: in realt\u00e0 quello che volevo dire \u00e8 che, anche senza andare a scomodare Snorri Sturluson e compagnia, il campo delle suggestioni da seguire \u00e8 vasto, e la tentazione di allargarlo ulteriormente seguendo le piste suggerite, finendo per cercare cose dalle quali mi sono sempre tenuto accuratamente alla larga, tipo Clausewitz, \u00e8 forte.<\/p>\n\n\n\n<p>Facendo una ricognizione, del conflitto intanto si sono occupati i militari, i quali dopotutto sono professionalmente dediti alla gestione di un tipo particolare di conflitto, la guerra, mediante un tipo specifico di strumento, la violenza. Considerato che purtroppo la guerra \u00e8 uno dei (o forse <em>il<\/em>) conflitto fra i pi\u00f9 presenti al nostro pensiero, il loro apporto non \u00e8 trascurabile. <\/p>\n\n\n\n<p>E d&#8217;altra parte, sul conflitto riflettono da sempre i politici, intanto perch\u00e9 sanno benissimo, come direbbe Clausewitz, che la guerra \u00e8 una cosa troppo seria per lasciarla ai militari, e poi perch\u00e9 normalmente hanno chiarissima l&#8217;idea che politica, potere e conflitto (e forse violenza) sono inestricabilmente legati. E fra i politici c&#8217;\u00e8 tutto il filone del pensiero strategico, dalle riflessioni sull&#8217;intreccio di democrazia e politica di Machiavelli alle volgarizzazioni del pensiero strategico orientale, sul genere del Sun Tzu in pillole per <em>manager<\/em>.<\/p>\n\n\n\n<div class=\"wp-block-image\"><figure class=\"alignright size-medium\"><img data-attachment-id=\"19469\" data-permalink=\"https:\/\/www.robertosedda.it\/?attachment_id=19469\" data-orig-file=\"https:\/\/i0.wp.com\/www.robertosedda.it\/wp-content\/uploads\/2022\/04\/Patfort.jpg?fit=1024%2C1421&amp;ssl=1\" data-orig-size=\"1024,1421\" data-comments-opened=\"1\" data-image-meta=\"{&quot;aperture&quot;:&quot;0&quot;,&quot;credit&quot;:&quot;&quot;,&quot;camera&quot;:&quot;&quot;,&quot;caption&quot;:&quot;&quot;,&quot;created_timestamp&quot;:&quot;0&quot;,&quot;copyright&quot;:&quot;&quot;,&quot;focal_length&quot;:&quot;0&quot;,&quot;iso&quot;:&quot;0&quot;,&quot;shutter_speed&quot;:&quot;0&quot;,&quot;title&quot;:&quot;&quot;,&quot;orientation&quot;:&quot;0&quot;}\" data-image-title=\"Patfort\" data-image-description=\"\" data-image-caption=\"\" data-medium-file=\"https:\/\/i0.wp.com\/www.robertosedda.it\/wp-content\/uploads\/2022\/04\/Patfort.jpg?fit=216%2C300&amp;ssl=1\" data-large-file=\"https:\/\/i0.wp.com\/www.robertosedda.it\/wp-content\/uploads\/2022\/04\/Patfort.jpg?fit=510%2C708&amp;ssl=1\" decoding=\"async\" loading=\"lazy\" width=\"216\" height=\"300\" src=\"https:\/\/i0.wp.com\/www.robertosedda.it\/wp-content\/uploads\/2022\/04\/Patfort.jpg?resize=216%2C300\" alt=\"\" class=\"wp-image-19469\" srcset=\"https:\/\/i0.wp.com\/www.robertosedda.it\/wp-content\/uploads\/2022\/04\/Patfort.jpg?resize=216%2C300&amp;ssl=1 216w, https:\/\/i0.wp.com\/www.robertosedda.it\/wp-content\/uploads\/2022\/04\/Patfort.jpg?resize=510%2C708&amp;ssl=1 510w, https:\/\/i0.wp.com\/www.robertosedda.it\/wp-content\/uploads\/2022\/04\/Patfort.jpg?resize=108%2C150&amp;ssl=1 108w, https:\/\/i0.wp.com\/www.robertosedda.it\/wp-content\/uploads\/2022\/04\/Patfort.jpg?w=1024&amp;ssl=1 1024w\" sizes=\"(max-width: 216px) 100vw, 216px\" data-recalc-dims=\"1\" \/><\/figure><\/div>\n\n\n\n<p>E a proposito di <em>manager<\/em>, ovviamente del conflitto si sono occupati gli economisti, sia che considerino il mercato come campo di conflitto che come meccanismo per <em>regolare<\/em> il conflitto. Ed \u00e8 difficile parlare di conflitto ignorando tutto il vasto <em>corpus<\/em> della teoria dei giochi e la sua pretesa di descrivere e prevedere a un tempo l&#8217;esito di qualunque conflitto e, gi\u00e0 che ci siamo, di qualunque questione etica possa venire in mente all&#8217;economista specializzato di passaggio.<\/p>\n\n\n\n<p>Di conflitto si occupano i ludologi, non solo perch\u00e9 tanti giochi sono conflitti in s\u00e9 o simulazioni di conflitti (e spesso tutt&#8217;e due le cose insieme), ma soprattutto perch\u00e9 sanno che il gioco \u00e8 una cosa troppo seria per lasciarlo agli economisti e alla loro comprensione imperfetta.<\/p>\n\n\n\n<p>E poi c&#8217;\u00e8 tutta la vasta gamma degli scienziati sociali con la loro pretesa di non descrivere il mondo ma di cambiarlo, il che li porta, di volta a volta, a <em>suscitare<\/em> conflitti oppure a risolverli, con esiti in entrambi i casi non sempre fortunata. C&#8217;\u00e8 fra loro tutta la santa schiera dei pensatori nonviolenti, per quanto spesso i loro allievi non siano poi proprio all&#8217;altezza. <\/p>\n\n\n\n<div class=\"wp-block-image\"><figure class=\"alignleft size-medium\"><img data-attachment-id=\"19471\" data-permalink=\"https:\/\/www.robertosedda.it\/?attachment_id=19471\" data-orig-file=\"https:\/\/i0.wp.com\/www.robertosedda.it\/wp-content\/uploads\/2022\/04\/Varoufakis.jpg?fit=353%2C499&amp;ssl=1\" data-orig-size=\"353,499\" data-comments-opened=\"1\" data-image-meta=\"{&quot;aperture&quot;:&quot;0&quot;,&quot;credit&quot;:&quot;&quot;,&quot;camera&quot;:&quot;&quot;,&quot;caption&quot;:&quot;&quot;,&quot;created_timestamp&quot;:&quot;0&quot;,&quot;copyright&quot;:&quot;&quot;,&quot;focal_length&quot;:&quot;0&quot;,&quot;iso&quot;:&quot;0&quot;,&quot;shutter_speed&quot;:&quot;0&quot;,&quot;title&quot;:&quot;&quot;,&quot;orientation&quot;:&quot;0&quot;}\" data-image-title=\"Varoufakis\" data-image-description=\"\" data-image-caption=\"\" data-medium-file=\"https:\/\/i0.wp.com\/www.robertosedda.it\/wp-content\/uploads\/2022\/04\/Varoufakis.jpg?fit=212%2C300&amp;ssl=1\" data-large-file=\"https:\/\/i0.wp.com\/www.robertosedda.it\/wp-content\/uploads\/2022\/04\/Varoufakis.jpg?fit=353%2C499&amp;ssl=1\" decoding=\"async\" loading=\"lazy\" width=\"212\" height=\"300\" src=\"https:\/\/i0.wp.com\/www.robertosedda.it\/wp-content\/uploads\/2022\/04\/Varoufakis.jpg?resize=212%2C300\" alt=\"\" class=\"wp-image-19471\" srcset=\"https:\/\/i0.wp.com\/www.robertosedda.it\/wp-content\/uploads\/2022\/04\/Varoufakis.jpg?resize=212%2C300&amp;ssl=1 212w, https:\/\/i0.wp.com\/www.robertosedda.it\/wp-content\/uploads\/2022\/04\/Varoufakis.jpg?resize=106%2C150&amp;ssl=1 106w, https:\/\/i0.wp.com\/www.robertosedda.it\/wp-content\/uploads\/2022\/04\/Varoufakis.jpg?w=353&amp;ssl=1 353w\" sizes=\"(max-width: 212px) 100vw, 212px\" data-recalc-dims=\"1\" \/><\/figure><\/div>\n\n\n\n<p>E ci sono tutti i religiosi, che spesso criticano gli scienziati sociali e la loro amoralit\u00e0, salvo poi proporre le loro ricette per risolvere o suscitare <em>altri<\/em> conflitti, o gli stessi.<\/p>\n\n\n\n<p>Orpo, il mio palchetto di libri trasferito sul tavolo di lavoro si \u00e8 appena raddoppiato.<\/p>\n\n\n\n<p>E poi, e questo chiude il cerchio rispetto alle saghe, ci sono gli scrittori; Umberto Eco ricorderebbe infatti a tutte le categorie precedenti che ci\u00f2 che non si pu\u00f2 teorizzare \u00e8 meglio narrarlo.<\/p>\n\n\n\n<p>Io, peraltro, sono un giocatore e aggiungerei che ci\u00f2 che non si pu\u00f2 nemmeno narrare occorre giocarlo.<\/p>\n\n\n\n<div class=\"wp-block-image\"><figure class=\"alignright size-medium\"><img data-attachment-id=\"19473\" data-permalink=\"https:\/\/www.robertosedda.it\/?attachment_id=19473\" data-orig-file=\"https:\/\/i0.wp.com\/www.robertosedda.it\/wp-content\/uploads\/2022\/04\/Galtung.jpg?fit=1096%2C1536&amp;ssl=1\" data-orig-size=\"1096,1536\" data-comments-opened=\"1\" data-image-meta=\"{&quot;aperture&quot;:&quot;0&quot;,&quot;credit&quot;:&quot;&quot;,&quot;camera&quot;:&quot;&quot;,&quot;caption&quot;:&quot;&quot;,&quot;created_timestamp&quot;:&quot;0&quot;,&quot;copyright&quot;:&quot;&quot;,&quot;focal_length&quot;:&quot;0&quot;,&quot;iso&quot;:&quot;0&quot;,&quot;shutter_speed&quot;:&quot;0&quot;,&quot;title&quot;:&quot;&quot;,&quot;orientation&quot;:&quot;0&quot;}\" data-image-title=\"Galtung\" data-image-description=\"\" data-image-caption=\"\" data-medium-file=\"https:\/\/i0.wp.com\/www.robertosedda.it\/wp-content\/uploads\/2022\/04\/Galtung.jpg?fit=214%2C300&amp;ssl=1\" data-large-file=\"https:\/\/i0.wp.com\/www.robertosedda.it\/wp-content\/uploads\/2022\/04\/Galtung.jpg?fit=510%2C715&amp;ssl=1\" decoding=\"async\" loading=\"lazy\" width=\"214\" height=\"300\" src=\"https:\/\/i0.wp.com\/www.robertosedda.it\/wp-content\/uploads\/2022\/04\/Galtung.jpg?resize=214%2C300\" alt=\"\" class=\"wp-image-19473\" srcset=\"https:\/\/i0.wp.com\/www.robertosedda.it\/wp-content\/uploads\/2022\/04\/Galtung.jpg?resize=214%2C300&amp;ssl=1 214w, https:\/\/i0.wp.com\/www.robertosedda.it\/wp-content\/uploads\/2022\/04\/Galtung.jpg?resize=510%2C715&amp;ssl=1 510w, https:\/\/i0.wp.com\/www.robertosedda.it\/wp-content\/uploads\/2022\/04\/Galtung.jpg?resize=107%2C150&amp;ssl=1 107w, https:\/\/i0.wp.com\/www.robertosedda.it\/wp-content\/uploads\/2022\/04\/Galtung.jpg?w=1096&amp;ssl=1 1096w\" sizes=\"(max-width: 214px) 100vw, 214px\" data-recalc-dims=\"1\" \/><\/figure><\/div>\n\n\n\n<p>Solo che l&#8217;ansia del formatore spinge a essere esaustivi, e non ho abbastanza giochi miei per tutto quello che secondo me c&#8217;\u00e8 da dire &#8211; ho pi\u00f9 o meno due giochi di cui mi sento sicuro sui quattro necessari. Ovviamente c&#8217;\u00e8 una vasta serie di tecniche di animazione (che in fondo tanti chiamano <em>giochi<\/em>) fra le quali scegliere per risolvere il problema, ma mi sembra un po&#8217; una sconfitta. <\/p>\n\n\n\n<p>Oh, in fondo ho ancora una ventina di giorni per prepararmi.<\/p>\n\n\n\n<p>E cos\u00ec tanto da leggere.<\/p>\n\n\n\n<p>P.S. Prima che tutti gli interessati decidano in blocco che con queste premesse \u00e8 meglio tenersi alla larga dal seminario, ho avuto cura, fra i libri che sto rivedendo di cui ho inserito qui le copertine, di mettere Daniele Novara, Pat Patfort e Galtung, cos\u00ec si capisce qual \u00e8 il filone principale in cui mi muovo&#8230;<\/p>\n","protected":false},"excerpt":{"rendered":"<p>Il 30 aprile, a Selegas, i soci di Banca Etica organizzano un seminario sul tema del conflitto, che fa seguito<\/p>\n","protected":false},"author":1,"featured_media":19473,"comment_status":"open","ping_status":"open","sticky":false,"template":"","format":"standard","meta":{"_mi_skip_tracking":false,"_monsterinsights_sitenote_active":false,"_monsterinsights_sitenote_note":"","_monsterinsights_sitenote_category":0,"jetpack_post_was_ever_published":false,"_jetpack_newsletter_access":"","jetpack_publicize_message":"","jetpack_is_tweetstorm":false,"jetpack_publicize_feature_enabled":true,"jetpack_social_post_already_shared":true,"jetpack_social_options":{"image_generator_settings":{"template":"highway","enabled":false}}},"categories":[52,53,195],"tags":[],"jetpack_publicize_connections":[],"jetpack_featured_media_url":"https:\/\/i0.wp.com\/www.robertosedda.it\/wp-content\/uploads\/2022\/04\/Galtung.jpg?fit=1096%2C1536&ssl=1","jetpack_sharing_enabled":true,"jetpack_shortlink":"https:\/\/wp.me\/p4jV2T-53V","jetpack_likes_enabled":true,"jetpack-related-posts":[{"id":19606,"url":"https:\/\/www.robertosedda.it\/?p=19606","url_meta":{"origin":19463,"position":0},"title":"Diari di progettazione: le cose che mi sono portato dietro per parlare di conflitto","author":"Rufus","date":"11\/05\/2022","format":false,"excerpt":"Il 30 aprile i soci di Banca Etica hanno fatto una giornata di formazione, nella sempre accogliente Domu de sa Contissa di Selegas, sul tema del conflitto. Non era, nelle intenzioni, un incontro di formazione sulla gestione del conflitto, tanto meno sulla gestione nonviolenta dei conflitti, per quanto quello fosse\u2026","rel":"","context":"In &quot;Coordinate&quot;","block_context":{"text":"Coordinate","link":"https:\/\/www.robertosedda.it\/?cat=52"},"img":{"alt_text":"","src":"https:\/\/i0.wp.com\/www.robertosedda.it\/wp-content\/uploads\/2022\/05\/Training-2.jpg?fit=400%2C552&ssl=1&resize=350%2C200","width":350,"height":200},"classes":[]},{"id":5836,"url":"https:\/\/www.robertosedda.it\/?p=5836","url_meta":{"origin":19463,"position":1},"title":"I corsi di formazione di Poliste per il 2014","author":"Rufus","date":"12\/01\/2014","format":false,"excerpt":"La mia amica e vicina di casa Rossana Moro mi ha mandato per mail la segnalazione dei corsi di formazione di\u00a0Poliste\u00a0 per il 2014 chiedendomi di passare parola, cosa che faccio volentieri qui sul blog. A parte Rossana fra i docenti e i soci di Poliste c'\u00e8 Serenella Paci, dalla\u2026","rel":"","context":"In &quot;Coordinate&quot;","block_context":{"text":"Coordinate","link":"https:\/\/www.robertosedda.it\/?cat=52"},"img":{"alt_text":"poliste conflitto","src":"https:\/\/i0.wp.com\/www.robertosedda.it\/wp-content\/uploads\/2014\/01\/poliste-conflitto.jpg?resize=350%2C200","width":350,"height":200},"classes":[]},{"id":20771,"url":"https:\/\/www.robertosedda.it\/?p=20771","url_meta":{"origin":19463,"position":2},"title":"Laboratori di ecologia urbana","author":"Rufus","date":"29\/08\/2025","format":false,"excerpt":"Questo \u00e8 un periodo di passeggiate meditate, evidentemente, perch\u00e9 dopo l'esperienza al Villaggio Normann mercoled\u00ec ho partecipato a una passeggiata-seminario organizzata dal Laboratorio di Ecologia Partecipata \"Enrico Corti\" che il Comune di Cagliari ha affidato alla cura dell'associazione Mesu, la stessa che gestisce la bottega di quartiere in via San\u2026","rel":"","context":"In &quot;Antropologia&quot;","block_context":{"text":"Antropologia","link":"https:\/\/www.robertosedda.it\/?cat=97"},"img":{"alt_text":"","src":"https:\/\/i0.wp.com\/www.robertosedda.it\/wp-content\/uploads\/2025\/08\/536267654_736302505837324_2012593286349644813_n.jpg?fit=1198%2C1200&ssl=1&resize=350%2C200","width":350,"height":200,"srcset":"https:\/\/i0.wp.com\/www.robertosedda.it\/wp-content\/uploads\/2025\/08\/536267654_736302505837324_2012593286349644813_n.jpg?fit=1198%2C1200&ssl=1&resize=350%2C200 1x, https:\/\/i0.wp.com\/www.robertosedda.it\/wp-content\/uploads\/2025\/08\/536267654_736302505837324_2012593286349644813_n.jpg?fit=1198%2C1200&ssl=1&resize=700%2C400 2x, https:\/\/i0.wp.com\/www.robertosedda.it\/wp-content\/uploads\/2025\/08\/536267654_736302505837324_2012593286349644813_n.jpg?fit=1198%2C1200&ssl=1&resize=1050%2C600 3x"},"classes":[]},{"id":20439,"url":"https:\/\/www.robertosedda.it\/?p=20439","url_meta":{"origin":19463,"position":3},"title":"Intorno al politicamente corretto","author":"Rufus","date":"13\/12\/2023","format":false,"excerpt":"Ho visto l'altro giorno su Twitter - e questo dimostra che Twitter serve ancora a qualcosa - la segnalazione di una bella intervista di Alessandro Lolli a Raffaele Alberto Ventura, formalmente sul politicamente corretto ma in realt\u00e0, direi, sui limiti della libert\u00e0 di espressione in tempi di guerra civile permanente\u2026","rel":"","context":"In &quot;Coordinate&quot;","block_context":{"text":"Coordinate","link":"https:\/\/www.robertosedda.it\/?cat=52"},"img":{"alt_text":"","src":"https:\/\/i0.wp.com\/www.robertosedda.it\/wp-content\/uploads\/2023\/12\/Raffaele-Alberto-Ventura-1.jpg?fit=933%2C468&ssl=1&resize=350%2C200","width":350,"height":200,"srcset":"https:\/\/i0.wp.com\/www.robertosedda.it\/wp-content\/uploads\/2023\/12\/Raffaele-Alberto-Ventura-1.jpg?fit=933%2C468&ssl=1&resize=350%2C200 1x, https:\/\/i0.wp.com\/www.robertosedda.it\/wp-content\/uploads\/2023\/12\/Raffaele-Alberto-Ventura-1.jpg?fit=933%2C468&ssl=1&resize=700%2C400 2x"},"classes":[]},{"id":4791,"url":"https:\/\/www.robertosedda.it\/?p=4791","url_meta":{"origin":19463,"position":4},"title":"Contraddizioni","author":"Rufus","date":"25\/10\/2013","format":false,"excerpt":"Introduzione acida Domenica a Nurachi si svolger\u00e0 un open space\u00a0sui temi della politica culturale in Sardegna, organizzato da Sardegna possibile nell'ambito della campagna elettorale di Michela Murgia. A coordinare l'attivit\u00e0 sar\u00e0 Iolanda Romano, che ho citato giusto ieri, una delle massime esperte di democrazia partecipativa italiane. Sapevo che la Romano\u2026","rel":"","context":"In &quot;Coordinate&quot;","block_context":{"text":"Coordinate","link":"https:\/\/www.robertosedda.it\/?cat=52"},"img":{"alt_text":"","src":"https:\/\/i0.wp.com\/www.robertosedda.it\/wp-content\/uploads\/2013\/10\/Intelligenze-sarde.jpg?fit=514%2C614&ssl=1&resize=350%2C200","width":350,"height":200},"classes":[]},{"id":17820,"url":"https:\/\/www.robertosedda.it\/?p=17820","url_meta":{"origin":19463,"position":5},"title":"L&#8217;opzione della violenza","author":"Rufus","date":"20\/02\/2020","format":false,"excerpt":"Fare i conti con la violenza. Una strana riflessione a partire dal dibattito fra Luigi Manconi e Giovanni De Luna a Storie in trasformazione fino alla visione recente di The Image you missed di D\u00f3nal Foreman organizzata da L'Ambulante.","rel":"","context":"In &quot;Coordinate&quot;","block_context":{"text":"Coordinate","link":"https:\/\/www.robertosedda.it\/?cat=52"},"img":{"alt_text":"","src":"https:\/\/i0.wp.com\/www.robertosedda.it\/wp-content\/uploads\/2020\/02\/Manconi-De-Luna.jpg?fit=1200%2C900&ssl=1&resize=350%2C200","width":350,"height":200,"srcset":"https:\/\/i0.wp.com\/www.robertosedda.it\/wp-content\/uploads\/2020\/02\/Manconi-De-Luna.jpg?fit=1200%2C900&ssl=1&resize=350%2C200 1x, https:\/\/i0.wp.com\/www.robertosedda.it\/wp-content\/uploads\/2020\/02\/Manconi-De-Luna.jpg?fit=1200%2C900&ssl=1&resize=700%2C400 2x, https:\/\/i0.wp.com\/www.robertosedda.it\/wp-content\/uploads\/2020\/02\/Manconi-De-Luna.jpg?fit=1200%2C900&ssl=1&resize=1050%2C600 3x"},"classes":[]}],"_links":{"self":[{"href":"https:\/\/www.robertosedda.it\/index.php?rest_route=\/wp\/v2\/posts\/19463"}],"collection":[{"href":"https:\/\/www.robertosedda.it\/index.php?rest_route=\/wp\/v2\/posts"}],"about":[{"href":"https:\/\/www.robertosedda.it\/index.php?rest_route=\/wp\/v2\/types\/post"}],"author":[{"embeddable":true,"href":"https:\/\/www.robertosedda.it\/index.php?rest_route=\/wp\/v2\/users\/1"}],"replies":[{"embeddable":true,"href":"https:\/\/www.robertosedda.it\/index.php?rest_route=%2Fwp%2Fv2%2Fcomments&post=19463"}],"version-history":[{"count":7,"href":"https:\/\/www.robertosedda.it\/index.php?rest_route=\/wp\/v2\/posts\/19463\/revisions"}],"predecessor-version":[{"id":19475,"href":"https:\/\/www.robertosedda.it\/index.php?rest_route=\/wp\/v2\/posts\/19463\/revisions\/19475"}],"wp:featuredmedia":[{"embeddable":true,"href":"https:\/\/www.robertosedda.it\/index.php?rest_route=\/wp\/v2\/media\/19473"}],"wp:attachment":[{"href":"https:\/\/www.robertosedda.it\/index.php?rest_route=%2Fwp%2Fv2%2Fmedia&parent=19463"}],"wp:term":[{"taxonomy":"category","embeddable":true,"href":"https:\/\/www.robertosedda.it\/index.php?rest_route=%2Fwp%2Fv2%2Fcategories&post=19463"},{"taxonomy":"post_tag","embeddable":true,"href":"https:\/\/www.robertosedda.it\/index.php?rest_route=%2Fwp%2Fv2%2Ftags&post=19463"}],"curies":[{"name":"wp","href":"https:\/\/api.w.org\/{rel}","templated":true}]}}