{"id":19359,"date":"2022-03-25T12:54:28","date_gmt":"2022-03-25T11:54:28","guid":{"rendered":"http:\/\/www.robertosedda.it\/?p=19359"},"modified":"2022-03-25T13:24:50","modified_gmt":"2022-03-25T12:24:50","slug":"anarchici-in-conflitto","status":"publish","type":"post","link":"https:\/\/www.robertosedda.it\/?p=19359","title":{"rendered":"Anarchici in conflitto"},"content":{"rendered":"\n<div class=\"wp-block-image\"><figure class=\"alignright size-large\"><img data-attachment-id=\"19360\" data-permalink=\"https:\/\/www.robertosedda.it\/?attachment_id=19360\" data-orig-file=\"https:\/\/i0.wp.com\/www.robertosedda.it\/wp-content\/uploads\/2022\/03\/matioska-logo.png?fit=598%2C98&amp;ssl=1\" data-orig-size=\"598,98\" data-comments-opened=\"1\" data-image-meta=\"{&quot;aperture&quot;:&quot;0&quot;,&quot;credit&quot;:&quot;&quot;,&quot;camera&quot;:&quot;&quot;,&quot;caption&quot;:&quot;&quot;,&quot;created_timestamp&quot;:&quot;0&quot;,&quot;copyright&quot;:&quot;&quot;,&quot;focal_length&quot;:&quot;0&quot;,&quot;iso&quot;:&quot;0&quot;,&quot;shutter_speed&quot;:&quot;0&quot;,&quot;title&quot;:&quot;&quot;,&quot;orientation&quot;:&quot;0&quot;}\" data-image-title=\"matioska-logo\" data-image-description=\"\" data-image-caption=\"\" data-medium-file=\"https:\/\/i0.wp.com\/www.robertosedda.it\/wp-content\/uploads\/2022\/03\/matioska-logo.png?fit=300%2C49&amp;ssl=1\" data-large-file=\"https:\/\/i0.wp.com\/www.robertosedda.it\/wp-content\/uploads\/2022\/03\/matioska-logo.png?fit=510%2C84&amp;ssl=1\" decoding=\"async\" loading=\"lazy\" width=\"510\" height=\"84\" src=\"https:\/\/i0.wp.com\/www.robertosedda.it\/wp-content\/uploads\/2022\/03\/matioska-logo.png?resize=510%2C84\" alt=\"\" class=\"wp-image-19360\" srcset=\"https:\/\/i0.wp.com\/www.robertosedda.it\/wp-content\/uploads\/2022\/03\/matioska-logo.png?resize=510%2C84&amp;ssl=1 510w, https:\/\/i0.wp.com\/www.robertosedda.it\/wp-content\/uploads\/2022\/03\/matioska-logo.png?resize=300%2C49&amp;ssl=1 300w, https:\/\/i0.wp.com\/www.robertosedda.it\/wp-content\/uploads\/2022\/03\/matioska-logo.png?resize=150%2C25&amp;ssl=1 150w, https:\/\/i0.wp.com\/www.robertosedda.it\/wp-content\/uploads\/2022\/03\/matioska-logo.png?w=598&amp;ssl=1 598w\" sizes=\"(max-width: 510px) 100vw, 510px\" data-recalc-dims=\"1\" \/><\/figure><\/div>\n\n\n\n<p><em><a href=\"https:\/\/www.matrioska.info\/\">Matrioska<\/a><\/em> \u00e8 un piccolo sito, su posizioni politiche direi dichiaratamente di sinistra radicale, che si sforza di raccontare dall&#8217;interno la Russia e in generale il mondo slavo.<\/p>\n\n\n\n<p>Sul loro sito ho trovato, e mi sembra utile segnalare, una <a href=\"https:\/\/www.matrioska.info\/attualita\/ucraina-lanalisi-degli-anarchici-russi-del-kras\/\">intervista<\/a> fatta dal collettivo anarcofemminista spagnolo <em><a href=\"https:\/\/grupomoiras.noblogs.org\/colectivo-moiras\/\">Moiras<\/a><\/em> al <em><a href=\"https:\/\/en.wikipedia.org\/wiki\/Confederation_of_Revolutionary_Anarcho-Syndicalists\">KRAS<\/a><\/em>, cio\u00e8 la sezione russa dei sindacati anarchici aderenti alla confederazione mondiale <em><a href=\"https:\/\/en.wikipedia.org\/wiki\/IWA%E2%80%93AIT\">IWA<\/a><\/em>, sulla guerra fra Russia e Ucraina.<\/p>\n\n\n\n<p>L&#8217;intervista originale, in spagnolo, <a href=\"https:\/\/grupomoiras.noblogs.org\/post\/2022\/03\/13\/kras-ait-acerca-de-la-guerra-en-ucrania\/\">si trova sul sito di <em>Moiras<\/em><\/a>; a occhio la traduzione mi sembra talvolta un po&#8217; zoppicante ma pi\u00f9 che fedele.<\/p>\n\n\n\n<p>Sul contenuto dell&#8217;intervista e dell&#8217;analisi si pu\u00f2 essere o meno d&#8217;accordo, ma rappresenta un punto di vista terzo (per collocazione geografica, per posizionamento politico, per chiave di lettura) rispetto al dibattito dominante ed comunque il punto di vista chi sta dentro reti locali, quindi la lettura mi sembra molto utile.<\/p>\n\n\n\n<p> <\/p>\n","protected":false},"excerpt":{"rendered":"<p>Matrioska \u00e8 un piccolo sito, su posizioni politiche direi dichiaratamente di sinistra radicale, che si sforza di raccontare dall&#8217;interno la<\/p>\n","protected":false},"author":1,"featured_media":19362,"comment_status":"open","ping_status":"open","sticky":false,"template":"","format":"standard","meta":{"_mi_skip_tracking":false,"_monsterinsights_sitenote_active":false,"_monsterinsights_sitenote_note":"","_monsterinsights_sitenote_category":0,"jetpack_post_was_ever_published":false,"_jetpack_newsletter_access":"","jetpack_publicize_message":"Un punto di vista anarchico sulla guerra fra Russia e Ucraina","jetpack_is_tweetstorm":false,"jetpack_publicize_feature_enabled":true,"jetpack_social_post_already_shared":true,"jetpack_social_options":{"image_generator_settings":{"template":"highway","enabled":false}}},"categories":[52,57,59,95,16],"tags":[],"jetpack_publicize_connections":[],"jetpack_featured_media_url":"https:\/\/i0.wp.com\/www.robertosedda.it\/wp-content\/uploads\/2022\/03\/KRAS-Ucraina.jpg?fit=1487%2C772&ssl=1","jetpack_sharing_enabled":true,"jetpack_shortlink":"https:\/\/wp.me\/p4jV2T-52f","jetpack_likes_enabled":true,"jetpack-related-posts":[{"id":4159,"url":"https:\/\/www.robertosedda.it\/?p=4159","url_meta":{"origin":19359,"position":0},"title":"Anarchismo al femminile","author":"Rufus","date":"30\/07\/2013","format":false,"excerpt":"Ho letto la settimana scorsa un agile libretto di Massimo Lunardelli, Dieci pericolosissime anarchiche (Blu edizioni, 2012) che ripercorre la storia del movimento anarchico in Italia dal 1890 al secondo dopoguerra attraverso la figura di dieci donne: \u00a0Ersilia Cavedagni, Ernestina Cravello, Nella Giacomelli, Clotilde Peani, Virgilia D'Andrea, Leda Rafanelli, Fosca\u2026","rel":"","context":"In &quot;Coordinate&quot;","block_context":{"text":"Coordinate","link":"https:\/\/www.robertosedda.it\/?cat=52"},"img":{"alt_text":"","src":"","width":0,"height":0},"classes":[]},{"id":17277,"url":"https:\/\/www.robertosedda.it\/?p=17277","url_meta":{"origin":19359,"position":1},"title":"Trasposizioni simboliche","author":"Rufus","date":"19\/09\/2019","format":false,"excerpt":"https:\/\/www.youtube.com\/watch?v=uXGFGTf6sfg Martin Eden (Marcello, Italia\/Francia 2019) Ho visto l'altro giorno Martin Eden, dal romanzo di London che, devo confessare, non ho mai letto. Avevo visto a suo tempo il vecchio adattamento della RAI e mi aspettavo qualcosa di simile a quell'approccio realistico-didascalico; questo adattamento invece, \u00e8 del tutto diverso Togliamo\u2026","rel":"","context":"In &quot;Biografie&quot;","block_context":{"text":"Biografie","link":"https:\/\/www.robertosedda.it\/?cat=83"},"img":{"alt_text":"","src":"https:\/\/i0.wp.com\/www.robertosedda.it\/wp-content\/uploads\/2019\/09\/Martin-Eden.jpg?fit=758%2C426&ssl=1&resize=350%2C200","width":350,"height":200,"srcset":"https:\/\/i0.wp.com\/www.robertosedda.it\/wp-content\/uploads\/2019\/09\/Martin-Eden.jpg?fit=758%2C426&ssl=1&resize=350%2C200 1x, https:\/\/i0.wp.com\/www.robertosedda.it\/wp-content\/uploads\/2019\/09\/Martin-Eden.jpg?fit=758%2C426&ssl=1&resize=700%2C400 2x"},"classes":[]},{"id":19954,"url":"https:\/\/www.robertosedda.it\/?p=19954","url_meta":{"origin":19359,"position":2},"title":"Sfregi","author":"Rufus","date":"24\/02\/2023","format":false,"excerpt":"Repubblica equidistante Ho visto oggi en passant un certo stracciarsi le vesti (presumibilmente nere, sotto il doppiopetto gessato) per una manifestazione anarchica in favore di Cospito all'Altare della Patria. Il Tempo molto meno L'agitarsi di Crosetto e La Russa mi ha, come suol dirsi, sbloccato un ricordo, perch\u00e9 anch'io sono\u2026","rel":"","context":"In &quot;Coordinate&quot;","block_context":{"text":"Coordinate","link":"https:\/\/www.robertosedda.it\/?cat=52"},"img":{"alt_text":"","src":"https:\/\/i0.wp.com\/www.robertosedda.it\/wp-content\/uploads\/2023\/02\/Sfregio2.png?fit=802%2C656&ssl=1&resize=350%2C200","width":350,"height":200,"srcset":"https:\/\/i0.wp.com\/www.robertosedda.it\/wp-content\/uploads\/2023\/02\/Sfregio2.png?fit=802%2C656&ssl=1&resize=350%2C200 1x, https:\/\/i0.wp.com\/www.robertosedda.it\/wp-content\/uploads\/2023\/02\/Sfregio2.png?fit=802%2C656&ssl=1&resize=700%2C400 2x"},"classes":[]},{"id":15771,"url":"https:\/\/www.robertosedda.it\/?p=15771","url_meta":{"origin":19359,"position":3},"title":"Seguire l&#8217;antipatia","author":"Rufus","date":"25\/10\/2018","format":false,"excerpt":"La settimana scorsa, durante l'incontro sulla Grecia organizzato da\u00a0Laboratorio 28 e che faceva anche parte della tappa cagliaritana delle Scuole Popolari di Economia a un certo punto la scrittrice e antropologa ospite, Monia Cappuccini, ha raccontato che a un certo punto della sua ricerca sul campo ha avuto una specie\u2026","rel":"","context":"In &quot;Antropologia&quot;","block_context":{"text":"Antropologia","link":"https:\/\/www.robertosedda.it\/?cat=97"},"img":{"alt_text":"","src":"https:\/\/i0.wp.com\/www.robertosedda.it\/wp-content\/uploads\/2018\/10\/60e47c0797b50f513f4c25c5dabaf4cb.jpg?fit=1200%2C750&ssl=1&resize=350%2C200","width":350,"height":200,"srcset":"https:\/\/i0.wp.com\/www.robertosedda.it\/wp-content\/uploads\/2018\/10\/60e47c0797b50f513f4c25c5dabaf4cb.jpg?fit=1200%2C750&ssl=1&resize=350%2C200 1x, https:\/\/i0.wp.com\/www.robertosedda.it\/wp-content\/uploads\/2018\/10\/60e47c0797b50f513f4c25c5dabaf4cb.jpg?fit=1200%2C750&ssl=1&resize=700%2C400 2x, https:\/\/i0.wp.com\/www.robertosedda.it\/wp-content\/uploads\/2018\/10\/60e47c0797b50f513f4c25c5dabaf4cb.jpg?fit=1200%2C750&ssl=1&resize=1050%2C600 3x"},"classes":[]},{"id":181,"url":"https:\/\/www.robertosedda.it\/?p=181","url_meta":{"origin":19359,"position":4},"title":"Il mucchio selvaggio","author":"Rufus","date":"21\/08\/2012","format":false,"excerpt":"La banda Bellini (Marco Philopat, Einaudi 2007) La banda Bellini\u00a0\u00a0\u00e8 un libro che ha un tono molto cyberpunk, di epica urbana (o pi\u00f9 precisamente metropolitana) e probabilmente mi \u00e8 piaciuto prima di tutto per questo... Il libro racconta, attraverso la voce in prima persona (voce reale, di persona realmente esistente)\u2026","rel":"","context":"In &quot;Coordinate&quot;","block_context":{"text":"Coordinate","link":"https:\/\/www.robertosedda.it\/?cat=52"},"img":{"alt_text":"","src":"https:\/\/i0.wp.com\/www.robertosedda.it\/wp-content\/uploads\/2012\/08\/9788806187859g.jpg?fit=200%2C307&ssl=1&resize=350%2C200","width":350,"height":200},"classes":[]},{"id":5710,"url":"https:\/\/www.robertosedda.it\/?p=5710","url_meta":{"origin":19359,"position":5},"title":"I libri che ho letto nel 2013","author":"Rufus","date":"02\/01\/2014","format":false,"excerpt":"Come l'anno scorso Anobii mi permette di tenere conto dei libri che ho letto nel corso dell'anno. Vedo che nel 2013 ho letto un libro in pi\u00f9 del 2012 ma con un numero di pagine inferiore: un po' la cosa mi sorprende e ho l'impressione di aver dimenticato qualcosa, ma\u2026","rel":"","context":"In &quot;Coordinate&quot;","block_context":{"text":"Coordinate","link":"https:\/\/www.robertosedda.it\/?cat=52"},"img":{"alt_text":"","src":"https:\/\/i0.wp.com\/www.robertosedda.it\/wp-content\/uploads\/2013\/01\/8850328802p400.gif?fit=400%2C622&ssl=1&resize=350%2C200","width":350,"height":200},"classes":[]}],"_links":{"self":[{"href":"https:\/\/www.robertosedda.it\/index.php?rest_route=\/wp\/v2\/posts\/19359"}],"collection":[{"href":"https:\/\/www.robertosedda.it\/index.php?rest_route=\/wp\/v2\/posts"}],"about":[{"href":"https:\/\/www.robertosedda.it\/index.php?rest_route=\/wp\/v2\/types\/post"}],"author":[{"embeddable":true,"href":"https:\/\/www.robertosedda.it\/index.php?rest_route=\/wp\/v2\/users\/1"}],"replies":[{"embeddable":true,"href":"https:\/\/www.robertosedda.it\/index.php?rest_route=%2Fwp%2Fv2%2Fcomments&post=19359"}],"version-history":[{"count":1,"href":"https:\/\/www.robertosedda.it\/index.php?rest_route=\/wp\/v2\/posts\/19359\/revisions"}],"predecessor-version":[{"id":19361,"href":"https:\/\/www.robertosedda.it\/index.php?rest_route=\/wp\/v2\/posts\/19359\/revisions\/19361"}],"wp:featuredmedia":[{"embeddable":true,"href":"https:\/\/www.robertosedda.it\/index.php?rest_route=\/wp\/v2\/media\/19362"}],"wp:attachment":[{"href":"https:\/\/www.robertosedda.it\/index.php?rest_route=%2Fwp%2Fv2%2Fmedia&parent=19359"}],"wp:term":[{"taxonomy":"category","embeddable":true,"href":"https:\/\/www.robertosedda.it\/index.php?rest_route=%2Fwp%2Fv2%2Fcategories&post=19359"},{"taxonomy":"post_tag","embeddable":true,"href":"https:\/\/www.robertosedda.it\/index.php?rest_route=%2Fwp%2Fv2%2Ftags&post=19359"}],"curies":[{"name":"wp","href":"https:\/\/api.w.org\/{rel}","templated":true}]}}