{"id":19273,"date":"2022-03-14T18:36:56","date_gmt":"2022-03-14T17:36:56","guid":{"rendered":"http:\/\/www.robertosedda.it\/?p=19273"},"modified":"2022-03-15T09:36:30","modified_gmt":"2022-03-15T08:36:30","slug":"capirci-qualcosa","status":"publish","type":"post","link":"https:\/\/www.robertosedda.it\/?p=19273","title":{"rendered":"Capirci qualcosa"},"content":{"rendered":"\n<p>Segnalo due attivit\u00e0 di formazione organizzate da due Facolt\u00e0 diverse dell&#8217;Universit\u00e0 di Cagliari e aperte al pubblico. EDIT: nel frattempo le iniziative sono diventate <strong>tre <\/strong>e quindi ho aggiunto l&#8217;ultima in fondo alla pagina.<\/p>\n\n\n\n<p>La prima si svolger\u00e0 domani 15 marzo, alle ore 12, come vedete dalla locandina qui sotto, ed \u00e8 organizzato dal Corso di Laurea in Lingue  e Comunicazione, all&#8217;interno dell&#8217;insegnamento di Storia del Mondo Contemporaneo:<\/p>\n\n\n\n<figure class=\"wp-block-image alignwide size-full\"><img data-attachment-id=\"19274\" data-permalink=\"https:\/\/www.robertosedda.it\/?attachment_id=19274\" data-orig-file=\"https:\/\/i0.wp.com\/www.robertosedda.it\/wp-content\/uploads\/2022\/03\/Iniziativa-Ucraina.png?fit=1587%2C2245&amp;ssl=1\" data-orig-size=\"1587,2245\" data-comments-opened=\"1\" data-image-meta=\"{&quot;aperture&quot;:&quot;0&quot;,&quot;credit&quot;:&quot;&quot;,&quot;camera&quot;:&quot;&quot;,&quot;caption&quot;:&quot;&quot;,&quot;created_timestamp&quot;:&quot;0&quot;,&quot;copyright&quot;:&quot;&quot;,&quot;focal_length&quot;:&quot;0&quot;,&quot;iso&quot;:&quot;0&quot;,&quot;shutter_speed&quot;:&quot;0&quot;,&quot;title&quot;:&quot;&quot;,&quot;orientation&quot;:&quot;0&quot;}\" data-image-title=\"Iniziativa-Ucraina\" data-image-description=\"\" data-image-caption=\"\" data-medium-file=\"https:\/\/i0.wp.com\/www.robertosedda.it\/wp-content\/uploads\/2022\/03\/Iniziativa-Ucraina.png?fit=212%2C300&amp;ssl=1\" data-large-file=\"https:\/\/i0.wp.com\/www.robertosedda.it\/wp-content\/uploads\/2022\/03\/Iniziativa-Ucraina.png?fit=510%2C721&amp;ssl=1\" decoding=\"async\" loading=\"lazy\" width=\"800\" height=\"1132\" src=\"https:\/\/i0.wp.com\/www.robertosedda.it\/wp-content\/uploads\/2022\/03\/Iniziativa-Ucraina.png?resize=800%2C1132\" alt=\"\" class=\"wp-image-19274\" srcset=\"https:\/\/i0.wp.com\/www.robertosedda.it\/wp-content\/uploads\/2022\/03\/Iniziativa-Ucraina.png?w=1587&amp;ssl=1 1587w, https:\/\/i0.wp.com\/www.robertosedda.it\/wp-content\/uploads\/2022\/03\/Iniziativa-Ucraina.png?resize=212%2C300&amp;ssl=1 212w, https:\/\/i0.wp.com\/www.robertosedda.it\/wp-content\/uploads\/2022\/03\/Iniziativa-Ucraina.png?resize=510%2C721&amp;ssl=1 510w, https:\/\/i0.wp.com\/www.robertosedda.it\/wp-content\/uploads\/2022\/03\/Iniziativa-Ucraina.png?resize=106%2C150&amp;ssl=1 106w, https:\/\/i0.wp.com\/www.robertosedda.it\/wp-content\/uploads\/2022\/03\/Iniziativa-Ucraina.png?resize=1086%2C1536&amp;ssl=1 1086w, https:\/\/i0.wp.com\/www.robertosedda.it\/wp-content\/uploads\/2022\/03\/Iniziativa-Ucraina.png?resize=1448%2C2048&amp;ssl=1 1448w\" sizes=\"(max-width: 800px) 100vw, 800px\" data-recalc-dims=\"1\" \/><\/figure>\n\n\n\n<p>L&#8217;incontro pu\u00f2 essere seguito anche <em>on line<\/em> tramite <em>Teams<\/em>, <a href=\"https:\/\/teams.microsoft.com\/l\/meetup-join\/19%3ac0c850706b6e453cbcf0250ca1f5ceae%40thread.tacv2\/1646833855094?context=%7b%22Tid%22%3a%226bfa74cc-fe34-4d57-97d3-97fd6e0edee1%22%2c%22Oid%22%3a%22f4f6963f-f846-49ba-b7f8-560c21db2896%22%7d\">a questo indirizzo<\/a>.<\/p>\n\n\n\n<p>Il secondo corso, di tre incontri, \u00e8 purtroppo gi\u00e0 cominciato. Lo organizzano il Corso di Laurea Magistrale in Relazioni Internazionali e il Dipartimento di Scienze Politiche e Sociali in collaborazione con gli studenti; trovate l&#8217;intero programma e l&#8217;indicazione del folto parco dei relatori <a href=\"https:\/\/www.unica.it\/unica\/page\/it\/ciclo_di_seminari_sulla_guerra_in_ucraina\">qui<\/a>.<\/p>\n\n\n\n<p>Il secondo incontro della serie, dal titolo <em>Comunit\u00e0 internazionale e guerra in Ucraina<\/em> si svolger\u00e0 gioved\u00ec 17 marzo dalle 16.<\/p>\n\n\n\n<figure class=\"wp-block-image alignwide size-full\"><img data-attachment-id=\"19275\" data-permalink=\"https:\/\/www.robertosedda.it\/?attachment_id=19275\" data-orig-file=\"https:\/\/i0.wp.com\/www.robertosedda.it\/wp-content\/uploads\/2022\/03\/Ucraina-2.jpg?fit=1517%2C869&amp;ssl=1\" data-orig-size=\"1517,869\" data-comments-opened=\"1\" data-image-meta=\"{&quot;aperture&quot;:&quot;0&quot;,&quot;credit&quot;:&quot;Admin&quot;,&quot;camera&quot;:&quot;&quot;,&quot;caption&quot;:&quot;&quot;,&quot;created_timestamp&quot;:&quot;1647282801&quot;,&quot;copyright&quot;:&quot;&quot;,&quot;focal_length&quot;:&quot;0&quot;,&quot;iso&quot;:&quot;0&quot;,&quot;shutter_speed&quot;:&quot;0&quot;,&quot;title&quot;:&quot;&quot;,&quot;orientation&quot;:&quot;0&quot;}\" data-image-title=\"Ucraina-2\" data-image-description=\"\" data-image-caption=\"\" data-medium-file=\"https:\/\/i0.wp.com\/www.robertosedda.it\/wp-content\/uploads\/2022\/03\/Ucraina-2.jpg?fit=300%2C172&amp;ssl=1\" data-large-file=\"https:\/\/i0.wp.com\/www.robertosedda.it\/wp-content\/uploads\/2022\/03\/Ucraina-2.jpg?fit=510%2C292&amp;ssl=1\" decoding=\"async\" loading=\"lazy\" width=\"800\" height=\"458\" src=\"https:\/\/i0.wp.com\/www.robertosedda.it\/wp-content\/uploads\/2022\/03\/Ucraina-2.jpg?resize=800%2C458\" alt=\"\" class=\"wp-image-19275\" srcset=\"https:\/\/i0.wp.com\/www.robertosedda.it\/wp-content\/uploads\/2022\/03\/Ucraina-2.jpg?w=1517&amp;ssl=1 1517w, https:\/\/i0.wp.com\/www.robertosedda.it\/wp-content\/uploads\/2022\/03\/Ucraina-2.jpg?resize=300%2C172&amp;ssl=1 300w, https:\/\/i0.wp.com\/www.robertosedda.it\/wp-content\/uploads\/2022\/03\/Ucraina-2.jpg?resize=510%2C292&amp;ssl=1 510w, https:\/\/i0.wp.com\/www.robertosedda.it\/wp-content\/uploads\/2022\/03\/Ucraina-2.jpg?resize=150%2C86&amp;ssl=1 150w\" sizes=\"(max-width: 800px) 100vw, 800px\" data-recalc-dims=\"1\" \/><\/figure>\n\n\n\n<p>Anche in questo caso \u00e8 prevista la possibilit\u00e0 di seguire via <em>Teams<\/em> <a href=\"https:\/\/teams.microsoft.com\/l\/meetup-join\/19%3aGXtt9lGLAI0ai-Je_R4nQENEx6cWSIQrAInc1RguNDM1%40thread.tacv2\/1646331492609?context=%7b%22Tid%22%3a%226bfa74cc-fe34-4d57-97d3-97fd6e0edee1%22%2c%22Oid%22%3a%22d960bff1-ffac-46c7-a6a1-ed0e2bef7523%22%7d\">a questo (diverso) indirizzo<\/a>.<\/p>\n\n\n\n<p>La terza iniziativa, di cui ho visto notizia dopo la prima pubblicazione di questo articolo, \u00e8 organizzata direttamente dall&#8217;Universit\u00e0 di Cagliari unitariamente e si svolger\u00e0 venerd\u00ec 18 marzo alle 16, con il titolo <em>Riflessioni sulla crisi in Ucraina<\/em>. Trovate il programma completo <a href=\"https:\/\/www.unica.it\/unica\/page\/it\/riflessioni_sulla_crisi_in_ucraina_un_convegno_in_rettorato\">a questo indirizzo<\/a> e, come negli altric asi, sar\u00e0 possibile seguire <em>on line<\/em> dalla <a href=\"https:\/\/elearning.efis.unica.it\/live\/\">piattaforma <em>streaming<\/em><\/a> dell&#8217;Universit\u00e0.<\/p>\n","protected":false},"excerpt":{"rendered":"<p>Segnalo due attivit\u00e0 di formazione organizzate da due Facolt\u00e0 diverse dell&#8217;Universit\u00e0 di Cagliari e aperte al pubblico. EDIT: nel frattempo<\/p>\n","protected":false},"author":1,"featured_media":19275,"comment_status":"open","ping_status":"open","sticky":false,"template":"","format":"standard","meta":{"_mi_skip_tracking":false,"_monsterinsights_sitenote_active":false,"_monsterinsights_sitenote_note":"","_monsterinsights_sitenote_category":0,"jetpack_post_was_ever_published":false,"_jetpack_newsletter_access":"","jetpack_publicize_message":"","jetpack_is_tweetstorm":false,"jetpack_publicize_feature_enabled":true,"jetpack_social_post_already_shared":true,"jetpack_social_options":{"image_generator_settings":{"template":"highway","enabled":false}}},"categories":[52,57,59,95,58,16],"tags":[],"jetpack_publicize_connections":[],"jetpack_featured_media_url":"https:\/\/i0.wp.com\/www.robertosedda.it\/wp-content\/uploads\/2022\/03\/Ucraina-2.jpg?fit=1517%2C869&ssl=1","jetpack_sharing_enabled":true,"jetpack_shortlink":"https:\/\/wp.me\/p4jV2T-50R","jetpack_likes_enabled":true,"jetpack-related-posts":[{"id":11220,"url":"https:\/\/www.robertosedda.it\/?p=11220","url_meta":{"origin":19273,"position":0},"title":"Gemelli terribili","author":"Rufus","date":"25\/11\/2015","format":false,"excerpt":"Ho finito da poco di leggere\u00a0The profession of violence, un libro di John Pearson sui gemelli Ronnie e Reggie\u00a0Kray, una coppia di criminali degli anni '50 e '60 notissima in Inghilterra e credo quasi ignota da noi, nonostante siano stati oggetto di una serie di trasposizioni cinematografiche. Il libro \u00e8\u2026","rel":"","context":"In &quot;Cappe e spade&quot;","block_context":{"text":"Cappe e spade","link":"https:\/\/www.robertosedda.it\/?cat=70"},"img":{"alt_text":"","src":"https:\/\/i0.wp.com\/www.robertosedda.it\/wp-content\/uploads\/2015\/11\/Kray-gemelli-e-Frances.jpg?fit=634%2C630&ssl=1&resize=350%2C200","width":350,"height":200},"classes":[]},{"id":14584,"url":"https:\/\/www.robertosedda.it\/?p=14584","url_meta":{"origin":19273,"position":1},"title":"Noi siamo differenti","author":"Rufus","date":"22\/01\/2018","format":false,"excerpt":"Ieri ho accompagnato mia madre al Teatro Massimo per le affollate\u00a0Lezioni di storia organizzate da Laterza. Parlava Eva Cantararella, su Ulisse (in due parole: di rara competenza ma ideologica da morire, fai uno schema teorico e poi ci infili i fatti col martello), ma non \u00e8 della conferenza che voglio\u2026","rel":"","context":"In &quot;Coordinate&quot;","block_context":{"text":"Coordinate","link":"https:\/\/www.robertosedda.it\/?cat=52"},"img":{"alt_text":"","src":"https:\/\/i0.wp.com\/www.robertosedda.it\/wp-content\/uploads\/2018\/01\/Lezioni-storia-Laterza.jpg?fit=1200%2C847&ssl=1&resize=350%2C200","width":350,"height":200,"srcset":"https:\/\/i0.wp.com\/www.robertosedda.it\/wp-content\/uploads\/2018\/01\/Lezioni-storia-Laterza.jpg?fit=1200%2C847&ssl=1&resize=350%2C200 1x, https:\/\/i0.wp.com\/www.robertosedda.it\/wp-content\/uploads\/2018\/01\/Lezioni-storia-Laterza.jpg?fit=1200%2C847&ssl=1&resize=700%2C400 2x, https:\/\/i0.wp.com\/www.robertosedda.it\/wp-content\/uploads\/2018\/01\/Lezioni-storia-Laterza.jpg?fit=1200%2C847&ssl=1&resize=1050%2C600 3x"},"classes":[]},{"id":12347,"url":"https:\/\/www.robertosedda.it\/?p=12347","url_meta":{"origin":19273,"position":2},"title":"SEGNALAZIONI: Recuperi estivi","author":"Rufus","date":"23\/08\/2016","format":false,"excerpt":"Vedo che oggi e dopodomani la benemerita\u00a0arena estiva di Villa Muscas ripropone due film che mi sono piaciuti molto e di cui ho parlato: non perdeteli! 23 agosto ERA D\u2019ESTATE di Fiorella Infascelli. Con Massimo Popolizio, Beppe Fiorello, Valeria Solarino, Dramm. 100\u2019 - Italia 2015 Estate 1985. Giovanni Falcone e\u2026","rel":"","context":"In &quot;Coordinate&quot;","block_context":{"text":"Coordinate","link":"https:\/\/www.robertosedda.it\/?cat=52"},"img":{"alt_text":"","src":"","width":0,"height":0},"classes":[]},{"id":14498,"url":"https:\/\/www.robertosedda.it\/?p=14498","url_meta":{"origin":19273,"position":3},"title":"Se vuoi la sicurezza lascia la democrazia","author":"Rufus","date":"08\/01\/2018","format":false,"excerpt":"Sul New York Times leggo la storia della secessione quieta di alcune citt\u00e0 messicane, che pi\u00f9 o meno tacitamente hanno espulso governo e cartelli della droga, si sono organizzate la propria polizia locale e sostanzialmente si autoregolano, proteggendosi dalla violenza incontrollata di altre parti del paese o delle regioni confinanti.\u2026","rel":"","context":"In &quot;Coordinate&quot;","block_context":{"text":"Coordinate","link":"https:\/\/www.robertosedda.it\/?cat=52"},"img":{"alt_text":"","src":"https:\/\/i0.wp.com\/www.robertosedda.it\/wp-content\/uploads\/2018\/01\/Tancitaro-milizia.jpg?fit=675%2C450&ssl=1&resize=350%2C200","width":350,"height":200},"classes":[]},{"id":14814,"url":"https:\/\/www.robertosedda.it\/?p=14814","url_meta":{"origin":19273,"position":4},"title":"Il futuro della rendita \u00e8 interessante, anche se non ci credereste","author":"Rufus","date":"09\/03\/2018","format":false,"excerpt":"Mi sembra molto utile segnalare il convegno\u00a0Il futuro della rendita (se cliccate sul link trovate il programma completo) organizzato dalla\u00a0Societ\u00e0 Italiana di Estimo e Valutazione (SIEV) assieme al Dipartimento di Ingegneria Civile, Ambientale e Architettura (DICAAR), e con il patrocinio dell'Istituto Nazionale di Urbanistica (INU) e che si terr\u00e0 a\u2026","rel":"","context":"In &quot;Coordinate&quot;","block_context":{"text":"Coordinate","link":"https:\/\/www.robertosedda.it\/?cat=52"},"img":{"alt_text":"","src":"https:\/\/i0.wp.com\/www.robertosedda.it\/wp-content\/uploads\/2018\/03\/Rendita.jpg?fit=1024%2C478&ssl=1&resize=350%2C200","width":350,"height":200,"srcset":"https:\/\/i0.wp.com\/www.robertosedda.it\/wp-content\/uploads\/2018\/03\/Rendita.jpg?fit=1024%2C478&ssl=1&resize=350%2C200 1x, https:\/\/i0.wp.com\/www.robertosedda.it\/wp-content\/uploads\/2018\/03\/Rendita.jpg?fit=1024%2C478&ssl=1&resize=700%2C400 2x"},"classes":[]},{"id":12581,"url":"https:\/\/www.robertosedda.it\/?p=12581","url_meta":{"origin":19273,"position":5},"title":"L&#8217;inarrivabile forza di volont\u00e0 del sottoscritto","author":"Rufus","date":"28\/09\/2016","format":false,"excerpt":"Sar\u00e0 anche figo organizzate feste e inaugurazioni di Banca Etica, ma dopo tutto settembre senza mai riuscire a andare al mare francamente non ne potevo pi\u00f9. Gi\u00e0. Poi ho scoperto che il tour di Panorama presenta oggi a Cagliari due improbabili convegni su banche e credito e il senso del\u2026","rel":"","context":"In &quot;Coordinate&quot;","block_context":{"text":"Coordinate","link":"https:\/\/www.robertosedda.it\/?cat=52"},"img":{"alt_text":"","src":"https:\/\/i0.wp.com\/www.robertosedda.it\/wp-content\/uploads\/2016\/09\/20160928_172428-1.jpg?fit=1200%2C900&ssl=1&resize=350%2C200","width":350,"height":200,"srcset":"https:\/\/i0.wp.com\/www.robertosedda.it\/wp-content\/uploads\/2016\/09\/20160928_172428-1.jpg?fit=1200%2C900&ssl=1&resize=350%2C200 1x, https:\/\/i0.wp.com\/www.robertosedda.it\/wp-content\/uploads\/2016\/09\/20160928_172428-1.jpg?fit=1200%2C900&ssl=1&resize=700%2C400 2x, https:\/\/i0.wp.com\/www.robertosedda.it\/wp-content\/uploads\/2016\/09\/20160928_172428-1.jpg?fit=1200%2C900&ssl=1&resize=1050%2C600 3x"},"classes":[]}],"_links":{"self":[{"href":"https:\/\/www.robertosedda.it\/index.php?rest_route=\/wp\/v2\/posts\/19273"}],"collection":[{"href":"https:\/\/www.robertosedda.it\/index.php?rest_route=\/wp\/v2\/posts"}],"about":[{"href":"https:\/\/www.robertosedda.it\/index.php?rest_route=\/wp\/v2\/types\/post"}],"author":[{"embeddable":true,"href":"https:\/\/www.robertosedda.it\/index.php?rest_route=\/wp\/v2\/users\/1"}],"replies":[{"embeddable":true,"href":"https:\/\/www.robertosedda.it\/index.php?rest_route=%2Fwp%2Fv2%2Fcomments&post=19273"}],"version-history":[{"count":2,"href":"https:\/\/www.robertosedda.it\/index.php?rest_route=\/wp\/v2\/posts\/19273\/revisions"}],"predecessor-version":[{"id":19278,"href":"https:\/\/www.robertosedda.it\/index.php?rest_route=\/wp\/v2\/posts\/19273\/revisions\/19278"}],"wp:featuredmedia":[{"embeddable":true,"href":"https:\/\/www.robertosedda.it\/index.php?rest_route=\/wp\/v2\/media\/19275"}],"wp:attachment":[{"href":"https:\/\/www.robertosedda.it\/index.php?rest_route=%2Fwp%2Fv2%2Fmedia&parent=19273"}],"wp:term":[{"taxonomy":"category","embeddable":true,"href":"https:\/\/www.robertosedda.it\/index.php?rest_route=%2Fwp%2Fv2%2Fcategories&post=19273"},{"taxonomy":"post_tag","embeddable":true,"href":"https:\/\/www.robertosedda.it\/index.php?rest_route=%2Fwp%2Fv2%2Ftags&post=19273"}],"curies":[{"name":"wp","href":"https:\/\/api.w.org\/{rel}","templated":true}]}}