{"id":19158,"date":"2022-02-03T11:00:22","date_gmt":"2022-02-03T10:00:22","guid":{"rendered":"http:\/\/www.robertosedda.it\/?p=19158"},"modified":"2022-02-03T11:00:27","modified_gmt":"2022-02-03T10:00:27","slug":"ondate-musicali","status":"publish","type":"post","link":"https:\/\/www.robertosedda.it\/?p=19158","title":{"rendered":"Ondate musicali"},"content":{"rendered":"\n<p>Vedo passare da qualche parte questa interessantissima immagine:<\/p>\n\n\n\n<figure class=\"wp-block-image alignwide size-full\"><img data-attachment-id=\"19159\" data-permalink=\"https:\/\/www.robertosedda.it\/?attachment_id=19159\" data-orig-file=\"https:\/\/i0.wp.com\/www.robertosedda.it\/wp-content\/uploads\/2022\/02\/Ondate-musicali.jpg?fit=1042%2C981&amp;ssl=1\" data-orig-size=\"1042,981\" data-comments-opened=\"1\" data-image-meta=\"{&quot;aperture&quot;:&quot;0&quot;,&quot;credit&quot;:&quot;&quot;,&quot;camera&quot;:&quot;&quot;,&quot;caption&quot;:&quot;&quot;,&quot;created_timestamp&quot;:&quot;0&quot;,&quot;copyright&quot;:&quot;&quot;,&quot;focal_length&quot;:&quot;0&quot;,&quot;iso&quot;:&quot;0&quot;,&quot;shutter_speed&quot;:&quot;0&quot;,&quot;title&quot;:&quot;&quot;,&quot;orientation&quot;:&quot;1&quot;}\" data-image-title=\"Ondate-musicali\" data-image-description=\"\" data-image-caption=\"\" data-medium-file=\"https:\/\/i0.wp.com\/www.robertosedda.it\/wp-content\/uploads\/2022\/02\/Ondate-musicali.jpg?fit=300%2C282&amp;ssl=1\" data-large-file=\"https:\/\/i0.wp.com\/www.robertosedda.it\/wp-content\/uploads\/2022\/02\/Ondate-musicali.jpg?fit=510%2C480&amp;ssl=1\" decoding=\"async\" loading=\"lazy\" width=\"800\" height=\"753\" src=\"https:\/\/i0.wp.com\/www.robertosedda.it\/wp-content\/uploads\/2022\/02\/Ondate-musicali.jpg?resize=800%2C753\" alt=\"\" class=\"wp-image-19159\" srcset=\"https:\/\/i0.wp.com\/www.robertosedda.it\/wp-content\/uploads\/2022\/02\/Ondate-musicali.jpg?w=1042&amp;ssl=1 1042w, https:\/\/i0.wp.com\/www.robertosedda.it\/wp-content\/uploads\/2022\/02\/Ondate-musicali.jpg?resize=300%2C282&amp;ssl=1 300w, https:\/\/i0.wp.com\/www.robertosedda.it\/wp-content\/uploads\/2022\/02\/Ondate-musicali.jpg?resize=510%2C480&amp;ssl=1 510w, https:\/\/i0.wp.com\/www.robertosedda.it\/wp-content\/uploads\/2022\/02\/Ondate-musicali.jpg?resize=150%2C141&amp;ssl=1 150w\" sizes=\"(max-width: 800px) 100vw, 800px\" data-recalc-dims=\"1\" \/><\/figure>\n\n\n\n<p>che rappresenta gli incassi da incisioni musicali dal 1974 al 2020 divisi per supporto: non so cosa sia l&#8217;<em>eight track<\/em> (che vorrebbe dire: &#8220;otto tracce&#8221; ma non \u00e8 un vinile) ma gli altri si capiscono tutti facilmente.<\/p>\n\n\n\n<p>In realt\u00e0 avrei il dubbio che la presenza dello <em>streaming <\/em>richiederebbe anche gli incassi da altri diritti, per esempio riproduzioni radio, ma non credo che le masse cambierebbero particolarmente.<\/p>\n\n\n\n<p>La parte interessante, naturalmente, \u00e8 la forza del CD e l&#8217;enorme contrazione degli incassi dal 2000 in poi, ovviamente legato al digitale e solo parzialmente recuperato con le piattaforme di <em>streaming<\/em>. E, naturalmente, mancano le statistiche sulla suddivisione dei profitti conseguenti a queste masse di incassi fra le varie componenti dell&#8217;industria: artisti, discografici, distributori.<\/p>\n","protected":false},"excerpt":{"rendered":"<p>Vedo passare da qualche parte questa interessantissima immagine: che rappresenta gli incassi da incisioni musicali dal 1974 al 2020 divisi<\/p>\n","protected":false},"author":1,"featured_media":19159,"comment_status":"open","ping_status":"open","sticky":false,"template":"","format":"standard","meta":{"_mi_skip_tracking":false,"_monsterinsights_sitenote_active":false,"_monsterinsights_sitenote_note":"","_monsterinsights_sitenote_category":0,"jetpack_post_was_ever_published":false,"_jetpack_newsletter_access":"","jetpack_publicize_message":"","jetpack_is_tweetstorm":false,"jetpack_publicize_feature_enabled":true,"jetpack_social_post_already_shared":true,"jetpack_social_options":{"image_generator_settings":{"template":"highway","enabled":false}}},"categories":[52,55,77,95,16],"tags":[],"jetpack_publicize_connections":[],"jetpack_featured_media_url":"https:\/\/i0.wp.com\/www.robertosedda.it\/wp-content\/uploads\/2022\/02\/Ondate-musicali.jpg?fit=1042%2C981&ssl=1","jetpack_sharing_enabled":true,"jetpack_shortlink":"https:\/\/wp.me\/p4jV2T-4Z0","jetpack_likes_enabled":true,"jetpack-related-posts":[{"id":7617,"url":"https:\/\/www.robertosedda.it\/?p=7617","url_meta":{"origin":19158,"position":0},"title":"Editori truffati: un appello","author":"Rufus","date":"06\/06\/2014","format":false,"excerpt":"Stamattina ho trovato su\u00a0Facebook\u00a0questa nota de\u00a0La Meridiana, una benemerita casa editrice di Molfetta\u00a0attiva sia nel campo dell'editoria sul gioco e l'educazione - ha pubblicato diversi miei amici, fra l'altro - sia nel campo della spiritualit\u00e0 cristiana (pubblica, ad esempio, gli scritti di don Tonino Bello). La rilancio per il contenuto\u2026","rel":"","context":"In &quot;Coordinate&quot;","block_context":{"text":"Coordinate","link":"https:\/\/www.robertosedda.it\/?cat=52"},"img":{"alt_text":"","src":"https:\/\/i0.wp.com\/www.robertosedda.it\/wp-content\/uploads\/2014\/06\/truffa-editori.jpg?fit=540%2C422&ssl=1&resize=350%2C200","width":350,"height":200},"classes":[]},{"id":9751,"url":"https:\/\/www.robertosedda.it\/?p=9751","url_meta":{"origin":19158,"position":1},"title":"Il momento della pausa musicale, di nuovo","author":"Rufus","date":"08\/03\/2015","format":"video","excerpt":"La settimana prossima registro quattro nuove puntate di Oggi parliamo di libri e mi \u00e8 venuta voglia di nuovo di chiedervi consiglio sui brani musicali da utilizzare come pausa e commento. Le quattro puntate saranno dedicate: Ai libretti d'opera; lo so che qui i suggerimenti sembrano ovvi, ma voi stupitemi...\u2026","rel":"","context":"In &quot;Coordinate&quot;","block_context":{"text":"Coordinate","link":"https:\/\/www.robertosedda.it\/?cat=52"},"img":{"alt_text":"","src":"https:\/\/i0.wp.com\/img.youtube.com\/vi\/lASwxqAlnFs\/0.jpg?resize=350%2C200","width":350,"height":200},"classes":[]},{"id":19755,"url":"https:\/\/www.robertosedda.it\/?p=19755","url_meta":{"origin":19158,"position":2},"title":"Musica e lutto","author":"Rufus","date":"16\/06\/2022","format":false,"excerpt":"Forse per caso, forse perch\u00e9 davvero l'algoritmo capisce tutto, l'altro giorno il fidato aggregatore di notizie mi ha suggerito un articolo sul New Statesman intitolato Come mi sono sentito quando \u00e8 morto mio pap\u00e0? La musica mi ha aiutato a capirlo. L'autore \u00e8 uno scrittore e giornalista musicale di origine\u2026","rel":"","context":"In &quot;Coordinate&quot;","block_context":{"text":"Coordinate","link":"https:\/\/www.robertosedda.it\/?cat=52"},"img":{"alt_text":"","src":"https:\/\/i0.wp.com\/www.robertosedda.it\/wp-content\/uploads\/2022\/06\/rTmMRwPE_400x400.jpg?fit=400%2C400&ssl=1&resize=350%2C200","width":350,"height":200},"classes":[]},{"id":9808,"url":"https:\/\/www.robertosedda.it\/?p=9808","url_meta":{"origin":19158,"position":3},"title":"Playlist da ascoltare mentre si leggono libri","author":"Rufus","date":"19\/03\/2015","format":"video","excerpt":"Ho lavorato oggi un pochetto sul mio canale\u00a0Youtube\u00a0(cosa che faccio pi\u00f9 o meno ogni tre anni) e ho preparato delle\u00a0playlist che raccolgono la musica utilizzata nelle varie stagioni di\u00a0Oggi parliamo di libri. Le metto anche qui sul\u00a0blog, perch\u00e9 magari per qualcuno possono essere divertenti.\u00a0Potete anche chiedervi quale possa\u00a0mai essere il\u2026","rel":"","context":"In &quot;Coordinate&quot;","block_context":{"text":"Coordinate","link":"https:\/\/www.robertosedda.it\/?cat=52"},"img":{"alt_text":"","src":"https:\/\/i0.wp.com\/img.youtube.com\/vi\/PL_THzLxZBsppKtvbNprReZW9KSsstQxgT\/0.jpg?resize=350%2C200","width":350,"height":200},"classes":[]},{"id":9011,"url":"https:\/\/www.robertosedda.it\/?p=9011","url_meta":{"origin":19158,"position":4},"title":"Ascoltate Cinematica!!","author":"Rufus","date":"06\/12\/2014","format":false,"excerpt":"Devo confessare, anche se \u00e8 una trasmissione della concorrenza, che sono un fan sfegatato di Cinematica, la trasmissione ideata e condotta da Gianmarco Diana e dedicata alla musica da, per, intorno, sopra e sotto il cinema. Non \u00e8 solo che la trasmissione mi consente di mettere insieme due passioni come\u2026","rel":"","context":"In &quot;Coordinate&quot;","block_context":{"text":"Coordinate","link":"https:\/\/www.robertosedda.it\/?cat=52"},"img":{"alt_text":"","src":"","width":0,"height":0},"classes":[]},{"id":10836,"url":"https:\/\/www.robertosedda.it\/?p=10836","url_meta":{"origin":19158,"position":5},"title":"Sono di nuovo on air (e anche on line!)","author":"Rufus","date":"15\/09\/2015","format":false,"excerpt":"Da gioved\u00ec prossimo ricomincia\u00a0Oggi parliamo di libri, al solito orario delle 19.10 e in replica il venerd\u00ec mattina alle 8.30. La grossa novit\u00e0 di quest'anno \u00e8 il\u00a0podcast, che permetter\u00e0 di riascoltare le puntate quasi immediatamente senza bisogno di aspettare che io le metta in rete per conto mio. Continuer\u00f2 comunque\u2026","rel":"","context":"In &quot;Coordinate&quot;","block_context":{"text":"Coordinate","link":"https:\/\/www.robertosedda.it\/?cat=52"},"img":{"alt_text":"","src":"https:\/\/i0.wp.com\/www.robertosedda.it\/wp-content\/uploads\/2015\/09\/Radio-Kalaritana-On-Air.jpg?fit=850%2C310&ssl=1&resize=350%2C200","width":350,"height":200,"srcset":"https:\/\/i0.wp.com\/www.robertosedda.it\/wp-content\/uploads\/2015\/09\/Radio-Kalaritana-On-Air.jpg?fit=850%2C310&ssl=1&resize=350%2C200 1x, https:\/\/i0.wp.com\/www.robertosedda.it\/wp-content\/uploads\/2015\/09\/Radio-Kalaritana-On-Air.jpg?fit=850%2C310&ssl=1&resize=700%2C400 2x"},"classes":[]}],"_links":{"self":[{"href":"https:\/\/www.robertosedda.it\/index.php?rest_route=\/wp\/v2\/posts\/19158"}],"collection":[{"href":"https:\/\/www.robertosedda.it\/index.php?rest_route=\/wp\/v2\/posts"}],"about":[{"href":"https:\/\/www.robertosedda.it\/index.php?rest_route=\/wp\/v2\/types\/post"}],"author":[{"embeddable":true,"href":"https:\/\/www.robertosedda.it\/index.php?rest_route=\/wp\/v2\/users\/1"}],"replies":[{"embeddable":true,"href":"https:\/\/www.robertosedda.it\/index.php?rest_route=%2Fwp%2Fv2%2Fcomments&post=19158"}],"version-history":[{"count":1,"href":"https:\/\/www.robertosedda.it\/index.php?rest_route=\/wp\/v2\/posts\/19158\/revisions"}],"predecessor-version":[{"id":19160,"href":"https:\/\/www.robertosedda.it\/index.php?rest_route=\/wp\/v2\/posts\/19158\/revisions\/19160"}],"wp:featuredmedia":[{"embeddable":true,"href":"https:\/\/www.robertosedda.it\/index.php?rest_route=\/wp\/v2\/media\/19159"}],"wp:attachment":[{"href":"https:\/\/www.robertosedda.it\/index.php?rest_route=%2Fwp%2Fv2%2Fmedia&parent=19158"}],"wp:term":[{"taxonomy":"category","embeddable":true,"href":"https:\/\/www.robertosedda.it\/index.php?rest_route=%2Fwp%2Fv2%2Fcategories&post=19158"},{"taxonomy":"post_tag","embeddable":true,"href":"https:\/\/www.robertosedda.it\/index.php?rest_route=%2Fwp%2Fv2%2Ftags&post=19158"}],"curies":[{"name":"wp","href":"https:\/\/api.w.org\/{rel}","templated":true}]}}