{"id":19125,"date":"2022-01-26T15:02:34","date_gmt":"2022-01-26T14:02:34","guid":{"rendered":"http:\/\/www.robertosedda.it\/?p=19125"},"modified":"2022-04-12T17:18:48","modified_gmt":"2022-04-12T15:18:48","slug":"le-due-destre","status":"publish","type":"post","link":"https:\/\/www.robertosedda.it\/?p=19125","title":{"rendered":"Le due destre"},"content":{"rendered":"\n<p>Adesso che sto scrivendo sul <em>blog<\/em> con una certa frequenza ritrovo appunti e abbozzi di articoli non portati a termine durante questo periodo di&#8230; inappetenza.<\/p>\n\n\n\n<p>Fra gli altri vedo un abbozzo intitolato <em>Non cambier\u00e0 niente<\/em>, che deve risalire pi\u00f9 o meno a maggio del 2020, cio\u00e8 verso il termine del primo <em>lockdown<\/em>.<\/p>\n\n\n\n<p>In esso esprimevo scetticismo verso tutte quelle posizioni, all&#8217;epoca diffusissime e che ancora oggi si sentono, che sostenevano che con la pandemia <em>tutto sarebe cambiato<\/em> (talvolta con approcci addirittura palingenetici).<\/p>\n\n\n\n<h2>Previsioni amare<\/h2>\n\n\n\n<p>Mi ero segnato:<\/p>\n\n\n\n<blockquote class=\"wp-block-quote\"><p><strong>Non cambier\u00e0 niente<\/strong> perch\u00e9 le promesse emotive fatte dopo un <em>shock<\/em>, quando si torna alla normalit\u00e0 non reggono mai, come sanno benissimo tutti quelli che mentre aspettano i risultati di un esame clinico giurano che cambieranno vita, adotteranno una dieta pi\u00f9 sana e faranno pi\u00f9 esercizio; quando poi salta fuori che non era niente, il giorno dopo sono di nuovo da capo. Abbiamo avuto sinora decine di disastri, alluvioni, incendi, e ogni volta abbiamo giurato che sarebbe stata l&#8217;ultima: ma quando mai? Cazzo, siamo dentro un disastro climatico globale, e cosa abbiamo fatto? Niente.<\/p><p><strong>Non cambier\u00e0 niente<\/strong> perch\u00e9 le forze del capitalismo si stanno gi\u00e0 riorganizzando. La pandemia le ha prese di sorpresa e hanno dovuto subire, ma si  stanno gi\u00e0 riorganizzando. Ci hanno provato da subito, oh se ci hanno provato, con la storia del banale raffreddore e del poco pi\u00f9 dell&#8217;influenza, ma sono stati travolti dalla forza della situazione, ma si stanno riorganizzando, e si vede perfettamente che in certi paesi stanno gi\u00e0 acquistando trazione. <\/p><p><strong>Non cambier\u00e0 niente<\/strong>, soprattutto, perch\u00e9 troppi compagni non hanno capito niente. Per esempio tutti quelli che credono che l&#8217;emergenza sia un puro pretesto per introdurre strumenti autoritari, che il potere crei il panico per poter imporre strumenti autoritari, hanno preso le cose a rovescio: siamo nella catastrofe e la struttura di governo della globalizzazione, che l&#8217;ha creata, non ha altri strumenti per gestirla che fare ricorso a metodi autoritari, ma la catastrofe \u00e8 reale: negarla da sinistra vuol dire fare tutto il giro e unirsi al pensiero magico di quelli che dicono che \u00e8 gi\u00e0 tutto finito.<\/p><\/blockquote>\n\n\n\n<p>Devo dire che, aldil\u00e0 di toni forse un po&#8217; sbrigativi, trovo che avessi ragione. <\/p>\n\n\n\n<h2>Due destre<\/h2>\n\n\n\n<p>Le forze del capitalismo si sono in effetti riorganizzate, e gi\u00e0 a partire dalla seconda ondata il dibattito pubblico \u00e8 stato dominato in maniera esclusiva da due destre, contrapposte ma ugualmente votate a ristabilire <em>business as usual<\/em>: una destra industrialista e finanziaria, tecnocratica, elitaria, tutta tesa al primato dell&#8217;economia, che ha creduto di trovare nella pratica esclusiva della vaccinazione di massa la bacchetta magica che avrebbe permesso di far ripartire l&#8217;economia nello stesso modo di prima, e che quando in questa strategia ha trovato scogli inaspettati sul suo cammino ha fatto ricorso allo strumento a cui fanno ricorso, con buona pace, tutti gli scientisti e i tecnocrati quando scoprono di non essere in grado di gestire la complessit\u00e0, cio\u00e8 una burocrazia stupida e asfissiante difesa dai manganelli; e una destra libertaria, individualista, proteimorfe e incredibilmente resiliente, intenta a negare, negare tutto pur di non prendersi l&#8217;onere di far entrare nella propria vita qualsiasi limitazione che comporti un pur minimo disagio personale &#8211; i vaccini soprattutto, ma via via <em>qualunque <\/em>altra cosa &#8211; e periodicamente soggetta alla tentazione dell&#8217;insurrezione: con l&#8217;obiettivo di, se non <em>business<\/em>, quanto meno <em>life as usual<\/em>.<\/p>\n\n\n\n<p>\u00c8 interessante che entrambe  queste destre siano arrivate alla questione dei vaccini quasi per deriva partendo da un brodo di coltura comune, che era il rifiuto, esplicito o sotteso, del <em>lockdown<\/em>: ma poi la prima ha preso atto che la catastrofe era reale, e alla seconda a furia di insistere a negare tutto non \u00e8 rimasto altro che accettare l&#8217;ideologia <em>no vax<\/em> e tutto l&#8217;armamentario ideologico che ha trovato l\u00e0 gi\u00e0 bell&#8217;e pronto.<\/p>\n\n\n\n<p>Sono due destre, peraltro, che hanno un indirizzo di provenienza ben preciso, ed \u00e8 il dibattito politico americano e i suoi vari <em>network<\/em> globali: certe volte mi chiedo, tra l&#8217;altro, cosa sarebbe successo alla risposta globale alla sindemia se non ci fosse stato Trump al potere (risposta: probabilmente niente, anche se certo la prima destra sarebbe stata pi\u00f9 forte).<\/p>\n\n\n\n<p>Parentesi: dire questo vuol dire anche che i <em>no vax<\/em> non sono un elemento folkloristico impazzito, e neppure l&#8217;elemento centrale della loro fazione: se si guarda alle forze in campo, si vede benissimo che la seconda destra gode di un apparato comunicativo notevole &#8211; anche via <em>social<\/em> &#8211; e queste cose non le fanno i cultori dei fiori di Bach: richiedono investimenti, strumenti tecnici e regie accurate, presumibilmente quelle della <em>alt-right<\/em> e del conservatorismo religioso americano, a cui si accodano, per opportunismo, le varie bestie d&#8217;assalto locali.<\/p>\n\n\n\n<h2>Compagni che sbagliano, di grosso<\/h2>\n\n\n\n<p>In questo dibattito polarizzato parte della sinistra ha finito per farsi arruolare in uno dei due campi contrapposti: benpensanti e aziendalisti da una parte, alternativi e libertari dall&#8217;altra; in questo modo le posizioni che avrebbero dovuto avere a cuore la salute come bene pubblico sono state fagocitate dal dibattito altrui &#8211; e magari ridotte a tristi macchiette televisive &#8211; o silenziate. Devo dire che, per quanto pesante da subire, la situazione \u00e8 esemplare nella sua capacit\u00e0 di disvelamento, un po&#8217; come per il movimento operaio allo scoppio della prima guerra mondiale: ci sono quelli che scopri che non sono mai stati di sinistra, quelli per i quali conta solo potersela prendere con il nemico preferito a costo di farsi arruolare da qualcun altro pure peggio, quelli muscolari, quelli compromessi col sistema e quelli che hanno paura del prezzo da pagare. Devo dire che, fra tutti, ho apprezzato la recente <em><a href=\"https:\/\/www.amnesty.it\/posizione-di-amnesty-international-italia-sulle-misure-adottate-dal-governo-per-combattere-il-covid-19\/\">posizione<\/a><\/em> di <em>Amnesty<\/em>, della quale condivido abbastanza poco ma che esprime una fedelt\u00e0 al proprio ruolo e alla propria <em>mission<\/em>, fedelt\u00e0 che in pochissimi hanno mantenuto in questo periodo.<\/p>\n\n\n\n<p>La cosa pi\u00f9 notevole, a futura memoria, \u00e8 che tanti, ora finiti dall&#8217;una o dall&#8217;altra parte, sono stati traditi dal loro sapere, o da ci\u00f2 che credevano di sapere: hanno cio\u00e8 applicato analisi usuali a tempi eccezionali, o categorie astratte a questioni fin troppo concrete, o si \u00e8 scoperto che strumenti familiari di analisi erano ingannevoli e traditori. La consapevolezza della propria fragilit\u00e0 &#8211; chiss\u00e0 che figura far\u00e0 questo sfogo letto a mente fredda, o fra un decennio? &#8211; consiglierebbe di astenersi da una critica troppo severa, se non fosse che il punto \u00e8 questo: come ci si tutela? Come evitare che il proprio sapere tradisca? <\/p>\n\n\n\n<p>Come in tutte le sconfitte: come \u00e8 potuto accadere?<\/p>\n\n\n\n<h2>Slittamenti <\/h2>\n\n\n\n<p>Una cosa interessante degli ultimi giorni \u00e8 la dinamica interna alla prima destra, quella tecnocratica, che sente ormai la meta vicina. Gli intellettuali neoliberisti, anche in Italia, sono all&#8217;assalto; le sirene del <em>coesistere col COVID<\/em> sempre pi\u00f9 seducenti, e politici e amministratori alla ricerca di modi per abolire ogni restrizione senza ammetterlo: cambiare il sistema dei colori, non pubblicare i dati scomodi, mantenere la scuola formalmente aperta anche se poi di fatto in DAD le proposte pi\u00f9 recenti.. <\/p>\n\n\n\n<p>C&#8217;\u00e8 l&#8217;esempio di Johnson, che \u00e8 accreditato dell&#8217;idea che cinquantamila morti all&#8217;anno sono accettabili, cio\u00e8 tali da non creare sufficiente allarme sociale perch\u00e9 la gente lo venga a cercare con i forconi. Johnson ha abolito tutte le restrizioni e ha azzeccato, sinora, le tempistiche che gli hanno permesso di costeggiare il livello del collasso senza mai arrivarci &#8211; sia pure a costo di un logorio del sistema che magari pagher\u00e0 qualcun altro dopo di lui o al quale comunque penseremo quando sar\u00e0 il momento, presumibilmente con altro fumo negli occhi. L&#8217;ha aiutato il fatto che la popolazione abbia adottato autonomamente cambiamenti del comportamento &#8211; pi\u00f9 prudenti &#8211; che hanno aiutato a reggere i momenti peggiori senza che il governo avesse l&#8217;imbarazzo di mettere nero su bianco le limitazioni, meccanismo verificatosi anche in Italia, sebbene i suddetti intellettuali siano prontissimi a negarlo.<\/p>\n\n\n\n<p>Il problema \u00e8 che seguendo questa sirena la prima destra finirebbe per assumere, in parte, l&#8217;ideologia dei suoi avversari e rischiare di diventare negazionista: non a caso una parte dei tecnocrati di questa fazione hanno minacciato immediatamente di passare all&#8217;opposizione &#8211; poi, oh, un illustre epidemiologo pronto all&#8217;uso si trova sempre, ma il segnale \u00e8 stato chiaro e, per esempio, al momento il bollettino dei casi quotidiani \u00e8 sopravvissuto al tentativo di rimozione. <\/p>\n\n\n\n<p>La prima destra potrebbe trovare difficile avere la botte piena e la moglie ubriaca: se <em>omicron<\/em> \u00e8 solo lieve, se il COVID si sta attenuando, se la pandemia fosse finita, se fossimo allo stato endemico (detto spesso da chi non ha la minima idea di cosa voglia dire <em>endemico<\/em>), il consenso per la strategia vaccinale potrebbe essere minato. Non \u00e8 un problema in s\u00e9 togliere le mascherine all&#8217;aperto, ma se passa il principio che va fatto perch\u00e9 non c&#8217;\u00e8 pi\u00f9 motivo, beh, la cosa cambia. Certo, si potrebbe continuare a imporre obbligo vaccinale e <em>green pass<\/em>, ma il razionale per farlo sarebbe indebolito e, d&#8217;altra parte, il dividendo politico a disposizione di chi potesse abolire il <em>green pass<\/em> \u00e8 enorme e la tentazione, alla lunga, troppo forte per reggere: prima o poi un politico della seconda destra riuscirebbe a scalzare la prima facendo leva su questo tipo di promessa elettorale. I neoliberisti sono, beh, neoliberisti, e quindi intrinsecamente pi\u00f9 vicini alla seconda destra: spostarsi dalla loro parte rischia di creare una situazione in cui non \u00e8 chiaro chi controllerebbe chi, o in mano a chi andrebbero i consensi: Trump <em>docet<\/em>, come Cheney e Romney hanno scoperto a loro spese.<\/p>\n\n\n\n<p>L&#8217;altro tema interessante, nel rapporto fra le due destre, \u00e8 che l&#8217;irrigidimento ideologico della prima l&#8217;ha privata della possibilit\u00e0 di utilizzare strumenti di sanit\u00e0 pubblica, che altrove si rivelano del tutto accettabili e che contribuirebbero al controllo della diffusione della malattia, come si vede nel caso dei tamponi rapidi, da diverse parti messi a disposizione gratis o di cui comunque si facilita la diffusione (Biden ne ha addirittura spedito per posta alle famiglie americane un miliardo complessivamente), mentre in Italia non \u00e8 possibile perch\u00e9 farlo indebolirebbe il meccanismo del <em>green pass<\/em> rafforzato.<\/p>\n","protected":false},"excerpt":{"rendered":"<p>Adesso che sto scrivendo sul blog con una certa frequenza ritrovo appunti e abbozzi di articoli non portati a termine<\/p>\n","protected":false},"author":1,"featured_media":19126,"comment_status":"open","ping_status":"open","sticky":false,"template":"","format":"standard","meta":{"_mi_skip_tracking":false,"_monsterinsights_sitenote_active":false,"_monsterinsights_sitenote_note":"","_monsterinsights_sitenote_category":0,"jetpack_post_was_ever_published":false,"_jetpack_newsletter_access":"","jetpack_publicize_message":"Business as usual come unico faro, ma con percorsi molto diversi. E la sinistra? Muta.","jetpack_is_tweetstorm":false,"jetpack_publicize_feature_enabled":true,"jetpack_social_post_already_shared":true,"jetpack_social_options":{"image_generator_settings":{"template":"highway","enabled":false}}},"categories":[52,57,17,59,16],"tags":[],"jetpack_publicize_connections":[],"jetpack_featured_media_url":"https:\/\/i0.wp.com\/www.robertosedda.it\/wp-content\/uploads\/2022\/01\/Doppia-direzione.png?fit=465%2C500&ssl=1","jetpack_sharing_enabled":true,"jetpack_shortlink":"https:\/\/wp.me\/p4jV2T-4Yt","jetpack_likes_enabled":true,"jetpack-related-posts":[{"id":11389,"url":"https:\/\/www.robertosedda.it\/?p=11389","url_meta":{"origin":19125,"position":0},"title":"Come parlare al muro","author":"Rufus","date":"11\/01\/2016","format":false,"excerpt":"(ho cambiato i nomi per proteggere gli innocenti) Sono all'aeroporto, seduto mentre si esaurisce la coda dell'imbarco. A fianco a me un tizio, seduto, e due in piedi che parlano. Uno dei due in piedi si gira verso quello seduto e fa: \u00ab\u00c8 Paolo, te lo ricordi?!\u00bb. Quello seduto abbozza.\u2026","rel":"","context":"In &quot;Coordinate&quot;","block_context":{"text":"Coordinate","link":"https:\/\/www.robertosedda.it\/?cat=52"},"img":{"alt_text":"","src":"","width":0,"height":0},"classes":[]},{"id":20469,"url":"https:\/\/www.robertosedda.it\/?p=20469","url_meta":{"origin":19125,"position":1},"title":"Tripletta micidiale","author":"Rufus","date":"18\/04\/2024","format":false,"excerpt":"L'altro giorno arrivo in ufficio, lo sportello era gi\u00e0 aperto e c'era una signora in attesa. Io saluto lei e il collega, lei si gira e mi fa: \u00abMa lei?! Ancora qui? Pensavo fosse andato via da molto...\u00bb. Oh, con affetto, eh. Sincero piacere di incontrare l'antico impiegato. Appena assunto\u2026","rel":"","context":"In &quot;Coordinate&quot;","block_context":{"text":"Coordinate","link":"https:\/\/www.robertosedda.it\/?cat=52"},"img":{"alt_text":"","src":"https:\/\/i0.wp.com\/www.robertosedda.it\/wp-content\/uploads\/2013\/10\/Rufus-clown.jpg?fit=604%2C415&ssl=1&resize=350%2C200","width":350,"height":200},"classes":[]},{"id":11562,"url":"https:\/\/www.robertosedda.it\/?p=11562","url_meta":{"origin":19125,"position":2},"title":"Quantit\u00e0 di sangue ragguardevoli","author":"Rufus","date":"17\/02\/2016","format":"video","excerpt":"The hateful eight\u00a0(Quentin Tarantino, USA 2015) (nota: possibili\u00a0spoiler, a vostro pericolo) L'altra sera ho visto l'ultimo di Tarantino: \u00e8 stato interessante vederlo a cos\u00ec breve distanza da\u00a0Revenant\u00a0perch\u00e9 i due film, per quanto\u00a0diversissimi, condividono in fondo il tentativo di parlare esclusivamente attraverso l'estetica. Premessa: se siete deboli di stomaco, non andate\u2026","rel":"","context":"In &quot;Cappe e spade&quot;","block_context":{"text":"Cappe e spade","link":"https:\/\/www.robertosedda.it\/?cat=70"},"img":{"alt_text":"","src":"https:\/\/i0.wp.com\/www.robertosedda.it\/wp-content\/uploads\/2016\/02\/Hateful-eight.jpg?fit=1200%2C808&ssl=1&resize=350%2C200","width":350,"height":200,"srcset":"https:\/\/i0.wp.com\/www.robertosedda.it\/wp-content\/uploads\/2016\/02\/Hateful-eight.jpg?fit=1200%2C808&ssl=1&resize=350%2C200 1x, https:\/\/i0.wp.com\/www.robertosedda.it\/wp-content\/uploads\/2016\/02\/Hateful-eight.jpg?fit=1200%2C808&ssl=1&resize=700%2C400 2x, https:\/\/i0.wp.com\/www.robertosedda.it\/wp-content\/uploads\/2016\/02\/Hateful-eight.jpg?fit=1200%2C808&ssl=1&resize=1050%2C600 3x"},"classes":[]},{"id":8612,"url":"https:\/\/www.robertosedda.it\/?p=8612","url_meta":{"origin":19125,"position":3},"title":"Il film che Woody Allen vorrebbe girare","author":"Rufus","date":"09\/10\/2014","format":"video","excerpt":"Tutto pu\u00f2 cambiare (John Carney, USA 2013) Non ho visto Once, il film precedente di John Carney, pluripremiato e citatissimo, quindi non sono in grado di dire se questo Tutto pu\u00f2 cambiare che mi sono goduto in anteprima grazie a\u00a0SardegnaOggi\u00a0e che ripropone temi e situazioni del film precedente\u00a0sia il prosieguo\u2026","rel":"","context":"In &quot;Coordinate&quot;","block_context":{"text":"Coordinate","link":"https:\/\/www.robertosedda.it\/?cat=52"},"img":{"alt_text":"","src":"https:\/\/i0.wp.com\/img.youtube.com\/vi\/8EX0uhfTyRA\/0.jpg?resize=350%2C200","width":350,"height":200},"classes":[]},{"id":18188,"url":"https:\/\/www.robertosedda.it\/?p=18188","url_meta":{"origin":19125,"position":4},"title":"Il ladro dell&#8217;anello e l&#8217;Anello","author":"Rufus","date":"14\/07\/2020","format":false,"excerpt":"Forse qualcuno ricorder\u00e0 da qualche articolo del blog che ho un certo interesse per gli oggetti che viaggiano e gli strani destini che li accompagnano. L'altro giorno mi \u00e8 passato sotto l'occhio una serie di tweet di qualcuno che non ricordo (credo un contatto di Harry Turtledove, che ritwitta tutte\u2026","rel":"","context":"In &quot;Coordinate&quot;","block_context":{"text":"Coordinate","link":"https:\/\/www.robertosedda.it\/?cat=52"},"img":{"alt_text":"","src":"https:\/\/i0.wp.com\/www.robertosedda.it\/wp-content\/uploads\/2020\/07\/Sevicianus-ring.jpg?fit=950%2C761&ssl=1&resize=350%2C200","width":350,"height":200,"srcset":"https:\/\/i0.wp.com\/www.robertosedda.it\/wp-content\/uploads\/2020\/07\/Sevicianus-ring.jpg?fit=950%2C761&ssl=1&resize=350%2C200 1x, https:\/\/i0.wp.com\/www.robertosedda.it\/wp-content\/uploads\/2020\/07\/Sevicianus-ring.jpg?fit=950%2C761&ssl=1&resize=700%2C400 2x"},"classes":[]},{"id":1784,"url":"https:\/\/www.robertosedda.it\/?p=1784","url_meta":{"origin":19125,"position":5},"title":"Crociere e fantasmi del passato","author":"Rufus","date":"24\/12\/2012","format":false,"excerpt":"Il milionario, Maj Sj\u00f6wall e Per Wahl\u00f6\u00f6, Sellerio 2012 Condivido con mia mamma la passione per la serie di gialli -\u00a0pardon, indagini sociologiche - con protagonista l'ispettore Martin Beck e i suoi colleghi della squadra omicidi della polizia di Stoccolma, scritti ormai quasi quarant'anni fa dalla coppia Maj Sj\u00f6wall e\u2026","rel":"","context":"In &quot;Cappe e spade&quot;","block_context":{"text":"Cappe e spade","link":"https:\/\/www.robertosedda.it\/?cat=70"},"img":{"alt_text":"","src":"https:\/\/i0.wp.com\/www.robertosedda.it\/wp-content\/uploads\/2012\/12\/2715-3.jpg?fit=224%2C313&ssl=1&resize=350%2C200","width":350,"height":200},"classes":[]}],"_links":{"self":[{"href":"https:\/\/www.robertosedda.it\/index.php?rest_route=\/wp\/v2\/posts\/19125"}],"collection":[{"href":"https:\/\/www.robertosedda.it\/index.php?rest_route=\/wp\/v2\/posts"}],"about":[{"href":"https:\/\/www.robertosedda.it\/index.php?rest_route=\/wp\/v2\/types\/post"}],"author":[{"embeddable":true,"href":"https:\/\/www.robertosedda.it\/index.php?rest_route=\/wp\/v2\/users\/1"}],"replies":[{"embeddable":true,"href":"https:\/\/www.robertosedda.it\/index.php?rest_route=%2Fwp%2Fv2%2Fcomments&post=19125"}],"version-history":[{"count":4,"href":"https:\/\/www.robertosedda.it\/index.php?rest_route=\/wp\/v2\/posts\/19125\/revisions"}],"predecessor-version":[{"id":19130,"href":"https:\/\/www.robertosedda.it\/index.php?rest_route=\/wp\/v2\/posts\/19125\/revisions\/19130"}],"wp:featuredmedia":[{"embeddable":true,"href":"https:\/\/www.robertosedda.it\/index.php?rest_route=\/wp\/v2\/media\/19126"}],"wp:attachment":[{"href":"https:\/\/www.robertosedda.it\/index.php?rest_route=%2Fwp%2Fv2%2Fmedia&parent=19125"}],"wp:term":[{"taxonomy":"category","embeddable":true,"href":"https:\/\/www.robertosedda.it\/index.php?rest_route=%2Fwp%2Fv2%2Fcategories&post=19125"},{"taxonomy":"post_tag","embeddable":true,"href":"https:\/\/www.robertosedda.it\/index.php?rest_route=%2Fwp%2Fv2%2Ftags&post=19125"}],"curies":[{"name":"wp","href":"https:\/\/api.w.org\/{rel}","templated":true}]}}