{"id":19043,"date":"2022-01-18T11:22:36","date_gmt":"2022-01-18T10:22:36","guid":{"rendered":"http:\/\/www.robertosedda.it\/?p=19043"},"modified":"2022-01-18T11:23:13","modified_gmt":"2022-01-18T10:23:13","slug":"insopportabilmente-americano-ma","status":"publish","type":"post","link":"https:\/\/www.robertosedda.it\/?p=19043","title":{"rendered":"Insopportabilmente americano, ma&#8230;"},"content":{"rendered":"\n<div class=\"wp-block-image\"><figure class=\"alignleft size-full\"><img data-attachment-id=\"13063\" data-permalink=\"https:\/\/www.robertosedda.it\/?attachment_id=13063\" data-orig-file=\"https:\/\/i0.wp.com\/www.robertosedda.it\/wp-content\/uploads\/2017\/01\/The-well.jpeg?fit=225%2C225&amp;ssl=1\" data-orig-size=\"225,225\" data-comments-opened=\"1\" data-image-meta=\"{&quot;aperture&quot;:&quot;0&quot;,&quot;credit&quot;:&quot;&quot;,&quot;camera&quot;:&quot;&quot;,&quot;caption&quot;:&quot;&quot;,&quot;created_timestamp&quot;:&quot;0&quot;,&quot;copyright&quot;:&quot;&quot;,&quot;focal_length&quot;:&quot;0&quot;,&quot;iso&quot;:&quot;0&quot;,&quot;shutter_speed&quot;:&quot;0&quot;,&quot;title&quot;:&quot;&quot;,&quot;orientation&quot;:&quot;0&quot;}\" data-image-title=\"The well\" data-image-description=\"\" data-image-caption=\"\" data-medium-file=\"https:\/\/i0.wp.com\/www.robertosedda.it\/wp-content\/uploads\/2017\/01\/The-well.jpeg?fit=225%2C225&amp;ssl=1\" data-large-file=\"https:\/\/i0.wp.com\/www.robertosedda.it\/wp-content\/uploads\/2017\/01\/The-well.jpeg?fit=225%2C225&amp;ssl=1\" decoding=\"async\" loading=\"lazy\" width=\"225\" height=\"225\" src=\"https:\/\/i0.wp.com\/www.robertosedda.it\/wp-content\/uploads\/2017\/01\/The-well.jpeg?resize=225%2C225\" alt=\"\" class=\"wp-image-13063\" srcset=\"https:\/\/i0.wp.com\/www.robertosedda.it\/wp-content\/uploads\/2017\/01\/The-well.jpeg?w=225&amp;ssl=1 225w, https:\/\/i0.wp.com\/www.robertosedda.it\/wp-content\/uploads\/2017\/01\/The-well.jpeg?resize=150%2C150&amp;ssl=1 150w, https:\/\/i0.wp.com\/www.robertosedda.it\/wp-content\/uploads\/2017\/01\/The-well.jpeg?resize=100%2C100&amp;ssl=1 100w\" sizes=\"(max-width: 225px) 100vw, 225px\" data-recalc-dims=\"1\" \/><\/figure><\/div>\n\n\n\n<p>SI \u00e8 chiuso oggi lo <em>State of the world 2022<\/em>, la conversazione promossa ogni anno da Bruce Sterling e Jon Lebkowsky. Devo dire che, rispetto agli altri anni, l&#8217;ho trovata piena di difetti e insopportabilmente americanocentrica &#8211; tristemente, soprattutto negli ospiti pi\u00f9 di sinistra, ecologisti e <em>impegnati<\/em> &#8211; ma resta comunque una delle letture pi\u00f9 interessanti del mese.<\/p>\n\n\n\n<p>Paradossalmente, fra i quattro conversatori principali quello con cui mi sono pi\u00f9 spesso trovato in linea \u00e8 stato Vinay Gupta, che \u00e8 un imprenditore della <em>blockchain<\/em>, non proprio la mia trib\u00f9 (poi c&#8217;\u00e8 stata una visita di <a href=\"http:\/\/www.robertosedda.it\/?p=18604\" data-type=\"post\" data-id=\"18604\">Cory Doctorow<\/a>, e davvero non c&#8217;\u00e8 partita col resto).<\/p>\n\n\n\n<p>Citazione illuminante che mi porto via, e che segnala che la conversazione, per quanto interessante, non \u00e8 stata proprio amena (d&#8217;altra parte  dopo il 2020 e il 2021 e con tutto quello che c&#8217;\u00e8 gi\u00e0 stato quest&#8217;anno, non poteva essere altrimenti): \u00abLo stato del mondo \u00e8 malato. E quando sei malato e non riesci a guarire, allora entri in un&#8217;altra dimensione: sei un invalido\u00bb.<\/p>\n\n\n\n<p><\/p>\n","protected":false},"excerpt":{"rendered":"<p>Quando sei malato e non riesci a guarire, allora entri in un&#8217;altra dimensione: sei un invalido.<\/p>\n","protected":false},"author":1,"featured_media":13063,"comment_status":"open","ping_status":"open","sticky":false,"template":"","format":"standard","meta":{"_mi_skip_tracking":false,"_monsterinsights_sitenote_active":false,"_monsterinsights_sitenote_note":"","_monsterinsights_sitenote_category":0,"jetpack_post_was_ever_published":false,"_jetpack_newsletter_access":"","jetpack_publicize_message":"Quando sei malato e non riesci a guarire, allora entri in un'altra dimensione: sei un invalido.","jetpack_is_tweetstorm":false,"jetpack_publicize_feature_enabled":true,"jetpack_social_post_already_shared":true,"jetpack_social_options":{"image_generator_settings":{"template":"highway","enabled":false}}},"categories":[52,57,59,95,16],"tags":[],"jetpack_publicize_connections":[],"jetpack_featured_media_url":"https:\/\/i0.wp.com\/www.robertosedda.it\/wp-content\/uploads\/2017\/01\/The-well.jpeg?fit=225%2C225&ssl=1","jetpack_sharing_enabled":true,"jetpack_shortlink":"https:\/\/wp.me\/p4jV2T-4X9","jetpack_likes_enabled":true,"jetpack-related-posts":[{"id":17145,"url":"https:\/\/www.robertosedda.it\/?p=17145","url_meta":{"origin":19043,"position":0},"title":"Vacanze anacronistiche e creative","author":"Rufus","date":"04\/09\/2019","format":false,"excerpt":"Il sito Medievalists.net riporta un divertente reportage di Ken Mondschein sulla Pennsic War, un evento medievaleggiante che si tiene ormai da quarantotto anni in Pennsylvania, organizzato dalla benemerita Societ\u00e0 per l'Anacronismo Creativo. L'articolo \u00e8 divertente e interessante. La riflessione che mi veniva da fare, casomai, \u00e8 come Pennsic e altre\u2026","rel":"","context":"In &quot;Coordinate&quot;","block_context":{"text":"Coordinate","link":"https:\/\/www.robertosedda.it\/?cat=52"},"img":{"alt_text":"","src":"https:\/\/i0.wp.com\/www.robertosedda.it\/wp-content\/uploads\/2019\/09\/Pennsic.jpg?fit=1024%2C684&ssl=1&resize=350%2C200","width":350,"height":200,"srcset":"https:\/\/i0.wp.com\/www.robertosedda.it\/wp-content\/uploads\/2019\/09\/Pennsic.jpg?fit=1024%2C684&ssl=1&resize=350%2C200 1x, https:\/\/i0.wp.com\/www.robertosedda.it\/wp-content\/uploads\/2019\/09\/Pennsic.jpg?fit=1024%2C684&ssl=1&resize=700%2C400 2x"},"classes":[]},{"id":2900,"url":"https:\/\/www.robertosedda.it\/?p=2900","url_meta":{"origin":19043,"position":1},"title":"Divagazioni sul Presidente della Repubblica &#8211; 1","author":"Rufus","date":"18\/04\/2013","format":false,"excerpt":"Stavo ieri per pubblicare alcuni elementi di perplessit\u00e0 sulla candidatura di Milena Gabanelli al Quirinale, poi un po' di telefonate di lungo corso e l'esigenza di preparare la cena mi hanno\u00a0allontanato dalla tastiera: visto che le ho pensate le scrivo comunque, anche se nel frattempo c'\u00e8 stata la rinuncia alla\u2026","rel":"","context":"In &quot;Coordinate&quot;","block_context":{"text":"Coordinate","link":"https:\/\/www.robertosedda.it\/?cat=52"},"img":{"alt_text":"","src":"","width":0,"height":0},"classes":[]},{"id":2955,"url":"https:\/\/www.robertosedda.it\/?p=2955","url_meta":{"origin":19043,"position":2},"title":"Gioca la storia","author":"Rufus","date":"21\/04\/2013","format":false,"excerpt":"Trattandosi di un libro che ho contribuito a scrivere recensire Gioca la storia mi sembrerebbe davvero di cattivo gusto. Per\u00f2 mi sono reso conto che poteva essere interessante mettere gi\u00f9 qualche nota di scrittura invece di una nota di lettura: poteva essere utile, intendo dire, per comprendere meglio il libro,\u2026","rel":"","context":"In &quot;Giochi&quot;","block_context":{"text":"Giochi","link":"https:\/\/www.robertosedda.it\/?cat=9"},"img":{"alt_text":"","src":"","width":0,"height":0},"classes":[]},{"id":13012,"url":"https:\/\/www.robertosedda.it\/?p=13012","url_meta":{"origin":19043,"position":3},"title":"La principessa che non c&#8217;era","author":"Rufus","date":"29\/12\/2016","format":"video","excerpt":"Oceania (Ron Clements e John Musker, USA 2016) La sera di Natale ho visto con l'intera famiglia e soprattutto le nipotine Oceania, l'ultima produzione della Disney. La cosa che pi\u00f9 mi ha colpito, avendo ripassato da poco l'argomento per il seminario Please insert story dei Fabbricastorie, \u00e8 stato osservare quanto\u2026","rel":"","context":"In &quot;Coordinate&quot;","block_context":{"text":"Coordinate","link":"https:\/\/www.robertosedda.it\/?cat=52"},"img":{"alt_text":"","src":"https:\/\/i0.wp.com\/img.youtube.com\/vi\/DZHkAx2qc-s\/0.jpg?resize=350%2C200","width":350,"height":200},"classes":[]},{"id":6964,"url":"https:\/\/www.robertosedda.it\/?p=6964","url_meta":{"origin":19043,"position":4},"title":"Allo Skepto","author":"Rufus","date":"15\/04\/2014","format":"video","excerpt":"Nel fine settimana sono stato con Maria Bonaria a un paio di sessioni dello\u00a0Skepto, il festival internazionale di cortometraggi che si tiene a Cagliari, in parte per avere l'occasione di salutare Petter Skafle Henriksen che accompagnava il suo The boy and the abyss. Fra i corti che ho visto ho\u2026","rel":"","context":"In &quot;Coordinate&quot;","block_context":{"text":"Coordinate","link":"https:\/\/www.robertosedda.it\/?cat=52"},"img":{"alt_text":"","src":"https:\/\/i0.wp.com\/i.vimeocdn.com\/video\/447843926_640.jpg?resize=350%2C200","width":350,"height":200},"classes":[]},{"id":605,"url":"https:\/\/www.robertosedda.it\/?p=605","url_meta":{"origin":19043,"position":5},"title":"Uso personale di ultimotriennio","author":"Rufus","date":"22\/08\/2012","format":"video","excerpt":"Oggi chiedo ospitalit\u00e0 al blog per una mia esigenza personale. Mi \u00e8 capitato ieri di sentirmi chiedere a bruciapelo cosa \u00e8 l'Azione Cattolica. Devo dire che non me l'aspettavo e in qualche modo non sono abituato: fra le persone che frequento, la maggior parte mi conosce da tempo e sa\u2026","rel":"","context":"In &quot;Azione Cattolica&quot;","block_context":{"text":"Azione Cattolica","link":"https:\/\/www.robertosedda.it\/?cat=76"},"img":{"alt_text":"","src":"https:\/\/i0.wp.com\/img.youtube.com\/vi\/JS_t6CJK7bI\/0.jpg?resize=350%2C200","width":350,"height":200},"classes":[]}],"_links":{"self":[{"href":"https:\/\/www.robertosedda.it\/index.php?rest_route=\/wp\/v2\/posts\/19043"}],"collection":[{"href":"https:\/\/www.robertosedda.it\/index.php?rest_route=\/wp\/v2\/posts"}],"about":[{"href":"https:\/\/www.robertosedda.it\/index.php?rest_route=\/wp\/v2\/types\/post"}],"author":[{"embeddable":true,"href":"https:\/\/www.robertosedda.it\/index.php?rest_route=\/wp\/v2\/users\/1"}],"replies":[{"embeddable":true,"href":"https:\/\/www.robertosedda.it\/index.php?rest_route=%2Fwp%2Fv2%2Fcomments&post=19043"}],"version-history":[{"count":2,"href":"https:\/\/www.robertosedda.it\/index.php?rest_route=\/wp\/v2\/posts\/19043\/revisions"}],"predecessor-version":[{"id":19045,"href":"https:\/\/www.robertosedda.it\/index.php?rest_route=\/wp\/v2\/posts\/19043\/revisions\/19045"}],"wp:featuredmedia":[{"embeddable":true,"href":"https:\/\/www.robertosedda.it\/index.php?rest_route=\/wp\/v2\/media\/13063"}],"wp:attachment":[{"href":"https:\/\/www.robertosedda.it\/index.php?rest_route=%2Fwp%2Fv2%2Fmedia&parent=19043"}],"wp:term":[{"taxonomy":"category","embeddable":true,"href":"https:\/\/www.robertosedda.it\/index.php?rest_route=%2Fwp%2Fv2%2Fcategories&post=19043"},{"taxonomy":"post_tag","embeddable":true,"href":"https:\/\/www.robertosedda.it\/index.php?rest_route=%2Fwp%2Fv2%2Ftags&post=19043"}],"curies":[{"name":"wp","href":"https:\/\/api.w.org\/{rel}","templated":true}]}}