{"id":19035,"date":"2022-01-19T12:25:18","date_gmt":"2022-01-19T11:25:18","guid":{"rendered":"http:\/\/www.robertosedda.it\/?p=19035"},"modified":"2022-01-19T12:25:24","modified_gmt":"2022-01-19T11:25:24","slug":"la-piaga-infetta-di-guantanamo","status":"publish","type":"post","link":"https:\/\/www.robertosedda.it\/?p=19035","title":{"rendered":"La piaga infetta di Guant\u00e1namo"},"content":{"rendered":"\n<p>Ho scoperto recentemente, ma non ho il tempo di tradurlo e quindi posso solo suggerirne la lettura in originale, un <a href=\"https:\/\/www.newyorker.com\/magazine\/2019\/04\/22\/guantanamos-darkest-secret\">articolo<\/a> straordinario del 2019 del <em>New Yorker<\/em> che racconta cos\u00ec tante cose assieme che non so neanche da che parte cominciare per riassumerle.<\/p>\n\n\n\n<figure class=\"wp-block-image alignwide size-full\"><img data-attachment-id=\"19051\" data-permalink=\"https:\/\/www.robertosedda.it\/?attachment_id=19051\" data-orig-file=\"https:\/\/i0.wp.com\/www.robertosedda.it\/wp-content\/uploads\/2022\/01\/Guantanamo.jpg?fit=1902%2C866&amp;ssl=1\" data-orig-size=\"1902,866\" data-comments-opened=\"1\" data-image-meta=\"{&quot;aperture&quot;:&quot;0&quot;,&quot;credit&quot;:&quot;Roberto Sedda&quot;,&quot;camera&quot;:&quot;&quot;,&quot;caption&quot;:&quot;&quot;,&quot;created_timestamp&quot;:&quot;1642586827&quot;,&quot;copyright&quot;:&quot;&quot;,&quot;focal_length&quot;:&quot;0&quot;,&quot;iso&quot;:&quot;0&quot;,&quot;shutter_speed&quot;:&quot;0&quot;,&quot;title&quot;:&quot;&quot;,&quot;orientation&quot;:&quot;0&quot;}\" data-image-title=\"Guantanamo\" data-image-description=\"\" data-image-caption=\"\" data-medium-file=\"https:\/\/i0.wp.com\/www.robertosedda.it\/wp-content\/uploads\/2022\/01\/Guantanamo.jpg?fit=300%2C137&amp;ssl=1\" data-large-file=\"https:\/\/i0.wp.com\/www.robertosedda.it\/wp-content\/uploads\/2022\/01\/Guantanamo.jpg?fit=510%2C232&amp;ssl=1\" decoding=\"async\" loading=\"lazy\" width=\"800\" height=\"364\" src=\"https:\/\/i0.wp.com\/www.robertosedda.it\/wp-content\/uploads\/2022\/01\/Guantanamo.jpg?resize=800%2C364\" alt=\"\" class=\"wp-image-19051\" srcset=\"https:\/\/i0.wp.com\/www.robertosedda.it\/wp-content\/uploads\/2022\/01\/Guantanamo.jpg?w=1902&amp;ssl=1 1902w, https:\/\/i0.wp.com\/www.robertosedda.it\/wp-content\/uploads\/2022\/01\/Guantanamo.jpg?resize=300%2C137&amp;ssl=1 300w, https:\/\/i0.wp.com\/www.robertosedda.it\/wp-content\/uploads\/2022\/01\/Guantanamo.jpg?resize=510%2C232&amp;ssl=1 510w, https:\/\/i0.wp.com\/www.robertosedda.it\/wp-content\/uploads\/2022\/01\/Guantanamo.jpg?resize=150%2C68&amp;ssl=1 150w, https:\/\/i0.wp.com\/www.robertosedda.it\/wp-content\/uploads\/2022\/01\/Guantanamo.jpg?resize=1536%2C699&amp;ssl=1 1536w, https:\/\/i0.wp.com\/www.robertosedda.it\/wp-content\/uploads\/2022\/01\/Guantanamo.jpg?w=1600 1600w\" sizes=\"(max-width: 800px) 100vw, 800px\" data-recalc-dims=\"1\" \/><\/figure>\n\n\n\n<p>Stiamo parlando del <a href=\"https:\/\/it.wikipedia.org\/wiki\/Campo_di_prigionia_di_Guant%C3%A1namo\">campo di prigionia di Guant\u00e1namo<\/a>, quindi lo scenario \u00e8 chiaramente quello della <em>guerra al terrore<\/em>, un capitolo della storia recente sul quale, fra l&#8217;altro, mi pare che la riflessione e il ripensamento sia ancora del tutto assente, anche di fronte a avvenimenti epocali come il ritorno al potere dei Talebani in Afghanistan.<\/p>\n\n\n\n<p>La storia \u00e8, prima di tutto, quella di un disagio: un militare americano di stanza a Guant\u00e1namo vive una sorta di curioso  meccanismo di Sindrome di Stoccolma al contrario rispetto al prigioniero &#8211; importantissimo, specialissimo, pericolosissimo &#8211; e passa dall&#8217;essere un ragazzotto di campagna stolido, conservatore, cristiano e ignorante a diventare una persona inquieta, studiosa, di religione mussulmana e aperto ai problemi del mondo.<\/p>\n\n\n\n<p>Sarebbe gi\u00e0 una storia notevole, ma quella che prende piede man mano \u00e8, in parallelo, la storia del prigioniero: che a sua volta nella lettura si scopre non essere importantissimo, specialissimo e pericolosissimo ma, sostanzialmente, un povero diavolo di nessuna importanza imprigionato in una situazione che al confronto Kafka \u00e8 uno stimato barzellettiere. C&#8217;\u00e8 tutto un gioco di rimandi, di specchi e di <em>transfer<\/em> fra il prigioniero e il custode &#8211; in fondo in questi luoghi di isolamento la realt\u00e0 si sfrangia e non \u00e8 sempre chiarissimo chi tenga prigioniero chi.<\/p>\n\n\n\n<p>Gi\u00e0 cos\u00ec l&#8217;articolo sarebbe, come capite, interessantissimo. Quello che mi ha sorpreso di pi\u00f9, per\u00f2, \u00e8 il racconto di tutto il contorno, in particolare la stupidit\u00e0 crudele, o la crudelt\u00e0 stupida, dell&#8217;apparato repressivo paranoide, disumano e incompetente messo in piedi dagli USA, una dimensione che non \u00e8 propriamente sconosciuta per chi era gi\u00e0 adulto all&#8217;11 settembre ma che qui appare con una plasticit\u00e0 davvero impressionante.<\/p>\n\n\n\n<p>Per dire: proprio in questi giorni apprendiamo di un atto terroristico contro una sinagoga in Texas che mirava a ottenere la liberazione di <a href=\"https:\/\/theprint.in\/world\/aafia-siddiqui-pakistani-american-jihadi-living-martyr-for-whom-57-people-have-been-killed\/805007\/\">Aafia Siddiqui<\/a>, condannata negli Stati Uniti a 86 anni di carcere per atti di terrorismo legati a al-Qaeda. Ecco: a usare come metro di giudizio le vicende raccontate in questo articolo, Siddiqui \u00e8 innocente. \u00c8 sicuramente innocente. Poi \u00e8 chiaro che io non lo posso sapere, ma il punto \u00e8 che si scopre che il gigante della ricostruzione giudiziaria e di <em>intelligence<\/em> del terrorismo di al-Qaeda fatta dagli americani ha i piedi di argilla, e quindi \u00e8 lecito dubitare (cosa che renderebbe ancora pi\u00f9 importante tirare le somme di tutta la vicenda ora che sono ormai passati vent&#8217;anni, e non lasciarla scivolare nel dimenticatoio).<\/p>\n\n\n\n<p>Mentre preparavo questa segnalazione scopro che della vicenda narrata nell&#8217;articolo \u00e8 stato tratto nel 2021 un film, <em><a href=\"https:\/\/it.wikipedia.org\/wiki\/The_Mauritanian\">The Mauritanian<\/a><\/em>, che vedo disponibile su <em>Prime<\/em> per chi fosse interessato (in realt\u00e0, secondo me anche il precedente <em><a href=\"https:\/\/it.wikipedia.org\/wiki\/Camp_X-Ray\">Camp X-ray<\/a><\/em> racconta, grosso modo, la stessa storia).<\/p>\n","protected":false},"excerpt":{"rendered":"<p>Ho scoperto recentemente, ma non ho il tempo di tradurlo e quindi posso solo suggerirne la lettura in originale, un<\/p>\n","protected":false},"author":1,"featured_media":19051,"comment_status":"open","ping_status":"open","sticky":false,"template":"","format":"standard","meta":{"_mi_skip_tracking":false,"_monsterinsights_sitenote_active":false,"_monsterinsights_sitenote_note":"","_monsterinsights_sitenote_category":0,"jetpack_post_was_ever_published":false,"_jetpack_newsletter_access":"","jetpack_publicize_message":"Da un gioco di rimandi, di specchi e di transfer fra carcerato e carceriere un bellissimo articolo che racconta la la stupidit\u00e0 crudele, o la crudelt\u00e0 stupida, dell'apparato repressivo paranoide, disumano e incompetente della war on terror USA","jetpack_is_tweetstorm":false,"jetpack_publicize_feature_enabled":true,"jetpack_social_post_already_shared":true,"jetpack_social_options":{"image_generator_settings":{"template":"highway","enabled":false}}},"categories":[52,57,95,58,16],"tags":[],"jetpack_publicize_connections":[],"jetpack_featured_media_url":"https:\/\/i0.wp.com\/www.robertosedda.it\/wp-content\/uploads\/2022\/01\/Guantanamo.jpg?fit=1902%2C866&ssl=1","jetpack_sharing_enabled":true,"jetpack_shortlink":"https:\/\/wp.me\/p4jV2T-4X1","jetpack_likes_enabled":true,"jetpack-related-posts":[{"id":6603,"url":"https:\/\/www.robertosedda.it\/?p=6603","url_meta":{"origin":19035,"position":0},"title":"Un breve e bizzarro avviso terminologico","author":"Rufus","date":"28\/02\/2014","format":false,"excerpt":"Una delle cose che mi piace moltissimo dei soci spagnoli di Banca Etica \u00e8 che usano con grandissima facilit\u00e0 una parola che in italiano ha conosciuto una sfortuna crescente: compa\u00f1ero, compagno, e che evidentemente da loro ha resistito meglio alle avversit\u00e0 della storia. E quindi ho deciso che se lo\u2026","rel":"","context":"In &quot;Coordinate&quot;","block_context":{"text":"Coordinate","link":"https:\/\/www.robertosedda.it\/?cat=52"},"img":{"alt_text":"","src":"https:\/\/i0.wp.com\/www.robertosedda.it\/wp-content\/uploads\/2014\/02\/Roberto-Sedda.jpg?fit=477%2C720&ssl=1&resize=350%2C200","width":350,"height":200},"classes":[]},{"id":15918,"url":"https:\/\/www.robertosedda.it\/?p=15918","url_meta":{"origin":19035,"position":1},"title":"Alessio","author":"Rufus","date":"04\/12\/2018","format":false,"excerpt":"Domenica mattina io e i\u00a0Fabbricastorie siamo andati all'Auditorium Comunale per fare Mondi che funzionano al festival\u00a0LEI. C'era poca gente, una condizione che sempre ti procura un sacco di pensieri: dovevamo fare pi\u00f9 pubblicit\u00e0? Se abbiamo coinvolto poca gente cosa penser\u00e0 di noi il festival che ci ospita? O magari sono\u2026","rel":"","context":"In &quot;Coordinate&quot;","block_context":{"text":"Coordinate","link":"https:\/\/www.robertosedda.it\/?cat=52"},"img":{"alt_text":"","src":"https:\/\/i0.wp.com\/www.robertosedda.it\/wp-content\/uploads\/2018\/11\/Mondi-che-funzionano.jpg?fit=960%2C720&ssl=1&resize=350%2C200","width":350,"height":200,"srcset":"https:\/\/i0.wp.com\/www.robertosedda.it\/wp-content\/uploads\/2018\/11\/Mondi-che-funzionano.jpg?fit=960%2C720&ssl=1&resize=350%2C200 1x, https:\/\/i0.wp.com\/www.robertosedda.it\/wp-content\/uploads\/2018\/11\/Mondi-che-funzionano.jpg?fit=960%2C720&ssl=1&resize=700%2C400 2x"},"classes":[]},{"id":8792,"url":"https:\/\/www.robertosedda.it\/?p=8792","url_meta":{"origin":19035,"position":2},"title":"Storie d&#8217;amore cercansi","author":"Rufus","date":"04\/11\/2014","format":false,"excerpt":"Credo sappiate che quest'anno per\u00a0Oggi parliamo di libri\u00a0tratto libri che raccontano di grandi storie d'amore, cercando di rimanere per quanto possibile nel campo che mi \u00e8 pi\u00f9 congeniale della letteratura di genere. Sinora ho dedicato una puntata\u00a0nell'ordine a\u00a0Orgoglio e pregiudizio,\u00a0Dracula,\u00a0Romeo e Giulietta,\u00a0Il Corsaro Nero,\u00a0L'ultimo dei Mohicani,\u00a0Davide Copperfield, Grandi speranze,\u00a0L'amore ai\u2026","rel":"","context":"In &quot;Coordinate&quot;","block_context":{"text":"Coordinate","link":"https:\/\/www.robertosedda.it\/?cat=52"},"img":{"alt_text":"","src":"https:\/\/i0.wp.com\/www.robertosedda.it\/wp-content\/uploads\/2013\/12\/Peeta-Katniss.jpg?fit=500%2C500&ssl=1&resize=350%2C200","width":350,"height":200},"classes":[]},{"id":11236,"url":"https:\/\/www.robertosedda.it\/?p=11236","url_meta":{"origin":19035,"position":3},"title":"I Fabbricastorie da Tuttestorie","author":"Rufus","date":"01\/12\/2015","format":false,"excerpt":"Dice (Beniamino Sidoti) che facciamo cose insieme perch\u00e9 abbiamo lo stesso cognome (\"Storie\") e quindi siamo cugini.","rel":"","context":"In &quot;Coordinate&quot;","block_context":{"text":"Coordinate","link":"https:\/\/www.robertosedda.it\/?cat=52"},"img":{"alt_text":"","src":"https:\/\/i0.wp.com\/www.robertosedda.it\/wp-content\/uploads\/2015\/12\/Fabbricastorie-da-Tutte-Storie.jpg?fit=681%2C960&ssl=1&resize=350%2C200","width":350,"height":200},"classes":[]},{"id":3500,"url":"https:\/\/www.robertosedda.it\/?p=3500","url_meta":{"origin":19035,"position":4},"title":"A giro p\u00e0 ru mundu","author":"Rufus","date":"11\/06\/2013","format":"video","excerpt":"\u00abMa tu sei sempre a giro p\u00e0 ru mundu?\u00bb, in giro per il mondo, disse la nonna a Stefano Cucca. Stefano era appena tornato da un viaggio e la nonna, bonariamente, lo prendeva in giro. Avesse saputo. Perch\u00e9 Stefano il giro del mondo intero lo far\u00e0 veramente (e, in suo\u2026","rel":"","context":"In &quot;Biografie&quot;","block_context":{"text":"Biografie","link":"https:\/\/www.robertosedda.it\/?cat=83"},"img":{"alt_text":"","src":"https:\/\/i0.wp.com\/www.robertosedda.it\/wp-content\/uploads\/2013\/06\/Rumundu.jpg?fit=730%2C411&ssl=1&resize=350%2C200","width":350,"height":200,"srcset":"https:\/\/i0.wp.com\/www.robertosedda.it\/wp-content\/uploads\/2013\/06\/Rumundu.jpg?fit=730%2C411&ssl=1&resize=350%2C200 1x, https:\/\/i0.wp.com\/www.robertosedda.it\/wp-content\/uploads\/2013\/06\/Rumundu.jpg?fit=730%2C411&ssl=1&resize=700%2C400 2x"},"classes":[]},{"id":2910,"url":"https:\/\/www.robertosedda.it\/?p=2910","url_meta":{"origin":19035,"position":5},"title":"L&#8217;isola del tesoro","author":"Rufus","date":"19\/04\/2013","format":"video","excerpt":"Ho messo stamattina in linea la puntata di Oggi parliamo di libri dedicata a L'isola del tesoro di Stevenson. Una puntata che, lo dico a scanso di equivoci, non potete non ascoltare perch\u00e9 mia mamma dice che sono stato molto \"bravo\" e \"colto\", e quindi evidentemente \u00e8 una puntata che\u2026","rel":"","context":"In &quot;Cappe e spade&quot;","block_context":{"text":"Cappe e spade","link":"https:\/\/www.robertosedda.it\/?cat=70"},"img":{"alt_text":"","src":"https:\/\/i0.wp.com\/www.robertosedda.it\/wp-content\/uploads\/2013\/04\/lisola-del-tesoro-di-rlstevenson.jpg?fit=440%2C322&ssl=1&resize=350%2C200","width":350,"height":200},"classes":[]}],"_links":{"self":[{"href":"https:\/\/www.robertosedda.it\/index.php?rest_route=\/wp\/v2\/posts\/19035"}],"collection":[{"href":"https:\/\/www.robertosedda.it\/index.php?rest_route=\/wp\/v2\/posts"}],"about":[{"href":"https:\/\/www.robertosedda.it\/index.php?rest_route=\/wp\/v2\/types\/post"}],"author":[{"embeddable":true,"href":"https:\/\/www.robertosedda.it\/index.php?rest_route=\/wp\/v2\/users\/1"}],"replies":[{"embeddable":true,"href":"https:\/\/www.robertosedda.it\/index.php?rest_route=%2Fwp%2Fv2%2Fcomments&post=19035"}],"version-history":[{"count":2,"href":"https:\/\/www.robertosedda.it\/index.php?rest_route=\/wp\/v2\/posts\/19035\/revisions"}],"predecessor-version":[{"id":19055,"href":"https:\/\/www.robertosedda.it\/index.php?rest_route=\/wp\/v2\/posts\/19035\/revisions\/19055"}],"wp:featuredmedia":[{"embeddable":true,"href":"https:\/\/www.robertosedda.it\/index.php?rest_route=\/wp\/v2\/media\/19051"}],"wp:attachment":[{"href":"https:\/\/www.robertosedda.it\/index.php?rest_route=%2Fwp%2Fv2%2Fmedia&parent=19035"}],"wp:term":[{"taxonomy":"category","embeddable":true,"href":"https:\/\/www.robertosedda.it\/index.php?rest_route=%2Fwp%2Fv2%2Fcategories&post=19035"},{"taxonomy":"post_tag","embeddable":true,"href":"https:\/\/www.robertosedda.it\/index.php?rest_route=%2Fwp%2Fv2%2Ftags&post=19035"}],"curies":[{"name":"wp","href":"https:\/\/api.w.org\/{rel}","templated":true}]}}