{"id":19031,"date":"2021-12-23T10:10:03","date_gmt":"2021-12-23T09:10:03","guid":{"rendered":"http:\/\/www.robertosedda.it\/?p=19031"},"modified":"2022-01-19T11:04:06","modified_gmt":"2022-01-19T10:04:06","slug":"librerie-privatizzate","status":"publish","type":"post","link":"https:\/\/www.robertosedda.it\/?p=19031","title":{"rendered":"Biblioteche privatizzate"},"content":{"rendered":"\n<p>Non ho il tempo di tradurlo, ma mi sembra opportuno segnalare questa <a href=\"https:\/\/fair.org\/home\/a-for-profit-company-is-trying-to-privatize-as-many-public-libraries-as-they-can\/\">intervista<\/a> a un bibliotecario statunitense (che segue un suo <a href=\"https:\/\/truthout.org\/articles\/public-private-partnerships-are-quietly-hollowing-out-our-public-libraries\/\">articolo<\/a> pubblicato su un altro sito), che racconta la privatizzazione crescente delle librerie pubbliche americane.<\/p>\n\n\n\n<p>Alcune meccaniche, per esempio la sprofessionalizzazione dei lavoratori delle biblioteche, sono simili a meccaniche che vediamo anche in Italia in molte cooperative (reali o di facciata), e il fenomeno si iscrive comunque nella capacit\u00e0 perversa del capitalismo americano di privatizzare qualunque servizio pubblico, anche i pi\u00f9 improbabili. Rispetto a quello che ci possiamo immaginare, per\u00f2, ci sono alcuni elementi di maggiore preoccupazione; per esempio, non parliamo di cooperative pi\u00f9 o meno locali, ma della costruzione di una posizione monopolistica <em>nazionale<\/em> e centralizzata e dell&#8217;assunzione del servizio anche in termini della presa delle decisioni di indirizzo politico e strategico, di fatto sottraendo al controllo della comunit\u00e0 locale un importante strumento culturale.<\/p>\n","protected":false},"excerpt":{"rendered":"<p>Non ho il tempo di tradurlo, ma mi sembra opportuno segnalare questa intervista a un bibliotecario statunitense (che segue un<\/p>\n","protected":false},"author":1,"featured_media":19032,"comment_status":"open","ping_status":"open","sticky":false,"template":"","format":"standard","meta":{"_mi_skip_tracking":false,"_monsterinsights_sitenote_active":false,"_monsterinsights_sitenote_note":"","_monsterinsights_sitenote_category":0,"jetpack_post_was_ever_published":false,"_jetpack_newsletter_access":"","jetpack_publicize_message":"","jetpack_is_tweetstorm":false,"jetpack_publicize_feature_enabled":true,"jetpack_social_post_already_shared":true,"jetpack_social_options":{"image_generator_settings":{"template":"highway","enabled":false}}},"categories":[52,55,77,95,16],"tags":[],"jetpack_publicize_connections":[],"jetpack_featured_media_url":"https:\/\/i0.wp.com\/www.robertosedda.it\/wp-content\/uploads\/2021\/12\/Biblioteche.jpg?fit=1066%2C705&ssl=1","jetpack_sharing_enabled":true,"jetpack_shortlink":"https:\/\/wp.me\/p4jV2T-4WX","jetpack_likes_enabled":true,"jetpack-related-posts":[{"id":3392,"url":"https:\/\/www.robertosedda.it\/?p=3392","url_meta":{"origin":19031,"position":0},"title":"Di parole mi occupo","author":"Rufus","date":"02\/06\/2013","format":false,"excerpt":"La riflessione qui sotto \u00e8 di Beniamino Sidoti, un amico mio e dei Fabbricastorie, scrittore, editore, autore di giochi, formatore, organizzatore, giornalista: insomma uno che in tante vesti e per diversi motivi si \u00e8 misurato con gli effetti della politica culturale del nostro Paese. \u00c8 un testo che condivido e\u2026","rel":"","context":"In &quot;Coordinate&quot;","block_context":{"text":"Coordinate","link":"https:\/\/www.robertosedda.it\/?cat=52"},"img":{"alt_text":"","src":"","width":0,"height":0},"classes":[]},{"id":8404,"url":"https:\/\/www.robertosedda.it\/?p=8404","url_meta":{"origin":19031,"position":1},"title":"I consigli del venerd\u00ec &#8211; 1","author":"Rufus","date":"12\/09\/2014","format":"video","excerpt":"Quasi #FF ma senza\u00a0Twitter Negli ultimi tempi ho cominciato ad appuntarmi qui e l\u00e0 i\u00a0link che condivido sui social o le pagine web\u00a0che mi segno a futura memoria, per tenerli sotto controllo e poterli ritrovare. Poi mi sono reso conto che il posto corretto dove raccogliere tutta questa roba \u00e8\u2026","rel":"","context":"In &quot;Coordinate&quot;","block_context":{"text":"Coordinate","link":"https:\/\/www.robertosedda.it\/?cat=52"},"img":{"alt_text":"","src":"https:\/\/i0.wp.com\/img.youtube.com\/vi\/I5JQ1m3mxKw\/0.jpg?resize=350%2C200","width":350,"height":200},"classes":[]},{"id":9056,"url":"https:\/\/www.robertosedda.it\/?p=9056","url_meta":{"origin":19031,"position":2},"title":"Cose che penso su &#8220;Mafia Capitale&#8221; e il terzo settore","author":"Rufus","date":"14\/12\/2014","format":false,"excerpt":"Come avr\u00e0 visto chi frequenta il sito di Banca Etica \u00e8 stata pubblicata una riflessione sulle notissime vicende romane, a firma congiunta di Ugo Biggeri, Presidente della Banca, e di Marina Galati, Presidente del Comitato Etico. \u00c8 interessante e invito volentieri alla lettura. Siccome le cose sono ovviamente molto dibattute\u2026","rel":"","context":"In &quot;Coordinate&quot;","block_context":{"text":"Coordinate","link":"https:\/\/www.robertosedda.it\/?cat=52"},"img":{"alt_text":"","src":"https:\/\/i0.wp.com\/www.robertosedda.it\/wp-content\/uploads\/2014\/12\/Mafia-Capitale-ROS.jpg?fit=680%2C380&ssl=1&resize=350%2C200","width":350,"height":200},"classes":[]},{"id":4724,"url":"https:\/\/www.robertosedda.it\/?p=4724","url_meta":{"origin":19031,"position":3},"title":"Neil Gaiman e le biblioteche","author":"Rufus","date":"18\/10\/2013","format":false,"excerpt":"La Reading Agency\u00a0\u00e8 un'istituzione benefica inglese che si dedica a incentivare la lettura (il suo motto \u00e8: tutto cambia quando si legge). Fra le sue iniziative pi\u00f9 di cassetta c'\u00e8 quella di una conferenza annuale affidata a un autore o a un pensatore rilevante, invitato a condividere la sua visione\u2026","rel":"","context":"In &quot;Coordinate&quot;","block_context":{"text":"Coordinate","link":"https:\/\/www.robertosedda.it\/?cat=52"},"img":{"alt_text":"","src":"https:\/\/i0.wp.com\/www.robertosedda.it\/wp-content\/uploads\/2013\/10\/Neil-Gaiman.jpg?fit=460%2C276&ssl=1&resize=350%2C200","width":350,"height":200},"classes":[]},{"id":2982,"url":"https:\/\/www.robertosedda.it\/?p=2982","url_meta":{"origin":19031,"position":4},"title":"Se non sapete chi sono gli One Direction, non leggete neppure","author":"Rufus","date":"24\/04\/2013","format":false,"excerpt":"Oggi un post breve solo per segnalare che nello spazio di pochissimi giorni ho visto spuntare qui e l\u00e0 pi\u00f9 di un articolo che, partendo dalla presenza online dei vari gruppi di fan degli One Direction, Justin Bieber eccetera, indaga su strategie di presenza sulla rete, meccaniche cooperative su Twitter,\u2026","rel":"","context":"In &quot;Coordinate&quot;","block_context":{"text":"Coordinate","link":"https:\/\/www.robertosedda.it\/?cat=52"},"img":{"alt_text":"","src":"","width":0,"height":0},"classes":[]},{"id":10150,"url":"https:\/\/www.robertosedda.it\/?p=10150","url_meta":{"origin":19031,"position":5},"title":"#ioleggoperch\u00e9 seconda tappa della caccia ai libri","author":"Rufus","date":"29\/04\/2015","format":false,"excerpt":"Come ho raccontato ieri mi sono rimaste delle copie da distribuire gratuitamente fra i libri messi a disposizione nell'ambito dell'iniziativa #ioleggoperch\u00e9 e per giocare un po' ogni giorno pubblico un piccolo indovinello che indica dove si possono ritirare le copie dei libri. Il libro di oggi \u00e8 diverso da quello\u2026","rel":"","context":"In &quot;Coordinate&quot;","block_context":{"text":"Coordinate","link":"https:\/\/www.robertosedda.it\/?cat=52"},"img":{"alt_text":"Logo ioleggoperch\u00c3\u00a9","src":"https:\/\/i0.wp.com\/www.robertosedda.it\/wp-content\/uploads\/2015\/04\/Logo-ioleggoperch\u00c3\u00a9-510x281.jpg?resize=350%2C200","width":350,"height":200},"classes":[]}],"_links":{"self":[{"href":"https:\/\/www.robertosedda.it\/index.php?rest_route=\/wp\/v2\/posts\/19031"}],"collection":[{"href":"https:\/\/www.robertosedda.it\/index.php?rest_route=\/wp\/v2\/posts"}],"about":[{"href":"https:\/\/www.robertosedda.it\/index.php?rest_route=\/wp\/v2\/types\/post"}],"author":[{"embeddable":true,"href":"https:\/\/www.robertosedda.it\/index.php?rest_route=\/wp\/v2\/users\/1"}],"replies":[{"embeddable":true,"href":"https:\/\/www.robertosedda.it\/index.php?rest_route=%2Fwp%2Fv2%2Fcomments&post=19031"}],"version-history":[{"count":3,"href":"https:\/\/www.robertosedda.it\/index.php?rest_route=\/wp\/v2\/posts\/19031\/revisions"}],"predecessor-version":[{"id":19054,"href":"https:\/\/www.robertosedda.it\/index.php?rest_route=\/wp\/v2\/posts\/19031\/revisions\/19054"}],"wp:featuredmedia":[{"embeddable":true,"href":"https:\/\/www.robertosedda.it\/index.php?rest_route=\/wp\/v2\/media\/19032"}],"wp:attachment":[{"href":"https:\/\/www.robertosedda.it\/index.php?rest_route=%2Fwp%2Fv2%2Fmedia&parent=19031"}],"wp:term":[{"taxonomy":"category","embeddable":true,"href":"https:\/\/www.robertosedda.it\/index.php?rest_route=%2Fwp%2Fv2%2Fcategories&post=19031"},{"taxonomy":"post_tag","embeddable":true,"href":"https:\/\/www.robertosedda.it\/index.php?rest_route=%2Fwp%2Fv2%2Ftags&post=19031"}],"curies":[{"name":"wp","href":"https:\/\/api.w.org\/{rel}","templated":true}]}}