{"id":19003,"date":"2021-12-20T10:40:31","date_gmt":"2021-12-20T09:40:31","guid":{"rendered":"http:\/\/www.robertosedda.it\/?p=19003"},"modified":"2022-01-27T10:16:15","modified_gmt":"2022-01-27T09:16:15","slug":"il-tocco-della-morte","status":"publish","type":"post","link":"https:\/\/www.robertosedda.it\/?p=19003","title":{"rendered":"Il tocco della morte"},"content":{"rendered":"\n<p>Me li immagino candidati di destra in giro per il mondo, che a un certo punto entra un assistente, pallido come un cencio. \u00abChe c&#8217;\u00e8? Non vedi che sono impegnato a lucidare le svastiche del nonno?!\u00bb.<\/p>\n\n\n\n<p>E quello che farfuglia, imbarazzato. Lo fa sedere, controlla se c&#8217;\u00e8 un bicchiere d&#8217;acqua a portata di mano.<\/p>\n\n\n\n<p>\u00abParla, miserabile!\u00bb.<\/p>\n\n\n\n<p>\u00abEcco, uhm, \u00e8 arrivata&#8230; una dichiarazione pubblica&#8230; ma piccola, eh, quasi invisibile, da parte di Salvini&#8230;\u00bb.<\/p>\n\n\n\n<p>E il candidato si porta la mano al cuore, come trafitto, e si appoggia barcollante allo schienale della sedia.<\/p>\n\n\n\n<p>E con un filo di voce speranzoso chiede: \u00abUn comunicato?\u00bb.<\/p>\n\n\n\n<p>E quello, sconsolato: \u00abUn video&#8230; 23 secondi\u00bb.<\/p>\n\n\n\n<p>Il candidato crolla indietro sulla sedia, sentendosi gi\u00e0 morto. <\/p>\n\n\n\n<p>Tutti accorrono, con bugie pietose: \u00abDai, vedrai che non \u00e8 niente&#8230; non \u00e8 mica detto&#8230; oggi come oggi la scienza demoscopica fa miracoli&#8230; a un mio zio \u00e8 capitato \u00e8 adesso \u00e8 direttore della casa di riposo <em>Il crepuscolo degli dei<\/em>&#8230;\u00bb.<\/p>\n\n\n\n<p>E quello, lo sguardo perso nel vuoto, pu\u00f2 solo mormorare: \u00abAh, Salvini, Salvini, cosa mi hai fatto&#8230;\u00bb.<\/p>\n\n\n\n<figure class=\"wp-block-image alignwide size-full\"><img data-attachment-id=\"19004\" data-permalink=\"https:\/\/www.robertosedda.it\/?attachment_id=19004\" data-orig-file=\"https:\/\/i0.wp.com\/www.robertosedda.it\/wp-content\/uploads\/2021\/12\/Salvini-Kast.jpg?fit=1240%2C410&amp;ssl=1\" data-orig-size=\"1240,410\" data-comments-opened=\"1\" data-image-meta=\"{&quot;aperture&quot;:&quot;0&quot;,&quot;credit&quot;:&quot;Admin&quot;,&quot;camera&quot;:&quot;&quot;,&quot;caption&quot;:&quot;&quot;,&quot;created_timestamp&quot;:&quot;1639995470&quot;,&quot;copyright&quot;:&quot;&quot;,&quot;focal_length&quot;:&quot;0&quot;,&quot;iso&quot;:&quot;0&quot;,&quot;shutter_speed&quot;:&quot;0&quot;,&quot;title&quot;:&quot;&quot;,&quot;orientation&quot;:&quot;0&quot;}\" data-image-title=\"Salvini-Kast\" data-image-description=\"\" data-image-caption=\"\" data-medium-file=\"https:\/\/i0.wp.com\/www.robertosedda.it\/wp-content\/uploads\/2021\/12\/Salvini-Kast.jpg?fit=300%2C99&amp;ssl=1\" data-large-file=\"https:\/\/i0.wp.com\/www.robertosedda.it\/wp-content\/uploads\/2021\/12\/Salvini-Kast.jpg?fit=510%2C169&amp;ssl=1\" decoding=\"async\" loading=\"lazy\" width=\"800\" height=\"265\" src=\"https:\/\/i0.wp.com\/www.robertosedda.it\/wp-content\/uploads\/2021\/12\/Salvini-Kast.jpg?resize=800%2C265\" alt=\"\" class=\"wp-image-19004\" srcset=\"https:\/\/i0.wp.com\/www.robertosedda.it\/wp-content\/uploads\/2021\/12\/Salvini-Kast.jpg?w=1240&amp;ssl=1 1240w, https:\/\/i0.wp.com\/www.robertosedda.it\/wp-content\/uploads\/2021\/12\/Salvini-Kast.jpg?resize=300%2C99&amp;ssl=1 300w, https:\/\/i0.wp.com\/www.robertosedda.it\/wp-content\/uploads\/2021\/12\/Salvini-Kast.jpg?resize=510%2C169&amp;ssl=1 510w, https:\/\/i0.wp.com\/www.robertosedda.it\/wp-content\/uploads\/2021\/12\/Salvini-Kast.jpg?resize=150%2C50&amp;ssl=1 150w\" sizes=\"(max-width: 800px) 100vw, 800px\" data-recalc-dims=\"1\" \/><\/figure>\n","protected":false},"excerpt":{"rendered":"<p>Me li immagino candidati di destra in giro per il mondo, che a un certo punto entra un assistente, pallido<\/p>\n","protected":false},"author":1,"featured_media":19004,"comment_status":"open","ping_status":"open","sticky":false,"template":"","format":"standard","meta":{"_mi_skip_tracking":false,"_monsterinsights_sitenote_active":false,"_monsterinsights_sitenote_note":"","_monsterinsights_sitenote_category":0,"jetpack_post_was_ever_published":false,"_jetpack_newsletter_access":"","jetpack_publicize_message":"Candidati in giro per il mondo che l'assistente entra, pallido come un cencio","jetpack_is_tweetstorm":false,"jetpack_publicize_feature_enabled":true,"jetpack_social_post_already_shared":true,"jetpack_social_options":{"image_generator_settings":{"template":"highway","enabled":false}}},"categories":[52,57,17,59,16],"tags":[],"jetpack_publicize_connections":[],"jetpack_featured_media_url":"https:\/\/i0.wp.com\/www.robertosedda.it\/wp-content\/uploads\/2021\/12\/Salvini-Kast.jpg?fit=1240%2C410&ssl=1","jetpack_sharing_enabled":true,"jetpack_shortlink":"https:\/\/wp.me\/p4jV2T-4Wv","jetpack_likes_enabled":true,"jetpack-related-posts":[{"id":5896,"url":"https:\/\/www.robertosedda.it\/?p=5896","url_meta":{"origin":19003,"position":0},"title":"Campagna elettorale for dummies","author":"Rufus","date":"23\/01\/2014","format":false,"excerpt":"In epoca di elezioni diventa pi\u00f9 difficile scrivere di politica per chi, come me, si \u00e8 sempre ripromesso di non dire mai per chi vota. Il che un po' in questi giorni mi pesa, perch\u00e9 ho delle cose \"di politica\" da dire e non \u00e8 facile destreggiarsi. Ci provo. Una\u2026","rel":"","context":"In &quot;Coordinate&quot;","block_context":{"text":"Coordinate","link":"https:\/\/www.robertosedda.it\/?cat=52"},"img":{"alt_text":"","src":"https:\/\/i0.wp.com\/www.robertosedda.it\/wp-content\/uploads\/2014\/01\/Elezioni-per-dummies.jpg?fit=319%2C400&ssl=1&resize=350%2C200","width":350,"height":200},"classes":[]},{"id":2197,"url":"https:\/\/www.robertosedda.it\/?p=2197","url_meta":{"origin":19003,"position":1},"title":"Disonesta ricchezza","author":"Rufus","date":"11\/02\/2013","format":false,"excerpt":"L'altro giorno, mentre guardavo alla TV un candidato premier, anzi candidato ministro degli Esteri (o dell'Economia, boh), fare iperboliche promesse elettorali, mi \u00e8 tornata alla mente una parabola (nel Vangelo di Luca, 16,1-8): In quel tempo, Ges\u00f9 disse ai suoi discepoli: \u201cC\u2019era un uomo ricco che aveva un amministratore, e\u2026","rel":"","context":"In &quot;Coordinate&quot;","block_context":{"text":"Coordinate","link":"https:\/\/www.robertosedda.it\/?cat=52"},"img":{"alt_text":"","src":"","width":0,"height":0},"classes":[]},{"id":11645,"url":"https:\/\/www.robertosedda.it\/?p=11645","url_meta":{"origin":19003,"position":2},"title":"Nunc est bibendum (iuxta modum)","author":"Rufus","date":"07\/03\/2016","format":false,"excerpt":"Negli scorsi tre giorni erano aperte le consultazioni on line per comporre una delle liste che concorreranno alla formazione del prossimo Consiglio d'Amministrazione di Banca Etica. Cio\u00e8, magari alla fine sar\u00e0 l'unica lista, ma siamo ancora in una fase intermedia del processo elettorale e per il momento questo era il\u2026","rel":"","context":"In &quot;Banche e finanza&quot;","block_context":{"text":"Banche e finanza","link":"https:\/\/www.robertosedda.it\/?cat=72"},"img":{"alt_text":"","src":"https:\/\/i0.wp.com\/www.robertosedda.it\/wp-content\/uploads\/2016\/03\/Camilla-e-Nicoletta-Twitter.png?fit=578%2C636&ssl=1&resize=350%2C200","width":350,"height":200},"classes":[]},{"id":12618,"url":"https:\/\/www.robertosedda.it\/?p=12618","url_meta":{"origin":19003,"position":3},"title":"Col senno di poi","author":"Rufus","date":"09\/11\/2016","format":false,"excerpt":"Avevo da parecchio tempo da tradurre un articolo di Michael Moore (quello di\u00a0Columbine) che in tempi non sospetti sosteneva che Trump avvrebbe vinto: non mi sono mai deciso perch\u00e9 non avevo tempo e poi perch\u00e9 mi pareva di dedicare alle elezioni americane un'attenzione spropositata - nei temini di questo\u00a0blog, ovviamente.\u2026","rel":"","context":"In &quot;Coordinate&quot;","block_context":{"text":"Coordinate","link":"https:\/\/www.robertosedda.it\/?cat=52"},"img":{"alt_text":"","src":"https:\/\/i0.wp.com\/www.robertosedda.it\/wp-content\/uploads\/2016\/11\/trumpwillwin.jpg?fit=1200%2C667&ssl=1&resize=350%2C200","width":350,"height":200,"srcset":"https:\/\/i0.wp.com\/www.robertosedda.it\/wp-content\/uploads\/2016\/11\/trumpwillwin.jpg?fit=1200%2C667&ssl=1&resize=350%2C200 1x, https:\/\/i0.wp.com\/www.robertosedda.it\/wp-content\/uploads\/2016\/11\/trumpwillwin.jpg?fit=1200%2C667&ssl=1&resize=700%2C400 2x, https:\/\/i0.wp.com\/www.robertosedda.it\/wp-content\/uploads\/2016\/11\/trumpwillwin.jpg?fit=1200%2C667&ssl=1&resize=1050%2C600 3x"},"classes":[]},{"id":20540,"url":"https:\/\/www.robertosedda.it\/?p=20540","url_meta":{"origin":19003,"position":4},"title":"Oh, comunque poi sono stato eletto (e le cose che ho imparato)","author":"Rufus","date":"20\/06\/2024","format":false,"excerpt":"Come ho raccontato, ero candidato al Senato Accademico come rappresentante del personale tecnico, amministrativo e bibliotecario. \u00c8 andata bene, e sotto trovate la lettera di ringraziamento, se avete curiosit\u00e0. Prima, per\u00f2, vorrei appuntare qui alcune riflessioni che mi sono venute in mente durante la brevissima campagna elettorale. Intanto: \u00e8 molto\u2026","rel":"","context":"In &quot;Coordinate&quot;","block_context":{"text":"Coordinate","link":"https:\/\/www.robertosedda.it\/?cat=52"},"img":{"alt_text":"","src":"https:\/\/i0.wp.com\/www.robertosedda.it\/wp-content\/uploads\/2024\/06\/Elezioni-risultati.jpg?fit=546%2C460&ssl=1&resize=350%2C200","width":350,"height":200},"classes":[]},{"id":2257,"url":"https:\/\/www.robertosedda.it\/?p=2257","url_meta":{"origin":19003,"position":5},"title":"Se lo fai ti voto","author":"Rufus","date":"19\/02\/2013","format":false,"excerpt":"Appelli (ai) politici Mai come questa volta in vista delle elezioni ci sono stati pezzi della societ\u00e0 civile (anzi, della societ\u00e0 tout court) che hanno lavorato per mettere in chiaro le proprie esigenze e aspirazioni e sottoporle ai candidati e ai partiti, in modo da sollecitare un loro pronunciamento chiaro\u2026","rel":"","context":"In &quot;Coordinate&quot;","block_context":{"text":"Coordinate","link":"https:\/\/www.robertosedda.it\/?cat=52"},"img":{"alt_text":"","src":"https:\/\/i0.wp.com\/www.robertosedda.it\/wp-content\/uploads\/2013\/02\/Greenpeace-io-non-vi-voto.jpg?fit=580%2C243&ssl=1&resize=350%2C200","width":350,"height":200},"classes":[]}],"_links":{"self":[{"href":"https:\/\/www.robertosedda.it\/index.php?rest_route=\/wp\/v2\/posts\/19003"}],"collection":[{"href":"https:\/\/www.robertosedda.it\/index.php?rest_route=\/wp\/v2\/posts"}],"about":[{"href":"https:\/\/www.robertosedda.it\/index.php?rest_route=\/wp\/v2\/types\/post"}],"author":[{"embeddable":true,"href":"https:\/\/www.robertosedda.it\/index.php?rest_route=\/wp\/v2\/users\/1"}],"replies":[{"embeddable":true,"href":"https:\/\/www.robertosedda.it\/index.php?rest_route=%2Fwp%2Fv2%2Fcomments&post=19003"}],"version-history":[{"count":1,"href":"https:\/\/www.robertosedda.it\/index.php?rest_route=\/wp\/v2\/posts\/19003\/revisions"}],"predecessor-version":[{"id":19005,"href":"https:\/\/www.robertosedda.it\/index.php?rest_route=\/wp\/v2\/posts\/19003\/revisions\/19005"}],"wp:featuredmedia":[{"embeddable":true,"href":"https:\/\/www.robertosedda.it\/index.php?rest_route=\/wp\/v2\/media\/19004"}],"wp:attachment":[{"href":"https:\/\/www.robertosedda.it\/index.php?rest_route=%2Fwp%2Fv2%2Fmedia&parent=19003"}],"wp:term":[{"taxonomy":"category","embeddable":true,"href":"https:\/\/www.robertosedda.it\/index.php?rest_route=%2Fwp%2Fv2%2Fcategories&post=19003"},{"taxonomy":"post_tag","embeddable":true,"href":"https:\/\/www.robertosedda.it\/index.php?rest_route=%2Fwp%2Fv2%2Ftags&post=19003"}],"curies":[{"name":"wp","href":"https:\/\/api.w.org\/{rel}","templated":true}]}}