{"id":18982,"date":"2021-12-02T13:40:19","date_gmt":"2021-12-02T12:40:19","guid":{"rendered":"http:\/\/www.robertosedda.it\/?p=18982"},"modified":"2022-04-06T14:32:17","modified_gmt":"2022-04-06T12:32:17","slug":"un-cuoco-migliore","status":"publish","type":"post","link":"https:\/\/www.robertosedda.it\/?p=18982","title":{"rendered":"Un cuoco migliore"},"content":{"rendered":"\n<figure class=\"wp-block-image alignwide size-full\"><img data-attachment-id=\"18986\" data-permalink=\"https:\/\/www.robertosedda.it\/?attachment_id=18986\" data-orig-file=\"https:\/\/i0.wp.com\/www.robertosedda.it\/wp-content\/uploads\/2021\/12\/Shepherd-pie-avvelenata.jpg?fit=1316%2C407&amp;ssl=1\" data-orig-size=\"1316,407\" data-comments-opened=\"1\" data-image-meta=\"{&quot;aperture&quot;:&quot;0&quot;,&quot;credit&quot;:&quot;Roberto Sedda&quot;,&quot;camera&quot;:&quot;&quot;,&quot;caption&quot;:&quot;&quot;,&quot;created_timestamp&quot;:&quot;1638451901&quot;,&quot;copyright&quot;:&quot;&quot;,&quot;focal_length&quot;:&quot;0&quot;,&quot;iso&quot;:&quot;0&quot;,&quot;shutter_speed&quot;:&quot;0&quot;,&quot;title&quot;:&quot;&quot;,&quot;orientation&quot;:&quot;0&quot;}\" data-image-title=\"Shepherd-pie-avvelenata\" data-image-description=\"\" data-image-caption=\"\" data-medium-file=\"https:\/\/i0.wp.com\/www.robertosedda.it\/wp-content\/uploads\/2021\/12\/Shepherd-pie-avvelenata.jpg?fit=300%2C93&amp;ssl=1\" data-large-file=\"https:\/\/i0.wp.com\/www.robertosedda.it\/wp-content\/uploads\/2021\/12\/Shepherd-pie-avvelenata.jpg?fit=510%2C158&amp;ssl=1\" decoding=\"async\" loading=\"lazy\" width=\"800\" height=\"247\" src=\"https:\/\/i0.wp.com\/www.robertosedda.it\/wp-content\/uploads\/2021\/12\/Shepherd-pie-avvelenata.jpg?resize=800%2C247\" alt=\"\" class=\"wp-image-18986\" srcset=\"https:\/\/i0.wp.com\/www.robertosedda.it\/wp-content\/uploads\/2021\/12\/Shepherd-pie-avvelenata.jpg?w=1316&amp;ssl=1 1316w, https:\/\/i0.wp.com\/www.robertosedda.it\/wp-content\/uploads\/2021\/12\/Shepherd-pie-avvelenata.jpg?resize=300%2C93&amp;ssl=1 300w, https:\/\/i0.wp.com\/www.robertosedda.it\/wp-content\/uploads\/2021\/12\/Shepherd-pie-avvelenata.jpg?resize=510%2C158&amp;ssl=1 510w, https:\/\/i0.wp.com\/www.robertosedda.it\/wp-content\/uploads\/2021\/12\/Shepherd-pie-avvelenata.jpg?resize=150%2C46&amp;ssl=1 150w\" sizes=\"(max-width: 800px) 100vw, 800px\" data-recalc-dims=\"1\" \/><\/figure>\n\n\n\n<p>Leggo casualmente sul <em>Guardian <\/em>quella che \u00e8, in realt\u00e0, una <a href=\"https:\/\/www.theguardian.com\/uk-news\/2021\/dec\/02\/one-killed-31-left-ill-undercooked-shepherds-pie-pub-northamptonshire\">notarella di cronaca locale<\/a>: il cuoco del <em>pub<\/em> di un piccolo villaggio inglese (che ha, fra l&#8217;altro, il nome bellissimo e molto <em>hobbit<\/em> di Hinton-in-the-Hedges, cio\u00e8 <em>Maso fra le siepi<\/em>) \u00e8 stato condannato a quattro mesi di carcere per avere servito cibo cucinato malamente all&#8217;<em>harvest dinner<\/em> della parrocchia (un festeggiamento che mi pare analogo alle nostre cene di fine vendemmia o post <em>tundimenta<\/em>),causando la morte di una persona anziana e l&#8217;intossicazione di altre trentuno persone (le uniche che si sono salvate sono state quelle che erano vegetariane). Nello specifico il piatto incriminato era una <em>spepherd&#8217;s pie<\/em>: dagli atti processuali risulta che <\/p>\n\n\n\n<blockquote class=\"wp-block-quote\"><p>La carne tritata non \u00e8 stata cotta correttamente ed \u00e8s tata messa in una casseruola con acqua ghiacciata. [Il cuoco] aveva bisogno di andarsene e cos\u00ec avvolse la carne nella pellicola trasparente e la mise in frigo per la notte. Dopo averla lasciata, la cosse il giorno dopo e aggiunse le patate schiacciate calde. Non controll\u00f2 la temperatura [della carne] quando questa fu servita<\/p><\/blockquote>\n\n\n\n<p>e mi pare dunque di capire che fondamentalmente abbia servito carne mezzo cruda e\/o avariata. Una persona \u00e8 morta di emorragia gastrointestinale causata dal vomito incontrollato, e gli altri hanno avuto &#8211; \u00e8 sempre bello l&#8217;<em>undestatement<\/em> inglese &#8211; <em>sgradevoli disturbi<\/em>.<\/p>\n\n\n\n<p>La cosa che mi ha colpito, per\u00f2, non \u00e8 questa, anche se tutto l&#8217;episodio ha un sapore seicentesco che non sembrerebbe probabile in epoca di <em>HCCP<\/em> e solide prescrizioni sanitarie. Piuttosto si tratta delle dichiarazioni del cuoco, che hanno una progressione per me singolare. Il <em>Guardian <\/em>riporta infatti che l&#8217;uomo ammette la colpa, sia pure giustificandosi: \u00abMi dispiace moltissimo, mi dispiace davvero moltissimo dirlo, ma credo essere stato spinto alla fretta. Ho fatto tutto di corsa\u00bb. E va bene. Quello  che trovo strana \u00e8 l&#8217;osservazione successiva: \u00abAdesso sono un cuoco migliore\u00bb, in seguito alla \u00aborribile, orribile circostanza\u00bb. <\/p>\n\n\n\n<p>Ora, pu\u00f2 darsi che la frase faccia parte di una linea processuale in cui si cerca di dire che si \u00e8 imparata la lezione e che oggi non si commetterebbe mai la stessa imprudenza. Per\u00f2 l&#8217;articolo aggiunge una precisazione che non sembra esattamente su questa linea, ma piuttosto frutto della terribile retorica dell&#8217;automiglioramento cos\u00ec tipica di questo momento. Si riporta infatti questa frase: \u00ab<em>Rimorso<\/em> non riesce a esprimere tutto [quello che provo]\u00bb. Ok, perfetto. \u00abSi tratta di qualcosa che non riuscir\u00f2 mai a dimenticare\u00bb. Giusto. \u00abA causa di questo sono oggi un cuoco migliore ed \u00e8 davvero un peccato che il costo di questo [miglioramento] sia dovuto essere quello che \u00e8 stato\u00bb. <\/p>\n\n\n\n<p>Un peccato. Gi\u00e0. D&#8217;altra parte il progresso ha i suoi inconvenienti.<\/p>\n","protected":false},"excerpt":{"rendered":"<p>Leggo casualmente sul Guardian quella che \u00e8, in realt\u00e0, una notarella di cronaca locale: il cuoco del pub di un<\/p>\n","protected":false},"author":1,"featured_media":18986,"comment_status":"open","ping_status":"open","sticky":false,"template":"","format":"standard","meta":{"_mi_skip_tracking":false,"_monsterinsights_sitenote_active":false,"_monsterinsights_sitenote_note":"","_monsterinsights_sitenote_category":0,"jetpack_post_was_ever_published":false,"_jetpack_newsletter_access":"","jetpack_publicize_message":"Un cuoco migliore. Per fortuna.","jetpack_is_tweetstorm":false,"jetpack_publicize_feature_enabled":true,"jetpack_social_post_already_shared":true,"jetpack_social_options":{"image_generator_settings":{"template":"highway","enabled":false}}},"categories":[52,55,56,77,17,61,16],"tags":[],"jetpack_publicize_connections":[],"jetpack_featured_media_url":"https:\/\/i0.wp.com\/www.robertosedda.it\/wp-content\/uploads\/2021\/12\/Shepherd-pie-avvelenata.jpg?fit=1316%2C407&ssl=1","jetpack_sharing_enabled":true,"jetpack_shortlink":"https:\/\/wp.me\/p4jV2T-4Wa","jetpack_likes_enabled":true,"jetpack-related-posts":[{"id":18936,"url":"https:\/\/www.robertosedda.it\/?p=18936","url_meta":{"origin":18982,"position":0},"title":"Limerick","author":"Rufus","date":"19\/08\/2021","format":false,"excerpt":"Qualche giorno fa alla radio mi \u00e8 capitato di sentire per caso alla radio Un signore di Scandicci di Sergio Endrigo, che non conoscevo. https:\/\/www.youtube.com\/watch?v=wy7SCazqt5M Devo dire che ho sentimenti ambivalenti sulla canzone: da una parte da quando ho raggiunto l'et\u00e0 della ragione penso che Endrigo avrebbe meritato un maggiore\u2026","rel":"","context":"In &quot;Coordinate&quot;","block_context":{"text":"Coordinate","link":"https:\/\/www.robertosedda.it\/?cat=52"},"img":{"alt_text":"","src":"https:\/\/i0.wp.com\/www.robertosedda.it\/wp-content\/uploads\/2021\/08\/kids-edward-lear-owls-beard-limerick1.jpg?fit=443%2C311&ssl=1&resize=350%2C200","width":350,"height":200},"classes":[]},{"id":4536,"url":"https:\/\/www.robertosedda.it\/?p=4536","url_meta":{"origin":18982,"position":1},"title":"Gli Illusionauti","author":"Rufus","date":"28\/09\/2013","format":false,"excerpt":"Sono stato ieri sera a vedere Gli Illusionauti, spettacolo teatrale che al Lazzaretto di Sant'Elia conclude la navigazione estiva dei\u00a0Teatridimare della compagnia \u00c7\u00e0jka. Sono da tempo un estimatore dei lavori di Francesco Origo e della sua compagnia: ho trovato questo Gli Illusionauti pi\u00f9 ambizioso, forse troppo ambizioso, degli spettacoli precedenti:\u2026","rel":"","context":"In &quot;Coordinate&quot;","block_context":{"text":"Coordinate","link":"https:\/\/www.robertosedda.it\/?cat=52"},"img":{"alt_text":"","src":"https:\/\/i0.wp.com\/www.robertosedda.it\/wp-content\/uploads\/2013\/09\/2013-09-27-21.31.11.jpg?fit=1200%2C900&ssl=1&resize=350%2C200","width":350,"height":200,"srcset":"https:\/\/i0.wp.com\/www.robertosedda.it\/wp-content\/uploads\/2013\/09\/2013-09-27-21.31.11.jpg?fit=1200%2C900&ssl=1&resize=350%2C200 1x, https:\/\/i0.wp.com\/www.robertosedda.it\/wp-content\/uploads\/2013\/09\/2013-09-27-21.31.11.jpg?fit=1200%2C900&ssl=1&resize=700%2C400 2x, https:\/\/i0.wp.com\/www.robertosedda.it\/wp-content\/uploads\/2013\/09\/2013-09-27-21.31.11.jpg?fit=1200%2C900&ssl=1&resize=1050%2C600 3x"},"classes":[]},{"id":845,"url":"https:\/\/www.robertosedda.it\/?p=845","url_meta":{"origin":18982,"position":2},"title":"I link della settimana","author":"Rufus","date":"10\/09\/2012","format":false,"excerpt":"Credo che questo sar\u00e0 il primo e unico articolo di questo genere sul sito. Dapprima avevo l'idea di pubblicare, ogni fine settimana, il riassunto dei link e segnalazioni che faccio sulla rete, su Facebook principalmente. Scrivendo l'articolo mi sono reso conto che \u00e8 una roba di una noia mortale e,\u2026","rel":"","context":"In &quot;Coordinate&quot;","block_context":{"text":"Coordinate","link":"https:\/\/www.robertosedda.it\/?cat=52"},"img":{"alt_text":"","src":"","width":0,"height":0},"classes":[]},{"id":6454,"url":"https:\/\/www.robertosedda.it\/?p=6454","url_meta":{"origin":18982,"position":3},"title":"Le cronache di fratello Cadfael","author":"Rufus","date":"14\/02\/2014","format":"video","excerpt":"Una divagazione epic metal Allora: cominciamo con la gaffe stratosferica della puntata, che forse qualcuno di voi ha colto anche in questo formato\u00a0in cui\u00a0l'intermezzo musicale \u00e8 omesso. Sarebbe stato ovvio\u00a0usare come pausa una qualche forma di riproposizione di musica medievale o le solite ballate di sapore celtico che\u00a0vanno in questi\u2026","rel":"","context":"In &quot;Coordinate&quot;","block_context":{"text":"Coordinate","link":"https:\/\/www.robertosedda.it\/?cat=52"},"img":{"alt_text":"","src":"https:\/\/i0.wp.com\/img.youtube.com\/vi\/7V9vuYcncH8\/0.jpg?resize=350%2C200","width":350,"height":200},"classes":[]},{"id":6684,"url":"https:\/\/www.robertosedda.it\/?p=6684","url_meta":{"origin":18982,"position":4},"title":"L&#8217;opera pubblica? \u00c8 un gioco!!","author":"Rufus","date":"12\/03\/2014","format":false,"excerpt":"Sono molto di fretta, ma appunto qui senza troppo approfondire che stamattina mi \u00e8 venuto in mente che, probabilmente, molti dei conflitti intorno alla realizzazione di opere pubbliche a Cagliari (diciamo quelle del tipo \"costruzione di parcheggi\", \"taglio di alberi\" e simili) sono in realt\u00e0 dei giochi di Berne. Eric\u2026","rel":"","context":"In &quot;Coordinate&quot;","block_context":{"text":"Coordinate","link":"https:\/\/www.robertosedda.it\/?cat=52"},"img":{"alt_text":"","src":"https:\/\/i0.wp.com\/www.robertosedda.it\/wp-content\/uploads\/2013\/03\/startrekborrowsstarwars.jpg?fit=470%2C297&ssl=1&resize=350%2C200","width":350,"height":200},"classes":[]},{"id":4386,"url":"https:\/\/www.robertosedda.it\/?p=4386","url_meta":{"origin":18982,"position":5},"title":"Istemi","author":"Rufus","date":"03\/09\/2013","format":false,"excerpt":"Ho letto Istemi, di Aleksej Nikitin (Voland 2013), per una specie di dovere professionale. Patrizio Zurru l'ha caldamente consigliato a mia madre e lei me l'ha passato perch\u00e9 ha visto che \"parlava di giochi di ruolo\". In realt\u00e0 il gioco che negli anni '80 (dunque ancora vivente l'Unione Sovietica) cinque\u2026","rel":"","context":"In &quot;Cappe e spade&quot;","block_context":{"text":"Cappe e spade","link":"https:\/\/www.robertosedda.it\/?cat=70"},"img":{"alt_text":"","src":"","width":0,"height":0},"classes":[]}],"_links":{"self":[{"href":"https:\/\/www.robertosedda.it\/index.php?rest_route=\/wp\/v2\/posts\/18982"}],"collection":[{"href":"https:\/\/www.robertosedda.it\/index.php?rest_route=\/wp\/v2\/posts"}],"about":[{"href":"https:\/\/www.robertosedda.it\/index.php?rest_route=\/wp\/v2\/types\/post"}],"author":[{"embeddable":true,"href":"https:\/\/www.robertosedda.it\/index.php?rest_route=\/wp\/v2\/users\/1"}],"replies":[{"embeddable":true,"href":"https:\/\/www.robertosedda.it\/index.php?rest_route=%2Fwp%2Fv2%2Fcomments&post=18982"}],"version-history":[{"count":4,"href":"https:\/\/www.robertosedda.it\/index.php?rest_route=\/wp\/v2\/posts\/18982\/revisions"}],"predecessor-version":[{"id":18987,"href":"https:\/\/www.robertosedda.it\/index.php?rest_route=\/wp\/v2\/posts\/18982\/revisions\/18987"}],"wp:featuredmedia":[{"embeddable":true,"href":"https:\/\/www.robertosedda.it\/index.php?rest_route=\/wp\/v2\/media\/18986"}],"wp:attachment":[{"href":"https:\/\/www.robertosedda.it\/index.php?rest_route=%2Fwp%2Fv2%2Fmedia&parent=18982"}],"wp:term":[{"taxonomy":"category","embeddable":true,"href":"https:\/\/www.robertosedda.it\/index.php?rest_route=%2Fwp%2Fv2%2Fcategories&post=18982"},{"taxonomy":"post_tag","embeddable":true,"href":"https:\/\/www.robertosedda.it\/index.php?rest_route=%2Fwp%2Fv2%2Ftags&post=18982"}],"curies":[{"name":"wp","href":"https:\/\/api.w.org\/{rel}","templated":true}]}}