{"id":18939,"date":"2021-08-26T11:35:52","date_gmt":"2021-08-26T09:35:52","guid":{"rendered":"http:\/\/www.robertosedda.it\/?p=18939"},"modified":"2025-08-29T15:29:28","modified_gmt":"2025-08-29T13:29:28","slug":"musica-nella-notte","status":"publish","type":"post","link":"https:\/\/www.robertosedda.it\/?p=18939","title":{"rendered":"Musica nella notte"},"content":{"rendered":"\n<p>Marted\u00ec scorso con Maria Bonaria siamo andati all&#8217;Orto Botanico per ascoltare un concerto d&#8217;arpa del musicista <a href=\"http:\/\/www.raoulmoretti.it\/\">Raoul Moretti<\/a> (qui sotto vedete l&#8217;immagine dell&#8217;evento su <em>Facebook<\/em>, che si ripete per un altro paio di marted\u00ec).<\/p>\n\n\n\n<figure class=\"wp-block-image alignwide size-full\"><img data-attachment-id=\"18940\" data-permalink=\"https:\/\/www.robertosedda.it\/?attachment_id=18940\" data-orig-file=\"https:\/\/i0.wp.com\/www.robertosedda.it\/wp-content\/uploads\/2021\/08\/BotanicArp.png?fit=1113%2C508&amp;ssl=1\" data-orig-size=\"1113,508\" data-comments-opened=\"1\" data-image-meta=\"{&quot;aperture&quot;:&quot;0&quot;,&quot;credit&quot;:&quot;&quot;,&quot;camera&quot;:&quot;&quot;,&quot;caption&quot;:&quot;&quot;,&quot;created_timestamp&quot;:&quot;0&quot;,&quot;copyright&quot;:&quot;&quot;,&quot;focal_length&quot;:&quot;0&quot;,&quot;iso&quot;:&quot;0&quot;,&quot;shutter_speed&quot;:&quot;0&quot;,&quot;title&quot;:&quot;&quot;,&quot;orientation&quot;:&quot;0&quot;}\" data-image-title=\"BotanicArp\" data-image-description=\"\" data-image-caption=\"\" data-medium-file=\"https:\/\/i0.wp.com\/www.robertosedda.it\/wp-content\/uploads\/2021\/08\/BotanicArp.png?fit=300%2C137&amp;ssl=1\" data-large-file=\"https:\/\/i0.wp.com\/www.robertosedda.it\/wp-content\/uploads\/2021\/08\/BotanicArp.png?fit=510%2C233&amp;ssl=1\" decoding=\"async\" loading=\"lazy\" width=\"800\" height=\"365\" src=\"https:\/\/i0.wp.com\/www.robertosedda.it\/wp-content\/uploads\/2021\/08\/BotanicArp.png?resize=800%2C365\" alt=\"\" class=\"wp-image-18940\" srcset=\"https:\/\/i0.wp.com\/www.robertosedda.it\/wp-content\/uploads\/2021\/08\/BotanicArp.png?w=1113&amp;ssl=1 1113w, https:\/\/i0.wp.com\/www.robertosedda.it\/wp-content\/uploads\/2021\/08\/BotanicArp.png?resize=300%2C137&amp;ssl=1 300w, https:\/\/i0.wp.com\/www.robertosedda.it\/wp-content\/uploads\/2021\/08\/BotanicArp.png?resize=510%2C233&amp;ssl=1 510w, https:\/\/i0.wp.com\/www.robertosedda.it\/wp-content\/uploads\/2021\/08\/BotanicArp.png?resize=150%2C68&amp;ssl=1 150w\" sizes=\"(max-width: 800px) 100vw, 800px\" data-recalc-dims=\"1\" \/><\/figure>\n\n\n\n<p>Devo dire che la piazzetta della fontana dell&#8217;Orto Botanico al tramonto \u00e8 uno scenario fantastico per un concerto, tanto pi\u00f9 se dal taglio meditativo come quello, e quando all&#8217;inizio ha presentato brevemente il concerto Moretti ha sottolineato che man mano che durante la manifestazione le giornate si accorciano questa dimensione notturna diventa pi\u00f9 importante e che probabilmente durante il concerto avremmo ascoltato la musica confrontarsi con qualche rumore di sottofondo dell&#8217;Orto di notte: qualche fruscio di movimenti di uccelli, o magari dei ranocchi.<\/p>\n\n\n\n<p>E cos\u00ec quella trentina di spettatori ben distanziati che eravamo ci siamo lasciati avvolgere dalla penombra e poi dal buio e ci siamo rilassati in un ambiente molto intimo. <\/p>\n\n\n\n<p>Solo che a un certo punto invece dei ranocchi \u00e8 partito l&#8217;impianto di irrigazione. Il fruscio dell&#8217;acqua proiettata contro i tronchi e le foglie faceva un <em>tactactac<\/em> insistito. Moretti usa un po&#8217; di elettronica per accompagnare l&#8217;esecuzione con una serie di <em>loop<\/em> che registra man mano e probabilmente diversi di noi hanno pensato dapprima che fosse un effetto aggiuntivo, finch\u00e9 l&#8217;artista durante una pausa ha fatto una battuta e si \u00e8 capito che no, era un imprevisto. Ma, insomma, non disturbava troppo e l&#8217;artista ha proseguito il concerto. Con un po&#8217; di buona volont\u00e0 io ho pensato che in fondo era come accompagnare l&#8217;arpa con un bastone della pioggia, il che dopotutto non era poi male.<\/p>\n\n\n\n<p>Senonch\u00e9 a met\u00e0 del penultimo brano un getto d&#8217;acqua ha colto l&#8217;arpista in mezzo alla schiena, a tradimento. In tre secondi l&#8217;irrigatore, se non proprio la doccia, gli ha fatto quanto meno lo <em>shampoo<\/em>. Lo spazio dove stava l&#8217;arpa, davanti al pubblico, \u00e8 entrato pienamente nel campo di tiro degli irrigatori.<\/p>\n\n\n\n<p>C&#8217;\u00e8 stato un arrabattarsi frenetico di artista e pubblico per mettere al sicuro arpa, luci e strumentazioni elettroniche e rimontare quel tanto che si poteva pi\u00f9 avanti, magari tirando indietro le prime sedie.<\/p>\n\n\n\n<p>Il concerto si avviava gi\u00e0 alla fine e Moretti l&#8217;ha portato a conclusione ma grazie all&#8217;imprevisto il pubblico era pi\u00f9 eccitato di prima ed \u00e8 stato chiesto un <em>bis<\/em>.<\/p>\n\n\n\n<p>Moretti ci ha comunicato la sua perplessit\u00e0: \u00abProseguo volentieri a suonare, ma come vedete adesso ho solo l&#8217;arpa senza le altre strumentazioni elettroniche, quindi&#8230; vediamo un po&#8217;&#8230; serve un brano che si possa fare senza quei supporti&#8230; fatemi pensare quale potrebbe essere un brano pi\u00f9 asciutto e immediato&#8230;\u00bb.<\/p>\n\n\n\n<p>\u00abL&#8217;importante \u00e8 che sia asciutto\u00bb, ha fatto una voce ribalda dal fondo.<\/p>\n\n\n\n<p>Abbiamo riso molto. <\/p>\n","protected":false},"excerpt":{"rendered":"<p>Marted\u00ec scorso con Maria Bonaria siamo andati all&#8217;Orto Botanico per ascoltare un concerto d&#8217;arpa del musicista Raoul Moretti (qui sotto<\/p>\n","protected":false},"author":1,"featured_media":18941,"comment_status":"open","ping_status":"open","sticky":false,"template":"","format":"standard","meta":{"_mi_skip_tracking":false,"_monsterinsights_sitenote_active":false,"_monsterinsights_sitenote_note":"","_monsterinsights_sitenote_category":0,"jetpack_post_was_ever_published":false,"_jetpack_newsletter_access":"","jetpack_publicize_message":"","jetpack_is_tweetstorm":false,"jetpack_publicize_feature_enabled":true,"jetpack_social_post_already_shared":true,"jetpack_social_options":{"image_generator_settings":{"template":"highway","enabled":false}}},"categories":[52,49,56,12,61],"tags":[],"jetpack_publicize_connections":[],"jetpack_featured_media_url":"https:\/\/i0.wp.com\/www.robertosedda.it\/wp-content\/uploads\/2021\/08\/Raoul-Moretti-750x375-1.jpg?fit=750%2C375&ssl=1","jetpack_sharing_enabled":true,"jetpack_shortlink":"https:\/\/wp.me\/p4jV2T-4Vt","jetpack_likes_enabled":true,"jetpack-related-posts":[{"id":12277,"url":"https:\/\/www.robertosedda.it\/?p=12277","url_meta":{"origin":18939,"position":0},"title":"Staffette turistico solidali","author":"Rufus","date":"22\/07\/2016","format":false,"excerpt":"Stamattina salgo sull'8 per andare al lavoro, alla fermata vicino alla Rinascente. Mente salgo noto distrattamente una signora che si affanna a dire qualcosa all'autista, ma non ci faccio caso. Noto, invece, un gaurro in pantaloncini e canottiera da bisticcio che si alza in tutta fretta dalla panchina e apostrofa\u2026","rel":"","context":"In &quot;Coordinate&quot;","block_context":{"text":"Coordinate","link":"https:\/\/www.robertosedda.it\/?cat=52"},"img":{"alt_text":"","src":"https:\/\/i0.wp.com\/www.robertosedda.it\/wp-content\/uploads\/2016\/07\/2014-01-03-11.49.52.jpg?fit=1200%2C900&ssl=1&resize=350%2C200","width":350,"height":200,"srcset":"https:\/\/i0.wp.com\/www.robertosedda.it\/wp-content\/uploads\/2016\/07\/2014-01-03-11.49.52.jpg?fit=1200%2C900&ssl=1&resize=350%2C200 1x, https:\/\/i0.wp.com\/www.robertosedda.it\/wp-content\/uploads\/2016\/07\/2014-01-03-11.49.52.jpg?fit=1200%2C900&ssl=1&resize=700%2C400 2x, https:\/\/i0.wp.com\/www.robertosedda.it\/wp-content\/uploads\/2016\/07\/2014-01-03-11.49.52.jpg?fit=1200%2C900&ssl=1&resize=1050%2C600 3x"},"classes":[]},{"id":10290,"url":"https:\/\/www.robertosedda.it\/?p=10290","url_meta":{"origin":18939,"position":1},"title":"L&#8217;Agnata sarebbe un magnifico protagonista","author":"Rufus","date":"29\/05\/2015","format":"video","excerpt":"Sono andato ieri a vedere il documentario di Gianfranco Cabiddu\u00a0Faber\u00a0in Sardegna, a cui era associato un lunghissimo spezzone del concerto al Teatro Brancaccio di Roma,\u00a0L'ultimo concerto di Fabrizio De Andr\u00e9\u00a0(la scheda dei\u00a0film la trovate qui). L'unione dei due spezzoni \u00e8 in realt\u00e0 un po' strana: vedo da qualche parte che\u2026","rel":"","context":"In &quot;Biografie&quot;","block_context":{"text":"Biografie","link":"https:\/\/www.robertosedda.it\/?cat=83"},"img":{"alt_text":"","src":"https:\/\/i0.wp.com\/img.youtube.com\/vi\/v4k379zPWGc\/0.jpg?resize=350%2C200","width":350,"height":200},"classes":[]},{"id":8300,"url":"https:\/\/www.robertosedda.it\/?p=8300","url_meta":{"origin":18939,"position":2},"title":"Magari ci si becca al Caf\u00e8 Noir","author":"Rufus","date":"02\/09\/2014","format":false,"excerpt":"Vedo che \u00e8 uscito il programma del festival\u00a0letterario di\u00a0Marina Caf\u00e8 Noir, che pi\u00f9 o meno chiude la stagione degli eventi culturali di piazza dell'estate 2014. Il titolo \u00e8\u00a0Non tutto \u00e8 in vendita: dal programma fatico a capire perch\u00e9, ma non posso che essere d'accordo. Riporto comunque il programma, che trovate\u2026","rel":"","context":"In &quot;Coordinate&quot;","block_context":{"text":"Coordinate","link":"https:\/\/www.robertosedda.it\/?cat=52"},"img":{"alt_text":"","src":"https:\/\/i0.wp.com\/www.robertosedda.it\/wp-content\/uploads\/2014\/09\/Marina-cafe-noir.jpg?fit=225%2C225&ssl=1&resize=350%2C200","width":350,"height":200},"classes":[]},{"id":4927,"url":"https:\/\/www.robertosedda.it\/?p=4927","url_meta":{"origin":18939,"position":3},"title":"Cosa da fare a Cagliari in questo periodo","author":"Rufus","date":"06\/11\/2013","format":false,"excerpt":"Domenica in cimitero ho notato che c'era una Ceiba speciosa in fiore. La Ceiba \u00e8 quello che chiamano \"albero bottiglia\" perch\u00e9 il tronco ha una forma caratteristica, \"panciuta\". Sono per capirci quegli alberi caratterizzati, oltre che dal tronco che si allarga a un certo punto, dalla corteccia ricoperta di spuntoni,\u2026","rel":"","context":"In &quot;Coordinate&quot;","block_context":{"text":"Coordinate","link":"https:\/\/www.robertosedda.it\/?cat=52"},"img":{"alt_text":"","src":"","width":0,"height":0},"classes":[]},{"id":2568,"url":"https:\/\/www.robertosedda.it\/?p=2568","url_meta":{"origin":18939,"position":4},"title":"Cose da fare a Cagliari almeno una volta nella vita","author":"Rufus","date":"21\/03\/2013","format":false,"excerpt":"Un articolo carino sul blog dell'osservatore baggiano mi ha fatto ricordare che anni fa, dopo aver scoperto che esisteva\u00a0il libro 101 cose da fare a Milano almeno una volta nella vita, anche il gruppo \"La Pira\" aveva iniziato a stilare il suo elenco di \"cose da fare a Cagliari almeno\u2026","rel":"","context":"In &quot;Coordinate&quot;","block_context":{"text":"Coordinate","link":"https:\/\/www.robertosedda.it\/?cat=52"},"img":{"alt_text":"","src":"https:\/\/i0.wp.com\/www.robertosedda.it\/wp-content\/uploads\/2013\/11\/Panorama-Cagliari.jpg?fit=640%2C428&ssl=1&resize=350%2C200","width":350,"height":200},"classes":[]},{"id":12077,"url":"https:\/\/www.robertosedda.it\/?p=12077","url_meta":{"origin":18939,"position":5},"title":"Due mostre da consigliare","author":"Rufus","date":"08\/06\/2016","format":false,"excerpt":"Durante la nostra recente permanenza romana io, Bonaria e l'Inossidabile abbiamo visto un paio di mostre (siamo anche andati ai Concerti del Quirinale nella bellissima Cappella Paolina, divertendoci molto con il cerimoniale e la statura dei corazzieri, ma questa \u00e8 un'altra storia e sar\u00e0 raccontata un'altra volta). Tornando alle mostre,\u2026","rel":"","context":"In &quot;Coordinate&quot;","block_context":{"text":"Coordinate","link":"https:\/\/www.robertosedda.it\/?cat=52"},"img":{"alt_text":"","src":"https:\/\/i0.wp.com\/www.robertosedda.it\/wp-content\/uploads\/2016\/06\/Gianni-Barengo-Gardin-2.jpg?fit=900%2C675&ssl=1&resize=350%2C200","width":350,"height":200,"srcset":"https:\/\/i0.wp.com\/www.robertosedda.it\/wp-content\/uploads\/2016\/06\/Gianni-Barengo-Gardin-2.jpg?fit=900%2C675&ssl=1&resize=350%2C200 1x, https:\/\/i0.wp.com\/www.robertosedda.it\/wp-content\/uploads\/2016\/06\/Gianni-Barengo-Gardin-2.jpg?fit=900%2C675&ssl=1&resize=700%2C400 2x"},"classes":[]}],"_links":{"self":[{"href":"https:\/\/www.robertosedda.it\/index.php?rest_route=\/wp\/v2\/posts\/18939"}],"collection":[{"href":"https:\/\/www.robertosedda.it\/index.php?rest_route=\/wp\/v2\/posts"}],"about":[{"href":"https:\/\/www.robertosedda.it\/index.php?rest_route=\/wp\/v2\/types\/post"}],"author":[{"embeddable":true,"href":"https:\/\/www.robertosedda.it\/index.php?rest_route=\/wp\/v2\/users\/1"}],"replies":[{"embeddable":true,"href":"https:\/\/www.robertosedda.it\/index.php?rest_route=%2Fwp%2Fv2%2Fcomments&post=18939"}],"version-history":[{"count":1,"href":"https:\/\/www.robertosedda.it\/index.php?rest_route=\/wp\/v2\/posts\/18939\/revisions"}],"predecessor-version":[{"id":18942,"href":"https:\/\/www.robertosedda.it\/index.php?rest_route=\/wp\/v2\/posts\/18939\/revisions\/18942"}],"wp:featuredmedia":[{"embeddable":true,"href":"https:\/\/www.robertosedda.it\/index.php?rest_route=\/wp\/v2\/media\/18941"}],"wp:attachment":[{"href":"https:\/\/www.robertosedda.it\/index.php?rest_route=%2Fwp%2Fv2%2Fmedia&parent=18939"}],"wp:term":[{"taxonomy":"category","embeddable":true,"href":"https:\/\/www.robertosedda.it\/index.php?rest_route=%2Fwp%2Fv2%2Fcategories&post=18939"},{"taxonomy":"post_tag","embeddable":true,"href":"https:\/\/www.robertosedda.it\/index.php?rest_route=%2Fwp%2Fv2%2Ftags&post=18939"}],"curies":[{"name":"wp","href":"https:\/\/api.w.org\/{rel}","templated":true}]}}