{"id":18909,"date":"2021-07-09T15:47:51","date_gmt":"2021-07-09T13:47:51","guid":{"rendered":"http:\/\/www.robertosedda.it\/?p=18909"},"modified":"2021-12-02T13:41:56","modified_gmt":"2021-12-02T12:41:56","slug":"rispolverare-bennato","status":"publish","type":"post","link":"https:\/\/www.robertosedda.it\/?p=18909","title":{"rendered":"Rispolverare Bennato"},"content":{"rendered":"\n<p>\u00c8 capitato qualche giorno fa, in una riunione, che io abbai usato un&#8217;espressione del genere: \u00abGuerre fratricide fra buoni e <em>pi\u00f9 <\/em>buoni\u00bb. Penso che un altro giorno vi racconter\u00f2 il contesto, che magari \u00e8 anche interessante, ma qui interessa dire che poco dopo qualcuno mi ha corretto: \u00abConsiderati i comportamenti di certi, io qui non vedo buoni e pi\u00f9 buoni, ma casomai fra buoni e <em>cattivi<\/em>\u00bb.<\/p>\n\n\n\n<p>Devo dire di non averla presa benissimo, come si sar\u00e0 visto dalle cose che ho detto dopo, ma sul punto specifico non avevo molto tempo per replicare e quindi me la sono cavata con una battuta, devo dire del tutto spontanea: \u00abIo sono di una generazione per al quale quando ero ragazzo ascoltavo Bennato:  parlando di <em>buoni o pi\u00f9 buoni<\/em> avevo intesta una sua canzone che si intitola <em>Arrivano i buoni<\/em>, e a quella vi rimando\u00bb.<\/p>\n\n\n\n<figure class=\"wp-block-embed is-type-video is-provider-youtube wp-block-embed-youtube wp-embed-aspect-4-3 wp-has-aspect-ratio\"><div class=\"wp-block-embed__wrapper\">\n<span class=\"embed-youtube\" style=\"text-align:center; display: block;\"><iframe loading=\"lazy\" class=\"youtube-player\" width=\"800\" height=\"450\" src=\"https:\/\/www.youtube.com\/embed\/oJspb_VfJLs?version=3&#038;rel=1&#038;showsearch=0&#038;showinfo=1&#038;iv_load_policy=1&#038;fs=1&#038;hl=it-IT&#038;autohide=2&#038;wmode=transparent\" allowfullscreen=\"true\" style=\"border:0;\" sandbox=\"allow-scripts allow-same-origin allow-popups allow-presentation\"><\/iframe><\/span>\n<\/div><\/figure>\n\n\n\n<p>Credevo fosse finita l\u00ec ma poi l&#8217;altra mattina, durante l&#8217;abituale <em>pausett<\/em>a<em> Zoom<\/em> dei <em>Fabbricastorie<\/em> si chiacchierava delle polemiche sulla Mercedes di Malika Chalhy, e io d&#8217;istinto ho citato <em>Cantautore<\/em> di Bennato:<\/p>\n\n\n\n<blockquote class=\"wp-block-quote\"><p>tu non sei un comune mortale<br \/>a te non \u00e8 concesso barare<\/p><p>[&#8230;]<\/p><p>tu non puoi sbagliare<br \/>tu non devi lasciarti andare<br \/>tu sei un cantautore<\/p><\/blockquote>\n\n\n\n<figure class=\"wp-block-embed is-type-video is-provider-youtube wp-block-embed-youtube wp-embed-aspect-4-3 wp-has-aspect-ratio\"><div class=\"wp-block-embed__wrapper\">\n<span class=\"embed-youtube\" style=\"text-align:center; display: block;\"><iframe loading=\"lazy\" class=\"youtube-player\" width=\"800\" height=\"450\" src=\"https:\/\/www.youtube.com\/embed\/rqqHA1j-7zE?version=3&#038;rel=1&#038;showsearch=0&#038;showinfo=1&#038;iv_load_policy=1&#038;fs=1&#038;hl=it-IT&#038;autohide=2&#038;wmode=transparent\" allowfullscreen=\"true\" style=\"border:0;\" sandbox=\"allow-scripts allow-same-origin allow-popups allow-presentation\"><\/iframe><\/span>\n<\/div><\/figure>\n\n\n\n<p>e ho pensato: \u00abUh-ho\u00bb.<\/p>\n\n\n\n<p><a href=\"http:\/\/www.robertosedda.it\/?p=14891\" data-type=\"post\" data-id=\"14891\">Come ho raccontato tempo fa<\/a>, da ragazzo non \u00e8 che semplicemente ascoltavo Bennato; per me e per tanti altri la sintonia era pressoch\u00e9 totale: Bennato parlava e pensava esattamente come noi, solo <em>meglio<\/em>, con pi\u00f9 chiarezza, con pi\u00f9 coraggio, con pi\u00f9 sberleffi, con pi\u00f9 capacit\u00e0 di spostare in avanti il confine oltre le convenzioni.<\/p>\n\n\n\n<p>Ho anche raccontato che col tempo quella sintonia si \u00e8 incrinata: l&#8217;ideologia \u00e8 sembrata imbolsirsi, l&#8217;iconosclastia farsi di maniera, la volont\u00e0 di andare controcorrente fine a se stessa. Della grande diade della mia giovinezza \u00e8 rimasto Guccini da solo.<\/p>\n\n\n\n<p>Devo dire che passato il momento in cui l&#8217;amore si \u00e8 incrinato non lo seguo pi\u00f9 attentamente: magari l&#8217;ultimo disco \u00e8 fantastico, ma a me \u00e8 sfuggito (devo dire che da Bollani mi \u00e8 sembrato in formissima, peraltro). Ma quello che non avevo considerato \u00e8 che molte canzoni fossero ancora vivissime: non dico quelle intime, personali, come <em>Un giorno credi<\/em>, o quelle che ormai sono classici fuori da qualunque contesto, come<em> Il gatto e la volpe<\/em>, ma quelle che apparentemente sembrerebbero datate, legate alla cronaca del momento dell&#8217;uscita o al contesto culturale dell&#8217;epoca, come appunto <em>Cantautore<\/em>.<\/p>\n\n\n\n<p>Eppure, anche aldil\u00e0 dei due episodi che ho raccontato, sempre pi\u00f9 spesso mi capita di pensare che il Bennato degli anni &#8217;70 e primi &#8217;80 sia adattissimo all&#8217;attualit\u00e0, e mi sto chiedendo il perch\u00e9. <\/p>\n\n\n\n<p>Mi sono detto che dipende dal fatto che viviamo in anni di nuovo di grandissima ortodossia ideologica e annegati nel moralismo: e in questi casi \u00e8 d&#8217;uopo  ricomporre la diade: serve riflettere, scavare, essere intimi e personali, come Guccini, ma serve anche quel tipo di capovolgimento della morale corrente, magari sentenzioso a sua volta ma graffiante, o quella rivendicazione degli spazi di libert\u00e0 personale rispetto al benpensantismo di qualunque genere, compreso quello degli impresari di partito, quel sano scetticismo nei confronti dei custodi dell&#8217;ideologia, che \u00e8 sempre stato il marchio di fabbrica di Bennato.<\/p>\n\n\n\n<p>Fra l&#8217;altro il materiale non manca: Edoardo ha sempre avuto il vizio di ripetere le cose un paio di volte (uno dei motivi per cui la lucidit\u00e0 spietata dei vent&#8217;anni mi ha allontanato da lui), quindi spesso non c&#8217;\u00e8 che l&#8217;imbarazzo della scelta; per esempio mentre scrivo questo articolo sto ascoltando una sua <em>compilation<\/em> e sta passando <em>Sei come un juke-box<\/em>, della quale mi ero del tutto dimenticato e che in fondo \u00e8 una riproposizione di <em>Cantautore<\/em>: e anche questa, infatti, \u00e8 adattissima a tutti quelli che, come diceva Debord, facendosi idolo della societ\u00e0 dello spettacolo diventano merce e poi non possono pi\u00f9 esimersi dal muoversi, muoversi, muoversi, a comando del pubblico.<\/p>\n\n\n\n<figure class=\"wp-block-embed is-type-video is-provider-youtube wp-block-embed-youtube wp-embed-aspect-4-3 wp-has-aspect-ratio\"><div class=\"wp-block-embed__wrapper\">\n<span class=\"embed-youtube\" style=\"text-align:center; display: block;\"><iframe loading=\"lazy\" class=\"youtube-player\" width=\"800\" height=\"450\" src=\"https:\/\/www.youtube.com\/embed\/phNdQ8rIgDU?version=3&#038;rel=1&#038;showsearch=0&#038;showinfo=1&#038;iv_load_policy=1&#038;fs=1&#038;hl=it-IT&#038;autohide=2&#038;wmode=transparent\" allowfullscreen=\"true\" style=\"border:0;\" sandbox=\"allow-scripts allow-same-origin allow-popups allow-presentation\"><\/iframe><\/span>\n<\/div><\/figure>\n","protected":false},"excerpt":{"rendered":"<p>\u00c8 capitato qualche giorno fa, in una riunione, che io abbai usato un&#8217;espressione del genere: \u00abGuerre fratricide fra buoni e<\/p>\n","protected":false},"author":1,"featured_media":18914,"comment_status":"open","ping_status":"open","sticky":false,"template":"","format":"standard","meta":{"_mi_skip_tracking":false,"_monsterinsights_sitenote_active":false,"_monsterinsights_sitenote_note":"","_monsterinsights_sitenote_category":0,"jetpack_post_was_ever_published":false,"_jetpack_newsletter_access":"","jetpack_publicize_message":"Sempre pi\u00f9 spesso mi capita di pensare che il Bennato degli anni '70 e primi '80 sia adattissimo all'attualit\u00e0, e mi sto chiedendo il perch\u00e9. ","jetpack_is_tweetstorm":false,"jetpack_publicize_feature_enabled":true,"jetpack_social_post_already_shared":true,"jetpack_social_options":{"image_generator_settings":{"template":"highway","enabled":false}}},"categories":[52,55,77,17,16],"tags":[],"jetpack_publicize_connections":[],"jetpack_featured_media_url":"https:\/\/i0.wp.com\/www.robertosedda.it\/wp-content\/uploads\/2021\/07\/Bennato_rock.jpg?fit=562%2C960&ssl=1","jetpack_sharing_enabled":true,"jetpack_shortlink":"https:\/\/wp.me\/p4jV2T-4UZ","jetpack_likes_enabled":true,"jetpack-related-posts":[{"id":9758,"url":"https:\/\/www.robertosedda.it\/?p=9758","url_meta":{"origin":18909,"position":0},"title":"Fiabe senza amore","author":"Rufus","date":"09\/03\/2015","format":"video","excerpt":"Naturalmente Bennato, che ho usato come commento musicale alla puntata di Oggi parliamo di libri\u00a0dedicata alle fiabe, sbaglia: le favole non sono un gioco e soprattutto non sono vere soltanto a met\u00e0: nella misura in cui esprimono una saggezza collettiva sono, in un certo senso, pi\u00f9 vere del vero. Ma\u2026","rel":"","context":"In &quot;Coordinate&quot;","block_context":{"text":"Coordinate","link":"https:\/\/www.robertosedda.it\/?cat=52"},"img":{"alt_text":"","src":"https:\/\/i0.wp.com\/img.youtube.com\/vi\/Smyrj0oSJbw\/0.jpg?resize=350%2C200","width":350,"height":200},"classes":[]},{"id":5145,"url":"https:\/\/www.robertosedda.it\/?p=5145","url_meta":{"origin":18909,"position":1},"title":"Io amo quest&#8217;uomo","author":"Rufus","date":"28\/11\/2013","format":false,"excerpt":"Sono arrivato alla storia della lotta di Charlotte Laws contro il porno vendicativo, di cui ho scritto ieri, attraverso una segnalazione su\u00a0Facebook di Patrick Rothfuss, lo scrittore fantasy che ho citato qui un paio di volte, l'esperto di beneficenza e l'uomo che cercava una babysitter. Sotto la segnalazione di Rothfuss\u2026","rel":"","context":"In &quot;Coordinate&quot;","block_context":{"text":"Coordinate","link":"https:\/\/www.robertosedda.it\/?cat=52"},"img":{"alt_text":"","src":"https:\/\/i0.wp.com\/www.robertosedda.it\/wp-content\/uploads\/2013\/06\/rothfuss-whedon.jpg?fit=900%2C1200&ssl=1&resize=350%2C200","width":350,"height":200,"srcset":"https:\/\/i0.wp.com\/www.robertosedda.it\/wp-content\/uploads\/2013\/06\/rothfuss-whedon.jpg?fit=900%2C1200&ssl=1&resize=350%2C200 1x, https:\/\/i0.wp.com\/www.robertosedda.it\/wp-content\/uploads\/2013\/06\/rothfuss-whedon.jpg?fit=900%2C1200&ssl=1&resize=700%2C400 2x"},"classes":[]},{"id":12907,"url":"https:\/\/www.robertosedda.it\/?p=12907","url_meta":{"origin":18909,"position":2},"title":"I buoni giochi e il cattivo apprendimento","author":"Rufus","date":"01\/12\/2016","format":false,"excerpt":"Il blog\u00a0dei\u00a0Fabbricastorie lancia oggi un video nel quale un docente americano, esperto di\u00a0videogame e metodologie di apprendimento, elenca una serie di principi per il\u00a0game design. Lavorando su questo autore ho scoperto un suo articolo,\u00a0intitolato Good video games and good learning. Siccome l'articolo tocca argomenti che tornano talvolta in questo\u00a0blog (formazione,\u2026","rel":"","context":"In &quot;Coordinate&quot;","block_context":{"text":"Coordinate","link":"https:\/\/www.robertosedda.it\/?cat=52"},"img":{"alt_text":"","src":"https:\/\/i0.wp.com\/www.robertosedda.it\/wp-content\/uploads\/2016\/12\/James-Paul-Gee-2.jpg?fit=1080%2C580&ssl=1&resize=350%2C200","width":350,"height":200,"srcset":"https:\/\/i0.wp.com\/www.robertosedda.it\/wp-content\/uploads\/2016\/12\/James-Paul-Gee-2.jpg?fit=1080%2C580&ssl=1&resize=350%2C200 1x, https:\/\/i0.wp.com\/www.robertosedda.it\/wp-content\/uploads\/2016\/12\/James-Paul-Gee-2.jpg?fit=1080%2C580&ssl=1&resize=700%2C400 2x, https:\/\/i0.wp.com\/www.robertosedda.it\/wp-content\/uploads\/2016\/12\/James-Paul-Gee-2.jpg?fit=1080%2C580&ssl=1&resize=1050%2C600 3x"},"classes":[]},{"id":5916,"url":"https:\/\/www.robertosedda.it\/?p=5916","url_meta":{"origin":18909,"position":3},"title":"A Natale si \u00e8 tutti pi\u00f9 buoni","author":"Rufus","date":"22\/01\/2014","format":"video","excerpt":"Ho messo in linea oggi la puntata sui gialli di Natale di Oggi parliamo di libri, una puntata su cui strano a dirsi non ho molto da dire e ancor pi\u00f9 strano a dirsi in cui non ho fatto grandi errori. L'unica osservazione che faccio \u00e8 quella di indicare il\u2026","rel":"","context":"In &quot;Coordinate&quot;","block_context":{"text":"Coordinate","link":"https:\/\/www.robertosedda.it\/?cat=52"},"img":{"alt_text":"","src":"https:\/\/i0.wp.com\/www.robertosedda.it\/wp-content\/uploads\/2013\/12\/Bad_Santa_by_artist_kerembeyit.jpg?fit=750%2C1053&ssl=1&resize=350%2C200","width":350,"height":200,"srcset":"https:\/\/i0.wp.com\/www.robertosedda.it\/wp-content\/uploads\/2013\/12\/Bad_Santa_by_artist_kerembeyit.jpg?fit=750%2C1053&ssl=1&resize=350%2C200 1x, https:\/\/i0.wp.com\/www.robertosedda.it\/wp-content\/uploads\/2013\/12\/Bad_Santa_by_artist_kerembeyit.jpg?fit=750%2C1053&ssl=1&resize=700%2C400 2x"},"classes":[]},{"id":12886,"url":"https:\/\/www.robertosedda.it\/?p=12886","url_meta":{"origin":18909,"position":4},"title":"A proposito di gamification","author":"Rufus","date":"22\/11\/2016","format":false,"excerpt":"L'altro giorno sono andato al cinema a vedere il\u00a0Dottor Strange (magari ne parler\u00f2 un'altra volta) e all'ingresso ho notato un cartello, pi\u00f9 o meno cos\u00ec:Il sito dell'UCI Cinemas\u00a0spiega meglio il tutto: si tratta di un concorso, che prevede la possibilit\u00e0 di collezionare gli animali sui siti\u00a0web dell'UCI Cinemas\u00a0e di altri\u2026","rel":"","context":"In &quot;Coordinate&quot;","block_context":{"text":"Coordinate","link":"https:\/\/www.robertosedda.it\/?cat=52"},"img":{"alt_text":"","src":"https:\/\/i0.wp.com\/www.robertosedda.it\/wp-content\/uploads\/2016\/11\/Gamification-animali-fantastici.jpg?fit=600%2C400&ssl=1&resize=350%2C200","width":350,"height":200},"classes":[]},{"id":7919,"url":"https:\/\/www.robertosedda.it\/?p=7919","url_meta":{"origin":18909,"position":5},"title":"La solita impossibilit\u00e0 di farmi gli affari miei (e l&#8217;Azione Cattolica)","author":"Rufus","date":"11\/07\/2014","format":false,"excerpt":"Vedo status\u00a0di Facebook di ex responsabili dell'AC\u00a0dal tono deprecatorio ed amaro, sento di mail che girano per mezza Sardegna\u00a0e mi sembra di capire che nei nuovi assetti dell'AC diocesana c'\u00e8 qualche scricchiolio. Mi permetto di dire la mia, sapendo benissimo di trovarmi nella posizione di quello al quale si adatta\u2026","rel":"","context":"In &quot;Azione Cattolica&quot;","block_context":{"text":"Azione Cattolica","link":"https:\/\/www.robertosedda.it\/?cat=76"},"img":{"alt_text":"","src":"https:\/\/i0.wp.com\/www.robertosedda.it\/wp-content\/uploads\/2014\/07\/Azione-Cattolica_07.jpg?fit=330%2C241&ssl=1&resize=350%2C200","width":350,"height":200},"classes":[]}],"_links":{"self":[{"href":"https:\/\/www.robertosedda.it\/index.php?rest_route=\/wp\/v2\/posts\/18909"}],"collection":[{"href":"https:\/\/www.robertosedda.it\/index.php?rest_route=\/wp\/v2\/posts"}],"about":[{"href":"https:\/\/www.robertosedda.it\/index.php?rest_route=\/wp\/v2\/types\/post"}],"author":[{"embeddable":true,"href":"https:\/\/www.robertosedda.it\/index.php?rest_route=\/wp\/v2\/users\/1"}],"replies":[{"embeddable":true,"href":"https:\/\/www.robertosedda.it\/index.php?rest_route=%2Fwp%2Fv2%2Fcomments&post=18909"}],"version-history":[{"count":1,"href":"https:\/\/www.robertosedda.it\/index.php?rest_route=\/wp\/v2\/posts\/18909\/revisions"}],"predecessor-version":[{"id":18915,"href":"https:\/\/www.robertosedda.it\/index.php?rest_route=\/wp\/v2\/posts\/18909\/revisions\/18915"}],"wp:featuredmedia":[{"embeddable":true,"href":"https:\/\/www.robertosedda.it\/index.php?rest_route=\/wp\/v2\/media\/18914"}],"wp:attachment":[{"href":"https:\/\/www.robertosedda.it\/index.php?rest_route=%2Fwp%2Fv2%2Fmedia&parent=18909"}],"wp:term":[{"taxonomy":"category","embeddable":true,"href":"https:\/\/www.robertosedda.it\/index.php?rest_route=%2Fwp%2Fv2%2Fcategories&post=18909"},{"taxonomy":"post_tag","embeddable":true,"href":"https:\/\/www.robertosedda.it\/index.php?rest_route=%2Fwp%2Fv2%2Ftags&post=18909"}],"curies":[{"name":"wp","href":"https:\/\/api.w.org\/{rel}","templated":true}]}}