{"id":18682,"date":"2021-05-11T09:46:57","date_gmt":"2021-05-11T07:46:57","guid":{"rendered":"http:\/\/www.robertosedda.it\/?p=18682"},"modified":"2023-06-21T10:19:40","modified_gmt":"2023-06-21T08:19:40","slug":"dissidente","status":"publish","type":"post","link":"https:\/\/www.robertosedda.it\/?p=18682","title":{"rendered":"Dissidente"},"content":{"rendered":"\n<p>Maria Bonaria mi segnala, mentre a casa ci assestiamo davanti al computer per iniziare il lavoro, questa filastrocca di <a href=\"http:\/\/www.brunotognolini.com\/\">Bruno Tognolini<\/a>, \u00abpoeta per bambini e vecchi\u00bb, dove si dimostra che la critica dell&#8217;identit\u00e0 taglia come una spada a due lame sia a destra che a sinistra. La rima \u00e8 tratta da <em>Rime rimedio<\/em>, Salani, 2019, \u20ac 10,00.<\/p>\n\n\n\n<h2>Rima dissidente<\/h2>\n\n\n\n<p>Identit\u00e0 di genere<br \/>Identit\u00e0 di sesso<br \/>Ma io non sono identico<br \/>Nemmeno con me stesso<\/p>\n\n\n\n<p>Identit\u00e0 di razza<br \/>Identit\u00e0 di pelle<br \/>Ma io ho una voglia pazza<br \/>Bianca e nera a strisce gialle<\/p>\n\n\n\n<p>Identit\u00e0 di lingua<br \/>Di inglese e di dialetto<br \/>Tu parli in italiano<br \/>E non capisco ci\u00f2 che hai detto<\/p>\n\n\n\n<p>Identit\u00e0 di patria<br \/>Cultura e religione<br \/>Le usi per dividerci<br \/>Non sono cose buone<\/p>\n\n\n\n<p>Perch\u00e9 non siamo identici<br \/>Siamo rondini e dentici<br \/>Siamo camaleontici<br \/>Diversi da noi stessi<\/p>\n\n\n\n<p>Non son mai stato identico<br \/>Non sono uguale a niente<br \/>Io sono disidentico<br \/>Io sono dissidente.<\/p>\n","protected":false},"excerpt":{"rendered":"<p>Maria Bonaria mi segnala, mentre a casa ci assestiamo davanti al computer per iniziare il lavoro, questa filastrocca di Bruno<\/p>\n","protected":false},"author":1,"featured_media":20120,"comment_status":"open","ping_status":"open","sticky":false,"template":"","format":"standard","meta":{"_mi_skip_tracking":false,"_monsterinsights_sitenote_active":false,"_monsterinsights_sitenote_note":"","_monsterinsights_sitenote_category":0,"jetpack_post_was_ever_published":false,"_jetpack_newsletter_access":"","jetpack_publicize_message":"Dissidente. Il disidentico Bruno Tognolini sull'identit\u00e0.","jetpack_is_tweetstorm":false,"jetpack_publicize_feature_enabled":true,"jetpack_social_post_already_shared":true,"jetpack_social_options":{"image_generator_settings":{"template":"highway","enabled":false}}},"categories":[52,53,75,17,16],"tags":[],"jetpack_publicize_connections":[],"jetpack_featured_media_url":"https:\/\/i0.wp.com\/www.robertosedda.it\/wp-content\/uploads\/2021\/05\/rimerimedio.jpg?fit=1000%2C525&ssl=1","jetpack_sharing_enabled":true,"jetpack_shortlink":"https:\/\/wp.me\/p4jV2T-4Rk","jetpack_likes_enabled":true,"jetpack-related-posts":[{"id":17151,"url":"https:\/\/www.robertosedda.it\/?p=17151","url_meta":{"origin":18682,"position":0},"title":"Lo scoglio dell&#8217;identit\u00e0","author":"Rufus","date":"04\/09\/2019","format":false,"excerpt":"Sto rileggendo Contro l'identit\u00e0 di Francesco Remotti (Laterza, 1995, \u20ac 5,99 in digitale) che mi aveva molto affascinato durante un'estate a Tonara e che poi non ho pi\u00f9 frequentato. Ha, come ricordavo, tre capitoli iniziali formidabili e poi si perde un po' nelle varie applicazioni antropologiche e storiche presentate per\u2026","rel":"","context":"In &quot;Antropologia&quot;","block_context":{"text":"Antropologia","link":"https:\/\/www.robertosedda.it\/?cat=97"},"img":{"alt_text":"","src":"https:\/\/i0.wp.com\/www.robertosedda.it\/wp-content\/uploads\/2019\/09\/Remotti-somiglianze.jpg?resize=350%2C200&ssl=1","width":350,"height":200},"classes":[]},{"id":157,"url":"https:\/\/www.robertosedda.it\/?p=157","url_meta":{"origin":18682,"position":1},"title":"L&#8217;identit\u00e0 italiana in cucina","author":"Rufus","date":"21\/08\/2012","format":false,"excerpt":"L'identit\u00e0 italiana in cucina (Montanari, Laterza 2010) Un libretto piccolissimo che si legge molto velocemente na che \u00e8 ricchissimo di spunti preziosi, che invitano a riflessioni (anche laterali: a me ne son venute sull'Italia e la sua identit\u00e0 politica, sulle dinamiche demografiche, sulla falsificazione della tradizione, per dire) e a\u2026","rel":"","context":"In &quot;Cibo e cucine&quot;","block_context":{"text":"Cibo e cucine","link":"https:\/\/www.robertosedda.it\/?cat=71"},"img":{"alt_text":"","src":"https:\/\/i0.wp.com\/www.robertosedda.it\/wp-content\/uploads\/2012\/08\/MontanariHi.jpg?fit=600%2C1064&ssl=1&resize=350%2C200","width":350,"height":200},"classes":[]},{"id":18696,"url":"https:\/\/www.robertosedda.it\/?p=18696","url_meta":{"origin":18682,"position":2},"title":"La ghianda e le radici","author":"Rufus","date":"13\/05\/2021","format":false,"excerpt":"Sto finendo di leggere Il mito delle origini, (Editori Laterza, 2019, \u20ac 9,00, 107 pagine divise in una ventina di sapidi capitoletti) di Massimo Montanari, una delle massime autorit\u00e0 in Italia sulla storia dell'alimentazione, uno storico che a me e Maria Bonaria piace molto e di cui ho gi\u00e0 parlato\u2026","rel":"","context":"In &quot;Coordinate&quot;","block_context":{"text":"Coordinate","link":"https:\/\/www.robertosedda.it\/?cat=52"},"img":{"alt_text":"","src":"https:\/\/i0.wp.com\/www.robertosedda.it\/wp-content\/uploads\/2021\/05\/Montanari-Mito-delle-origini.jpg?fit=720%2C1200&ssl=1&resize=350%2C200","width":350,"height":200,"srcset":"https:\/\/i0.wp.com\/www.robertosedda.it\/wp-content\/uploads\/2021\/05\/Montanari-Mito-delle-origini.jpg?fit=720%2C1200&ssl=1&resize=350%2C200 1x, https:\/\/i0.wp.com\/www.robertosedda.it\/wp-content\/uploads\/2021\/05\/Montanari-Mito-delle-origini.jpg?fit=720%2C1200&ssl=1&resize=700%2C400 2x"},"classes":[]},{"id":17001,"url":"https:\/\/www.robertosedda.it\/?p=17001","url_meta":{"origin":18682,"position":3},"title":"Furti d&#8217;identit\u00e0&#8230; gravi","author":"Rufus","date":"14\/08\/2019","format":false,"excerpt":"Su Bloomberg il giornalista Drew Armstrong racconta cosa \u00e8 successo quando un piccolo truffatore della Florida ha cominciato a commettere reati fingendo di essere lui... con conseguenze durate sei anni. Il mitico doppelganger, il ladro d'identit\u00e0 delle fiabe Vi avviso: fa abbastanza paura (abbastanza perch\u00e9 tutto sommato mi sia sentito\u2026","rel":"","context":"In &quot;Coordinate&quot;","block_context":{"text":"Coordinate","link":"https:\/\/www.robertosedda.it\/?cat=52"},"img":{"alt_text":"","src":"https:\/\/i0.wp.com\/www.robertosedda.it\/wp-content\/uploads\/2019\/08\/CreatureSpotlight-Doppelganger.jpg?fit=220%2C250&ssl=1&resize=350%2C200","width":350,"height":200},"classes":[]},{"id":18364,"url":"https:\/\/www.robertosedda.it\/?p=18364","url_meta":{"origin":18682,"position":4},"title":"Inganni dell&#8217;identit\u00e0","author":"Rufus","date":"27\/11\/2020","format":false,"excerpt":"Fra le scoperte spotifaiane di questo periodo c'\u00e8 questa Song of the old communist di Leen Rosselson, una canzone che mi piace molto (anche se secondo me \u00e8 pi\u00f9 bella World turned upside down). https:\/\/www.youtube.com\/watch?v=A5ecU2yGDpM Ora, mentre la riascoltavo riflettevo che, in realt\u00e0, tutta la comunanza che sento con il\u2026","rel":"","context":"In &quot;Antropologia&quot;","block_context":{"text":"Antropologia","link":"https:\/\/www.robertosedda.it\/?cat=97"},"img":{"alt_text":"","src":"https:\/\/i0.wp.com\/www.robertosedda.it\/wp-content\/uploads\/2014\/03\/Rufus-e-Pino.jpg?fit=604%2C453&ssl=1&resize=350%2C200","width":350,"height":200},"classes":[]},{"id":11863,"url":"https:\/\/www.robertosedda.it\/?p=11863","url_meta":{"origin":18682,"position":5},"title":"REBLOG: Identit\u00e0 e repressione in Turchia","author":"Rufus","date":"21\/04\/2016","format":false,"excerpt":"","rel":"","context":"In &quot;Segnalazioni&quot;","block_context":{"text":"Segnalazioni","link":"https:\/\/www.robertosedda.it\/?cat=95"},"img":{"alt_text":"","src":"https:\/\/i0.wp.com\/www.robertosedda.it\/wp-content\/uploads\/2016\/04\/locandina-deidda-tocco-724x1024.jpg?fit=724%2C1024&ssl=1&resize=350%2C200","width":350,"height":200,"srcset":"https:\/\/i0.wp.com\/www.robertosedda.it\/wp-content\/uploads\/2016\/04\/locandina-deidda-tocco-724x1024.jpg?fit=724%2C1024&ssl=1&resize=350%2C200 1x, https:\/\/i0.wp.com\/www.robertosedda.it\/wp-content\/uploads\/2016\/04\/locandina-deidda-tocco-724x1024.jpg?fit=724%2C1024&ssl=1&resize=700%2C400 2x"},"classes":[]}],"_links":{"self":[{"href":"https:\/\/www.robertosedda.it\/index.php?rest_route=\/wp\/v2\/posts\/18682"}],"collection":[{"href":"https:\/\/www.robertosedda.it\/index.php?rest_route=\/wp\/v2\/posts"}],"about":[{"href":"https:\/\/www.robertosedda.it\/index.php?rest_route=\/wp\/v2\/types\/post"}],"author":[{"embeddable":true,"href":"https:\/\/www.robertosedda.it\/index.php?rest_route=\/wp\/v2\/users\/1"}],"replies":[{"embeddable":true,"href":"https:\/\/www.robertosedda.it\/index.php?rest_route=%2Fwp%2Fv2%2Fcomments&post=18682"}],"version-history":[{"count":1,"href":"https:\/\/www.robertosedda.it\/index.php?rest_route=\/wp\/v2\/posts\/18682\/revisions"}],"predecessor-version":[{"id":18683,"href":"https:\/\/www.robertosedda.it\/index.php?rest_route=\/wp\/v2\/posts\/18682\/revisions\/18683"}],"wp:featuredmedia":[{"embeddable":true,"href":"https:\/\/www.robertosedda.it\/index.php?rest_route=\/wp\/v2\/media\/20120"}],"wp:attachment":[{"href":"https:\/\/www.robertosedda.it\/index.php?rest_route=%2Fwp%2Fv2%2Fmedia&parent=18682"}],"wp:term":[{"taxonomy":"category","embeddable":true,"href":"https:\/\/www.robertosedda.it\/index.php?rest_route=%2Fwp%2Fv2%2Fcategories&post=18682"},{"taxonomy":"post_tag","embeddable":true,"href":"https:\/\/www.robertosedda.it\/index.php?rest_route=%2Fwp%2Fv2%2Ftags&post=18682"}],"curies":[{"name":"wp","href":"https:\/\/api.w.org\/{rel}","templated":true}]}}