{"id":18381,"date":"2020-12-18T12:37:31","date_gmt":"2020-12-18T11:37:31","guid":{"rendered":"http:\/\/www.robertosedda.it\/?p=18381"},"modified":"2021-04-17T16:44:31","modified_gmt":"2021-04-17T14:44:31","slug":"tempo-di-avvento-tempo-di-lectio","status":"publish","type":"post","link":"https:\/\/www.robertosedda.it\/?p=18381","title":{"rendered":"Tempo di Avvento, tempo di lectio"},"content":{"rendered":"\n<p>Il 21 dicembre prossimo, alle 21,00, il gruppo <em>La Pira<\/em> far\u00e0 la sua <em>lectio<\/em> di Natale abituale, su <em>Zoom<\/em>. Come al solito, chi si vuole unire a noi pu\u00f2 contattarci liberamente. Per tutti gli altri posto qui i materiali che utilizzeremo, nel caso volessero ripetere l&#8217;esperienza personalmente o con altri gruppi. Il nostro metodo, che \u00e8 sia consolidato che abbastanza peculiare al nostro gruppo (non mi \u00e8 mai capitato di sentire che altri facciano allo stesso modo, anche se immagino ce ne siano millemila)  \u00e8 spiegato in\u00a0<a href=\"http:\/\/www.robertosedda.it\/?p=17748\">questo vecchio articolo<\/a>, lo segnalo perch\u00e9 quello che trovate qui sotto non \u00e8 sufficiente per celebrare efficacemente la <em>lectio<\/em>, senza le spiegazioni che trovate l\u00ec; altri <em>link<\/em> e siti di riferimento\u00a0da esplorare sono citati via via negli articoli dedicati alle <em><a href=\"http:\/\/www.robertosedda.it\/?s=lectio\">lectio<\/a><\/em>\u00a0precedenti.<\/p>\n\n\n\n<p>Ah, solo una nota: era molto divertente cercare ogni volta un&#8217;opera d&#8217;arte di padre Rupnik diversa che servisse da commento al brano, ma anno liturgico nuovo pittore nuovo: quest&#8217;anno solo artisti barocchi.<\/p>\n\n\n\n<h3>Il brano<\/h3>\n\n\n\n<figure class=\"wp-block-image alignwide size-full\"><img data-attachment-id=\"18388\" data-permalink=\"https:\/\/www.robertosedda.it\/?attachment_id=18388\" data-orig-file=\"https:\/\/i0.wp.com\/www.robertosedda.it\/wp-content\/uploads\/2020\/12\/Caravaggio_SanGiovanni.jpg?fit=1245%2C740&amp;ssl=1\" data-orig-size=\"1245,740\" data-comments-opened=\"1\" data-image-meta=\"{&quot;aperture&quot;:&quot;0&quot;,&quot;credit&quot;:&quot;&quot;,&quot;camera&quot;:&quot;&quot;,&quot;caption&quot;:&quot;&quot;,&quot;created_timestamp&quot;:&quot;0&quot;,&quot;copyright&quot;:&quot;&quot;,&quot;focal_length&quot;:&quot;0&quot;,&quot;iso&quot;:&quot;0&quot;,&quot;shutter_speed&quot;:&quot;0&quot;,&quot;title&quot;:&quot;&quot;,&quot;orientation&quot;:&quot;1&quot;}\" data-image-title=\"Caravaggio_SanGiovanni\" data-image-description=\"\" data-image-caption=\"\" data-medium-file=\"https:\/\/i0.wp.com\/www.robertosedda.it\/wp-content\/uploads\/2020\/12\/Caravaggio_SanGiovanni.jpg?fit=300%2C178&amp;ssl=1\" data-large-file=\"https:\/\/i0.wp.com\/www.robertosedda.it\/wp-content\/uploads\/2020\/12\/Caravaggio_SanGiovanni.jpg?fit=510%2C303&amp;ssl=1\" decoding=\"async\" loading=\"lazy\" width=\"800\" height=\"476\" src=\"https:\/\/i0.wp.com\/www.robertosedda.it\/wp-content\/uploads\/2020\/12\/Caravaggio_SanGiovanni.jpg?resize=800%2C476\" alt=\"\" class=\"wp-image-18388\" srcset=\"https:\/\/i0.wp.com\/www.robertosedda.it\/wp-content\/uploads\/2020\/12\/Caravaggio_SanGiovanni.jpg?w=1245&amp;ssl=1 1245w, https:\/\/i0.wp.com\/www.robertosedda.it\/wp-content\/uploads\/2020\/12\/Caravaggio_SanGiovanni.jpg?resize=300%2C178&amp;ssl=1 300w, https:\/\/i0.wp.com\/www.robertosedda.it\/wp-content\/uploads\/2020\/12\/Caravaggio_SanGiovanni.jpg?resize=510%2C303&amp;ssl=1 510w, https:\/\/i0.wp.com\/www.robertosedda.it\/wp-content\/uploads\/2020\/12\/Caravaggio_SanGiovanni.jpg?resize=150%2C89&amp;ssl=1 150w\" sizes=\"(max-width: 800px) 100vw, 800px\" data-recalc-dims=\"1\" \/><figcaption>Michelangelo Merisi da Caravaggio, <em>San Giovanni Battista sdraiato<\/em> &#8211; <a href=\"https:\/\/it.wikipedia.org\/w\/index.php?curid=3154335\">Pubblico dominio<\/a><\/figcaption><\/figure>\n\n\n\n<p><strong>Dal Vangelo secondo Giovanni (Gv 1,1-18)<\/strong><\/p>\n\n\n\n<p>In principio era il Verbo,<br \/>e il Verbo era presso Dio<br \/>e il Verbo era Dio.<br \/>Egli era, in principio, presso Dio:<br \/>tutto \u00e8 stato fatto per mezzo di lui<br \/>e senza di lui nulla \u00e8 stato fatto di ci\u00f2 che esiste.<br \/>In lui era la vita<br \/>e la vita era la luce degli uomini;<br \/>la luce splende nelle tenebre<br \/>e le tenebre non l\u2019hanno vinta.<br \/>Venne un uomo mandato da Dio:<br \/>il suo nome era Giovanni.<br \/>Egli venne come testimone<br \/>per dare testimonianza alla luce,<br \/>perch\u00e9 tutti credessero per mezzo di lui.<br \/>Non era lui la luce,<br \/>ma doveva dare testimonianza alla luce.<br \/>Veniva nel mondo la luce vera,<br \/>quella che illumina ogni uomo.<br \/>Era nel mondo<br \/>e il mondo \u00e8 stato fatto per mezzo di lui;<br \/>eppure il mondo non lo ha riconosciuto.<br \/>Venne fra i suoi,<br \/>e i suoi non lo hanno accolto.<br \/>A quanti per\u00f2 lo hanno accolto<br \/>ha dato potere di diventare figli di Dio:<br \/>a quelli che credono nel suo nome,<br \/>i quali, non da sangue<br \/>n\u00e9 da volere di carne<br \/>n\u00e9 da volere di uomo,<br \/>ma da Dio sono stati generati.<br \/>E il Verbo si fece carne<br \/>e venne ad abitare in mezzo a noi;<br \/>e noi abbiamo contemplato la sua gloria,<br \/>gloria come del Figlio unigenito<br \/>che viene dal Padre,<br \/>pieno di grazia e di verit\u00e0.<br \/>Giovanni gli d\u00e0 testimonianza e proclama:<br \/>\u00abEra di lui che io dissi:<br \/>Colui che viene dopo di me<br \/>\u00e8 avanti a me,<br \/>perch\u00e9 era prima di me\u00bb.<br \/>Dalla sua pienezza<br \/>noi tutti abbiamo ricevuto:<br \/>grazia su grazia.<br \/>Perch\u00e9 la Legge fu data per mezzo di Mos\u00e8,<br \/>la grazia e la verit\u00e0 vennero per mezzo di Ges\u00f9 Cristo.<br \/>Dio, nessuno lo ha mai visto:<br \/>il Figlio unigenito, che \u00e8 Dio<br \/>ed \u00e8 nel seno del Padre,<br \/>\u00e8 lui che lo ha rivelato.<\/p>\n\n\n\n<h3>Commenti utilizzabili<\/h3>\n\n\n\n<p>Per i commenti, continuo a utilizzare il sistema di dividerli per categorie a seconda dell&#8217;ampiezza e dello stile espositivo, in modo da facilitare la scelta:<\/p>\n\n\n\n<p><strong>Schemi di&nbsp;<em>lectio<\/em>&nbsp;con spiegazione puntale del brano:<\/strong><\/p>\n\n\n\n<ul><li>sul sito <em>Meditare la Parola<\/em> una <a href=\"https:\/\/meditarelaparola.blogspot.com\/2019_12_29_archive.html\">spiegazione esaustiva<\/a> versetto per versetto con alcuni materiali aggiuntivi per la preghiera e la riflessione;<\/li><li>sul sito dei Padri Carmelitani un\u00a0<a href=\"https:\/\/ocarm.org\/it\/content\/lectio\/lectio-divina-giovanni-11-18\">commento<\/a>\u00a0dettagliato anche se non propriamente versetto per versetto e materiali aggiuntivi per la\u00a0<em>lectio<\/em>\u00a0(domande, testi di preghiera);<\/li><li>sul sito del Monastero <em>Matris Domini<\/em> un <a href=\"https:\/\/www.matrisdomini.org\/images\/PDF\/Anno_A_2014\/Avvento%20e%20Natale\/Natale%20giorno.pdf\">commento<\/a> versetto per versetto., con brevi domande finali.<\/li><\/ul>\n\n\n\n<hr class=\"wp-block-separator\"\/>\n\n\n\n<p><strong>Spiegazioni ampie con richiami ad altre parti della Bibbia<\/strong>:<\/p>\n\n\n\n<ul><li>sul sito dei Gesuiti di Villapizzone, un <a href=\"https:\/\/www.gesuiti-villapizzone.it\/sito\/trascrizioni\/gv\/1\/01\/files\/gv01.pdf\">commento in due ampie parti<\/a> a cura di padre Filippo Clerici e padre Silvano Fausti;<\/li><li>sul sito dell\u2019Abbazia di Pulsano, un ampio ed esaustivo\u00a0<a href=\"http:\/\/www.abbaziadipulsano.org\/wp-content\/uploads\/2019\/12\/Lectio-II-Domenica-dopo-Natale-A-2019.docx\">commento<\/a>\u00a0(essendo tratto dal commento alla II domenica del tempo di Natale dell&#8217;Anno A, le altre letture non corrispondono, ma certo aiutano a meglio comprendere il brano).<\/li><\/ul>\n\n\n\n<hr class=\"wp-block-separator\"\/>\n\n\n\n<p><strong>Commenti dal taglio esegetico spirituale:<\/strong><\/p>\n\n\n\n<ul><li>sui sito del monastero di Bose, un\u00a0<a href=\"https:\/\/www.monasterodibose.it\/comunita\/fondatore\/1270-riflessioni-sul-vangelo\/7472-ii-domenica-dopo-natale\">commento<\/a>\u00a0di Enzo Bianchi;<\/li><li>ancora sul sito di Bose, un altro\u00a0<a href=\"https:\/\/www.monasterodibose.it\/fondatore\/riflessioni-sul-vangelo\/10133-un-abisso-di-luce\">commento<\/a>\u00a0di Enzo Bianchi, che riflette sul mistero dell&#8217;Incarnazione;<\/li><li>una terza <a href=\"https:\/\/www.monasterodibose.it\/comunita\/fondatore\/riflessioni-sul-vangelo\/8867-gesu-cristo-dio-fatto-uomo\">riflessione<\/a> di Enzo Bianchi, ancora dal sito di Bose;<\/li><li>sempre sul sito di Bose, un\u00a0<a href=\"https:\/\/www.monasterodibose.it\/preghiera\/vangelo\/13575-la-parola-e-in-dio-la-parola-e-dio\">commento<\/a>\u00a0pi\u00f9 ampio del priore Luciano Manicardi;<\/li><li>sul sito\u00a0<em>Studi biblici<\/em>, un\u00a0<a href=\"https:\/\/www.studibiblici.it\/VideoOmelie\/trascrizioni\/Commento%20al%20Vangelo%20di%20P.%20Alberto%20Maggi%20-%2025%20dic%202012.pdf\">commento<\/a>\u00a0di padre Alberto Maggi;<\/li><li>sempre sul sito\u00a0<em>Studi biblici<\/em>, un secondo\u00a0<a href=\"https:\/\/www.studibiblici.it\/VideoOmelie\/trascrizioni\/Commento%20al%20Vangelo%20di%20P.%20Alberto%20Maggi%20-%202%20gen%2011.pdf\">commento<\/a>\u00a0di padre Maggi;<\/li><li>ancora sul sito <em>Studi biblici<\/em>, un terzo commento, pi\u00f9 breve dei precedenti;<\/li><li>sul sito <em>La parte buona<\/em>, un commento di Giulio Michelini.<\/li><\/ul>\n\n\n\n<hr class=\"wp-block-separator\"\/>\n\n\n\n<p><strong>Altro:<\/strong><\/p>\n\n\n\n<ul><li>sul sito <em>Giovani e missione<\/em> un lungo <a href=\"http:\/\/www.giovaniemissione.it\/categoria-di-spiritualit%C3%A0\/782\/gv-1-1-18-ora-cammina-sulle-strade-di-gesu\/\">commento<\/a> di taglio vocazionale\/morale, utile per per il discernimento personale.<\/li><\/ul>\n\n\n\n<figure class=\"wp-block-image alignwide size-full\"><img data-attachment-id=\"18389\" data-permalink=\"https:\/\/www.robertosedda.it\/?attachment_id=18389\" data-orig-file=\"https:\/\/i0.wp.com\/www.robertosedda.it\/wp-content\/uploads\/2020\/12\/1640px-Caravaggio-Nativity1600.jpg?fit=1640%2C2160&amp;ssl=1\" data-orig-size=\"1640,2160\" data-comments-opened=\"1\" data-image-meta=\"{&quot;aperture&quot;:&quot;0&quot;,&quot;credit&quot;:&quot;&quot;,&quot;camera&quot;:&quot;&quot;,&quot;caption&quot;:&quot;&quot;,&quot;created_timestamp&quot;:&quot;0&quot;,&quot;copyright&quot;:&quot;Photo Scala, Florence 2005&quot;,&quot;focal_length&quot;:&quot;0&quot;,&quot;iso&quot;:&quot;0&quot;,&quot;shutter_speed&quot;:&quot;0&quot;,&quot;title&quot;:&quot;&quot;,&quot;orientation&quot;:&quot;0&quot;}\" data-image-title=\"1640px-Caravaggio-Nativity1600\" data-image-description=\"\" data-image-caption=\"\" data-medium-file=\"https:\/\/i0.wp.com\/www.robertosedda.it\/wp-content\/uploads\/2020\/12\/1640px-Caravaggio-Nativity1600.jpg?fit=228%2C300&amp;ssl=1\" data-large-file=\"https:\/\/i0.wp.com\/www.robertosedda.it\/wp-content\/uploads\/2020\/12\/1640px-Caravaggio-Nativity1600.jpg?fit=510%2C672&amp;ssl=1\" decoding=\"async\" loading=\"lazy\" width=\"800\" height=\"1054\" src=\"https:\/\/i0.wp.com\/www.robertosedda.it\/wp-content\/uploads\/2020\/12\/1640px-Caravaggio-Nativity1600.jpg?resize=800%2C1054\" alt=\"\" class=\"wp-image-18389\" srcset=\"https:\/\/i0.wp.com\/www.robertosedda.it\/wp-content\/uploads\/2020\/12\/1640px-Caravaggio-Nativity1600.jpg?w=1640&amp;ssl=1 1640w, https:\/\/i0.wp.com\/www.robertosedda.it\/wp-content\/uploads\/2020\/12\/1640px-Caravaggio-Nativity1600.jpg?resize=228%2C300&amp;ssl=1 228w, https:\/\/i0.wp.com\/www.robertosedda.it\/wp-content\/uploads\/2020\/12\/1640px-Caravaggio-Nativity1600.jpg?resize=510%2C672&amp;ssl=1 510w, https:\/\/i0.wp.com\/www.robertosedda.it\/wp-content\/uploads\/2020\/12\/1640px-Caravaggio-Nativity1600.jpg?resize=114%2C150&amp;ssl=1 114w, https:\/\/i0.wp.com\/www.robertosedda.it\/wp-content\/uploads\/2020\/12\/1640px-Caravaggio-Nativity1600.jpg?resize=1166%2C1536&amp;ssl=1 1166w, https:\/\/i0.wp.com\/www.robertosedda.it\/wp-content\/uploads\/2020\/12\/1640px-Caravaggio-Nativity1600.jpg?resize=1555%2C2048&amp;ssl=1 1555w\" sizes=\"(max-width: 800px) 100vw, 800px\" data-recalc-dims=\"1\" \/><figcaption>Michelangelo Merisi da Caravaggio, Nativit\u00e0 coi santi Lorenzo e Francesco &#8211; upload by Cuppoz, <a href=\"https:\/\/commons.wikimedia.org\/w\/index.php?curid=73864425\">Pubblico dominio<\/a> <\/figcaption><\/figure>\n\n\n\n<h3>Altri materiali utili per ciascun passo della\u00a0<em>lectio<\/em><\/h3>\n\n\n\n<p>L\u2019intero testo della Liturgia della Parola si trova sul sito de\u00a0<em><a href=\"http:\/\/www.lachiesa.it\/calendario\/Detailed\/20201225.shtml\">LaChiesa.it<\/a><\/em> (per la Messa del giorno scorrere fino alla fine).<\/p>\n\n\n\n<h4>Per iniziare<\/h4>\n\n\n\n<p><strong>Antifona d\u2019ingresso<\/strong><\/p>\n\n\n\n<p><em>Un bambino \u00e8 nato per noi,<br \/>ci \u00e8 stato dato un figlio.<br \/>Sulle sue spalle \u00e8 il potere<br \/>e il suo nome sar\u00e0:<br \/>Consigliere mirabile.<\/em><\/p>\n\n\n\n<p>oppure<\/p>\n\n\n\n<p>si pu\u00f2 ascoltare o eseguire il canto <em><a href=\"https:\/\/www.youtube.com\/watch?v=vpuAulKxEh4\">Dal tronco di Iesse<\/a><\/em><\/p>\n\n\n\n<p><em>Dal tronco di Jesse germoglier\u00e0<br \/>un nuovo virgulto domani<br \/>dalle sue radici si elever\u00e0<br \/>un albero nuovo (x2)<\/em><\/p>\n\n\n\n<p>Su di lui scender\u00e0 lo Spirito di Dio,<br \/>gli regaler\u00e0 i suoi ricchi doni:<br \/>consiglio e sapienza, scienza e fortezza,<br \/>santo timore di Dio.<\/p>\n\n\n\n<p>Non giudicher\u00e0 per le apparenze,<br \/>non decider\u00e0 per sentito dire;<br \/>ai poveri poi dar\u00e0 con larghezza,<br \/>far\u00e0 giustizia agli oppressi.<\/p>\n\n\n\n<p>Ed il lupo e l&#8217;agnello in pace vivranno,<br \/>saranno amici la mucca e il leone,<br \/>ed un fanciullo li guider\u00e0,<br \/>pascoleranno insieme.<\/p>\n\n\n\n<h4>Invocazione allo Spirito prima della\u00a0<em>lectio<\/em><\/h4>\n\n\n\n<p><strong>Invocazione allo Spirito della Comunit\u00e0 di Bose<\/strong><\/p>\n\n\n\n<p><em>Signore, noi ti ringraziamo<br \/>perch\u00e9 ci hai riuniti alla tua presenza<br \/>per farci ascoltare la tua Parola<br \/>in essa tu ci riveli il tuo amore<br \/>e ci fai conoscere la tua volont\u00e0.<\/em><\/p>\n\n\n\n<p><em>Fa tacere in noi ogni altra voce<br \/>che non sia la tua,<br \/>e perch\u00e9 non troviamo condanna<br \/>nella tua Parola<br \/>letta ma non accolta,<br \/>meditata ma non amata,<br \/>pregata ma non custodita,<br \/>contemplata ma non realizzata,<br \/>manda il tuo Spirito Santo<br \/>ad aprire le nostre menti<br \/>e a guarire i nostri cuori.<\/em><\/p>\n\n\n\n<p><em>Solo cos\u00ec il nostro incontro<br \/>con la tua Parola<br \/>sar\u00e0 rinnovamento dell\u2019alleanza,<br \/>comunione con te e il Figlio<br \/>e lo Spirito santo,<br \/>Dio benedetto nei secoli dei secoli.<br \/>Amen.<\/em><\/p>\n\n\n\n<h4><strong>Al termine della&nbsp;<em>contemplatio<\/em><\/strong><\/h4>\n\n\n\n<p><strong>Is 61,13,6-8<\/strong><\/p>\n\n\n\n<p><em>Lo spirito del Signore Dio \u00e8 su di me,<\/em><br \/><em>perch\u00e9 il Signore mi ha consacrato con l&#8217;unzione;<\/em><br \/><em>mi ha mandato a portare il lieto annuncio ai miseri,<\/em><br \/><em>a fasciare le piaghe dei cuori spezzati,<\/em><br \/><em>a proclamare la libert\u00e0 degli schiavi,<\/em><br \/><em>la scarcerazione dei prigionieri,<\/em><br \/><em>a promulgare l&#8217;anno di grazia del Signore,<\/em><br \/><em>il giorno di vendetta del nostro Dio,<\/em><br \/><em>per consolare tutti gli afflitti,<\/em><br \/><em>per dare agli afflitti di Sion<\/em><br \/><em>una corona invece della cenere,<\/em><br \/><em>olio di letizia invece dell&#8217;abito da lutto,<\/em><br \/><em>veste di lode invece di uno spirito mesto.<\/em><br \/><em>Essi si chiameranno querce di giustizia,<\/em><br \/><em>piantagione del Signore, per manifestare la sua gloria.<\/em><br \/><em>Voi sarete chiamati sacerdoti del Signore,<\/em><br \/><em>ministri del nostro Dio sarete detti.<\/em><br \/><em>Vi nutrirete delle ricchezze delle nazioni,<\/em><br \/><em>vi vanterete dei loro beni.<\/em><br \/><em>Perch\u00e9 io sono il Signore che amo il diritto<\/em><br \/><em>e odio la rapina e l&#8217;ingiustizia:<\/em><br \/><em>io dar\u00f2 loro fedelmente il salario,<\/em><br \/><em>concluder\u00f2 con loro un&#8217;alleanza eterna.<\/em><br \/><sup>9<\/sup><em>Sar\u00e0 famosa tra le genti la loro stirpe,<\/em><br \/><em>la loro discendenza in mezzo ai popoli.<\/em><br \/><em>Coloro che li vedranno riconosceranno<\/em><br \/><em>che essi sono la stirpe benedetta dal Signore.<\/em><\/p>\n\n\n\n<p>Si pu\u00f2 anche ascoltare o eseguire il <a href=\"https:\/\/www.youtube.com\/watch?v=qDBx0uG3scA\">canto<\/a> del maestro Comi.<\/p>\n\n\n\n<h4>Per la conclusione dell\u2019incontro<\/h4>\n\n\n\n<p><em>O Dio, che in modo mirabile<br \/>ci hai creati a tua immagine e in modo pi\u00f9 mirabile<br \/>ci hai rinnovati e redenti,<br \/>fa\u2019 che possiamo condividere la vita divina del tuo Figlio,<br \/>che oggi ha voluto assumere la nostra natura umana.<br \/>Egli \u00e8 Dio, e vive e regna con te,<br \/>nell\u2019unit\u00e0 dello Spirito Santo,<br \/>per tutti i secoli dei secoli.<\/em><\/p>\n","protected":false},"excerpt":{"rendered":"<p>Il 21 dicembre prossimo, alle 21,00, il gruppo La Pira far\u00e0 la sua lectio di Natale abituale, su Zoom. Come<\/p>\n","protected":false},"author":1,"featured_media":18389,"comment_status":"open","ping_status":"open","sticky":false,"template":"","format":"standard","meta":{"_mi_skip_tracking":false,"_monsterinsights_sitenote_active":false,"_monsterinsights_sitenote_note":"","_monsterinsights_sitenote_category":0,"jetpack_post_was_ever_published":false,"_jetpack_newsletter_access":"","jetpack_publicize_message":"","jetpack_is_tweetstorm":false,"jetpack_publicize_feature_enabled":true,"jetpack_social_post_already_shared":true,"jetpack_social_options":{"image_generator_settings":{"template":"highway","enabled":false}}},"categories":[52,54,17,62,16],"tags":[],"jetpack_publicize_connections":[],"jetpack_featured_media_url":"https:\/\/i0.wp.com\/www.robertosedda.it\/wp-content\/uploads\/2020\/12\/1640px-Caravaggio-Nativity1600.jpg?fit=1640%2C2160&ssl=1","jetpack_sharing_enabled":true,"jetpack_shortlink":"https:\/\/wp.me\/p4jV2T-4Mt","jetpack_likes_enabled":true,"jetpack-related-posts":[{"id":18500,"url":"https:\/\/www.robertosedda.it\/?p=18500","url_meta":{"origin":18381,"position":0},"title":"La lectio dell&#8217;incontro del giorno dopo","author":"Rufus","date":"17\/04\/2021","format":false,"excerpt":"Dopo un periodo di interruzione domani il gruppo La Pira fa la sua lectio periodica. Cime sempre pubblico qui i materiali che utilizzeremo per renderne pi\u00f9 facile la consultazione al gruppo e anche perch\u00e9 possono essere utili anche ad altri che vogliono fare una esperienza simile. Il metodo \u00e8 spiegato\u2026","rel":"","context":"In &quot;Coordinate&quot;","block_context":{"text":"Coordinate","link":"https:\/\/www.robertosedda.it\/?cat=52"},"img":{"alt_text":"","src":"https:\/\/i0.wp.com\/www.robertosedda.it\/wp-content\/uploads\/2021\/04\/3039px-1602-3_CaravaggioSupper_at_Emmaus_National_Gallery_London-scaled.jpg?fit=1200%2C853&ssl=1&resize=350%2C200","width":350,"height":200,"srcset":"https:\/\/i0.wp.com\/www.robertosedda.it\/wp-content\/uploads\/2021\/04\/3039px-1602-3_CaravaggioSupper_at_Emmaus_National_Gallery_London-scaled.jpg?fit=1200%2C853&ssl=1&resize=350%2C200 1x, https:\/\/i0.wp.com\/www.robertosedda.it\/wp-content\/uploads\/2021\/04\/3039px-1602-3_CaravaggioSupper_at_Emmaus_National_Gallery_London-scaled.jpg?fit=1200%2C853&ssl=1&resize=700%2C400 2x, https:\/\/i0.wp.com\/www.robertosedda.it\/wp-content\/uploads\/2021\/04\/3039px-1602-3_CaravaggioSupper_at_Emmaus_National_Gallery_London-scaled.jpg?fit=1200%2C853&ssl=1&resize=1050%2C600 3x"},"classes":[]},{"id":17748,"url":"https:\/\/www.robertosedda.it\/?p=17748","url_meta":{"origin":18381,"position":1},"title":"Come fare una lectio divina autogestita","author":"Rufus","date":"23\/01\/2020","format":false,"excerpt":"La lectio divina \u00e8 una antica pratica della tradizione monastica di studio e meditazione della Bibbia, venuta in auge nelle comunit\u00e0 parrocchiali e nelle associazioni laicali negli anni del post-Concilio. In Italia la sua divulgazione \u00e8 legata in particolar modo al lavoro del Cardinal Martini, anche se la sua diffusione\u2026","rel":"","context":"In &quot;Coordinate&quot;","block_context":{"text":"Coordinate","link":"https:\/\/www.robertosedda.it\/?cat=52"},"img":{"alt_text":"","src":"https:\/\/i0.wp.com\/www.robertosedda.it\/wp-content\/uploads\/2020\/01\/lectio.jpg?fit=810%2C538&ssl=1&resize=350%2C200","width":350,"height":200,"srcset":"https:\/\/i0.wp.com\/www.robertosedda.it\/wp-content\/uploads\/2020\/01\/lectio.jpg?fit=810%2C538&ssl=1&resize=350%2C200 1x, https:\/\/i0.wp.com\/www.robertosedda.it\/wp-content\/uploads\/2020\/01\/lectio.jpg?fit=810%2C538&ssl=1&resize=700%2C400 2x"},"classes":[]},{"id":18590,"url":"https:\/\/www.robertosedda.it\/?p=18590","url_meta":{"origin":18381,"position":2},"title":"La lectio che abbiamo gi\u00e0 fatto","author":"Rufus","date":"30\/04\/2021","format":false,"excerpt":"A quanto pare il gruppo La Pira ci ha preso gusto e domenica, alle 18,00, facciamo di nuovo lectio, in questo caso sul brano della vite e dei tralci che si trova al Vangelo di Giovanni al capitolo 15, versetti 1-8. Si tratta di un brano su cui abbiamo gi\u00e0\u2026","rel":"","context":"In &quot;Coordinate&quot;","block_context":{"text":"Coordinate","link":"https:\/\/www.robertosedda.it\/?cat=52"},"img":{"alt_text":"","src":"https:\/\/i0.wp.com\/www.robertosedda.it\/wp-content\/uploads\/2021\/04\/Peter_Paul_Rubens_-_Last_Supper_-_WGA20255-scaled.jpg?fit=989%2C1200&ssl=1&resize=350%2C200","width":350,"height":200,"srcset":"https:\/\/i0.wp.com\/www.robertosedda.it\/wp-content\/uploads\/2021\/04\/Peter_Paul_Rubens_-_Last_Supper_-_WGA20255-scaled.jpg?fit=989%2C1200&ssl=1&resize=350%2C200 1x, https:\/\/i0.wp.com\/www.robertosedda.it\/wp-content\/uploads\/2021\/04\/Peter_Paul_Rubens_-_Last_Supper_-_WGA20255-scaled.jpg?fit=989%2C1200&ssl=1&resize=700%2C400 2x"},"classes":[]},{"id":18083,"url":"https:\/\/www.robertosedda.it\/?p=18083","url_meta":{"origin":18381,"position":3},"title":"Lectio di Pasqua","author":"Rufus","date":"11\/04\/2020","format":false,"excerpt":"Trovate qui di seguito, come ogni sabato, i materiali per una lectio sul Vangelo della domenica, da fare da soli o in comunit\u00e0 (telematica, in questo periodo). Come al solito ricordo che lo schema generale della lectio e il modo di farla del gruppo La Pira sono spiegati in questo\u2026","rel":"","context":"In &quot;Coordinate&quot;","block_context":{"text":"Coordinate","link":"https:\/\/www.robertosedda.it\/?cat=52"},"img":{"alt_text":"","src":"https:\/\/i0.wp.com\/www.robertosedda.it\/wp-content\/uploads\/2020\/04\/Rupnik-Pasqua.jpg?fit=822%2C1024&ssl=1&resize=350%2C200","width":350,"height":200,"srcset":"https:\/\/i0.wp.com\/www.robertosedda.it\/wp-content\/uploads\/2020\/04\/Rupnik-Pasqua.jpg?fit=822%2C1024&ssl=1&resize=350%2C200 1x, https:\/\/i0.wp.com\/www.robertosedda.it\/wp-content\/uploads\/2020\/04\/Rupnik-Pasqua.jpg?fit=822%2C1024&ssl=1&resize=700%2C400 2x"},"classes":[]},{"id":18097,"url":"https:\/\/www.robertosedda.it\/?p=18097","url_meta":{"origin":18381,"position":4},"title":"Lectio in albis","author":"Rufus","date":"18\/04\/2020","format":false,"excerpt":"Domani il gruppo La Pira fa la sua lectio periodica. I materiali che utilizzeremo sono quelli che trovate qui sotto, e possono essere utili anche ad altri che vogliono fare una esperienza simile. Il metodo \u00e8 spiegato in questo vecchio articolo; anche quando il gruppo non si riunisce (virtualmente, in\u2026","rel":"","context":"In &quot;Coordinate&quot;","block_context":{"text":"Coordinate","link":"https:\/\/www.robertosedda.it\/?cat=52"},"img":{"alt_text":"","src":"https:\/\/i0.wp.com\/www.robertosedda.it\/wp-content\/uploads\/2020\/04\/Pentecoste-Rupnik.jpg?fit=430%2C540&ssl=1&resize=350%2C200","width":350,"height":200},"classes":[]},{"id":17951,"url":"https:\/\/www.robertosedda.it\/?p=17951","url_meta":{"origin":18381,"position":5},"title":"Lectio al tempo del metro di distanza","author":"Rufus","date":"07\/03\/2020","format":false,"excerpt":"In un periodo in cui la pratica religiosa \u00e8 costretta a strani giri e rigiri dalle pratiche di salvaguardia dal contagio non \u00e8 una cattiva idea dare pi\u00f9 sazio quanto meno alla Parola, mi \u00e8 venuto in testa di pubblicare ogni sabato i materiali per fare lectio (potete consultare un\u2026","rel":"","context":"In &quot;Coordinate&quot;","block_context":{"text":"Coordinate","link":"https:\/\/www.robertosedda.it\/?cat=52"},"img":{"alt_text":"","src":"https:\/\/i0.wp.com\/www.robertosedda.it\/wp-content\/uploads\/2020\/03\/31f116a082e7d1bc1cada96cfa3c2b37.jpg?fit=467%2C600&ssl=1&resize=350%2C200","width":350,"height":200},"classes":[]}],"_links":{"self":[{"href":"https:\/\/www.robertosedda.it\/index.php?rest_route=\/wp\/v2\/posts\/18381"}],"collection":[{"href":"https:\/\/www.robertosedda.it\/index.php?rest_route=\/wp\/v2\/posts"}],"about":[{"href":"https:\/\/www.robertosedda.it\/index.php?rest_route=\/wp\/v2\/types\/post"}],"author":[{"embeddable":true,"href":"https:\/\/www.robertosedda.it\/index.php?rest_route=\/wp\/v2\/users\/1"}],"replies":[{"embeddable":true,"href":"https:\/\/www.robertosedda.it\/index.php?rest_route=%2Fwp%2Fv2%2Fcomments&post=18381"}],"version-history":[{"count":1,"href":"https:\/\/www.robertosedda.it\/index.php?rest_route=\/wp\/v2\/posts\/18381\/revisions"}],"predecessor-version":[{"id":18390,"href":"https:\/\/www.robertosedda.it\/index.php?rest_route=\/wp\/v2\/posts\/18381\/revisions\/18390"}],"wp:featuredmedia":[{"embeddable":true,"href":"https:\/\/www.robertosedda.it\/index.php?rest_route=\/wp\/v2\/media\/18389"}],"wp:attachment":[{"href":"https:\/\/www.robertosedda.it\/index.php?rest_route=%2Fwp%2Fv2%2Fmedia&parent=18381"}],"wp:term":[{"taxonomy":"category","embeddable":true,"href":"https:\/\/www.robertosedda.it\/index.php?rest_route=%2Fwp%2Fv2%2Fcategories&post=18381"},{"taxonomy":"post_tag","embeddable":true,"href":"https:\/\/www.robertosedda.it\/index.php?rest_route=%2Fwp%2Fv2%2Ftags&post=18381"}],"curies":[{"name":"wp","href":"https:\/\/api.w.org\/{rel}","templated":true}]}}