{"id":18376,"date":"2020-12-02T16:20:26","date_gmt":"2020-12-02T15:20:26","guid":{"rendered":"http:\/\/www.robertosedda.it\/?p=18376"},"modified":"2021-12-20T10:43:02","modified_gmt":"2021-12-20T09:43:02","slug":"e-fra-poco-va-in-onda-la-filiale","status":"publish","type":"post","link":"https:\/\/www.robertosedda.it\/?p=18376","title":{"rendered":"E fra poco va in onda la Filiale"},"content":{"rendered":"\n<p>Alle 17,30 vado in onda a reti unificate (cio\u00e8: su <em>Facebook<\/em> e <em>YouTube<\/em>) per la festa <em>on line<\/em> di inugurazione della nuova Filiale di Banca Etica di Sassari, l&#8217;agognata filiale regionale della Sardegna.<\/p>\n\n\n\n<p>In realt\u00e0 la festa sarebbe pi\u00f9 una festa di compleanno, dato che la Filiale ha aperto praticamente un anno fa; ma le vicissitudini di questo 2020 non hanno permesso di festeggiare degnamente e abbiamo sempre rinviato. Poi l&#8217;uscita del III Rapporto della Banca sull&#8217;esclusione finanziaria, che come sempre indica il Sulcis-Iglesiente come una zona particolarmente critica e che perci\u00f2 aveva molto senso presentare in Sardegna ci ha spinto a rompere gli indugi, cucendo attorno alla presentazione del <em>Rapporto<\/em> anche un momento pi\u00f9 giocoso di debutto ufficiale della Filiale e dei dipendenti e insieme di tutta la realt\u00e0 della Banca in Sardegna, come ho scritto nel testo di presentazione dell&#8217;evento per la pagina del GIT:<\/p>\n\n\n\n<blockquote class=\"wp-block-quote\"><p>Prima abbiamo aspettato che la nuova Filiale regionale sarda della nostra Banca uscisse dalla fase iniziale di lavoro matto e disperatissimo per tirare il fiato e festeggiare l&#8217;apertura nella maniera pi\u00f9 adeguata.<br \/>Poi \u00e8 arrivato il <em>lockdown<\/em>.<br \/>Poi Sassari, dove ha sede la Filiale, era la citt\u00e0 in Sardegna che aveva avuto pi\u00f9 lutti per la pandemia e \u00a0non ci sembrava che ci fosse tanto da festeggiare.<br \/>Poi&#8230; poi&#8230; poi&#8230;<br \/>Alla fine ci siamo decisi!<br \/>Non possiamo gustare il piacere dell&#8217;incontro, di vederci faccia a faccia nei nuovi locali, ma vogliamo festeggiare lo stesso in maniera virtuale, a un anno esatto dall&#8217;apertura.<\/p><\/blockquote>\n\n\n\n<h2>Con Cugis e Soriga per la finanza etica<\/h2>\n\n\n\n<figure class=\"wp-block-image alignwide size-full\"><img data-attachment-id=\"18377\" data-permalink=\"https:\/\/www.robertosedda.it\/?attachment_id=18377\" data-orig-file=\"https:\/\/i0.wp.com\/www.robertosedda.it\/wp-content\/uploads\/2020\/12\/126126054_3693012367416326_3145716816525082391_o.jpg?fit=1500%2C1001&amp;ssl=1\" data-orig-size=\"1500,1001\" data-comments-opened=\"1\" data-image-meta=\"{&quot;aperture&quot;:&quot;0&quot;,&quot;credit&quot;:&quot;&quot;,&quot;camera&quot;:&quot;&quot;,&quot;caption&quot;:&quot;&quot;,&quot;created_timestamp&quot;:&quot;0&quot;,&quot;copyright&quot;:&quot;&quot;,&quot;focal_length&quot;:&quot;0&quot;,&quot;iso&quot;:&quot;0&quot;,&quot;shutter_speed&quot;:&quot;0&quot;,&quot;title&quot;:&quot;&quot;,&quot;orientation&quot;:&quot;0&quot;}\" data-image-title=\"126126054_3693012367416326_3145716816525082391_o\" data-image-description=\"\" data-image-caption=\"\" data-medium-file=\"https:\/\/i0.wp.com\/www.robertosedda.it\/wp-content\/uploads\/2020\/12\/126126054_3693012367416326_3145716816525082391_o.jpg?fit=300%2C200&amp;ssl=1\" data-large-file=\"https:\/\/i0.wp.com\/www.robertosedda.it\/wp-content\/uploads\/2020\/12\/126126054_3693012367416326_3145716816525082391_o.jpg?fit=510%2C340&amp;ssl=1\" decoding=\"async\" loading=\"lazy\" width=\"800\" height=\"534\" src=\"https:\/\/i0.wp.com\/www.robertosedda.it\/wp-content\/uploads\/2020\/12\/126126054_3693012367416326_3145716816525082391_o.jpg?resize=800%2C534\" alt=\"\" class=\"wp-image-18377\" srcset=\"https:\/\/i0.wp.com\/www.robertosedda.it\/wp-content\/uploads\/2020\/12\/126126054_3693012367416326_3145716816525082391_o.jpg?w=1500&amp;ssl=1 1500w, https:\/\/i0.wp.com\/www.robertosedda.it\/wp-content\/uploads\/2020\/12\/126126054_3693012367416326_3145716816525082391_o.jpg?resize=300%2C200&amp;ssl=1 300w, https:\/\/i0.wp.com\/www.robertosedda.it\/wp-content\/uploads\/2020\/12\/126126054_3693012367416326_3145716816525082391_o.jpg?resize=510%2C340&amp;ssl=1 510w, https:\/\/i0.wp.com\/www.robertosedda.it\/wp-content\/uploads\/2020\/12\/126126054_3693012367416326_3145716816525082391_o.jpg?resize=150%2C100&amp;ssl=1 150w\" sizes=\"(max-width: 800px) 100vw, 800px\" data-recalc-dims=\"1\" \/><\/figure>\n\n\n\n<blockquote class=\"wp-block-quote\"><p>Accompagnati dallo stile scanzonato di <strong>Renzo Cugis<\/strong> e <strong>Flavio Soriga<\/strong>, raccontiamo la realt\u00e0 e il lavoro di Banca Etica in Sardegna. Con<strong>\u00a0Anna Fasano<\/strong>, <strong>Riccardo Dugini<\/strong>, <strong>Carlo Usai<\/strong>, <strong>Daniele Pulino<\/strong>, <strong>Roberto Sedda<\/strong>, <strong>Valentina Talu<\/strong>, <strong>Elisa Ghisu<\/strong>, <strong>Stefano Cucca<\/strong>.<br \/>In diretta video su <a href=\"https:\/\/www.facebook.com\/events\/246913586767827\"><em>Facebook<\/em> e<\/a> sul <a href=\"https:\/\/www.youtube.com\/user\/BancapopolareEtica\">canale <em>YouTube<\/em> della Banca<\/a> mercoled\u00ec 2 dicembre a partire dalle ore 17,30.<\/p><\/blockquote>\n\n\n\n<h2>L&#8217;economia da ricostruire e la responsabilit\u00e0 della finanza<\/h2>\n\n\n\n<figure class=\"wp-block-image alignwide size-full\"><img data-attachment-id=\"18378\" data-permalink=\"https:\/\/www.robertosedda.it\/?attachment_id=18378\" data-orig-file=\"https:\/\/i0.wp.com\/www.robertosedda.it\/wp-content\/uploads\/2020\/12\/inclusionefinanziaria-web-be2020-blog.png?fit=540%2C189&amp;ssl=1\" data-orig-size=\"540,189\" data-comments-opened=\"1\" data-image-meta=\"{&quot;aperture&quot;:&quot;0&quot;,&quot;credit&quot;:&quot;&quot;,&quot;camera&quot;:&quot;&quot;,&quot;caption&quot;:&quot;&quot;,&quot;created_timestamp&quot;:&quot;0&quot;,&quot;copyright&quot;:&quot;&quot;,&quot;focal_length&quot;:&quot;0&quot;,&quot;iso&quot;:&quot;0&quot;,&quot;shutter_speed&quot;:&quot;0&quot;,&quot;title&quot;:&quot;&quot;,&quot;orientation&quot;:&quot;0&quot;}\" data-image-title=\"inclusionefinanziaria-web-be2020-blog\" data-image-description=\"\" data-image-caption=\"\" data-medium-file=\"https:\/\/i0.wp.com\/www.robertosedda.it\/wp-content\/uploads\/2020\/12\/inclusionefinanziaria-web-be2020-blog.png?fit=300%2C105&amp;ssl=1\" data-large-file=\"https:\/\/i0.wp.com\/www.robertosedda.it\/wp-content\/uploads\/2020\/12\/inclusionefinanziaria-web-be2020-blog.png?fit=510%2C179&amp;ssl=1\" decoding=\"async\" loading=\"lazy\" width=\"540\" height=\"189\" src=\"https:\/\/i0.wp.com\/www.robertosedda.it\/wp-content\/uploads\/2020\/12\/inclusionefinanziaria-web-be2020-blog.png?resize=540%2C189\" alt=\"\" class=\"wp-image-18378\" srcset=\"https:\/\/i0.wp.com\/www.robertosedda.it\/wp-content\/uploads\/2020\/12\/inclusionefinanziaria-web-be2020-blog.png?w=540&amp;ssl=1 540w, https:\/\/i0.wp.com\/www.robertosedda.it\/wp-content\/uploads\/2020\/12\/inclusionefinanziaria-web-be2020-blog.png?resize=300%2C105&amp;ssl=1 300w, https:\/\/i0.wp.com\/www.robertosedda.it\/wp-content\/uploads\/2020\/12\/inclusionefinanziaria-web-be2020-blog.png?resize=510%2C179&amp;ssl=1 510w, https:\/\/i0.wp.com\/www.robertosedda.it\/wp-content\/uploads\/2020\/12\/inclusionefinanziaria-web-be2020-blog.png?resize=150%2C53&amp;ssl=1 150w\" sizes=\"(max-width: 540px) 100vw, 540px\" data-recalc-dims=\"1\" \/><\/figure>\n\n\n\n<blockquote class=\"wp-block-quote\"><p>L\u2019accesso al mercato bancario e finanziario svolge un ruolo fondamentale per il funzionamento economico-sociale di un paese.<br \/>Per stimare le condizioni di accesso al mercato bancario da parte delle famiglie e imprese italiane, Banca Etica ha realizzato il <strong>terzo Rapporto sull\u2019inclusione finanziaria\u00a0<\/strong>dal titolo<strong>\u00a0&#8220;L&#8217;economia da ricostruire e la responsabilit\u00e0 della finanza&#8221;<\/strong>.<br \/><strong>Non c&#8217;\u00e8 luogo migliore per parlarne della nuova Filiale, in quanto zone della Sardegna risultano avere da anni altissimi indici di esclusione finanziaria<\/strong>.<br \/>Ne parliamo con: <strong>Alessandro Messina<\/strong>, Direttore Generale &#8211; Banca Etica; <strong>Lucia Schiona<\/strong>, Funzione Risk Management &#8211; Banca Etica; <strong>Vittorio Pelligra<\/strong>, Professore associato di Politica Economica dell\u2019Universit\u00e0 di Cagliari; <strong>Marco De Guzzis<\/strong>, AD di <em>Sardex<\/em>. Modera l\u2019incontro: <strong>Stefano Feltri<\/strong>, direttore di <em>Domani<\/em>.<br \/>In diretta video su <a href=\"https:\/\/zoom.us\/j\/97515102189\"><em>Zoom<\/em><\/a> gioved\u00ec 3 dicembre dalle ore 11,00.<\/p><\/blockquote>\n\n\n\n<p>Quindi fra poco pure io, indegnamente, vado in onda fra tutta questa bella gente.<\/p>\n\n\n\n<p>Temo che Flavio, che conduce, mi trover\u00e0 un facile bersaglio da mettere sulla graticola. Speriamo in bene&#8230;<\/p>\n\n\n\n<p>Per\u00f2 credo che sar\u00e0 una bella festa. Non mancate!<\/p>\n","protected":false},"excerpt":{"rendered":"<p>Alle 17,30 vado in onda a reti unificate (cio\u00e8: su Facebook e YouTube) per la festa on line di inugurazione<\/p>\n","protected":false},"author":1,"featured_media":18377,"comment_status":"open","ping_status":"open","sticky":false,"template":"","format":"standard","meta":{"_mi_skip_tracking":false,"_monsterinsights_sitenote_active":false,"_monsterinsights_sitenote_note":"","_monsterinsights_sitenote_category":0,"jetpack_post_was_ever_published":false,"_jetpack_newsletter_access":"","jetpack_publicize_message":"E fra poco va in onda la Filiale. Gioco, spettacolo, interviste e riflessioni sul credito in Sardegna per presentare la nuova Filiale di Banca Popolare Etica.","jetpack_is_tweetstorm":false,"jetpack_publicize_feature_enabled":true,"jetpack_social_post_already_shared":true,"jetpack_social_options":{"image_generator_settings":{"template":"highway","enabled":false}}},"categories":[72,52,55,95,16],"tags":[],"jetpack_publicize_connections":[],"jetpack_featured_media_url":"https:\/\/i0.wp.com\/www.robertosedda.it\/wp-content\/uploads\/2020\/12\/126126054_3693012367416326_3145716816525082391_o.jpg?fit=1500%2C1001&ssl=1","jetpack_sharing_enabled":true,"jetpack_shortlink":"https:\/\/wp.me\/p4jV2T-4Mo","jetpack_likes_enabled":true,"jetpack-related-posts":[{"id":657,"url":"https:\/\/www.robertosedda.it\/?p=657","url_meta":{"origin":18376,"position":0},"title":"Non poteva funzionare","author":"Rufus","date":"23\/08\/2012","format":false,"excerpt":"Credo di avere sentito parlare per la prima volta di Banca Popolare Etica nell\u2019ottobre del 1995; un amico trasferitosi a Viterbo per studiare era entrato a far parte del GIT locale e ci segnal\u00f2 una presentazione pubblica che si doveva tenere a Cagliari. Mia moglie, che l\u2019ha sempre saputa molto\u2026","rel":"","context":"In &quot;Banche e finanza&quot;","block_context":{"text":"Banche e finanza","link":"https:\/\/www.robertosedda.it\/?cat=72"},"img":{"alt_text":"","src":"https:\/\/i0.wp.com\/www.robertosedda.it\/wp-content\/uploads\/2012\/08\/8930_1166680499070_1260200_n.jpg?fit=604%2C453&ssl=1&resize=350%2C200","width":350,"height":200},"classes":[]},{"id":10205,"url":"https:\/\/www.robertosedda.it\/?p=10205","url_meta":{"origin":18376,"position":1},"title":"Articoli dimenticati","author":"Rufus","date":"08\/05\/2015","format":false,"excerpt":"Mi sono accorto oggi che non avevo riportato sul\u00a0blog l'articolo che ho pubblicato sul supplemento diocesano di\u00a0Avvenire\u00a0del 19 aprile 2015, dedicato a Banca Etica. Lo riposto qui: \u00e8 un articolo brevissimo e anche piuttosto anonimo (me lo dico da solo...), nel senso che occorreva prima di tutto presentare la Banca\u2026","rel":"","context":"In &quot;Banche e finanza&quot;","block_context":{"text":"Banche e finanza","link":"https:\/\/www.robertosedda.it\/?cat=72"},"img":{"alt_text":"","src":"https:\/\/i0.wp.com\/www.robertosedda.it\/wp-content\/uploads\/2015\/05\/Avvenire-Cagliari-testata.jpg?fit=648%2C218&ssl=1&resize=350%2C200","width":350,"height":200},"classes":[]},{"id":16293,"url":"https:\/\/www.robertosedda.it\/?p=16293","url_meta":{"origin":18376,"position":2},"title":"Traghettatori sub-ottimali","author":"Rufus","date":"28\/02\/2019","format":false,"excerpt":"Ieri sono stato eletto Coordinatore del GIT dei soci di Banca Popolare Etica della Sardegna Meridionale. Lo racconto qui sul blog intanto perch\u00e9 \u00e8 il luogo deputato a raccontare i fatti miei e questo \u00e8 un fatto mio abbastanza importante, e poi anche per mettere le mani avanti. E qui\u2026","rel":"","context":"In &quot;Banche e finanza&quot;","block_context":{"text":"Banche e finanza","link":"https:\/\/www.robertosedda.it\/?cat=72"},"img":{"alt_text":"","src":"https:\/\/i0.wp.com\/www.robertosedda.it\/wp-content\/uploads\/2014\/05\/Banca-Etica-regionale.jpg?fit=1200%2C900&ssl=1&resize=350%2C200","width":350,"height":200,"srcset":"https:\/\/i0.wp.com\/www.robertosedda.it\/wp-content\/uploads\/2014\/05\/Banca-Etica-regionale.jpg?fit=1200%2C900&ssl=1&resize=350%2C200 1x, https:\/\/i0.wp.com\/www.robertosedda.it\/wp-content\/uploads\/2014\/05\/Banca-Etica-regionale.jpg?fit=1200%2C900&ssl=1&resize=700%2C400 2x, https:\/\/i0.wp.com\/www.robertosedda.it\/wp-content\/uploads\/2014\/05\/Banca-Etica-regionale.jpg?fit=1200%2C900&ssl=1&resize=1050%2C600 3x"},"classes":[]},{"id":14867,"url":"https:\/\/www.robertosedda.it\/?p=14867","url_meta":{"origin":18376,"position":3},"title":"La truffa della finanza islamica","author":"Rufus","date":"16\/03\/2018","format":false,"excerpt":"La settimana scorsa, in viaggio verso Milano, ho letto l'interessante storia dell'esperimento fatto dal giornalista Mattia Salvia di Vice, il quale voleva provare se i giornali italiani sia davvero cos\u00ec permeabili alle notizie false, o meglio: se possa davvero bastare un minimo di lavoro e un paio di comunicati stampa\u2026","rel":"","context":"In &quot;Coordinate&quot;","block_context":{"text":"Coordinate","link":"https:\/\/www.robertosedda.it\/?cat=52"},"img":{"alt_text":"","src":"https:\/\/i0.wp.com\/www.robertosedda.it\/wp-content\/uploads\/2018\/03\/al-Salwiya-3.png?fit=588%2C495&ssl=1&resize=350%2C200","width":350,"height":200},"classes":[]},{"id":6796,"url":"https:\/\/www.robertosedda.it\/?p=6796","url_meta":{"origin":18376,"position":4},"title":"Quel che ho detto alla festa dei quindici anni di Banca Etica a Sassari","author":"Rufus","date":"21\/03\/2014","format":false,"excerpt":"Ieri con Gaetano e Claudio siamo andati in trasferta (piuttosto stancante, devo dire, si vede che non ho pi\u00f9 l'et\u00e0) a Sassari per festeggiare anche l\u00ec i quindici anni di Banca Etica, insieme ai soci della Sardegna Settentrionale in un incontro davvero molto partecipato all'Universit\u00e0. Nell'occasione\u00a0mi hanno chiesto un saluto\u2026","rel":"","context":"In &quot;Banche e finanza&quot;","block_context":{"text":"Banche e finanza","link":"https:\/\/www.robertosedda.it\/?cat=72"},"img":{"alt_text":"","src":"https:\/\/i0.wp.com\/www.robertosedda.it\/wp-content\/uploads\/2014\/03\/Rufus-a-Cinque-su-quindici.jpg?fit=600%2C800&ssl=1&resize=350%2C200","width":350,"height":200},"classes":[]},{"id":12664,"url":"https:\/\/www.robertosedda.it\/?p=12664","url_meta":{"origin":18376,"position":5},"title":"Segnalazioni necessarie &#8211; 1","author":"Rufus","date":"17\/10\/2016","format":false,"excerpt":"Questo articolo \u00e8 esplicito: segnala una realt\u00e0 alla quale penso sia opportuno dare soldi, n\u00e9 pi\u00f9 n\u00e9 meno, per motivi che saranno chiari nella lettura. Ne ho altre due, da segnalare, ma lo far\u00f2 nei prossimi giorni, per non diminuire l'attenzione che ciascuna merita. Lo spaccio di Elvis Terribile a\u2026","rel":"","context":"In &quot;Coordinate&quot;","block_context":{"text":"Coordinate","link":"https:\/\/www.robertosedda.it\/?cat=52"},"img":{"alt_text":"","src":"https:\/\/i0.wp.com\/www.robertosedda.it\/wp-content\/uploads\/2016\/10\/portone-terremoto.jpg?fit=896%2C1200&ssl=1&resize=350%2C200","width":350,"height":200,"srcset":"https:\/\/i0.wp.com\/www.robertosedda.it\/wp-content\/uploads\/2016\/10\/portone-terremoto.jpg?fit=896%2C1200&ssl=1&resize=350%2C200 1x, https:\/\/i0.wp.com\/www.robertosedda.it\/wp-content\/uploads\/2016\/10\/portone-terremoto.jpg?fit=896%2C1200&ssl=1&resize=700%2C400 2x"},"classes":[]}],"_links":{"self":[{"href":"https:\/\/www.robertosedda.it\/index.php?rest_route=\/wp\/v2\/posts\/18376"}],"collection":[{"href":"https:\/\/www.robertosedda.it\/index.php?rest_route=\/wp\/v2\/posts"}],"about":[{"href":"https:\/\/www.robertosedda.it\/index.php?rest_route=\/wp\/v2\/types\/post"}],"author":[{"embeddable":true,"href":"https:\/\/www.robertosedda.it\/index.php?rest_route=\/wp\/v2\/users\/1"}],"replies":[{"embeddable":true,"href":"https:\/\/www.robertosedda.it\/index.php?rest_route=%2Fwp%2Fv2%2Fcomments&post=18376"}],"version-history":[{"count":1,"href":"https:\/\/www.robertosedda.it\/index.php?rest_route=\/wp\/v2\/posts\/18376\/revisions"}],"predecessor-version":[{"id":18379,"href":"https:\/\/www.robertosedda.it\/index.php?rest_route=\/wp\/v2\/posts\/18376\/revisions\/18379"}],"wp:featuredmedia":[{"embeddable":true,"href":"https:\/\/www.robertosedda.it\/index.php?rest_route=\/wp\/v2\/media\/18377"}],"wp:attachment":[{"href":"https:\/\/www.robertosedda.it\/index.php?rest_route=%2Fwp%2Fv2%2Fmedia&parent=18376"}],"wp:term":[{"taxonomy":"category","embeddable":true,"href":"https:\/\/www.robertosedda.it\/index.php?rest_route=%2Fwp%2Fv2%2Fcategories&post=18376"},{"taxonomy":"post_tag","embeddable":true,"href":"https:\/\/www.robertosedda.it\/index.php?rest_route=%2Fwp%2Fv2%2Ftags&post=18376"}],"curies":[{"name":"wp","href":"https:\/\/api.w.org\/{rel}","templated":true}]}}