{"id":18364,"date":"2020-11-27T11:29:51","date_gmt":"2020-11-27T10:29:51","guid":{"rendered":"http:\/\/www.robertosedda.it\/?p=18364"},"modified":"2021-01-14T15:05:38","modified_gmt":"2021-01-14T14:05:38","slug":"inganni-dellidentita","status":"publish","type":"post","link":"https:\/\/www.robertosedda.it\/?p=18364","title":{"rendered":"Inganni dell&#8217;identit\u00e0"},"content":{"rendered":"\n<p>Fra le scoperte <em>spotifaiane<\/em> di questo periodo c&#8217;\u00e8 questa <em>Song of the old communist<\/em> di Leen Rosselson, una canzone che mi piace molto (anche se secondo me \u00e8 pi\u00f9 bella <em><a href=\"https:\/\/www.youtube.com\/watch?v=PCXnol8NGbg\">World turned upside down<\/a><\/em>).<\/p>\n\n\n\n<figure class=\"wp-block-embed-youtube wp-block-embed is-type-video is-provider-youtube wp-embed-aspect-4-3 wp-has-aspect-ratio\"><div class=\"wp-block-embed__wrapper\">\n<span class=\"embed-youtube\" style=\"text-align:center; display: block;\"><iframe loading=\"lazy\" class=\"youtube-player\" width=\"800\" height=\"450\" src=\"https:\/\/www.youtube.com\/embed\/A5ecU2yGDpM?version=3&#038;rel=1&#038;showsearch=0&#038;showinfo=1&#038;iv_load_policy=1&#038;fs=1&#038;hl=it-IT&#038;autohide=2&#038;wmode=transparent\" allowfullscreen=\"true\" style=\"border:0;\" sandbox=\"allow-scripts allow-same-origin allow-popups allow-presentation\"><\/iframe><\/span>\n<\/div><\/figure>\n\n\n\n<p>Ora, mentre la riascoltavo riflettevo che, in realt\u00e0, tutta la comunanza che sento con il personaggio del racconto \u00e8 assolutamente ingiustificata: per quanto talvolta scherzando mi definisca un vecchio cattocomunista, di fatto io non lo sono mai stato. Peraltro perfino l&#8217;Inossidabile, che ha militato nel PCI fin da giovane, non \u00e8 del tutto identica al vecchio militante della canzone e non rientra proprio nel quadro (a parte che la canzone \u00e8 davvero molto <em>maschile<\/em>). <\/p>\n\n\n\n<p>Ci sono slittamenti della memoria, della definizione di se stessi, che cedono alle categorie. Uno non ci pensa tanto, e lascia che il senso comune &#8211; che come sappiamo \u00e8 il pi\u00f9 ingannevole di tutti i sensi &#8211; o la semplificazione del discorso lo incasellino l\u00e0 dove in realt\u00e0 non dovrebbe stare.<\/p>\n\n\n\n<p>Ci ho pensato perch\u00e9, prima di ascoltare questa canzone, l&#8217;altro giorno mi \u00e8 capitato un altro episodio simile. Maria Bonaria era di turno in ufficio mentre io ero da solo in casa in <em>smart working<\/em> e alle 11, come d&#8217;abitudine, mi sono fatto il caff\u00e8. Poi avevo fame e, profittando del fatto che nessuno mi controllava, mi sono tagliato una fetta di pane, ci ho messo sopra una quantit\u00e0 generosa di <em>casaxedu<\/em> e me lo sono mangiato tutto contento.<\/p>\n\n\n\n<p>Ero cos\u00ec compiaciuto della merenda che ho pensato: \u00abEcco, pane e <em>casaxedu<\/em> per ristorarsi, esattamente come i miei antenati pastori&#8230;\u00bb.<\/p>\n\n\n\n<p>E poi ho pensato: \u00abMa che cazzo sto dicendo?!\u00bb.<\/p>\n\n\n\n<p>Perch\u00e9, prima di tutto, sono ragionevolmente certo che nessuno dei miei antenati era pastore. Soldataglia spagnola, magari, o piccolo funzionario statale, commerciante venuto dalla Corsica, o <em>printzipale<\/em> e possidente, qualcun altro, e gli altri magari pescatori, o ortolani, o minatori, quello che volete ma, con buona probabilit\u00e0, mai pastori.<\/p>\n\n\n\n<p>E, pi\u00f9 in generale, tutta questa idea che i sardi siano sempre stati pastori, come sappiamo, \u00e8 tutta un&#8217;invenzione. Per buona parte della storia della Sardegna i pastori sono stati una minoranza e i nostri antenati, con buona pace, facevano altro.<\/p>\n\n\n\n<p>C&#8217;\u00e8 sempre qualcuno che sviene, a questo punto, chiss\u00e0 perch\u00e9.<\/p>\n\n\n\n<p>Dicevo: sta proprio l\u00ec la trappola dell&#8217;identit\u00e0, della categoria bell&#8217;e pronta che ti imprigiona. Solo che \u00e8 falsa, e tu ci caschi con tutti e due i piedi. Sono trappole alle quali occorre stare attenti, perch\u00e9 normalmente servono a qualcuno per venderti qualcosa, tipo il nazionalismo sardo; oppure la gigantesca operazione commerciale che ha inquadrato l&#8217;intera generazione X dentro la cultura <em>nerd<\/em> \u00e8 un altro ottimo esempio.<\/p>\n\n\n\n<div class=\"wp-block-image\"><figure class=\"alignleft size-full is-resized\"><img data-attachment-id=\"6790\" data-permalink=\"https:\/\/www.robertosedda.it\/?attachment_id=6790\" data-orig-file=\"https:\/\/i0.wp.com\/www.robertosedda.it\/wp-content\/uploads\/2014\/03\/Rufus-e-Pino.jpg?fit=604%2C453&amp;ssl=1\" data-orig-size=\"604,453\" data-comments-opened=\"1\" data-image-meta=\"{&quot;aperture&quot;:&quot;0&quot;,&quot;credit&quot;:&quot;&quot;,&quot;camera&quot;:&quot;&quot;,&quot;caption&quot;:&quot;&quot;,&quot;created_timestamp&quot;:&quot;0&quot;,&quot;copyright&quot;:&quot;&quot;,&quot;focal_length&quot;:&quot;0&quot;,&quot;iso&quot;:&quot;0&quot;,&quot;shutter_speed&quot;:&quot;0&quot;,&quot;title&quot;:&quot;&quot;}\" data-image-title=\"Rufus e Pino\" data-image-description=\"\" data-image-caption=\"\" data-medium-file=\"https:\/\/i0.wp.com\/www.robertosedda.it\/wp-content\/uploads\/2014\/03\/Rufus-e-Pino.jpg?fit=300%2C225&amp;ssl=1\" data-large-file=\"https:\/\/i0.wp.com\/www.robertosedda.it\/wp-content\/uploads\/2014\/03\/Rufus-e-Pino.jpg?fit=510%2C383&amp;ssl=1\" decoding=\"async\" loading=\"lazy\" src=\"https:\/\/i0.wp.com\/www.robertosedda.it\/wp-content\/uploads\/2014\/03\/Rufus-e-Pino.jpg?resize=453%2C340\" alt=\"\" class=\"wp-image-6790\" width=\"453\" height=\"340\" srcset=\"https:\/\/i0.wp.com\/www.robertosedda.it\/wp-content\/uploads\/2014\/03\/Rufus-e-Pino.jpg?w=604&amp;ssl=1 604w, https:\/\/i0.wp.com\/www.robertosedda.it\/wp-content\/uploads\/2014\/03\/Rufus-e-Pino.jpg?resize=150%2C112&amp;ssl=1 150w, https:\/\/i0.wp.com\/www.robertosedda.it\/wp-content\/uploads\/2014\/03\/Rufus-e-Pino.jpg?resize=300%2C225&amp;ssl=1 300w, https:\/\/i0.wp.com\/www.robertosedda.it\/wp-content\/uploads\/2014\/03\/Rufus-e-Pino.jpg?resize=268%2C200&amp;ssl=1 268w\" sizes=\"(max-width: 453px) 100vw, 453px\" data-recalc-dims=\"1\" \/><figcaption>Effettivamente qui fra me e Pino il pastore sembro io, e  lui un ex allenatore di calcio<\/figcaption><\/figure><\/div>\n\n\n\n<p>Naturalmente ci sono anche ricordi e identit\u00e0 vere che collaborano alla trappola. Per esempio il Mitico Pino, che pastore era stato davvero, raccontava che quando pi\u00f9 o meno decenne era stato mandato in campagna a sorvegliare i servi-pastori del padre e del nonno si era accorto che qualcuno dei vicini gli insidiava il bestiame. Allora aveva messo all&#8217;ingresso dello stazzo, lungo il sentiero, un secchio di legno con una grande forma di <em>casaxedu<\/em>, un cucchiaio di legno per servirsi e un <em>civraxiu<\/em> pronto da affettare. <\/p>\n\n\n\n<p>Non aveva pi\u00f9 avuto problemi di furti.<\/p>\n\n\n\n<p>\u00c8 un bellissimo racconto di gestione del capitale sociale e relazionale in una comunit\u00e0, ed \u00e8 certamente probabile che mentre azzannavo la fetta di pane con sopra il formaggio nella mia testa ci fosse il ricordo di quelle conversazioni. Solo che quella, casomai, era l&#8217;identit\u00e0 di Pino, non mia, e nemmeno di tutti i sardi.<\/p>\n\n\n\n<p>O forse no, e proprio il racconto di Pino mi aiuta a rimettere in ordine le cose.<\/p>\n\n\n\n<p>Perch\u00e9 \u00e8 chiaro che le identit\u00e0 collettive sono scivolose, il senso comune, per quanto inaffidabile, \u00e8 il senso che usiamo pi\u00f9 di frequente e la memoria permette di distillare a distanza il succo delle cose.<\/p>\n\n\n\n<p>E quindi non posso negare che tutto il tessuto della mia memoria \u00e8 costruito su parenti che erano comunisti (e cattolici, dall&#8217;altra parte). Che magari non sono, adesso, vecchi comunisti (o forse s\u00ec) ma che <em>potrebbero<\/em> esserlo, e dire esattamente le stesse cose del vecchio militante della canzone (o forse no).<\/p>\n\n\n\n<p>E non posso negare che tutta una cultura del mondo pastorale attraversa la mia memoria, i racconti della mia infanzia e le memorie della mia famiglia, diretta e allargata. Non ho avuto antenati pastori, ma il gesto della fetta di pane coperta di <em>casaxedu<\/em> appartiene a molto pi\u00f9 dell&#8217;occasionalit\u00e0.<\/p>\n\n\n\n<p>E&#8230; <\/p>\n\n\n\n<p>&#8230; no, <em>nerd<\/em> non sono mai stato, e quella \u00e8 un&#8217;operazione commerciale e basta.<\/p>\n\n\n\n<p>E quindi, insomma, alla fine di questo lungo sproloquio, l&#8217;identit\u00e0 non <em>esiste<\/em> ma \u00e8 capace di prendere <em>forma<\/em>. Sono forme con cui si pu\u00f2 giocare e da cui lasciarsi anche plasmare, ma delle quali sempre diffidare. <\/p>\n\n\n\n<p>Come con la cultura <em>nerd<\/em>.<\/p>\n","protected":false},"excerpt":{"rendered":"<p>Fra le scoperte spotifaiane di questo periodo c&#8217;\u00e8 questa Song of the old communist di Leen Rosselson, una canzone che<\/p>\n","protected":false},"author":1,"featured_media":6790,"comment_status":"open","ping_status":"open","sticky":false,"template":"","format":"standard","meta":{"_mi_skip_tracking":false,"_monsterinsights_sitenote_active":false,"_monsterinsights_sitenote_note":"","_monsterinsights_sitenote_category":0,"jetpack_post_was_ever_published":false,"_jetpack_newsletter_access":"","jetpack_publicize_message":"","jetpack_is_tweetstorm":false,"jetpack_publicize_feature_enabled":true,"jetpack_social_post_already_shared":true,"jetpack_social_options":{"image_generator_settings":{"template":"highway","enabled":false}}},"categories":[97,52,57,17,16],"tags":[],"jetpack_publicize_connections":[],"jetpack_featured_media_url":"https:\/\/i0.wp.com\/www.robertosedda.it\/wp-content\/uploads\/2014\/03\/Rufus-e-Pino.jpg?fit=604%2C453&ssl=1","jetpack_sharing_enabled":true,"jetpack_shortlink":"https:\/\/wp.me\/p4jV2T-4Mc","jetpack_likes_enabled":true,"jetpack-related-posts":[],"_links":{"self":[{"href":"https:\/\/www.robertosedda.it\/index.php?rest_route=\/wp\/v2\/posts\/18364"}],"collection":[{"href":"https:\/\/www.robertosedda.it\/index.php?rest_route=\/wp\/v2\/posts"}],"about":[{"href":"https:\/\/www.robertosedda.it\/index.php?rest_route=\/wp\/v2\/types\/post"}],"author":[{"embeddable":true,"href":"https:\/\/www.robertosedda.it\/index.php?rest_route=\/wp\/v2\/users\/1"}],"replies":[{"embeddable":true,"href":"https:\/\/www.robertosedda.it\/index.php?rest_route=%2Fwp%2Fv2%2Fcomments&post=18364"}],"version-history":[{"count":3,"href":"https:\/\/www.robertosedda.it\/index.php?rest_route=\/wp\/v2\/posts\/18364\/revisions"}],"predecessor-version":[{"id":18373,"href":"https:\/\/www.robertosedda.it\/index.php?rest_route=\/wp\/v2\/posts\/18364\/revisions\/18373"}],"wp:featuredmedia":[{"embeddable":true,"href":"https:\/\/www.robertosedda.it\/index.php?rest_route=\/wp\/v2\/media\/6790"}],"wp:attachment":[{"href":"https:\/\/www.robertosedda.it\/index.php?rest_route=%2Fwp%2Fv2%2Fmedia&parent=18364"}],"wp:term":[{"taxonomy":"category","embeddable":true,"href":"https:\/\/www.robertosedda.it\/index.php?rest_route=%2Fwp%2Fv2%2Fcategories&post=18364"},{"taxonomy":"post_tag","embeddable":true,"href":"https:\/\/www.robertosedda.it\/index.php?rest_route=%2Fwp%2Fv2%2Ftags&post=18364"}],"curies":[{"name":"wp","href":"https:\/\/api.w.org\/{rel}","templated":true}]}}