{"id":18326,"date":"2020-10-01T14:31:32","date_gmt":"2020-10-01T12:31:32","guid":{"rendered":"http:\/\/www.robertosedda.it\/?p=18326"},"modified":"2020-12-28T19:30:49","modified_gmt":"2020-12-28T18:30:49","slug":"parole-sacrosante","status":"publish","type":"post","link":"https:\/\/www.robertosedda.it\/?p=18326","title":{"rendered":"Parole sacrosante"},"content":{"rendered":"\n<div class=\"wp-block-image\"><figure class=\"alignright size-medium is-resized\"><img data-attachment-id=\"18332\" data-permalink=\"https:\/\/www.robertosedda.it\/?attachment_id=18332\" data-orig-file=\"https:\/\/i0.wp.com\/www.robertosedda.it\/wp-content\/uploads\/2020\/10\/Rime-raminghe.jpg?fit=322%2C512&amp;ssl=1\" data-orig-size=\"322,512\" data-comments-opened=\"1\" data-image-meta=\"{&quot;aperture&quot;:&quot;0&quot;,&quot;credit&quot;:&quot;&quot;,&quot;camera&quot;:&quot;&quot;,&quot;caption&quot;:&quot;&quot;,&quot;created_timestamp&quot;:&quot;0&quot;,&quot;copyright&quot;:&quot;&quot;,&quot;focal_length&quot;:&quot;0&quot;,&quot;iso&quot;:&quot;0&quot;,&quot;shutter_speed&quot;:&quot;0&quot;,&quot;title&quot;:&quot;&quot;,&quot;orientation&quot;:&quot;0&quot;}\" data-image-title=\"Rime-raminghe\" data-image-description=\"\" data-image-caption=\"\" data-medium-file=\"https:\/\/i0.wp.com\/www.robertosedda.it\/wp-content\/uploads\/2020\/10\/Rime-raminghe.jpg?fit=189%2C300&amp;ssl=1\" data-large-file=\"https:\/\/i0.wp.com\/www.robertosedda.it\/wp-content\/uploads\/2020\/10\/Rime-raminghe.jpg?fit=322%2C512&amp;ssl=1\" decoding=\"async\" loading=\"lazy\" src=\"https:\/\/i0.wp.com\/www.robertosedda.it\/wp-content\/uploads\/2020\/10\/Rime-raminghe.jpg?resize=189%2C300\" alt=\"\" class=\"wp-image-18332\" width=\"189\" height=\"300\" srcset=\"https:\/\/i0.wp.com\/www.robertosedda.it\/wp-content\/uploads\/2020\/10\/Rime-raminghe.jpg?resize=189%2C300&amp;ssl=1 189w, https:\/\/i0.wp.com\/www.robertosedda.it\/wp-content\/uploads\/2020\/10\/Rime-raminghe.jpg?resize=94%2C150&amp;ssl=1 94w, https:\/\/i0.wp.com\/www.robertosedda.it\/wp-content\/uploads\/2020\/10\/Rime-raminghe.jpg?w=322&amp;ssl=1 322w\" sizes=\"(max-width: 189px) 100vw, 189px\" data-recalc-dims=\"1\" \/><\/figure><\/div>\n\n\n\n<p>Su segnalazione di mia nipote Marta ho scoperto la poesia di Bruno Tognolini che trovate qui sotto.<\/p>\n\n\n\n<p>Tognolini \u00e8 un poeta (evito apposta di dire <em>poeta per ragazzi<\/em>) che apprezzo: ogni tanto qualche passaggio metrico un po&#8217; discutibile mi lascia perplesso ma la freschezza dei testi di solito mi addolcisce il giudizio. La poesia di Marta, in ogni caso, esprime un concetto sacrosanto e potrebbe essere adottata come inno dei <em>Fabbricastorie<\/em> (e come manifesto contro la <em>gamification<\/em>).<\/p>\n\n\n\n<h2>Diritto al gioco<\/h2>\n\n\n\n<h4>Bruno Tognolini, <em>Rime raminghe<\/em>, <em>Salani<\/em><\/h4>\n\n\n\n<p>Fammi giocare solo per gioco <br \/>senza nient&#8217;alto, solo per poco <br \/>senza capire, senza imparare <br \/>senza bisogno di socializzare.<br \/>Solo un bambino con altri bambini<br \/>senza gli adulti sempre vicini<br \/>senza progetto, senza giudizio <br \/>con una fine ma senza l&#8217;inizio<br \/>con una coda ma senza la testa<br \/>solo per finta, solo per festa<br \/>solo per fiamma che brucia per fuoco<br \/>fammi giocare per gioco.<\/p>\n","protected":false},"excerpt":{"rendered":"<p>Su segnalazione di mia nipote Marta ho scoperto la poesia di Bruno Tognolini che trovate qui sotto. Tognolini \u00e8 un<\/p>\n","protected":false},"author":1,"featured_media":18332,"comment_status":"open","ping_status":"open","sticky":false,"template":"","format":"standard","meta":{"_mi_skip_tracking":false,"_monsterinsights_sitenote_active":false,"_monsterinsights_sitenote_note":"","_monsterinsights_sitenote_category":0,"jetpack_post_was_ever_published":false,"_jetpack_newsletter_access":"","jetpack_publicize_message":"","jetpack_is_tweetstorm":false,"jetpack_publicize_feature_enabled":true,"jetpack_social_post_already_shared":true,"jetpack_social_options":{"image_generator_settings":{"template":"highway","enabled":false}}},"categories":[52,9,53,75],"tags":[],"jetpack_publicize_connections":[],"jetpack_featured_media_url":"https:\/\/i0.wp.com\/www.robertosedda.it\/wp-content\/uploads\/2020\/10\/Rime-raminghe.jpg?fit=322%2C512&ssl=1","jetpack_sharing_enabled":true,"jetpack_shortlink":"https:\/\/wp.me\/p4jV2T-4LA","jetpack_likes_enabled":true,"jetpack-related-posts":[{"id":18682,"url":"https:\/\/www.robertosedda.it\/?p=18682","url_meta":{"origin":18326,"position":0},"title":"Dissidente","author":"Rufus","date":"11\/05\/2021","format":false,"excerpt":"Maria Bonaria mi segnala, mentre a casa ci assestiamo davanti al computer per iniziare il lavoro, questa filastrocca di Bruno Tognolini, \u00abpoeta per bambini e vecchi\u00bb, dove si dimostra che la critica dell'identit\u00e0 taglia come una spada a due lame sia a destra che a sinistra. La rima \u00e8 tratta\u2026","rel":"","context":"In &quot;Coordinate&quot;","block_context":{"text":"Coordinate","link":"https:\/\/www.robertosedda.it\/?cat=52"},"img":{"alt_text":"","src":"https:\/\/i0.wp.com\/www.robertosedda.it\/wp-content\/uploads\/2021\/05\/rimerimedio.jpg?fit=1000%2C525&ssl=1&resize=350%2C200","width":350,"height":200,"srcset":"https:\/\/i0.wp.com\/www.robertosedda.it\/wp-content\/uploads\/2021\/05\/rimerimedio.jpg?fit=1000%2C525&ssl=1&resize=350%2C200 1x, https:\/\/i0.wp.com\/www.robertosedda.it\/wp-content\/uploads\/2021\/05\/rimerimedio.jpg?fit=1000%2C525&ssl=1&resize=700%2C400 2x"},"classes":[]},{"id":6856,"url":"https:\/\/www.robertosedda.it\/?p=6856","url_meta":{"origin":18326,"position":1},"title":"Un&#8217;ardente pazienza","author":"Rufus","date":"31\/03\/2014","format":false,"excerpt":"Questo scorso fine settimana sono stato a Barcellona per l'Assemblea di FIARE, i soci spagnoli di Banca Etica. Della visita alla citt\u00e0, l'unico posto che ho visto sinora dove un cagliaritano potrebbe sentirsi a casa, e della stessa assemblea parler\u00f2 magari un'altra volta. Oggi vi dir\u00f2 che sono rimasto molto\u2026","rel":"","context":"In &quot;Coordinate&quot;","block_context":{"text":"Coordinate","link":"https:\/\/www.robertosedda.it\/?cat=52"},"img":{"alt_text":"","src":"https:\/\/i0.wp.com\/www.robertosedda.it\/wp-content\/uploads\/2014\/03\/Assemblea-FIARE.jpeg?fit=1200%2C900&ssl=1&resize=350%2C200","width":350,"height":200,"srcset":"https:\/\/i0.wp.com\/www.robertosedda.it\/wp-content\/uploads\/2014\/03\/Assemblea-FIARE.jpeg?fit=1200%2C900&ssl=1&resize=350%2C200 1x, https:\/\/i0.wp.com\/www.robertosedda.it\/wp-content\/uploads\/2014\/03\/Assemblea-FIARE.jpeg?fit=1200%2C900&ssl=1&resize=700%2C400 2x, https:\/\/i0.wp.com\/www.robertosedda.it\/wp-content\/uploads\/2014\/03\/Assemblea-FIARE.jpeg?fit=1200%2C900&ssl=1&resize=1050%2C600 3x"},"classes":[]},{"id":2357,"url":"https:\/\/www.robertosedda.it\/?p=2357","url_meta":{"origin":18326,"position":2},"title":"Giorno di festa","author":"Rufus","date":"26\/02\/2013","format":false,"excerpt":"Oggi \u00e8 giorno di festa, perch\u00e9 ho finalmente ritrovato la poesia di Nazim Hikmet citata nelle Fate ignoranti di Ozpetek. Hikmet \u00e8 pochi gradini sotto Brecht nella graduatoria dei miei poeti preferiti. Ora che ci penso: un altro poeta comunista della mia adolescenza (e no, mia mamma non mi leggeva\u2026","rel":"","context":"In &quot;Coordinate&quot;","block_context":{"text":"Coordinate","link":"https:\/\/www.robertosedda.it\/?cat=52"},"img":{"alt_text":"","src":"https:\/\/i0.wp.com\/www.robertosedda.it\/wp-content\/uploads\/2013\/02\/Nazim_Hikmet.jpg?fit=240%2C268&ssl=1&resize=350%2C200","width":350,"height":200},"classes":[]},{"id":663,"url":"https:\/\/www.robertosedda.it\/?p=663","url_meta":{"origin":18326,"position":3},"title":"Tebe dalle sette porte","author":"Rufus","date":"23\/08\/2012","format":false,"excerpt":"Avete visto qualche volta nella mia firma la domanda \"Tebe dalle sette porte, chi la costrui?\". Siccome qui sulla lista mi avete scritto, per prendermi in giro, \u00abInsomma, chi la costru\u00ec?!\u00bb, do... la soluzione. Si tratta del primo verso di una poesia di Bertolt Brecht, poeta e drammaturgo tedesco della\u2026","rel":"","context":"In &quot;Coordinate&quot;","block_context":{"text":"Coordinate","link":"https:\/\/www.robertosedda.it\/?cat=52"},"img":{"alt_text":"","src":"","width":0,"height":0},"classes":[]},{"id":12179,"url":"https:\/\/www.robertosedda.it\/?p=12179","url_meta":{"origin":18326,"position":4},"title":"Dispiacere","author":"Rufus","date":"29\/06\/2016","format":false,"excerpt":"Stamattina mi sveglio con la notizia di decine di morti a Istanbul. Non so come dire senza essere retorico: mi dispiace molto. Davvero tanto. E non voglio unirmi al coro di altre volte, il coro di quelli che dicono:\u00a0per Parigi tanta emozione, e invece adesso..., ma vedo che l'emozione che\u2026","rel":"","context":"In &quot;Coordinate&quot;","block_context":{"text":"Coordinate","link":"https:\/\/www.robertosedda.it\/?cat=52"},"img":{"alt_text":"","src":"https:\/\/i0.wp.com\/www.robertosedda.it\/wp-content\/uploads\/2016\/06\/Istanbul.jpg?fit=1200%2C800&ssl=1&resize=350%2C200","width":350,"height":200,"srcset":"https:\/\/i0.wp.com\/www.robertosedda.it\/wp-content\/uploads\/2016\/06\/Istanbul.jpg?fit=1200%2C800&ssl=1&resize=350%2C200 1x, https:\/\/i0.wp.com\/www.robertosedda.it\/wp-content\/uploads\/2016\/06\/Istanbul.jpg?fit=1200%2C800&ssl=1&resize=700%2C400 2x, https:\/\/i0.wp.com\/www.robertosedda.it\/wp-content\/uploads\/2016\/06\/Istanbul.jpg?fit=1200%2C800&ssl=1&resize=1050%2C600 3x"},"classes":[]},{"id":17237,"url":"https:\/\/www.robertosedda.it\/?p=17237","url_meta":{"origin":18326,"position":5},"title":"Ma lei \u00e8 quello&#8230;","author":"Rufus","date":"13\/09\/2019","format":false,"excerpt":"Il 21 e 22 settembre apriamo casa ad Orani!","rel":"","context":"In &quot;Coordinate&quot;","block_context":{"text":"Coordinate","link":"https:\/\/www.robertosedda.it\/?cat=52"},"img":{"alt_text":"","src":"https:\/\/i0.wp.com\/www.robertosedda.it\/wp-content\/uploads\/2019\/09\/Orani-Cortes-Apertas.png?fit=552%2C804&ssl=1&resize=350%2C200","width":350,"height":200},"classes":[]}],"_links":{"self":[{"href":"https:\/\/www.robertosedda.it\/index.php?rest_route=\/wp\/v2\/posts\/18326"}],"collection":[{"href":"https:\/\/www.robertosedda.it\/index.php?rest_route=\/wp\/v2\/posts"}],"about":[{"href":"https:\/\/www.robertosedda.it\/index.php?rest_route=\/wp\/v2\/types\/post"}],"author":[{"embeddable":true,"href":"https:\/\/www.robertosedda.it\/index.php?rest_route=\/wp\/v2\/users\/1"}],"replies":[{"embeddable":true,"href":"https:\/\/www.robertosedda.it\/index.php?rest_route=%2Fwp%2Fv2%2Fcomments&post=18326"}],"version-history":[{"count":5,"href":"https:\/\/www.robertosedda.it\/index.php?rest_route=\/wp\/v2\/posts\/18326\/revisions"}],"predecessor-version":[{"id":18337,"href":"https:\/\/www.robertosedda.it\/index.php?rest_route=\/wp\/v2\/posts\/18326\/revisions\/18337"}],"wp:featuredmedia":[{"embeddable":true,"href":"https:\/\/www.robertosedda.it\/index.php?rest_route=\/wp\/v2\/media\/18332"}],"wp:attachment":[{"href":"https:\/\/www.robertosedda.it\/index.php?rest_route=%2Fwp%2Fv2%2Fmedia&parent=18326"}],"wp:term":[{"taxonomy":"category","embeddable":true,"href":"https:\/\/www.robertosedda.it\/index.php?rest_route=%2Fwp%2Fv2%2Fcategories&post=18326"},{"taxonomy":"post_tag","embeddable":true,"href":"https:\/\/www.robertosedda.it\/index.php?rest_route=%2Fwp%2Fv2%2Ftags&post=18326"}],"curies":[{"name":"wp","href":"https:\/\/api.w.org\/{rel}","templated":true}]}}