{"id":1822,"date":"2013-01-03T16:18:41","date_gmt":"2013-01-03T15:18:41","guid":{"rendered":"http:\/\/www.robertosedda.it\/?p=1822"},"modified":"2018-08-21T15:52:30","modified_gmt":"2018-08-21T13:52:30","slug":"niente-biciclette-per-i-bigotti","status":"publish","type":"post","link":"https:\/\/www.robertosedda.it\/?p=1822","title":{"rendered":"Niente biciclette per i bigotti"},"content":{"rendered":"<h2><em>La bicicletta verde<\/em> (Al-Mansour, 2012)<\/h2>\n<p><a href=\"http:\/\/www.robertosedda.it\/?attachment_id=1824\" rel=\"attachment wp-att-1824\"><img data-attachment-id=\"1824\" data-permalink=\"https:\/\/www.robertosedda.it\/?attachment_id=1824\" data-orig-file=\"https:\/\/i0.wp.com\/www.robertosedda.it\/wp-content\/uploads\/2013\/01\/La-bicicletta-verde-wadjda.jpg?fit=300%2C225&amp;ssl=1\" data-orig-size=\"300,225\" data-comments-opened=\"1\" data-image-meta=\"{&quot;aperture&quot;:&quot;0&quot;,&quot;credit&quot;:&quot;&quot;,&quot;camera&quot;:&quot;&quot;,&quot;caption&quot;:&quot;&quot;,&quot;created_timestamp&quot;:&quot;0&quot;,&quot;copyright&quot;:&quot;&quot;,&quot;focal_length&quot;:&quot;0&quot;,&quot;iso&quot;:&quot;0&quot;,&quot;shutter_speed&quot;:&quot;0&quot;,&quot;title&quot;:&quot;&quot;}\" data-image-title=\"La-bicicletta-verde-wadjda\" data-image-description=\"\" data-image-caption=\"\" data-medium-file=\"https:\/\/i0.wp.com\/www.robertosedda.it\/wp-content\/uploads\/2013\/01\/La-bicicletta-verde-wadjda.jpg?fit=300%2C225&amp;ssl=1\" data-large-file=\"https:\/\/i0.wp.com\/www.robertosedda.it\/wp-content\/uploads\/2013\/01\/La-bicicletta-verde-wadjda.jpg?fit=300%2C225&amp;ssl=1\" decoding=\"async\" loading=\"lazy\" class=\"alignleft size-full wp-image-1824\" src=\"https:\/\/i0.wp.com\/www.robertosedda.it\/wp-content\/uploads\/2013\/01\/La-bicicletta-verde-wadjda.jpg?resize=300%2C225\" alt=\"La-bicicletta-verde-wadjda\" width=\"300\" height=\"225\" srcset=\"https:\/\/i0.wp.com\/www.robertosedda.it\/wp-content\/uploads\/2013\/01\/La-bicicletta-verde-wadjda.jpg?w=300&amp;ssl=1 300w, https:\/\/i0.wp.com\/www.robertosedda.it\/wp-content\/uploads\/2013\/01\/La-bicicletta-verde-wadjda.jpg?resize=268%2C200&amp;ssl=1 268w\" sizes=\"(max-width: 300px) 100vw, 300px\" data-recalc-dims=\"1\" \/><\/a>Wadjda ha una dozzina d&#8217;anni, il suo amico Abdullah le fa i dispetti e lei vorrebbe ripagarlo umiliandolo in una gara di corsa in bicicletta.<\/p>\n<p>C&#8217;\u00e8 un piccolo problema: Wadjda non ha la bici e nessuno gliela vuole comprare perch\u00e9 in Arabia Saudita, il paese in cui vive la bambina, \u00e8 considerato disdicevole che le ragazze vadano sulle due ruote. Peraltro in Arabia Saudita alle donne \u00e8 vietato guidare la macchina, girare senza velo e se sono sorprese in compagnia di un uomo che non \u00e8 loro parente si chiama la polizia religiosa e allora sono guai. Se invece sono sposate e non possono avere figli maschi, il marito probabilmente le ripudier\u00e0 (per non parlare di matrimoni combinati anche fra giovanissimi).<\/p>\n<p><a href=\"http:\/\/www.robertosedda.it\/?attachment_id=1825\" rel=\"attachment wp-att-1825\"><img data-attachment-id=\"1825\" data-permalink=\"https:\/\/www.robertosedda.it\/?attachment_id=1825\" data-orig-file=\"https:\/\/i0.wp.com\/www.robertosedda.it\/wp-content\/uploads\/2013\/01\/la-bicicletta-verde.png?fit=691%2C377&amp;ssl=1\" data-orig-size=\"691,377\" data-comments-opened=\"1\" data-image-meta=\"{&quot;aperture&quot;:&quot;0&quot;,&quot;credit&quot;:&quot;&quot;,&quot;camera&quot;:&quot;&quot;,&quot;caption&quot;:&quot;&quot;,&quot;created_timestamp&quot;:&quot;0&quot;,&quot;copyright&quot;:&quot;&quot;,&quot;focal_length&quot;:&quot;0&quot;,&quot;iso&quot;:&quot;0&quot;,&quot;shutter_speed&quot;:&quot;0&quot;,&quot;title&quot;:&quot;&quot;}\" data-image-title=\"la-bicicletta-verde\" data-image-description=\"\" data-image-caption=\"\" data-medium-file=\"https:\/\/i0.wp.com\/www.robertosedda.it\/wp-content\/uploads\/2013\/01\/la-bicicletta-verde.png?fit=300%2C163&amp;ssl=1\" data-large-file=\"https:\/\/i0.wp.com\/www.robertosedda.it\/wp-content\/uploads\/2013\/01\/la-bicicletta-verde.png?fit=510%2C278&amp;ssl=1\" decoding=\"async\" loading=\"lazy\" class=\"alignright size-medium wp-image-1825\" src=\"https:\/\/i0.wp.com\/www.robertosedda.it\/wp-content\/uploads\/2013\/01\/la-bicicletta-verde.png?resize=300%2C163\" alt=\"la-bicicletta-verde\" width=\"300\" height=\"163\" srcset=\"https:\/\/i0.wp.com\/www.robertosedda.it\/wp-content\/uploads\/2013\/01\/la-bicicletta-verde.png?resize=300%2C163&amp;ssl=1 300w, https:\/\/i0.wp.com\/www.robertosedda.it\/wp-content\/uploads\/2013\/01\/la-bicicletta-verde.png?w=691&amp;ssl=1 691w\" sizes=\"(max-width: 300px) 100vw, 300px\" data-recalc-dims=\"1\" \/><\/a>Wadjda per\u00f2 ha un caratterino tutto suo e, messi gli occhi su una magnifica bicicletta verde, inizia a cercare in tutti i modi di procurarsi i soldi per comprarsela da sola: questa ricerca di denaro la porter\u00e0 in direzioni inaspettate, compresa la decisione di collaborare con il &#8220;nemico&#8221;, nella persona della severissima, bigotta e ipocrita direttrice della scuola che frequenta.<\/p>\n<p>Come <em>film<\/em> sull&#8217;adolescenza <em>La biccletta verde<\/em> mi \u00e8 piaciuto molto: offre un ritratto di una bambina nel preciso momento in cui sta per spiccare il volo verso la giovinezza e l&#8217;autonomia, un momento in cui ancora tutte le possibilit\u00e0 sono inesplorate: forse Wadjda sposer\u00e0 Abdullah e sar\u00e0 felice, pi\u00f9 probabilmente sar\u00e0 una moglie insoddisfatta come sua madre, forse invece andr\u00e0 all&#8217;estero, o forse le preoccupanti capacit\u00e0 mimetiche e la testarda pervicacia che mostra nel raggiungere i suoi fini ne faranno <a href=\"http:\/\/www.robertosedda.it\/?attachment_id=1826\" rel=\"attachment wp-att-1826\"><img data-attachment-id=\"1826\" data-permalink=\"https:\/\/www.robertosedda.it\/?attachment_id=1826\" data-orig-file=\"https:\/\/i0.wp.com\/www.robertosedda.it\/wp-content\/uploads\/2013\/01\/ahd-wadjda.jpeg?fit=640%2C348&amp;ssl=1\" data-orig-size=\"640,348\" data-comments-opened=\"1\" data-image-meta=\"{&quot;aperture&quot;:&quot;0&quot;,&quot;credit&quot;:&quot;&quot;,&quot;camera&quot;:&quot;&quot;,&quot;caption&quot;:&quot;&quot;,&quot;created_timestamp&quot;:&quot;0&quot;,&quot;copyright&quot;:&quot;&quot;,&quot;focal_length&quot;:&quot;0&quot;,&quot;iso&quot;:&quot;0&quot;,&quot;shutter_speed&quot;:&quot;0&quot;,&quot;title&quot;:&quot;&quot;}\" data-image-title=\"ahd wadjda\" data-image-description=\"\" data-image-caption=\"\" data-medium-file=\"https:\/\/i0.wp.com\/www.robertosedda.it\/wp-content\/uploads\/2013\/01\/ahd-wadjda.jpeg?fit=300%2C163&amp;ssl=1\" data-large-file=\"https:\/\/i0.wp.com\/www.robertosedda.it\/wp-content\/uploads\/2013\/01\/ahd-wadjda.jpeg?fit=510%2C277&amp;ssl=1\" decoding=\"async\" loading=\"lazy\" class=\"alignleft size-medium wp-image-1826\" src=\"https:\/\/i0.wp.com\/www.robertosedda.it\/wp-content\/uploads\/2013\/01\/ahd-wadjda.jpeg?resize=300%2C163\" alt=\"ahd wadjda\" width=\"300\" height=\"163\" srcset=\"https:\/\/i0.wp.com\/www.robertosedda.it\/wp-content\/uploads\/2013\/01\/ahd-wadjda.jpeg?resize=300%2C163&amp;ssl=1 300w, https:\/\/i0.wp.com\/www.robertosedda.it\/wp-content\/uploads\/2013\/01\/ahd-wadjda.jpeg?w=640&amp;ssl=1 640w\" sizes=\"(max-width: 300px) 100vw, 300px\" data-recalc-dims=\"1\" \/><\/a>una nuova e altrettanto temuta signorina Hussa, la direttrice della scuola; in questo momento per\u00f2 lo spettatore pu\u00f2 solo cogliere gli accenni di ciascuna di queste possibilit\u00e0 e rivivere la freschezza di quel momento irripetibile della vita di ciascuno e a un film sull&#8217;adolescenza non si pu\u00f2 chiedere altro (<em>Bellas mariposas<\/em>, un <em>film<\/em> diversissimo, ha esattamente la stessa prospettiva).<\/p>\n<p>Se preso invece come <em>film<\/em> sulla condizione della donna nei paesi islamici, per esempio, o come spaccato della vita quotidiana in Arabia Saudita, <em>La bicicletta verde<\/em> ha d&#8217;altro canto molti problemi in pi\u00f9. Prima di tutto qualche macchinosit\u00e0 e ripetizione di troppo nella trama. E poi, senza arrivare esattamente all&#8217;essere un <em>film <\/em>a tesi, o alla temuta definizione di <em>film per festival <\/em>(un<em><br \/>\n<\/em>film cio\u00e8 fatto per piacere ai gusti occidentali <a href=\"http:\/\/www.robertosedda.it\/?attachment_id=1830\" rel=\"attachment wp-att-1830\"><img data-attachment-id=\"1830\" data-permalink=\"https:\/\/www.robertosedda.it\/?attachment_id=1830\" data-orig-file=\"https:\/\/i0.wp.com\/www.robertosedda.it\/wp-content\/uploads\/2013\/01\/wadjda.jpeg?fit=669%2C376&amp;ssl=1\" data-orig-size=\"669,376\" data-comments-opened=\"1\" data-image-meta=\"{&quot;aperture&quot;:&quot;0&quot;,&quot;credit&quot;:&quot;&quot;,&quot;camera&quot;:&quot;&quot;,&quot;caption&quot;:&quot;&quot;,&quot;created_timestamp&quot;:&quot;0&quot;,&quot;copyright&quot;:&quot;&quot;,&quot;focal_length&quot;:&quot;0&quot;,&quot;iso&quot;:&quot;0&quot;,&quot;shutter_speed&quot;:&quot;0&quot;,&quot;title&quot;:&quot;&quot;}\" data-image-title=\"wadjda\" data-image-description=\"\" data-image-caption=\"\" data-medium-file=\"https:\/\/i0.wp.com\/www.robertosedda.it\/wp-content\/uploads\/2013\/01\/wadjda.jpeg?fit=300%2C168&amp;ssl=1\" data-large-file=\"https:\/\/i0.wp.com\/www.robertosedda.it\/wp-content\/uploads\/2013\/01\/wadjda.jpeg?fit=510%2C287&amp;ssl=1\" decoding=\"async\" loading=\"lazy\" class=\"alignright size-medium wp-image-1830\" src=\"https:\/\/i0.wp.com\/www.robertosedda.it\/wp-content\/uploads\/2013\/01\/wadjda.jpeg?resize=300%2C168\" alt=\"wadjda\" width=\"300\" height=\"168\" srcset=\"https:\/\/i0.wp.com\/www.robertosedda.it\/wp-content\/uploads\/2013\/01\/wadjda.jpeg?resize=300%2C168&amp;ssl=1 300w, https:\/\/i0.wp.com\/www.robertosedda.it\/wp-content\/uploads\/2013\/01\/wadjda.jpeg?w=669&amp;ssl=1 669w\" sizes=\"(max-width: 300px) 100vw, 300px\" data-recalc-dims=\"1\" \/><\/a>e con quel tanto di impegno sociale da colpire giurie attente al <em>politically correct<\/em>) un po&#8217; ci si avvicina: non \u00e8 tanto per la descrizione del contesto, perch\u00e9 l&#8217;Arabia Saudita \u00e8 un paese in cui le donne sono\u00a0<em>davvero<\/em> oppresse, quanto perch\u00e9 le motivazioni dei personaggi ostili sono quasi caricaturali e mai e poi mai approfondite: persino un film manierato come\u00a0<em>Chocolat<\/em> riusciva a dare un ritratto di bigotto (il sindaco democristiano prima della redenzione) pi\u00f9 credibile e sfaccettato di quelli delle figure che circondano\u00a0Wadjda. Se non arriva mai a essere fastidioso \u00e8 perch\u00e9\u00a0<em>La bicicletta verde<\/em> mantiene un sottotono di coralit\u00e0 femminile (la madre, le sue amiche, le allieve della scuola, le insegnanti) e distribuisce equamente fra loro superstizioni e difetti: tranne Wadjda non c&#8217;\u00e8 nessuna che sia portatrice di un pensiero &#8220;altro&#8221;, e in fondo nemmeno la stessa Wadjda &#8211; ma a questa coralit\u00e0 non corrisponde nessun particolare approfondimento dei personaggi tale da offrire chiavi di lettura interessanti.<\/p>\n<p><a href=\"http:\/\/www.robertosedda.it\/?attachment_id=1829\" rel=\"attachment wp-att-1829\"><img data-attachment-id=\"1829\" data-permalink=\"https:\/\/www.robertosedda.it\/?attachment_id=1829\" data-orig-file=\"https:\/\/i0.wp.com\/www.robertosedda.it\/wp-content\/uploads\/2013\/01\/wadjda-bicicletta-verde.jpeg?fit=300%2C200&amp;ssl=1\" data-orig-size=\"300,200\" data-comments-opened=\"1\" data-image-meta=\"{&quot;aperture&quot;:&quot;0&quot;,&quot;credit&quot;:&quot;&quot;,&quot;camera&quot;:&quot;&quot;,&quot;caption&quot;:&quot;&quot;,&quot;created_timestamp&quot;:&quot;0&quot;,&quot;copyright&quot;:&quot;&quot;,&quot;focal_length&quot;:&quot;0&quot;,&quot;iso&quot;:&quot;0&quot;,&quot;shutter_speed&quot;:&quot;0&quot;,&quot;title&quot;:&quot;&quot;}\" data-image-title=\"wadjda bicicletta verde\" data-image-description=\"\" data-image-caption=\"\" data-medium-file=\"https:\/\/i0.wp.com\/www.robertosedda.it\/wp-content\/uploads\/2013\/01\/wadjda-bicicletta-verde.jpeg?fit=300%2C200&amp;ssl=1\" data-large-file=\"https:\/\/i0.wp.com\/www.robertosedda.it\/wp-content\/uploads\/2013\/01\/wadjda-bicicletta-verde.jpeg?fit=300%2C200&amp;ssl=1\" decoding=\"async\" loading=\"lazy\" class=\"alignleft size-full wp-image-1829\" src=\"https:\/\/i0.wp.com\/www.robertosedda.it\/wp-content\/uploads\/2013\/01\/wadjda-bicicletta-verde.jpeg?resize=300%2C200\" alt=\"wadjda bicicletta verde\" width=\"300\" height=\"200\" data-recalc-dims=\"1\" \/><\/a>Meglio mi sembra che <em>La bicicletta verde<\/em> funzioni come testimonianza della cultura materiale: per esempio mi ha colpito la bruttezza assoluta di Riyadh, lo stacco fra l&#8217;opulenza interna &#8211; siamo in ambienti borghesi &#8211; e lo squallore esterno delle case, che non sfigurerebbero in una collezione di abusi edilizi della piana di Gioia Tauro, cos\u00ec come il contrasto fra la disponibilit\u00e0 in famiglia di elettronica di intrattenimento e la primordialit\u00e0,\u00a0per esempio, delle attrezzature di cucina; devo dire che questi accenni, disperatamente pochi, mi hanno lasciato una gran curiosit\u00e0: come si vivr\u00e0 <em>esattamente<\/em> a Riyadh?<\/p>\n<div class=\"jetpack-video-wrapper\"><span class=\"embed-youtube\" style=\"text-align:center; display: block;\"><iframe class=\"youtube-player\" width=\"800\" height=\"450\" src=\"https:\/\/www.youtube.com\/embed\/kbx5H7dPVUg?version=3&#038;rel=1&#038;showsearch=0&#038;showinfo=1&#038;iv_load_policy=1&#038;fs=1&#038;hl=it-IT&#038;autohide=2&#038;wmode=transparent\" allowfullscreen=\"true\" style=\"border:0;\" sandbox=\"allow-scripts allow-same-origin allow-popups allow-presentation\"><\/iframe><\/span><\/div>\n","protected":false},"excerpt":{"rendered":"<p>La bicicletta verde (Al-Mansour, 2012) Wadjda ha una dozzina d&#8217;anni, il suo amico Abdullah le fa i dispetti e lei<\/p>\n","protected":false},"author":1,"featured_media":0,"comment_status":"open","ping_status":"open","sticky":false,"template":"","format":"video","meta":{"_mi_skip_tracking":false,"_monsterinsights_sitenote_active":false,"_monsterinsights_sitenote_note":"","_monsterinsights_sitenote_category":0,"jetpack_post_was_ever_published":false,"_jetpack_newsletter_access":"","jetpack_publicize_message":"","jetpack_is_tweetstorm":false,"jetpack_publicize_feature_enabled":true,"jetpack_social_post_already_shared":false,"jetpack_social_options":{"image_generator_settings":{"template":"highway","enabled":false}}},"categories":[52,14,56,82,12],"tags":[],"jetpack_publicize_connections":[],"jetpack_featured_media_url":"","jetpack_sharing_enabled":true,"jetpack_shortlink":"https:\/\/wp.me\/p4jV2T-to","jetpack_likes_enabled":true,"jetpack-related-posts":[{"id":1957,"url":"https:\/\/www.robertosedda.it\/?p=1957","url_meta":{"origin":1822,"position":0},"title":"Vivere in Arabia Saudita","author":"Rufus","date":"17\/01\/2013","format":false,"excerpt":"Avrete visto che quando ho scritto la recensione de La bicicletta verde mi sono chiesto come si viva veramente in Arabia Saudita. La risposta non la so, naturalmente, ma a quanto pare dovrebbe essere: male, se sei un lavoratore straniero, e soprattutto una lavoratrice. Il caso di Rizana Nafeek Il\u2026","rel":"","context":"In &quot;Coordinate&quot;","block_context":{"text":"Coordinate","link":"https:\/\/www.robertosedda.it\/?cat=52"},"img":{"alt_text":"","src":"https:\/\/i0.wp.com\/www.robertosedda.it\/wp-content\/uploads\/2013\/01\/demonstrator-sri-lanka.jpg?fit=629%2C409&ssl=1&resize=350%2C200","width":350,"height":200},"classes":[]},{"id":14384,"url":"https:\/\/www.robertosedda.it\/?p=14384","url_meta":{"origin":1822,"position":1},"title":"Quel che ho detto al convegno &#8220;Pace &#8211; Lavoro &#8211; Sviluppo&#8221; di Iglesias","author":"Rufus","date":"06\/12\/2017","format":false,"excerpt":"Domenica scorsa in compagnia di un po' di soci di Banca Etica sono andato al Convegno\u00a0Pace - Lavoro - Sviluppo dedicato al tema della riconversione della fabbrica di Domusnovas della RWM. Al convegno hanno preso la parola molti relatori, tanti di alto livello. Fra quelli che hanno parlato ma che\u2026","rel":"","context":"In &quot;Banche e finanza&quot;","block_context":{"text":"Banche e finanza","link":"https:\/\/www.robertosedda.it\/?cat=72"},"img":{"alt_text":"","src":"https:\/\/i0.wp.com\/www.robertosedda.it\/wp-content\/uploads\/2017\/12\/Arcobaleno.jpg?fit=510%2C458&ssl=1&resize=350%2C200","width":350,"height":200},"classes":[]},{"id":11641,"url":"https:\/\/www.robertosedda.it\/?p=11641","url_meta":{"origin":1822,"position":2},"title":"A proposito di traffico d&#8217;armi","author":"Rufus","date":"04\/03\/2016","format":false,"excerpt":"Un articolo su Visual capitalist fa il punto sulla crescita del commercio d'armi nell'ultimo paio d'anni: non vi stupir\u00e0 scoprire che fra i paesi di maggiore importanza ci sono l'Arabia Saudita, gli Emirati Arabi, la Turchia, l'India, il Pakistan e altri paesi orientali. Qui sotto una della infografiche pi\u00f9 significative,\u2026","rel":"","context":"In &quot;Coordinate&quot;","block_context":{"text":"Coordinate","link":"https:\/\/www.robertosedda.it\/?cat=52"},"img":{"alt_text":"","src":"https:\/\/i0.wp.com\/www.robertosedda.it\/wp-content\/uploads\/2016\/03\/world-arm-trade.png?fit=620%2C1141&ssl=1&resize=350%2C200","width":350,"height":200},"classes":[]},{"id":16742,"url":"https:\/\/www.robertosedda.it\/?p=16742","url_meta":{"origin":1822,"position":3},"title":"Non dimenticate lo Yemen!","author":"Rufus","date":"29\/05\/2019","format":false,"excerpt":"Credo sappiate che sia come socio di Banca Etica che a livello personale sono impegnato sulla questione delle bombe fabbricate in Sardegna e vendute all'Arabia Saudita, che poi le usa per bombardare lo Yemen. Vi segnalo perci\u00f2 una serie di eventi di sensibilizzazione sull'argomento. Apre domani a Iglesias (chiostro di\u2026","rel":"","context":"In &quot;Coordinate&quot;","block_context":{"text":"Coordinate","link":"https:\/\/www.robertosedda.it\/?cat=52"},"img":{"alt_text":"","src":"https:\/\/i0.wp.com\/www.robertosedda.it\/wp-content\/uploads\/2019\/05\/4a8054d1-7790-46b5-9e58-60d5992a7396.jpg?fit=1200%2C675&ssl=1&resize=350%2C200","width":350,"height":200,"srcset":"https:\/\/i0.wp.com\/www.robertosedda.it\/wp-content\/uploads\/2019\/05\/4a8054d1-7790-46b5-9e58-60d5992a7396.jpg?fit=1200%2C675&ssl=1&resize=350%2C200 1x, https:\/\/i0.wp.com\/www.robertosedda.it\/wp-content\/uploads\/2019\/05\/4a8054d1-7790-46b5-9e58-60d5992a7396.jpg?fit=1200%2C675&ssl=1&resize=700%2C400 2x, https:\/\/i0.wp.com\/www.robertosedda.it\/wp-content\/uploads\/2019\/05\/4a8054d1-7790-46b5-9e58-60d5992a7396.jpg?fit=1200%2C675&ssl=1&resize=1050%2C600 3x"},"classes":[]},{"id":12319,"url":"https:\/\/www.robertosedda.it\/?p=12319","url_meta":{"origin":1822,"position":4},"title":"La guerra su ruote come metafora sociale","author":"Rufus","date":"19\/08\/2016","format":"video","excerpt":"Lo spunto casuale Ho visto da poco a Stintino, durante l'ottima rassegna Life after oil\u00a0(cio\u00e8 \"la vita dopo il petrolio\") il documentario\u00a0Bikes vs Cars (\"bici contro auto\"). https:\/\/www.youtube.com\/watch?v=et8iEIPhooM Non ne faccio una vera e propria recensione (in tre parole: molto interessante, un po' lungo, un pelo datato); dico piuttosto che\u2026","rel":"","context":"In &quot;Coordinate&quot;","block_context":{"text":"Coordinate","link":"https:\/\/www.robertosedda.it\/?cat=52"},"img":{"alt_text":"","src":"https:\/\/i0.wp.com\/www.robertosedda.it\/wp-content\/uploads\/2016\/08\/Poor-biker.jpg?fit=1200%2C943&ssl=1&resize=350%2C200","width":350,"height":200,"srcset":"https:\/\/i0.wp.com\/www.robertosedda.it\/wp-content\/uploads\/2016\/08\/Poor-biker.jpg?fit=1200%2C943&ssl=1&resize=350%2C200 1x, https:\/\/i0.wp.com\/www.robertosedda.it\/wp-content\/uploads\/2016\/08\/Poor-biker.jpg?fit=1200%2C943&ssl=1&resize=700%2C400 2x, https:\/\/i0.wp.com\/www.robertosedda.it\/wp-content\/uploads\/2016\/08\/Poor-biker.jpg?fit=1200%2C943&ssl=1&resize=1050%2C600 3x"},"classes":[]},{"id":4739,"url":"https:\/\/www.robertosedda.it\/?p=4739","url_meta":{"origin":1822,"position":5},"title":"Anniversario di matrimonio","author":"Rufus","date":"20\/10\/2013","format":false,"excerpt":"Il 20 ottobre del 2001 io e Maria Bonaria ci siamo sposati. Quindi oggi sono dodici anni esatti. Questo non \u00e8 un basso tentativo di ottenere i vostri auguri qui sotto. Nonono, non lo \u00e8 per niente.","rel":"","context":"In &quot;Coordinate&quot;","block_context":{"text":"Coordinate","link":"https:\/\/www.robertosedda.it\/?cat=52"},"img":{"alt_text":"","src":"https:\/\/i0.wp.com\/www.robertosedda.it\/wp-content\/uploads\/2013\/10\/Bellezze-in-bicicletta.jpg?fit=900%2C1200&ssl=1&resize=350%2C200","width":350,"height":200,"srcset":"https:\/\/i0.wp.com\/www.robertosedda.it\/wp-content\/uploads\/2013\/10\/Bellezze-in-bicicletta.jpg?fit=900%2C1200&ssl=1&resize=350%2C200 1x, https:\/\/i0.wp.com\/www.robertosedda.it\/wp-content\/uploads\/2013\/10\/Bellezze-in-bicicletta.jpg?fit=900%2C1200&ssl=1&resize=700%2C400 2x"},"classes":[]}],"_links":{"self":[{"href":"https:\/\/www.robertosedda.it\/index.php?rest_route=\/wp\/v2\/posts\/1822"}],"collection":[{"href":"https:\/\/www.robertosedda.it\/index.php?rest_route=\/wp\/v2\/posts"}],"about":[{"href":"https:\/\/www.robertosedda.it\/index.php?rest_route=\/wp\/v2\/types\/post"}],"author":[{"embeddable":true,"href":"https:\/\/www.robertosedda.it\/index.php?rest_route=\/wp\/v2\/users\/1"}],"replies":[{"embeddable":true,"href":"https:\/\/www.robertosedda.it\/index.php?rest_route=%2Fwp%2Fv2%2Fcomments&post=1822"}],"version-history":[{"count":13,"href":"https:\/\/www.robertosedda.it\/index.php?rest_route=\/wp\/v2\/posts\/1822\/revisions"}],"predecessor-version":[{"id":15596,"href":"https:\/\/www.robertosedda.it\/index.php?rest_route=\/wp\/v2\/posts\/1822\/revisions\/15596"}],"wp:attachment":[{"href":"https:\/\/www.robertosedda.it\/index.php?rest_route=%2Fwp%2Fv2%2Fmedia&parent=1822"}],"wp:term":[{"taxonomy":"category","embeddable":true,"href":"https:\/\/www.robertosedda.it\/index.php?rest_route=%2Fwp%2Fv2%2Fcategories&post=1822"},{"taxonomy":"post_tag","embeddable":true,"href":"https:\/\/www.robertosedda.it\/index.php?rest_route=%2Fwp%2Fv2%2Ftags&post=1822"}],"curies":[{"name":"wp","href":"https:\/\/api.w.org\/{rel}","templated":true}]}}