{"id":18146,"date":"2020-06-30T18:19:25","date_gmt":"2020-06-30T16:19:25","guid":{"rendered":"http:\/\/www.robertosedda.it\/?p=18146"},"modified":"2022-07-05T14:53:29","modified_gmt":"2022-07-05T12:53:29","slug":"peronia","status":"publish","type":"post","link":"https:\/\/www.robertosedda.it\/?p=18146","title":{"rendered":"Peronia"},"content":{"rendered":"\n<p>Il bisnonno di Maria Bonaria, Antonio Loi, fu uno dei primi pastori fonnesi, a met\u00e0 dell&#8217;Ottocento, a scendere nel Campidano e a stabilircisi permanentemente con le greggi, sfuggendo al meccanismo della transumanza abituale fino a quel tempo.<\/p>\n\n\n\n<p>Si stabil\u00ec a Decimoputzu; a quei tempi i collegamenti erano quelli che erano e quindi per diverso tempo a Fonni i parenti rimasero privi di notizie. Lui nel frattempo a Decimoputzu su fece una sua vita e si fidanz\u00f2 con una ragazza del posto che si chiamava Apollonia, che nella parlata del paese era diventato <em>Apperonia<\/em>.<\/p>\n\n\n\n<p>Fu cos\u00ec che un giorno la sorella minore, che si chiamava Michela Loi come mia nipote, and\u00f2 al mercato e incontr\u00f2 un pastore di ritorno dal Campidano. Tuo fratello, le disse, sta bene, \u00e8 a Decimoputzu e si \u00e8 anche fidanzato. La piccola Michela corse a casa a dare la notizia: \u00abAntoni \u00e8 sposu in Decimeputzu!!\u00bb. I genitori volevano sapere come si chiamava la sposa, ma Michela se l&#8217;era dimenticato suscitando, immagino, un po&#8217; di delusione.<\/p>\n\n\n\n<p>Per fortuna la domenica successiva Michela and\u00f2 in chiesa e quando il prete inton\u00f2 <em>Per omnia<\/em> si ricord\u00f2 del nome. Dicono le cronache familiari che corse a casa disperatamente ripetendosi <em>peromnia peromnia peromnia peromnia<\/em>. Arrivo senza fiato: \u00abSi chiama Peronia!\u00bb.<\/p>\n\n\n\n<figure class=\"wp-block-image alignwide size-full\"><img data-attachment-id=\"18147\" data-permalink=\"https:\/\/www.robertosedda.it\/?attachment_id=18147\" data-orig-file=\"https:\/\/i0.wp.com\/www.robertosedda.it\/wp-content\/uploads\/2020\/06\/Seruis-1.jpg?fit=1795%2C1469&amp;ssl=1\" data-orig-size=\"1795,1469\" data-comments-opened=\"1\" data-image-meta=\"{&quot;aperture&quot;:&quot;0&quot;,&quot;credit&quot;:&quot;&quot;,&quot;camera&quot;:&quot;&quot;,&quot;caption&quot;:&quot;&quot;,&quot;created_timestamp&quot;:&quot;0&quot;,&quot;copyright&quot;:&quot;&quot;,&quot;focal_length&quot;:&quot;0&quot;,&quot;iso&quot;:&quot;0&quot;,&quot;shutter_speed&quot;:&quot;0&quot;,&quot;title&quot;:&quot;&quot;,&quot;orientation&quot;:&quot;0&quot;}\" data-image-title=\"Seruis-1\" data-image-description=\"\" data-image-caption=\"\" data-medium-file=\"https:\/\/i0.wp.com\/www.robertosedda.it\/wp-content\/uploads\/2020\/06\/Seruis-1.jpg?fit=300%2C246&amp;ssl=1\" data-large-file=\"https:\/\/i0.wp.com\/www.robertosedda.it\/wp-content\/uploads\/2020\/06\/Seruis-1.jpg?fit=510%2C417&amp;ssl=1\" decoding=\"async\" loading=\"lazy\" width=\"800\" height=\"655\" src=\"https:\/\/i0.wp.com\/www.robertosedda.it\/wp-content\/uploads\/2020\/06\/Seruis-1.jpg?resize=800%2C655\" alt=\"\" class=\"wp-image-18147\" srcset=\"https:\/\/i0.wp.com\/www.robertosedda.it\/wp-content\/uploads\/2020\/06\/Seruis-1.jpg?w=1795&amp;ssl=1 1795w, https:\/\/i0.wp.com\/www.robertosedda.it\/wp-content\/uploads\/2020\/06\/Seruis-1.jpg?resize=300%2C246&amp;ssl=1 300w, https:\/\/i0.wp.com\/www.robertosedda.it\/wp-content\/uploads\/2020\/06\/Seruis-1.jpg?resize=510%2C417&amp;ssl=1 510w, https:\/\/i0.wp.com\/www.robertosedda.it\/wp-content\/uploads\/2020\/06\/Seruis-1.jpg?resize=150%2C123&amp;ssl=1 150w, https:\/\/i0.wp.com\/www.robertosedda.it\/wp-content\/uploads\/2020\/06\/Seruis-1.jpg?resize=1536%2C1257&amp;ssl=1 1536w, https:\/\/i0.wp.com\/www.robertosedda.it\/wp-content\/uploads\/2020\/06\/Seruis-1.jpg?w=1600 1600w\" sizes=\"(max-width: 800px) 100vw, 800px\" data-recalc-dims=\"1\" \/><figcaption>La carta d&#8217;identit\u00e0 del secondo marito di Peronia, zio Giuseppe<\/figcaption><\/figure>\n\n\n\n<p>\u00c8 cos\u00ec che la bisnonna \u00e8 nota ai nipoti tanto come <em>Apperonia<\/em> che come <em>Peronia<\/em>, sempre con un ricordo un po&#8217; comico della prozia Michela, della sua corsa e del suo errore, mentre pochissima attenzione viene data al fatto che una che si chiamava Apollonia sia diventata <em>Apperonia<\/em>, secondo un meccanismo di distorsione fonetica e ortografica tipico dei nostri paesi, per il quale per esempio mia bisnonna, che si chiamava Adelaide, era chiamata da tutti <em>donna Deladia<\/em>. Ma questa \u00e8 un&#8217;altra storia e sar\u00e0 raccontata un&#8217;altra volta.<\/p>\n","protected":false},"excerpt":{"rendered":"<p>Il bisnonno di Maria Bonaria, Antonio Loi, fu uno dei primi pastori fonnesi, a met\u00e0 dell&#8217;Ottocento, a scendere nel Campidano<\/p>\n","protected":false},"author":1,"featured_media":18147,"comment_status":"open","ping_status":"open","sticky":false,"template":"","format":"standard","meta":{"_mi_skip_tracking":false,"_monsterinsights_sitenote_active":false,"_monsterinsights_sitenote_note":"","_monsterinsights_sitenote_category":0,"jetpack_post_was_ever_published":false,"_jetpack_newsletter_access":"","jetpack_publicize_message":"","jetpack_is_tweetstorm":false,"jetpack_publicize_feature_enabled":true,"jetpack_social_post_already_shared":true,"jetpack_social_options":{"image_generator_settings":{"template":"highway","enabled":false}}},"categories":[52,86,53,18,16],"tags":[],"jetpack_publicize_connections":[],"jetpack_featured_media_url":"https:\/\/i0.wp.com\/www.robertosedda.it\/wp-content\/uploads\/2020\/06\/Seruis-1.jpg?fit=1795%2C1469&ssl=1","jetpack_sharing_enabled":true,"jetpack_shortlink":"https:\/\/wp.me\/s4jV2T-peronia","jetpack_likes_enabled":true,"jetpack-related-posts":[{"id":9150,"url":"https:\/\/www.robertosedda.it\/?p=9150","url_meta":{"origin":18146,"position":0},"title":"Scene da un Natale familiare","author":"Rufus","date":"27\/12\/2014","format":"gallery","excerpt":"Cari parenti, scaricate quel che vi serve (e vedete di mandare in cambio le vostre foto, mi raccomando). Cari tutti, gioite con noi e ancora buon Natale dalle famiglie riunite Loi-Grazietti, Nardi-Sedda e Sedda-Loi, con un pizzico di Delitala (alcune foto sono orrende, ma lo scopo non \u00e8 l'arte).","rel":"","context":"In &quot;Eventi&quot;","block_context":{"text":"Eventi","link":"https:\/\/www.robertosedda.it\/?cat=49"},"img":{"alt_text":"","src":"https:\/\/i0.wp.com\/www.robertosedda.it\/wp-content\/uploads\/2014\/12\/Nonne-mamme-figlie-nipoti-cugine.jpg?fit=1024%2C768&ssl=1&resize=350%2C200","width":350,"height":200,"srcset":"https:\/\/i0.wp.com\/www.robertosedda.it\/wp-content\/uploads\/2014\/12\/Nonne-mamme-figlie-nipoti-cugine.jpg?fit=1024%2C768&ssl=1&resize=350%2C200 1x, https:\/\/i0.wp.com\/www.robertosedda.it\/wp-content\/uploads\/2014\/12\/Nonne-mamme-figlie-nipoti-cugine.jpg?fit=1024%2C768&ssl=1&resize=700%2C400 2x"},"classes":[]},{"id":8245,"url":"https:\/\/www.robertosedda.it\/?p=8245","url_meta":{"origin":18146,"position":1},"title":"Mitico Pino","author":"Rufus","date":"21\/08\/2014","format":"image","excerpt":"","rel":"","context":"In &quot;Famiglia&quot;","block_context":{"text":"Famiglia","link":"https:\/\/www.robertosedda.it\/?cat=86"},"img":{"alt_text":"","src":"https:\/\/i0.wp.com\/www.robertosedda.it\/wp-content\/uploads\/2014\/08\/Giuseppe-Loi.jpg?fit=1200%2C900&ssl=1&resize=350%2C200","width":350,"height":200,"srcset":"https:\/\/i0.wp.com\/www.robertosedda.it\/wp-content\/uploads\/2014\/08\/Giuseppe-Loi.jpg?fit=1200%2C900&ssl=1&resize=350%2C200 1x, https:\/\/i0.wp.com\/www.robertosedda.it\/wp-content\/uploads\/2014\/08\/Giuseppe-Loi.jpg?fit=1200%2C900&ssl=1&resize=700%2C400 2x, https:\/\/i0.wp.com\/www.robertosedda.it\/wp-content\/uploads\/2014\/08\/Giuseppe-Loi.jpg?fit=1200%2C900&ssl=1&resize=1050%2C600 3x"},"classes":[]},{"id":12029,"url":"https:\/\/www.robertosedda.it\/?p=12029","url_meta":{"origin":18146,"position":2},"title":"Ed eccola, l&#8217;Inossidabile","author":"Rufus","date":"30\/05\/2016","format":"image","excerpt":"Grazie a Nicola Loi per la foto, spedita di prima mattina. Al bar e al\u00a0market sotto casa, quando le commesse l'hanno riconosciuta, l'Inossidabile gongolava, ma con modestia. E ha precisato: \u00abSkyline l'ho proprio detto io, cos\u00ec esattamente:\u00a0skyline\u00bb. Del resto, a proposito di lingue straniere, da poco ho scoperto che va\u2026","rel":"","context":"In &quot;Coordinate&quot;","block_context":{"text":"Coordinate","link":"https:\/\/www.robertosedda.it\/?cat=52"},"img":{"alt_text":"","src":"https:\/\/i0.wp.com\/www.robertosedda.it\/wp-content\/uploads\/2016\/05\/Intervista-Graziella-Delitala.jpg?fit=900%2C1200&ssl=1&resize=350%2C200","width":350,"height":200,"srcset":"https:\/\/i0.wp.com\/www.robertosedda.it\/wp-content\/uploads\/2016\/05\/Intervista-Graziella-Delitala.jpg?fit=900%2C1200&ssl=1&resize=350%2C200 1x, https:\/\/i0.wp.com\/www.robertosedda.it\/wp-content\/uploads\/2016\/05\/Intervista-Graziella-Delitala.jpg?fit=900%2C1200&ssl=1&resize=700%2C400 2x"},"classes":[]},{"id":8463,"url":"https:\/\/www.robertosedda.it\/?p=8463","url_meta":{"origin":18146,"position":3},"title":"Diceva Pino&#8230;","author":"Rufus","date":"19\/09\/2014","format":false,"excerpt":"Quando il Mitico Pino ha compiuto novant'anni ha scritto per le sue nipoti una specie di autobiografia. Se l'\u00e8 scritta da solo, lavorando con segretezza al\u00a0computer:\u00a0ho rivisto da poco le bozze, mettendo ordine nel suo PC: erano intitolate\u00a0Lavori del condominio\u00a0 in modo che a nessuno venisse in mente di aprirle\u2026","rel":"","context":"In &quot;Coordinate&quot;","block_context":{"text":"Coordinate","link":"https:\/\/www.robertosedda.it\/?cat=52"},"img":{"alt_text":"","src":"https:\/\/i0.wp.com\/www.robertosedda.it\/wp-content\/uploads\/2014\/09\/tonara-2010-119.jpg?fit=1200%2C900&ssl=1&resize=350%2C200","width":350,"height":200,"srcset":"https:\/\/i0.wp.com\/www.robertosedda.it\/wp-content\/uploads\/2014\/09\/tonara-2010-119.jpg?fit=1200%2C900&ssl=1&resize=350%2C200 1x, https:\/\/i0.wp.com\/www.robertosedda.it\/wp-content\/uploads\/2014\/09\/tonara-2010-119.jpg?fit=1200%2C900&ssl=1&resize=700%2C400 2x, https:\/\/i0.wp.com\/www.robertosedda.it\/wp-content\/uploads\/2014\/09\/tonara-2010-119.jpg?fit=1200%2C900&ssl=1&resize=1050%2C600 3x"},"classes":[]},{"id":20326,"url":"https:\/\/www.robertosedda.it\/?p=20326","url_meta":{"origin":18146,"position":4},"title":"Ritrovati dispersi bravi gelatai","author":"Rufus","date":"18\/07\/2023","format":false,"excerpt":"L'altra sera, passeggiando per via Garibaldi, abbiamo visto che aveva (ri)aperto Stefino (in realt\u00e0, come vedete qui a destra, Gli Stefini). Dico riaperto perch\u00e9 il locale storico aveva chiuso dopo lo sgombero di piazzetta Dettori, e la presenza al Poetto era troppo fuori mano per compensare. Invece in via Garibaldi\u2026","rel":"","context":"In &quot;Coordinate&quot;","block_context":{"text":"Coordinate","link":"https:\/\/www.robertosedda.it\/?cat=52"},"img":{"alt_text":"","src":"https:\/\/i0.wp.com\/www.robertosedda.it\/wp-content\/uploads\/2023\/07\/Stefini.png?fit=1190%2C1190&ssl=1&resize=350%2C200","width":350,"height":200,"srcset":"https:\/\/i0.wp.com\/www.robertosedda.it\/wp-content\/uploads\/2023\/07\/Stefini.png?fit=1190%2C1190&ssl=1&resize=350%2C200 1x, https:\/\/i0.wp.com\/www.robertosedda.it\/wp-content\/uploads\/2023\/07\/Stefini.png?fit=1190%2C1190&ssl=1&resize=700%2C400 2x, https:\/\/i0.wp.com\/www.robertosedda.it\/wp-content\/uploads\/2023\/07\/Stefini.png?fit=1190%2C1190&ssl=1&resize=1050%2C600 3x"},"classes":[]},{"id":16338,"url":"https:\/\/www.robertosedda.it\/?p=16338","url_meta":{"origin":18146,"position":5},"title":"L&#8217;abbrivio e il precipizio","author":"Rufus","date":"14\/03\/2019","format":false,"excerpt":"Seguo fin dal primo numero, anzi fin dall'anteprima fuori serie, Mercurio Loi, pubblicato dalla Sergio Bonelli Editore e scritto da Alessandro Bilotta. Mi piace molto ma, dopo una prima mezza dozzina di numeri molto interessanti, \u00e8 subentrata una certa perplessit\u00e0: \u00e8 un fumetto filosofico, d'accordo, \u00e8 un fumetto sperimentale, d'accordo,\u2026","rel":"","context":"In &quot;Coordinate&quot;","block_context":{"text":"Coordinate","link":"https:\/\/www.robertosedda.it\/?cat=52"},"img":{"alt_text":"","src":"https:\/\/i0.wp.com\/www.robertosedda.it\/wp-content\/uploads\/2019\/03\/Mercurio-d.jpg?fit=800%2C1055&ssl=1&resize=350%2C200","width":350,"height":200,"srcset":"https:\/\/i0.wp.com\/www.robertosedda.it\/wp-content\/uploads\/2019\/03\/Mercurio-d.jpg?fit=800%2C1055&ssl=1&resize=350%2C200 1x, https:\/\/i0.wp.com\/www.robertosedda.it\/wp-content\/uploads\/2019\/03\/Mercurio-d.jpg?fit=800%2C1055&ssl=1&resize=700%2C400 2x"},"classes":[]}],"_links":{"self":[{"href":"https:\/\/www.robertosedda.it\/index.php?rest_route=\/wp\/v2\/posts\/18146"}],"collection":[{"href":"https:\/\/www.robertosedda.it\/index.php?rest_route=\/wp\/v2\/posts"}],"about":[{"href":"https:\/\/www.robertosedda.it\/index.php?rest_route=\/wp\/v2\/types\/post"}],"author":[{"embeddable":true,"href":"https:\/\/www.robertosedda.it\/index.php?rest_route=\/wp\/v2\/users\/1"}],"replies":[{"embeddable":true,"href":"https:\/\/www.robertosedda.it\/index.php?rest_route=%2Fwp%2Fv2%2Fcomments&post=18146"}],"version-history":[{"count":3,"href":"https:\/\/www.robertosedda.it\/index.php?rest_route=\/wp\/v2\/posts\/18146\/revisions"}],"predecessor-version":[{"id":18150,"href":"https:\/\/www.robertosedda.it\/index.php?rest_route=\/wp\/v2\/posts\/18146\/revisions\/18150"}],"wp:featuredmedia":[{"embeddable":true,"href":"https:\/\/www.robertosedda.it\/index.php?rest_route=\/wp\/v2\/media\/18147"}],"wp:attachment":[{"href":"https:\/\/www.robertosedda.it\/index.php?rest_route=%2Fwp%2Fv2%2Fmedia&parent=18146"}],"wp:term":[{"taxonomy":"category","embeddable":true,"href":"https:\/\/www.robertosedda.it\/index.php?rest_route=%2Fwp%2Fv2%2Fcategories&post=18146"},{"taxonomy":"post_tag","embeddable":true,"href":"https:\/\/www.robertosedda.it\/index.php?rest_route=%2Fwp%2Fv2%2Ftags&post=18146"}],"curies":[{"name":"wp","href":"https:\/\/api.w.org\/{rel}","templated":true}]}}