{"id":18139,"date":"2020-06-29T21:42:29","date_gmt":"2020-06-29T19:42:29","guid":{"rendered":"http:\/\/www.robertosedda.it\/?p=18139"},"modified":"2022-06-30T11:58:58","modified_gmt":"2022-06-30T09:58:58","slug":"accampamenti-insurrezionali","status":"publish","type":"post","link":"https:\/\/www.robertosedda.it\/?p=18139","title":{"rendered":"Accampamenti insurrezionali"},"content":{"rendered":"\n<p>Non so se seguendo le proteste americane per la brutalit\u00e0 della polizia e il razzismo vi \u00e8 capitato di sentir citare la <em>CHAZ<\/em>, la <em>Zona Autonoma di Capitol Hill<\/em> di Seattle.<\/p>\n\n\n\n<p>Nella prima settimana della protesta manifestanti e polizia di Seattle si sono fronteggiati piuttosto duramente attrono all&#8217;<em>East Precinct<\/em>, l&#8217;edificio del distretto di polizia orientale della citt\u00e0. pOi improvvisamente la polizia si \u00e8 ritirata lasciando ai manifestanti il controllo dell&#8217;edificio e dei sei isolati e un parco circostanti, che sono rapidamente diventati un accampamento con spettacoli, dibattiti, mercatini e cos\u00ec via: la <em>CHAZ<\/em> (vi ricordo che la riduzione dell&#8217;impronta della polizia sulle citt\u00e0 americane, la riformulazione degli enormi bilanci per la sicurezza e la sostituzione di apparati repressivi con forme di intervento sciale e di auto-organizzazione delle comunit\u00e0 erano rivendicazioni centrali della protesta).<\/p>\n\n\n\n<figure class=\"wp-block-image alignwide size-full\"><img data-attachment-id=\"18140\" data-permalink=\"https:\/\/www.robertosedda.it\/?attachment_id=18140\" data-orig-file=\"https:\/\/i0.wp.com\/www.robertosedda.it\/wp-content\/uploads\/2020\/06\/800px-Seattle_East_Precinct_Sign_under_Capitol_Hill_Autonomous_Zone.jpg?fit=800%2C533&amp;ssl=1\" data-orig-size=\"800,533\" data-comments-opened=\"1\" data-image-meta=\"{&quot;aperture&quot;:&quot;0&quot;,&quot;credit&quot;:&quot;&quot;,&quot;camera&quot;:&quot;&quot;,&quot;caption&quot;:&quot;The former Seattle East Precinct in the Capitol Hill Autonomous Zone in Seattle, WA on June 9, 2020.&quot;,&quot;created_timestamp&quot;:&quot;0&quot;,&quot;copyright&quot;:&quot;&quot;,&quot;focal_length&quot;:&quot;0&quot;,&quot;iso&quot;:&quot;0&quot;,&quot;shutter_speed&quot;:&quot;0&quot;,&quot;title&quot;:&quot;&quot;,&quot;orientation&quot;:&quot;0&quot;}\" data-image-title=\"800px-Seattle_East_Precinct_Sign_under_Capitol_Hill_Autonomous_Zone\" data-image-description=\"\" data-image-caption=\"&lt;p&gt;The former Seattle East Precinct in the Capitol Hill Autonomous Zone in Seattle, WA on June 9, 2020.&lt;\/p&gt;\n\" data-medium-file=\"https:\/\/i0.wp.com\/www.robertosedda.it\/wp-content\/uploads\/2020\/06\/800px-Seattle_East_Precinct_Sign_under_Capitol_Hill_Autonomous_Zone.jpg?fit=300%2C200&amp;ssl=1\" data-large-file=\"https:\/\/i0.wp.com\/www.robertosedda.it\/wp-content\/uploads\/2020\/06\/800px-Seattle_East_Precinct_Sign_under_Capitol_Hill_Autonomous_Zone.jpg?fit=510%2C340&amp;ssl=1\" decoding=\"async\" loading=\"lazy\" width=\"800\" height=\"533\" src=\"https:\/\/i0.wp.com\/www.robertosedda.it\/wp-content\/uploads\/2020\/06\/800px-Seattle_East_Precinct_Sign_under_Capitol_Hill_Autonomous_Zone.jpg?resize=800%2C533\" alt=\"\" class=\"wp-image-18140\" srcset=\"https:\/\/i0.wp.com\/www.robertosedda.it\/wp-content\/uploads\/2020\/06\/800px-Seattle_East_Precinct_Sign_under_Capitol_Hill_Autonomous_Zone.jpg?w=800&amp;ssl=1 800w, https:\/\/i0.wp.com\/www.robertosedda.it\/wp-content\/uploads\/2020\/06\/800px-Seattle_East_Precinct_Sign_under_Capitol_Hill_Autonomous_Zone.jpg?resize=300%2C200&amp;ssl=1 300w, https:\/\/i0.wp.com\/www.robertosedda.it\/wp-content\/uploads\/2020\/06\/800px-Seattle_East_Precinct_Sign_under_Capitol_Hill_Autonomous_Zone.jpg?resize=510%2C340&amp;ssl=1 510w, https:\/\/i0.wp.com\/www.robertosedda.it\/wp-content\/uploads\/2020\/06\/800px-Seattle_East_Precinct_Sign_under_Capitol_Hill_Autonomous_Zone.jpg?resize=150%2C100&amp;ssl=1 150w\" sizes=\"(max-width: 800px) 100vw, 800px\" data-recalc-dims=\"1\" \/><figcaption>Da <em><a href=\"https:\/\/commons.wikimedia.org\/wiki\/File:Seattle_East_Precinct_Sign_under_Capitol_Hill_Autonomous_Zone.jpg\">Wikipedia<\/a><\/em> &#8211; <a href=\"https:\/\/commons.wikimedia.org\/wiki\/File:Seattle_East_Precinct_Sign_under_Capitol_Hill_Autonomous_Zone.jpg\">Swoggle<\/a> \/ <a href=\"https:\/\/creativecommons.org\/licenses\/by-sa\/4.0\">CC BY-SA<\/a><\/figcaption><\/figure>\n\n\n\n<p>Quando i miei contatti americani hanno saputo della <em>CHAZ<\/em>, a parte la soddisfazione per una vittoria tattica per la maggior parte hanno scosso la testa, se questo gesto pu\u00f2 essere compiuto su <em>Twitter<\/em>. \u00abFinir\u00e0 come <em>Occupy Wall Street<\/em>\u00bb, ha scritto uno. Intendeva dire, immagino, che la costituzione del campo traghettava la protesta da una fase di confronto diretto su obiettivi chiari (tagliare i <em>budget<\/em> dei Dipartimenti di Polizia) a una del tutto dimostrativa, piena di energia e creativit\u00e0 e discussioni e eventi ganzissimi ma politicamente irrilevante. Uno dei primi accampamenti della storia politica recente \u00e8 quello degli <em>Indignados<\/em>, dal cui movimento successivamente \u00e8 nato <em>Podemos<\/em>; pu\u00f2 essere che gli accampamenti possano servire da incubatori di movimenti politici pi\u00f9 ampi, ma personalmente credo che nell&#8217;occasione la polizia abbia tolto slancio alla protesta applicando magistralmente tattiche, sostanzialmente, di controinsurrezione (piuttosto antiche, fra l&#8217;altro: si potrebbe pensare che sia stato impiegato il quarto dei <em><a href=\"http:\/\/www.robertosedda.it\/?p=15775\">Trentasei Stratagemmi<\/a><\/em><\/p>\n\n\n\n<blockquote class=\"wp-block-quote\"><p>\u4ee5\u9038\u5f85\u52de\/\u4ee5\u9038\u5f85\u52b3<br \/>Y\u01d0 y\u00ec d\u00e0i l\u00e1o<br \/>\u00abattendi riposandoti mentre il nemico si fiacca\u00bb<\/p><\/blockquote>\n\n\n\n<p>o forse il venticinquesimo<\/p>\n\n\n\n<blockquote class=\"wp-block-quote\"><p>\u5077\u6881\u63db\u67f1\/\u5077\u6881\u6362\u67f1<br \/>T\u014du li\u00e1ng hu\u00e0n zh\u00f9<br \/>\u00absostituisci le travi con legno marcio\u00bb<\/p><\/blockquote>\n\n\n\n<p>o il trentaseiesimo<\/p>\n\n\n\n<blockquote class=\"wp-block-quote\"><p>\u8d70\u70ba\u4e0a\/\u8d70\u4e3a\u4e0a<br \/>Z\u01d2u w\u00e9i sh\u00e0ng<br \/>\u00abse tutto fallisce, ritirata\u00bb<\/p><\/blockquote>\n\n\n\n<p>Ma divago. In realt\u00e0 la <em>CHAZ <\/em>ha avuto una storia tutto sommato poco edificante, comprese un paio di sparatorie con conse \u00e8 guenze mortali, ma sulla base del suo esempio sono sorti rapidamente in molte altre citt\u00e0 americane degli accampamenti, punto focale e organizzativo della protesta.<\/p>\n\n\n\n<p>E cos\u00ec stamattina \u00e8 capitato che <a href=\"http:\/\/www.robertosedda.it\/?p=11091\">Casey O&#8217;Donnell<\/a> abbia rilanciato una serie di <em>tweet<\/em> di una utente che si chiama <em>Insurrection summer<\/em> (e il cui nome in <em>Twitter<\/em> \u00e8 <a href=\"https:\/\/twitter.com\/Vicky_ACAB\">@Vicky_ACAB<\/a>, quindi evidentemente tutto un programma), il cui inizio era questo:<\/p>\n\n\n\n<figure class=\"wp-block-embed-twitter alignwide wp-block-embed is-type-rich is-provider-twitter\"><div class=\"wp-block-embed__wrapper\">\n<blockquote class=\"twitter-tweet\" data-width=\"550\" data-dnt=\"true\"><p lang=\"en\" dir=\"ltr\">We have to learn how to make protest encampments ungovernable by the activists who would turn them into bureaucracies and policy wins<\/p>&mdash; insurrection summer (@Vicky_ACAB) <a href=\"https:\/\/twitter.com\/Vicky_ACAB\/status\/1276209196934062081?ref_src=twsrc%5Etfw\">June 25, 2020<\/a><\/blockquote><script async src=\"https:\/\/platform.twitter.com\/widgets.js\" charset=\"utf-8\"><\/script>\n<\/div><figcaption>Dobbiamo rendere gli accampamenti di protesta ingovernabili<br \/>da quegli attivisti che li trasformerebbero in burocrazie o in dividendi politici.<\/figcaption><\/figure>\n\n\n\n<p>Ed \u00e8 un <em>thread <\/em>interessante, credo, per tutti quelli che fanno campagne sociali (qualunque cosa essa sia): in questo senso un accampamento di protesta \u00e8 un minuscolo microcosmo perfetto per uno studio di caso delle contraddizioni che possono avvenire in un movimento di liberazione (comprese le contraddizioni dell&#8217;amica Vicky, ovviamente) , soprattutto in quel momento esilarante e pericolosissimo in cui il confronto diretto col nemico non c&#8217;\u00e8 pi\u00f9 e bisogna passare dalla parte <em>destruens<\/em> a quella <em>costruens<\/em>, evitando che la ritirata del nemico porti allo scoperto che \u00e8 marcio il legno delle nostre fondamenta (buona parte della riflessione c&#8217;\u00e8 gi\u00e0 nella letteratura della Resistenza, ma siccome probabilmente \u00e8 al l\u00e0 della portata di un buon numero di <em>millennial<\/em> e altri nipoti, forse la <em>CHAZ<\/em> \u00e8 un esempio pi\u00f9 adeguato).<\/p>\n\n\n\n<p>Dunque, il <em>thread <\/em>prosegue:<\/p>\n\n\n\n<figure class=\"wp-block-embed-twitter alignwide wp-block-embed is-type-rich is-provider-twitter\"><div class=\"wp-block-embed__wrapper\">\n<blockquote class=\"twitter-tweet\" data-width=\"550\" data-dnt=\"true\"><p lang=\"en\" dir=\"ltr\">So many activists just want to be managers, if we are to truly learn how to destroy the carceral and anti-black logics of policing, management, and surveillance we should be practicing at these encampments full of potential being drained by would-be bosses<\/p>&mdash; insurrection summer (@Vicky_ACAB) <a href=\"https:\/\/twitter.com\/Vicky_ACAB\/status\/1276211260766466048?ref_src=twsrc%5Etfw\">June 25, 2020<\/a><\/blockquote><script async src=\"https:\/\/platform.twitter.com\/widgets.js\" charset=\"utf-8\"><\/script>\n<\/div><figcaption>Ci sono tanti attivisti che vogliono solo far<em>e <\/em>i <em>manager<\/em>, se vogliamo imparare come distruggere il sistema carceratorio<br \/>e anti-nero di controllo, gestione e sorveglianza dovrebbe far pratica in questi accampamenti <br \/>pieni di pontenziale che viene risucchiato via da aspiranti capetti.<\/figcaption><\/figure>\n\n\n\n<figure class=\"wp-block-embed-twitter alignwide wp-block-embed is-type-rich is-provider-twitter\"><div class=\"wp-block-embed__wrapper\">\n<blockquote class=\"twitter-tweet\" data-width=\"550\" data-dnt=\"true\"><p lang=\"en\" dir=\"ltr\">We are achieving forms of resistance infrastructure that are full of potential power that is being squandered and coopted by &quot;comrades&quot; who believe their organizing &quot;expertise&quot; makes them legimate managers. If this is organization, then the revolution must not be organized<\/p>&mdash; insurrection summer (@Vicky_ACAB) <a href=\"https:\/\/twitter.com\/Vicky_ACAB\/status\/1276212087346339843?ref_src=twsrc%5Etfw\">June 25, 2020<\/a><\/blockquote><script async src=\"https:\/\/platform.twitter.com\/widgets.js\" charset=\"utf-8\"><\/script>\n<\/div><figcaption>Stiamo costruendo forme di infrastruttura di resistenza  che sono piene di potere potenziale che viene sprecato e cooptato da <em>compagni<\/em> che credono che la loro <em>esperienza<\/em> organizzativa li renda legittimamente dei dirigenti. Se questa \u00e8 organizzazione, allora la rivoluzione non dev&#8217;essere organizzata.<\/figcaption><\/figure>\n\n\n\n<figure class=\"wp-block-embed-twitter wp-block-embed is-type-rich is-provider-twitter\"><div class=\"wp-block-embed__wrapper\">\n<blockquote class=\"twitter-tweet\" data-width=\"550\" data-dnt=\"true\"><p lang=\"en\" dir=\"ltr\">The only leaders should be the practical ones: those setting up and managing physical stations and programs within the encampments.<\/p>&mdash; Discordivism (@discordivism) <a href=\"https:\/\/twitter.com\/discordivism\/status\/1276213360703541248?ref_src=twsrc%5Etfw\">June 25, 2020<\/a><\/blockquote><script async src=\"https:\/\/platform.twitter.com\/widgets.js\" charset=\"utf-8\"><\/script>\n<\/div><figcaption>Gli unici <em>leader <\/em>dovrebbero essere quelli concreti: quelli che mettono su e gestiscono <br \/>posizioni fisiche e programmi nell&#8217;accampamento.<\/figcaption><\/figure>\n\n\n\n<figure class=\"wp-block-embed-twitter wp-block-embed is-type-rich is-provider-twitter\"><div class=\"wp-block-embed__wrapper\">\n<blockquote class=\"twitter-tweet\" data-width=\"550\" data-dnt=\"true\"><p lang=\"en\" dir=\"ltr\">Things and people don&#39;t need to be counted, logged, accounted for or marked in spreadsheets or documentation. Decisions do not require meetings, we don&#39;t need specialized &quot;security&quot;, or indeed any protest role with official capacity<\/p>&mdash; insurrection summer (@Vicky_ACAB) <a href=\"https:\/\/twitter.com\/Vicky_ACAB\/status\/1276212995090251776?ref_src=twsrc%5Etfw\">June 25, 2020<\/a><\/blockquote><script async src=\"https:\/\/platform.twitter.com\/widgets.js\" charset=\"utf-8\"><\/script>\n<\/div><figcaption>Oggetti e persone non dovrebbero essere contate, catalogate, tracciate e inserite in fogli di calcolo o registri. <br \/>Le decisioni non richiedono riunioni, non abbiamo bisogno di <em>sicurezza<\/em> specializzata,<br \/>e in realt\u00e0 di qualunque ruolo di protesta con un incarico ufficiale.<\/figcaption><\/figure>\n\n\n\n<p>Eco, questo punto dei fogli di calcolo in realt\u00e0 \u00e8 quello che ha suscitato il maggior dibattito:<\/p>\n\n\n\n<figure class=\"wp-block-embed-twitter wp-block-embed is-type-rich is-provider-twitter\"><div class=\"wp-block-embed__wrapper\">\n<blockquote class=\"twitter-tweet\" data-width=\"550\" data-dnt=\"true\"><p lang=\"en\" dir=\"ltr\">Disagree. We don&#39;t want to form an army, which is a bureaucratic proto-state, we want to form an insurrectionary mob. From the seemingly innocent and useful necessity of tracking supplies grows the entire bureaucratic apparatus<\/p>&mdash; insurrection summer (@Vicky_ACAB) <a href=\"https:\/\/twitter.com\/Vicky_ACAB\/status\/1276218683178782720?ref_src=twsrc%5Etfw\">June 25, 2020<\/a><\/blockquote><script async src=\"https:\/\/platform.twitter.com\/widgets.js\" charset=\"utf-8\"><\/script>\n<\/div><figcaption>Kelsey: Registrare le persone probabilmente non \u00e8 necessario, ma la gestione delle risorse \u00e8 cruciale per qualunque movimento di successo. Non si pu\u00f2 vincere una guerra se non si conoscono le risorse di cui si ha bisogno o si dispone. Le persone dovrebbero avere autonomia sul modo con cui usano le risorse, ma il tenere traccia di quelle risorse non \u00e8 cattivo in s\u00e9.<br \/>Vicky: Non sono d&#8217;accordo. Non vogliamo formare un esercito, che \u00e8 una burocrazia proto-stato,vogliamo formare una massa insurrezionale. Dalla apparente innocenza e utile necessit\u00e0 del tener traccia delle risorse sorge l&#8217;intero apparato burocratico.<\/figcaption><\/figure>\n\n\n\n<p>A <em>massa insurrezionale<\/em> ho avuto un brivido, confesso. Per\u00f2 il punto del dibattito \u00e8 centrale e lo si vede ripetersi frequentemente, in un modo o nell&#8217;altro, nei movimenti. Kelsey e Vicky ne hanno discusso per una dozzina di risposte, con incursioni, per esempio, nei meccanismi repressivi in uso nelle biblioteche che impediscono di considerarle esempi politicamente accettabili di gestione condivisa ma <em>gestita<\/em> delle risorse. Se volete, seguite le varie risposte a partire da questo messaggio: Vicky d\u00e0 il meglio della sua visione (non scherzo: \u00e8 roba da fucilazione sotto le mura di Barcellona, ma l&#8217;argomentare \u00e8 chiarissimo).<\/p>\n\n\n\n<figure class=\"wp-block-embed-twitter wp-block-embed is-type-rich is-provider-twitter\"><div class=\"wp-block-embed__wrapper\">\n<blockquote class=\"twitter-tweet\" data-width=\"550\" data-dnt=\"true\"><p lang=\"en\" dir=\"ltr\">The camp provides an opportunity to not keep &quot;organizing&quot; (formal meetings, giving out roles and tasks, tracking logging) as an alienated and separate activity, and this threatens &quot;organizers&quot;, for whom that is an identity and the thing that makes them special, separate and good<\/p>&mdash; insurrection summer (@Vicky_ACAB) <a href=\"https:\/\/twitter.com\/Vicky_ACAB\/status\/1276213766665928708?ref_src=twsrc%5Etfw\">June 25, 2020<\/a><\/blockquote><script async src=\"https:\/\/platform.twitter.com\/widgets.js\" charset=\"utf-8\"><\/script>\n<\/div><figcaption>Il campo fornisce un&#8217;opportunit\u00e0 di non gestire l&#8217;<em>organizzarsi<\/em> (riunioni formali, assegnare ruoli e compiti, <br \/>tracciare registrazioni) come un&#8217;attivit\u00e0 alienata e separata, e questo minaccia gli <em>organizzatori<\/em>, <br \/>per i quali si tratta dell&#8217;identit\u00e0 e della cosa che li rende speciali, separati e buoni<\/figcaption><\/figure>\n\n\n\n<p>Devo dire che anche a <em>alienata<\/em> ho avuto un brivido.<\/p>\n\n\n\n<figure class=\"wp-block-embed-twitter wp-block-embed is-type-rich is-provider-twitter\"><div class=\"wp-block-embed__wrapper\">\n<blockquote class=\"twitter-tweet\" data-width=\"550\" data-dnt=\"true\"><p lang=\"en\" dir=\"ltr\">So they attempt to establish the same structures that &quot;work&quot; in their orgs (e.g.: keeps them feeling satsified and involved during lull in movement) at camp. We must destroy this tendency within ourselves as well. If revolutionaries are good for anything, it is this<\/p>&mdash; insurrection summer (@Vicky_ACAB) <a href=\"https:\/\/twitter.com\/Vicky_ACAB\/status\/1276214822598774785?ref_src=twsrc%5Etfw\">June 25, 2020<\/a><\/blockquote><script async src=\"https:\/\/platform.twitter.com\/widgets.js\" charset=\"utf-8\"><\/script>\n<\/div><figcaption>E quindi tentano di impostare le stesse strutture che <em>funzionano<\/em> nelle loro organizzazioni (cio\u00e8 che il fanno sentire soddisfatti e interessati durante le pause di azione del movimento) nel campo. Dobbiamo distruggere questa tendenza anche all&#8217;interno di noi stessi. Se i rivoluzionari servo a qualcosa, \u00e8 a questo.<\/figcaption><\/figure>\n\n\n\n<figure class=\"wp-block-embed-twitter wp-block-embed is-type-rich is-provider-twitter\"><div class=\"wp-block-embed__wrapper\">\n<blockquote class=\"twitter-tweet\" data-width=\"550\" data-dnt=\"true\"><p lang=\"en\" dir=\"ltr\">We don&#39;t have time to let them learn from their mistakes, to burn themselves out. In my experience this just drives them to lean further into their reactionary tedencies. We can begin bravely and directly confronting them, with love but also rage<\/p>&mdash; insurrection summer (@Vicky_ACAB) <a href=\"https:\/\/twitter.com\/Vicky_ACAB\/status\/1276215461483601922?ref_src=twsrc%5Etfw\">June 25, 2020<\/a><\/blockquote><script async src=\"https:\/\/platform.twitter.com\/widgets.js\" charset=\"utf-8\"><\/script>\n<\/div><figcaption>Non abbiamo il tempo di lasciare che imparino dai loro errori, che si esauriscano da soli. Nella mia esperienza questo non fa che spingerli ulteriormente nelle loro tendenze reazionarie. Possiamo iniziare coraggiosamente <br \/>e direttamente ad affrontarli, con amore ma anche con rabbia.<\/figcaption><\/figure>\n\n\n\n<figure class=\"wp-block-embed-twitter wp-block-embed is-type-rich is-provider-twitter\"><div class=\"wp-block-embed__wrapper\">\n<blockquote class=\"twitter-tweet\" data-width=\"550\" data-dnt=\"true\"><p lang=\"en\" dir=\"ltr\">Many of them are genuine and reproduce this world by accident. They can be won over. Some of them are true enemies of revolutionary possibility. We can only discover who is who by producing situations that force them to act. We may not win but we can show everyone who they are<\/p>&mdash; insurrection summer (@Vicky_ACAB) <a href=\"https:\/\/twitter.com\/Vicky_ACAB\/status\/1276216292048023552?ref_src=twsrc%5Etfw\">June 25, 2020<\/a><\/blockquote><script async src=\"https:\/\/platform.twitter.com\/widgets.js\" charset=\"utf-8\"><\/script>\n<\/div><figcaption>Molti di loro sono sinceri e riproducono questo mondo per caso. Essi possono essere conquistati. Altri sono veri emici della possibilit\u00e0 rivoluzionaria. Possiamo solo coprire chi \u00e8 chi costruendo situazioni che li forzano ad agire. Pu\u00f2 essere che on vinciamo, ma possiamo mostrare a tutti chi sono. <\/figcaption><\/figure>\n\n\n\n<p>E, devo dire, a questi punto si \u00e8 tornati a parlare di fogli di calcolo. E di assedi, in un altro curioso (e interessante) passaggio.<\/p>\n\n\n\n<figure class=\"wp-block-embed-twitter wp-block-embed is-type-rich is-provider-twitter\"><div class=\"wp-block-embed__wrapper\">\n<blockquote class=\"twitter-tweet\" data-width=\"550\" data-dnt=\"true\"><p lang=\"en\" dir=\"ltr\">Of course, first you have to actually arrive at the point where the potential for siege goes in the other direction, and until then, siege will be one of the main tactics for crushing a movement with revolutionary potential.<\/p>&mdash; \u00c9RH\/UASC (@GwylAnarchaidd) <a href=\"https:\/\/twitter.com\/GwylAnarchaidd\/status\/1276246074353750017?ref_src=twsrc%5Etfw\">June 25, 2020<\/a><\/blockquote><script async src=\"https:\/\/platform.twitter.com\/widgets.js\" charset=\"utf-8\"><\/script>\n<\/div><figcaption>BCS: Le rivoluzioni popolari funzionano perch\u00e9 ci sono parecchie pi\u00f9 persone di quanti siano gli oppressori; pi\u00f9 persone hai, pi\u00f9 hai il vantaggio dell&#8217;accesso agli oggetti necessari. Se qualcuno ha bisogno di uno stretto controllo delle risorse in quello scenario, sono gli oppressori a essere sotto assedio.<br \/>\u00c9\/U: Ovviamente, hai prima bisogno di arrivare al punto dvve il potenziale per l&#8217;assedio va nella direzione opposta, e fino a quel momento, l&#8217;assedio sar\u00e0 una delle tattiche principali per schiacciare un movimento con un potenziale rivoluzionario.<\/figcaption><\/figure>\n\n\n\n<figure class=\"wp-block-embed-twitter wp-block-embed is-type-rich is-provider-twitter\"><div class=\"wp-block-embed__wrapper\">\n<blockquote class=\"twitter-tweet\" data-width=\"550\" data-dnt=\"true\"><p lang=\"en\" dir=\"ltr\">Resource management is all the more relevant in those situations, because one has to use the opportunities one has to resupply, and it&#39;s important to know what one&#39;s running out of.<\/p>&mdash; \u00c9RH\/UASC (@GwylAnarchaidd) <a href=\"https:\/\/twitter.com\/GwylAnarchaidd\/status\/1276247826532651008?ref_src=twsrc%5Etfw\">June 25, 2020<\/a><\/blockquote><script async src=\"https:\/\/platform.twitter.com\/widgets.js\" charset=\"utf-8\"><\/script>\n<\/div><figcaption>BCS: Francamente, finch\u00e9 quel punto non arriva, la capacit\u00e0 dello stato di mettere in capo una forza superiore contro piccoli gruppi rende le questioni di gestione delle risorse irrilevante. Non importa che ogni bottiglia d&#8217;acqua <br \/>sia conteggiata se un carro armato ci passa attraverso.<br \/>\u00c9\/U: La gestione delle risorse \u00e8 molto pi\u00f9 importante in quelle situazioni, perch\u00e9 si devono cogliere le opportunit\u00e0 di rifornirsi, ed \u00e8 importante sapere che cosa si sta esaurendo.<\/figcaption><\/figure>\n\n\n\n<p>Ora, trovo interessante che queste discussioni di ortodossia anarchica (perch\u00e9 di questo si tratta, sostanzialmente) assuma tendenzialmente toni mazziniani e combattentistici: esercito, assedio, tattiche, ricostituire le scorte, cosi che uno pensa che ragionino sulle scorte coperte, bastoni, magari bottiglie <em>molotov<\/em> e invece pensano a cartoleria e bottiglie d&#8217;acqua (che, ti chiedi, come avranno fatto a Valle Giulia senza le bottiglie di plastica dell&#8217;acqua?). Del resto, dopo questo lungo <em>thread <\/em>l&#8217;amica Vicky ha annunciato che nell&#8217;accampamento di Filadelfia la notte avrebbero fatto cinema. Per caso, ha continuato, qualcuno pu\u00f2 donare <em>popcorn<\/em> alla causa<em>?<\/em><\/p>\n\n\n\n<p>Mi chiedo se i <em>popcorn<\/em> saranno stati inseriti in un foglio di calcolo.<\/p>\n","protected":false},"excerpt":{"rendered":"<p>Non so se seguendo le proteste americane per la brutalit\u00e0 della polizia e il razzismo vi \u00e8 capitato di sentir<\/p>\n","protected":false},"author":1,"featured_media":18140,"comment_status":"open","ping_status":"open","sticky":false,"template":"","format":"standard","meta":{"_mi_skip_tracking":false,"_monsterinsights_sitenote_active":false,"_monsterinsights_sitenote_note":"","_monsterinsights_sitenote_category":0,"jetpack_post_was_ever_published":false,"_jetpack_newsletter_access":"","jetpack_publicize_message":"","jetpack_is_tweetstorm":false,"jetpack_publicize_feature_enabled":true,"jetpack_social_post_already_shared":true,"jetpack_social_options":{"image_generator_settings":{"template":"highway","enabled":false}}},"categories":[52,57,17,59,16],"tags":[],"jetpack_publicize_connections":[],"jetpack_featured_media_url":"https:\/\/i0.wp.com\/www.robertosedda.it\/wp-content\/uploads\/2020\/06\/800px-Seattle_East_Precinct_Sign_under_Capitol_Hill_Autonomous_Zone.jpg?fit=800%2C533&ssl=1","jetpack_sharing_enabled":true,"jetpack_shortlink":"https:\/\/wp.me\/p4jV2T-4Iz","jetpack_likes_enabled":true,"jetpack-related-posts":[{"id":12624,"url":"https:\/\/www.robertosedda.it\/?p=12624","url_meta":{"origin":18139,"position":0},"title":"A me non sembra sano","author":"Rufus","date":"04\/10\/2016","format":false,"excerpt":"C'\u00e8 una cosa che penso da qualche settima, forse pochi mesi, e che esito a dire per paura dell'impressione che posso dare. Spero solo che la mia lunga militanza passata e il mio\u00a0curriculum politico mi mettano al sicuro. La cosa \u00e8 questa: io lavoro in via Nicolodi, in alto, davanti\u2026","rel":"","context":"In &quot;Coordinate&quot;","block_context":{"text":"Coordinate","link":"https:\/\/www.robertosedda.it\/?cat=52"},"img":{"alt_text":"","src":"https:\/\/i0.wp.com\/www.robertosedda.it\/wp-content\/uploads\/2016\/10\/Buoncammino-Sardegna-Oggi.jpg?fit=650%2C313&ssl=1&resize=350%2C200","width":350,"height":200},"classes":[]},{"id":16770,"url":"https:\/\/www.robertosedda.it\/?p=16770","url_meta":{"origin":18139,"position":1},"title":"Topi a Los Angeles","author":"Rufus","date":"04\/06\/2019","format":false,"excerpt":"Io e il mio socio e compagno Fabbricastorie Andrea Salidu intratteniamo da tempo l'idea che Los Angeles \u00e8 un po' la cartina di tornasole del futuro (si, l'idea ci viene dalla lettura del libro qui a fianco). \u00c8 per questo motivo che ho trovato molto interessante un articolo pubblicato lo\u2026","rel":"","context":"In &quot;Coordinate&quot;","block_context":{"text":"Coordinate","link":"https:\/\/www.robertosedda.it\/?cat=52"},"img":{"alt_text":"","src":"https:\/\/i0.wp.com\/www.robertosedda.it\/wp-content\/uploads\/2019\/06\/LA-trash-3.jpg?fit=800%2C533&ssl=1&resize=350%2C200","width":350,"height":200,"srcset":"https:\/\/i0.wp.com\/www.robertosedda.it\/wp-content\/uploads\/2019\/06\/LA-trash-3.jpg?fit=800%2C533&ssl=1&resize=350%2C200 1x, https:\/\/i0.wp.com\/www.robertosedda.it\/wp-content\/uploads\/2019\/06\/LA-trash-3.jpg?fit=800%2C533&ssl=1&resize=700%2C400 2x"},"classes":[]},{"id":13382,"url":"https:\/\/www.robertosedda.it\/?p=13382","url_meta":{"origin":18139,"position":2},"title":"Ragazze che muoiono bruciate sotto chiave l&#8217;otto marzo. Nel 2017","author":"Rufus","date":"10\/03\/2017","format":false,"excerpt":"Mi ha molto colpito, stamattina, leggere su\u00a0Il sismografo\u00a0la notizia che in un ostello in Guatemala lo scorso otto marzo sono morte trentacinque ragazzine minorenni in un incendio. Tutti sapete che probabilmente il famoso incendio in una fabbrica americana da cui avrebbe preso origine la festa della donna \u00e8 probabilmente un'invenzione\u2026","rel":"","context":"In &quot;Coordinate&quot;","block_context":{"text":"Coordinate","link":"https:\/\/www.robertosedda.it\/?cat=52"},"img":{"alt_text":"","src":"https:\/\/i0.wp.com\/www.robertosedda.it\/wp-content\/uploads\/2017\/03\/Incendio-Guatemala-pubblicata-pompieri.jpg?fit=750%2C422&ssl=1&resize=350%2C200","width":350,"height":200,"srcset":"https:\/\/i0.wp.com\/www.robertosedda.it\/wp-content\/uploads\/2017\/03\/Incendio-Guatemala-pubblicata-pompieri.jpg?fit=750%2C422&ssl=1&resize=350%2C200 1x, https:\/\/i0.wp.com\/www.robertosedda.it\/wp-content\/uploads\/2017\/03\/Incendio-Guatemala-pubblicata-pompieri.jpg?fit=750%2C422&ssl=1&resize=700%2C400 2x"},"classes":[]},{"id":17212,"url":"https:\/\/www.robertosedda.it\/?p=17212","url_meta":{"origin":18139,"position":3},"title":"Il prossimo bagno di sangue","author":"Rufus","date":"11\/09\/2019","format":false,"excerpt":"Mi rendo conto che non ho nessun titolo in scienze delle relazioni internazionali per intervenire sull'argomento, ma sono abbastanza colpito dai continui reportage che leggo sugli scontri ad Hong Kong e ci penso con una certa frequenza. L'altro giorno riflettevo sull'articolo che ho segnalato la settimana scorsa, la cui tesi,\u2026","rel":"","context":"In &quot;Coordinate&quot;","block_context":{"text":"Coordinate","link":"https:\/\/www.robertosedda.it\/?cat=52"},"img":{"alt_text":"","src":"https:\/\/i0.wp.com\/www.robertosedda.it\/wp-content\/uploads\/2019\/09\/Hong-Kong-3.jpg?fit=660%2C440&ssl=1&resize=350%2C200","width":350,"height":200},"classes":[]},{"id":18211,"url":"https:\/\/www.robertosedda.it\/?p=18211","url_meta":{"origin":18139,"position":4},"title":"Guerra Civile Z &#8211; la serie","author":"Rufus","date":"18\/07\/2020","format":false,"excerpt":"L'altro giorno, sotto la doccia, pensavo all'ultimo libro che sto leggendo. Non so se ve l'ho mai raccontato, ma sotto la doccia penso un sacco. Comunque, l'ultimo libro in questione \u00e8 A world on fire, di Amanda Foreman, la storia della Guerra di Secessione attraverso l'angolo visuale dei rapporti con\u2026","rel":"","context":"In &quot;Coordinate&quot;","block_context":{"text":"Coordinate","link":"https:\/\/www.robertosedda.it\/?cat=52"},"img":{"alt_text":"","src":"https:\/\/i0.wp.com\/www.robertosedda.it\/wp-content\/uploads\/2020\/07\/Boogaloo-Men.jpg?fit=1200%2C675&ssl=1&resize=350%2C200","width":350,"height":200,"srcset":"https:\/\/i0.wp.com\/www.robertosedda.it\/wp-content\/uploads\/2020\/07\/Boogaloo-Men.jpg?fit=1200%2C675&ssl=1&resize=350%2C200 1x, https:\/\/i0.wp.com\/www.robertosedda.it\/wp-content\/uploads\/2020\/07\/Boogaloo-Men.jpg?fit=1200%2C675&ssl=1&resize=700%2C400 2x, https:\/\/i0.wp.com\/www.robertosedda.it\/wp-content\/uploads\/2020\/07\/Boogaloo-Men.jpg?fit=1200%2C675&ssl=1&resize=1050%2C600 3x"},"classes":[]},{"id":800,"url":"https:\/\/www.robertosedda.it\/?p=800","url_meta":{"origin":18139,"position":5},"title":"Il Grande Lebowski","author":"Rufus","date":"31\/08\/2012","format":false,"excerpt":"A Cagliari i film arrivano con settimane di ritardo rispetto a voi, cos\u00ec di solito mi astengo da scrivere perch\u00e9 mi sembra che le cose da dire siano gi\u00e0 tutte dette. Faccio un'eccezione per questo film perch\u00e9 mi\u00a0\u00e8 piaciuto molto e ne voglio parlare comunque. Pi\u00f9 esattamente, mentre lo vedevo\u2026","rel":"","context":"In &quot;Coordinate&quot;","block_context":{"text":"Coordinate","link":"https:\/\/www.robertosedda.it\/?cat=52"},"img":{"alt_text":"","src":"","width":0,"height":0},"classes":[]}],"_links":{"self":[{"href":"https:\/\/www.robertosedda.it\/index.php?rest_route=\/wp\/v2\/posts\/18139"}],"collection":[{"href":"https:\/\/www.robertosedda.it\/index.php?rest_route=\/wp\/v2\/posts"}],"about":[{"href":"https:\/\/www.robertosedda.it\/index.php?rest_route=\/wp\/v2\/types\/post"}],"author":[{"embeddable":true,"href":"https:\/\/www.robertosedda.it\/index.php?rest_route=\/wp\/v2\/users\/1"}],"replies":[{"embeddable":true,"href":"https:\/\/www.robertosedda.it\/index.php?rest_route=%2Fwp%2Fv2%2Fcomments&post=18139"}],"version-history":[{"count":4,"href":"https:\/\/www.robertosedda.it\/index.php?rest_route=\/wp\/v2\/posts\/18139\/revisions"}],"predecessor-version":[{"id":18144,"href":"https:\/\/www.robertosedda.it\/index.php?rest_route=\/wp\/v2\/posts\/18139\/revisions\/18144"}],"wp:featuredmedia":[{"embeddable":true,"href":"https:\/\/www.robertosedda.it\/index.php?rest_route=\/wp\/v2\/media\/18140"}],"wp:attachment":[{"href":"https:\/\/www.robertosedda.it\/index.php?rest_route=%2Fwp%2Fv2%2Fmedia&parent=18139"}],"wp:term":[{"taxonomy":"category","embeddable":true,"href":"https:\/\/www.robertosedda.it\/index.php?rest_route=%2Fwp%2Fv2%2Fcategories&post=18139"},{"taxonomy":"post_tag","embeddable":true,"href":"https:\/\/www.robertosedda.it\/index.php?rest_route=%2Fwp%2Fv2%2Ftags&post=18139"}],"curies":[{"name":"wp","href":"https:\/\/api.w.org\/{rel}","templated":true}]}}