{"id":18103,"date":"2020-05-05T17:56:43","date_gmt":"2020-05-05T15:56:43","guid":{"rendered":"http:\/\/www.robertosedda.it\/?p=18103"},"modified":"2020-06-28T12:50:52","modified_gmt":"2020-06-28T10:50:52","slug":"libri-a-spanne","status":"publish","type":"post","link":"https:\/\/www.robertosedda.it\/?p=18103","title":{"rendered":"Libri a spanne"},"content":{"rendered":"\n<figure class=\"wp-block-image alignwide size-full\"><img data-attachment-id=\"18104\" data-permalink=\"https:\/\/www.robertosedda.it\/?attachment_id=18104\" data-orig-file=\"https:\/\/i0.wp.com\/www.robertosedda.it\/wp-content\/uploads\/2020\/05\/WIN_20200505_14_45_07_Pro.jpg?fit=1280%2C720&amp;ssl=1\" data-orig-size=\"1280,720\" data-comments-opened=\"1\" data-image-meta=\"{&quot;aperture&quot;:&quot;0&quot;,&quot;credit&quot;:&quot;&quot;,&quot;camera&quot;:&quot;&quot;,&quot;caption&quot;:&quot;&quot;,&quot;created_timestamp&quot;:&quot;0&quot;,&quot;copyright&quot;:&quot;&quot;,&quot;focal_length&quot;:&quot;0&quot;,&quot;iso&quot;:&quot;0&quot;,&quot;shutter_speed&quot;:&quot;0&quot;,&quot;title&quot;:&quot;&quot;,&quot;orientation&quot;:&quot;0&quot;}\" data-image-title=\"WIN_20200505_14_45_07_Pro\" data-image-description=\"\" data-image-caption=\"\" data-medium-file=\"https:\/\/i0.wp.com\/www.robertosedda.it\/wp-content\/uploads\/2020\/05\/WIN_20200505_14_45_07_Pro.jpg?fit=300%2C169&amp;ssl=1\" data-large-file=\"https:\/\/i0.wp.com\/www.robertosedda.it\/wp-content\/uploads\/2020\/05\/WIN_20200505_14_45_07_Pro.jpg?fit=510%2C287&amp;ssl=1\" decoding=\"async\" loading=\"lazy\" width=\"800\" height=\"450\" src=\"https:\/\/i0.wp.com\/www.robertosedda.it\/wp-content\/uploads\/2020\/05\/WIN_20200505_14_45_07_Pro.jpg?resize=800%2C450\" alt=\"\" class=\"wp-image-18104\" srcset=\"https:\/\/i0.wp.com\/www.robertosedda.it\/wp-content\/uploads\/2020\/05\/WIN_20200505_14_45_07_Pro.jpg?w=1280&amp;ssl=1 1280w, https:\/\/i0.wp.com\/www.robertosedda.it\/wp-content\/uploads\/2020\/05\/WIN_20200505_14_45_07_Pro.jpg?resize=300%2C169&amp;ssl=1 300w, https:\/\/i0.wp.com\/www.robertosedda.it\/wp-content\/uploads\/2020\/05\/WIN_20200505_14_45_07_Pro.jpg?resize=510%2C287&amp;ssl=1 510w, https:\/\/i0.wp.com\/www.robertosedda.it\/wp-content\/uploads\/2020\/05\/WIN_20200505_14_45_07_Pro.jpg?resize=150%2C84&amp;ssl=1 150w\" sizes=\"(max-width: 800px) 100vw, 800px\" data-recalc-dims=\"1\" \/><figcaption>Lato <em>fantasy<\/em>, fantascienza, gialli&#8230; e altre cose<\/figcaption><\/figure>\n\n\n\n<p>In questo periodo, fra lezioni di scrittura per <em>videogame<\/em>, riunione su <em>Zoom<\/em> e videoconferenze varie, molte persone, anche che mi conoscono bene, scoprono per la prima volta che in casa mia c&#8217;\u00e8 una stanza dove le pareti sono quasi tutte coperte da librerie.<\/p>\n\n\n\n<p>Sono le vecchie svedesi che avevano i miei genitori e Fernanda e che abbiamo riciclato; quelle di Enrica, invece, hanno ancora tutto il loro carico da portare. Lo dico per fugare il dubbio che siano finte, un astuto metodo per fare la figura del grande intellettuale a buon mercato, cosa che comunque pare sia abbastanza diffusa da giustificare la presenza di prodotti appositi sul mercato.<\/p>\n\n\n\n<figure class=\"wp-block-image alignwide size-full\"><img data-attachment-id=\"18105\" data-permalink=\"https:\/\/www.robertosedda.it\/?attachment_id=18105\" data-orig-file=\"https:\/\/i0.wp.com\/www.robertosedda.it\/wp-content\/uploads\/2020\/05\/Amazon-sfondo-libreria.png?fit=1034%2C513&amp;ssl=1\" data-orig-size=\"1034,513\" data-comments-opened=\"1\" data-image-meta=\"{&quot;aperture&quot;:&quot;0&quot;,&quot;credit&quot;:&quot;&quot;,&quot;camera&quot;:&quot;&quot;,&quot;caption&quot;:&quot;&quot;,&quot;created_timestamp&quot;:&quot;0&quot;,&quot;copyright&quot;:&quot;&quot;,&quot;focal_length&quot;:&quot;0&quot;,&quot;iso&quot;:&quot;0&quot;,&quot;shutter_speed&quot;:&quot;0&quot;,&quot;title&quot;:&quot;&quot;,&quot;orientation&quot;:&quot;0&quot;}\" data-image-title=\"Amazon-sfondo-libreria\" data-image-description=\"\" data-image-caption=\"\" data-medium-file=\"https:\/\/i0.wp.com\/www.robertosedda.it\/wp-content\/uploads\/2020\/05\/Amazon-sfondo-libreria.png?fit=300%2C149&amp;ssl=1\" data-large-file=\"https:\/\/i0.wp.com\/www.robertosedda.it\/wp-content\/uploads\/2020\/05\/Amazon-sfondo-libreria.png?fit=510%2C253&amp;ssl=1\" decoding=\"async\" loading=\"lazy\" width=\"800\" height=\"397\" src=\"https:\/\/i0.wp.com\/www.robertosedda.it\/wp-content\/uploads\/2020\/05\/Amazon-sfondo-libreria.png?resize=800%2C397\" alt=\"\" class=\"wp-image-18105\" srcset=\"https:\/\/i0.wp.com\/www.robertosedda.it\/wp-content\/uploads\/2020\/05\/Amazon-sfondo-libreria.png?w=1034&amp;ssl=1 1034w, https:\/\/i0.wp.com\/www.robertosedda.it\/wp-content\/uploads\/2020\/05\/Amazon-sfondo-libreria.png?resize=300%2C149&amp;ssl=1 300w, https:\/\/i0.wp.com\/www.robertosedda.it\/wp-content\/uploads\/2020\/05\/Amazon-sfondo-libreria.png?resize=510%2C253&amp;ssl=1 510w, https:\/\/i0.wp.com\/www.robertosedda.it\/wp-content\/uploads\/2020\/05\/Amazon-sfondo-libreria.png?resize=150%2C74&amp;ssl=1 150w\" sizes=\"(max-width: 800px) 100vw, 800px\" data-recalc-dims=\"1\" \/><figcaption>Prezzo molto vantaggioso, oltretutto<\/figcaption><\/figure>\n\n\n\n<p>In realt\u00e0 non \u00e8 di questo che voglio parlare, anche se mi prendo ancora un attimo sull&#8217;argomento per dire che comunque sto seguendo un corso di Neil Gaiman su <em>Masterclass<\/em> e al suo confronto tutti noi non siamo altro che dei miseri dilettanti (c&#8217;\u00e8 da dire che probabilmente met\u00e0 dei libri che ha se li \u00e8 scritti da solo, peraltro).<\/p>\n\n\n\n<figure class=\"wp-block-image alignwide size-full\"><img data-attachment-id=\"18106\" data-permalink=\"https:\/\/www.robertosedda.it\/?attachment_id=18106\" data-orig-file=\"https:\/\/i0.wp.com\/www.robertosedda.it\/wp-content\/uploads\/2020\/05\/Neil-Gaiman-libreria-2.jpg?fit=640%2C360&amp;ssl=1\" data-orig-size=\"640,360\" data-comments-opened=\"1\" data-image-meta=\"{&quot;aperture&quot;:&quot;0&quot;,&quot;credit&quot;:&quot;&quot;,&quot;camera&quot;:&quot;&quot;,&quot;caption&quot;:&quot;&quot;,&quot;created_timestamp&quot;:&quot;0&quot;,&quot;copyright&quot;:&quot;&quot;,&quot;focal_length&quot;:&quot;0&quot;,&quot;iso&quot;:&quot;0&quot;,&quot;shutter_speed&quot;:&quot;0&quot;,&quot;title&quot;:&quot;&quot;,&quot;orientation&quot;:&quot;0&quot;}\" data-image-title=\"Neil-Gaiman-libreria-2\" data-image-description=\"\" data-image-caption=\"\" data-medium-file=\"https:\/\/i0.wp.com\/www.robertosedda.it\/wp-content\/uploads\/2020\/05\/Neil-Gaiman-libreria-2.jpg?fit=300%2C169&amp;ssl=1\" data-large-file=\"https:\/\/i0.wp.com\/www.robertosedda.it\/wp-content\/uploads\/2020\/05\/Neil-Gaiman-libreria-2.jpg?fit=510%2C287&amp;ssl=1\" decoding=\"async\" loading=\"lazy\" width=\"640\" height=\"360\" src=\"https:\/\/i0.wp.com\/www.robertosedda.it\/wp-content\/uploads\/2020\/05\/Neil-Gaiman-libreria-2.jpg?resize=640%2C360\" alt=\"\" class=\"wp-image-18106\" srcset=\"https:\/\/i0.wp.com\/www.robertosedda.it\/wp-content\/uploads\/2020\/05\/Neil-Gaiman-libreria-2.jpg?w=640&amp;ssl=1 640w, https:\/\/i0.wp.com\/www.robertosedda.it\/wp-content\/uploads\/2020\/05\/Neil-Gaiman-libreria-2.jpg?resize=300%2C169&amp;ssl=1 300w, https:\/\/i0.wp.com\/www.robertosedda.it\/wp-content\/uploads\/2020\/05\/Neil-Gaiman-libreria-2.jpg?resize=510%2C287&amp;ssl=1 510w, https:\/\/i0.wp.com\/www.robertosedda.it\/wp-content\/uploads\/2020\/05\/Neil-Gaiman-libreria-2.jpg?resize=150%2C84&amp;ssl=1 150w\" sizes=\"(max-width: 640px) 100vw, 640px\" data-recalc-dims=\"1\" \/><figcaption>Si pu\u00f2 fare il gioco di riconoscere i vari libri di Gaiman, casualmente esattamente nell&#8217;inquadratura<\/figcaption><\/figure>\n\n\n\n<p>Comunque, il fatto \u00e8 che, di questi tempi, anche <em>io<\/em> guardo la mia libreria con interesse. Capita che sei l\u00ec in riunioni o corsi di formazione lunghissimi e il tuo sguardo vaga per la stanza, e nella stanza c&#8217;\u00e8 la libreria. Tutte le sere con Bonaria ci mettiamo sulla poltrona a guardare una serie e ci sono libri tutt&#8217;attorno a te. Lo guardo si sofferma perfino, che Dio mi perdoni, durante la Messa domenicale.<\/p>\n\n\n\n<figure class=\"wp-block-image alignwide size-full\"><img data-attachment-id=\"18108\" data-permalink=\"https:\/\/www.robertosedda.it\/?attachment_id=18108\" data-orig-file=\"https:\/\/i0.wp.com\/www.robertosedda.it\/wp-content\/uploads\/2020\/05\/Libreria-scaled.jpg?fit=2560%2C1920&amp;ssl=1\" data-orig-size=\"2560,1920\" data-comments-opened=\"1\" data-image-meta=\"{&quot;aperture&quot;:&quot;2.2&quot;,&quot;credit&quot;:&quot;&quot;,&quot;camera&quot;:&quot;STF-L09&quot;,&quot;caption&quot;:&quot;&quot;,&quot;created_timestamp&quot;:&quot;1588693347&quot;,&quot;copyright&quot;:&quot;&quot;,&quot;focal_length&quot;:&quot;3.95&quot;,&quot;iso&quot;:&quot;200&quot;,&quot;shutter_speed&quot;:&quot;0.03&quot;,&quot;title&quot;:&quot;&quot;,&quot;orientation&quot;:&quot;1&quot;}\" data-image-title=\"Libreria\" data-image-description=\"\" data-image-caption=\"\" data-medium-file=\"https:\/\/i0.wp.com\/www.robertosedda.it\/wp-content\/uploads\/2020\/05\/Libreria-scaled.jpg?fit=300%2C225&amp;ssl=1\" data-large-file=\"https:\/\/i0.wp.com\/www.robertosedda.it\/wp-content\/uploads\/2020\/05\/Libreria-scaled.jpg?fit=510%2C383&amp;ssl=1\" decoding=\"async\" loading=\"lazy\" width=\"800\" height=\"600\" src=\"https:\/\/i0.wp.com\/www.robertosedda.it\/wp-content\/uploads\/2020\/05\/Libreria-scaled.jpg?resize=800%2C600\" alt=\"\" class=\"wp-image-18108\" srcset=\"https:\/\/i0.wp.com\/www.robertosedda.it\/wp-content\/uploads\/2020\/05\/Libreria-scaled.jpg?w=2560&amp;ssl=1 2560w, https:\/\/i0.wp.com\/www.robertosedda.it\/wp-content\/uploads\/2020\/05\/Libreria-scaled.jpg?resize=300%2C225&amp;ssl=1 300w, https:\/\/i0.wp.com\/www.robertosedda.it\/wp-content\/uploads\/2020\/05\/Libreria-scaled.jpg?resize=510%2C383&amp;ssl=1 510w, https:\/\/i0.wp.com\/www.robertosedda.it\/wp-content\/uploads\/2020\/05\/Libreria-scaled.jpg?resize=150%2C113&amp;ssl=1 150w, https:\/\/i0.wp.com\/www.robertosedda.it\/wp-content\/uploads\/2020\/05\/Libreria-scaled.jpg?resize=1536%2C1152&amp;ssl=1 1536w, https:\/\/i0.wp.com\/www.robertosedda.it\/wp-content\/uploads\/2020\/05\/Libreria-scaled.jpg?resize=2048%2C1536&amp;ssl=1 2048w, https:\/\/i0.wp.com\/www.robertosedda.it\/wp-content\/uploads\/2020\/05\/Libreria-scaled.jpg?w=1600 1600w, https:\/\/i0.wp.com\/www.robertosedda.it\/wp-content\/uploads\/2020\/05\/Libreria-scaled.jpg?w=2400 2400w\" sizes=\"(max-width: 800px) 100vw, 800px\" data-recalc-dims=\"1\" \/><figcaption>Disordine pi\u00f9 assoluto<\/figcaption><\/figure>\n\n\n\n<p>Ora, tutti i proprietari di libri (<em>ok<\/em>, di <em>molti<\/em> libri) mi capiranno perfettamente quando dico del fastidio che ti prende quando in questi vagabondaggi dello sguardo capita di notare che c&#8217;\u00e8 un libro fuori posto. \u00c8 come un prurito che ti devi grattare per forza. E io ho notato <em>molti<\/em> libri fuori posto.<\/p>\n\n\n\n<p>Cio\u00e8, non \u00e8 che pensavate che i libri stessero negli scaffali cos\u00ec, come capitava? <\/p>\n\n\n\n<p>Che ingenui. C&#8217;\u00e8 un ordine <em>rigidissimo<\/em>.<\/p>\n\n\n\n<p>Quindi ho dedicato i ritagli di tempo di una settimana a riordinare la libreria. Mia moglie, che \u00e8 una bibliotecaria certificata, prudentemente si \u00e8 astenuta. <\/p>\n\n\n\n<p>Ci sono state decisioni dolorose, per esempio resuscitare la sezione dei classici (e meno classici) dell&#8217;avventura ha voluto dire che sono state eliminate le sezioni separate per letterature nazionali (o per lingua, pi\u00f9 esattamente) in favore di un&#8217;unica sezione complessiva: altrimenti gli spazi morti mi avrebbero costretto a mettere i libri tutti ammonticchiati o addirittura in due file (cosa <em>proibitissima<\/em>).<\/p>\n\n\n\n<p>Quando ho finito ho dato un&#8217;occhiata in giro complessiva. E mi sono reso conto che \u00e8 una <em>strana <\/em>libreria. Con delle presenze sovrabbondanti e delle assenze abbastanza incomprensibili, probabilmente &#8211; anche senza considerare che fumetti, giochi di ruolo e libri tecnici su altri giochi (scacchi, <em>bridge,<\/em> <em>go<\/em>, eccetera) hanno due armadi tutti per loro in corridoio.<\/p>\n\n\n\n<p>Molti anni fa sono andato a una mostra che riguardava la biblioteca di Monserrat Rossell\u00f3, che ci \u00e8 stata trasmessa intera senza disperdersi e ci permette di gettare uno sguardo su cosa leggeva un giurista di quell&#8217;epoca e di quei luoghi: 4 500 edizioni che costituivano il suo materiale di riferimento e i suoi strumenti di lavoro ma anche ci\u00f2 che leggeva per suo gusto, per edificazione personale e per cultura generale. E ci sono, se non ricordo male, delle sorprese, delle presenze di libri che svelano indizi di un gusto e di scelte personali, magari inaspettate, e di interessi molteplici.   <\/p>\n\n\n\n<p>Ecco, ogni tanto mi chiedo, se la nostra biblioteca venisse trasmessa intera, fra cento o duecento anni, cosa diamine penserebbe la gente di una collezione che va da John Sandford a Marko Rupnik, da Robert E. Howard a Jamie Oliver, da Jane Austen a Robert Bloch, da Bertolt Brecht a Martin Jelfs? Se non sapessero niente di me e Maria Bonaria e della nostra biografia, cosa si immaginerebbero di noi?<\/p>\n\n\n\n<p>Quando mi \u00e8 venuto in mente di scrivere questo articolo (in realt\u00e0, di ricominciare a scrivere sul <em>blog<\/em>), ho provato a fare il conto dei libri e delle loro categorie un po&#8217; a spanne, contando i palchetti.<\/p>\n\n\n\n<p>Il risultato \u00e8 questo:<\/p>\n\n\n\n<ul><li><em>fantasy<\/em>: otto palchetti;<\/li><li>fantastico, fantascienza e <em>horror<\/em>: due palchetti;<\/li><li>saghe e mitologie nordiche, materia di Bretagna e altra letteratura medievale: un palchetto;<\/li><li>fiabe e libri sulle fiabe, <em>folklore<\/em>, libri di Enrica e libri sui miti e la religione classica, un palchetto;<\/li><li>letteratura e poesia medievale orientale (Cina, Giappone, Persia, Corea e qualcos&#8217;altro ancora), un palchetto;<\/li><li>gialli, otto palchetti, di cui uno tutto di John Sandford e un altro riservato all&#8217;<em>hard-boiled<\/em>;<\/li><li>libri e romnzi d&#8217;avventura, tre palchetti; <\/li><li>letteratura che non tradisce mai, due palchetti;<\/li><li>grandi romanzieri dell&#8217;Ottocento, un palchetto;<\/li><li>vecchie passioni non pi\u00f9 toccate e romanzieri quasi preferiti, due palchetti;<\/li><li>romanzi che non sai bene perch\u00e9 ce li hai o che probabilmente nn cercherai pi\u00f9 per un po&#8217;, due palchetti;<\/li><li>teatro, un palchetto;<\/li><li>poesia, due palchetti;<\/li><li>umorismo e satira, un palchetto;<\/li><li>saggi storici e di attualit\u00e0, sei palchetti;<\/li><li>manuali universitari di diritto, sociologia e economia e grammatiche e dizionari di lingue straniere, due palchetti;<\/li><li>economia, finanza, ecologia, globalizzazione, due palchetti;<\/li><li>comunicazione, narratologia, reti e urbanistica, un palchetto; <\/li><li>dinamica di gruppo, animazione e <em>game design<\/em>, un palchetto;<\/li><li>libri e guide di viaggio, mezzo palchetto; <\/li><li>libri sulla Sardegna e letteratura sarda, un palchetto e mezzo;<\/li><li>teologia, pastorale e storia della Chiesa, un palchetto;<\/li><li>catechesi e liturgia, un palchetto e mezzo;<\/li><li>Bibbia e esegesi, un palchetto e mezzo;<\/li><li>giardinaggio, botanica e decorazione della casa, un palchetto;<\/li><li>cucina, un palchetto e mezzo.<\/li><\/ul>\n\n\n\n<p>\u00c8, in realt\u00e0, la libreria di un vecchio giocatore di ruolo che era anche nell&#8217;Azione Cattolica con la moglie prima di passare tutti e due a Banca Etica, che si \u00e8 costruito un armamentario suo personale esattamente adatto ai suoi scopi, man mano incrociando i suoi gusti con quelli di sua moglie (tutti quei Camilleri, per esempio, Mariangela Sedda) e le passioni della famiglia: in questo senso non<em> <\/em>\u00e8 strana, \u00e8 <em>esattissima<\/em>. \u00c8 <em>proprio<\/em> la nostra libreria, non potrebbe essere di nessun altro.<\/p>\n\n\n\n<p>Che cosa strana, a pensarci.<\/p>\n","protected":false},"excerpt":{"rendered":"<p>In questo periodo, fra lezioni di scrittura per videogame, riunione su Zoom e videoconferenze varie, molte persone, anche che mi<\/p>\n","protected":false},"author":1,"featured_media":18107,"comment_status":"open","ping_status":"open","sticky":false,"template":"","format":"standard","meta":{"_mi_skip_tracking":false,"_monsterinsights_sitenote_active":false,"_monsterinsights_sitenote_note":"","_monsterinsights_sitenote_category":0,"jetpack_post_was_ever_published":false,"_jetpack_newsletter_access":"","jetpack_publicize_message":"Libri a spanne. O a metro. O a palchetto. Ma proprio proprio i miei.","jetpack_is_tweetstorm":false,"jetpack_publicize_feature_enabled":true,"jetpack_social_post_already_shared":true,"jetpack_social_options":{"image_generator_settings":{"template":"highway","enabled":false}}},"categories":[52,86,53,18,16],"tags":[],"jetpack_publicize_connections":[],"jetpack_featured_media_url":"https:\/\/i0.wp.com\/www.robertosedda.it\/wp-content\/uploads\/2020\/05\/WIN_20200505_14_49_47_Pro.jpg?fit=1280%2C720&ssl=1","jetpack_sharing_enabled":true,"jetpack_shortlink":"https:\/\/wp.me\/p4jV2T-4HZ","jetpack_likes_enabled":true,"jetpack-related-posts":[{"id":12404,"url":"https:\/\/www.robertosedda.it\/?p=12404","url_meta":{"origin":18103,"position":0},"title":"Stintinese DOC (anch&#8217;io, in un certo senso)","author":"Rufus","date":"05\/09\/2016","format":"gallery","excerpt":"Sabato ero a Stintino alla consegna del riconoscimento Stintinese DOC alla famiglia Berlinguer, collettivamente frequentatori del paese per pi\u00f9 di un secolo. Queste sono le foto che ho fatto, che pubblico qui per amici e parenti e semplici curiosi.","rel":"","context":"In &quot;Coordinate&quot;","block_context":{"text":"Coordinate","link":"https:\/\/www.robertosedda.it\/?cat=52"},"img":{"alt_text":"","src":"https:\/\/i0.wp.com\/www.robertosedda.it\/wp-content\/uploads\/2016\/09\/20160903_175803.jpg?fit=1200%2C720&ssl=1&resize=350%2C200","width":350,"height":200,"srcset":"https:\/\/i0.wp.com\/www.robertosedda.it\/wp-content\/uploads\/2016\/09\/20160903_175803.jpg?fit=1200%2C720&ssl=1&resize=350%2C200 1x, https:\/\/i0.wp.com\/www.robertosedda.it\/wp-content\/uploads\/2016\/09\/20160903_175803.jpg?fit=1200%2C720&ssl=1&resize=700%2C400 2x, https:\/\/i0.wp.com\/www.robertosedda.it\/wp-content\/uploads\/2016\/09\/20160903_175803.jpg?fit=1200%2C720&ssl=1&resize=1050%2C600 3x"},"classes":[]},{"id":10215,"url":"https:\/\/www.robertosedda.it\/?p=10215","url_meta":{"origin":18103,"position":1},"title":"Poche parole di benvenuto","author":"Rufus","date":"14\/05\/2015","format":false,"excerpt":"Per la comodit\u00e0 dei parenti e la curiosit\u00e0 degli amici pubblico il saluto dello zio Alberto, il decano della nostra famiglia, al raduno dei Delitala, prima di pranzo. Alberto (con la famiglia) \u00e8 giunto appositamente dal Canada per partecipare. Poche parole di \u201cbenvenuto\u201d dette da Alberto Delitala Come decano della\u2026","rel":"","context":"In &quot;Coordinate&quot;","block_context":{"text":"Coordinate","link":"https:\/\/www.robertosedda.it\/?cat=52"},"img":{"alt_text":"","src":"https:\/\/i0.wp.com\/www.robertosedda.it\/wp-content\/uploads\/2015\/04\/ALIM4024.jpg?fit=1024%2C768&ssl=1&resize=350%2C200","width":350,"height":200,"srcset":"https:\/\/i0.wp.com\/www.robertosedda.it\/wp-content\/uploads\/2015\/04\/ALIM4024.jpg?fit=1024%2C768&ssl=1&resize=350%2C200 1x, https:\/\/i0.wp.com\/www.robertosedda.it\/wp-content\/uploads\/2015\/04\/ALIM4024.jpg?fit=1024%2C768&ssl=1&resize=700%2C400 2x"},"classes":[]},{"id":9150,"url":"https:\/\/www.robertosedda.it\/?p=9150","url_meta":{"origin":18103,"position":2},"title":"Scene da un Natale familiare","author":"Rufus","date":"27\/12\/2014","format":"gallery","excerpt":"Cari parenti, scaricate quel che vi serve (e vedete di mandare in cambio le vostre foto, mi raccomando). Cari tutti, gioite con noi e ancora buon Natale dalle famiglie riunite Loi-Grazietti, Nardi-Sedda e Sedda-Loi, con un pizzico di Delitala (alcune foto sono orrende, ma lo scopo non \u00e8 l'arte).","rel":"","context":"In &quot;Eventi&quot;","block_context":{"text":"Eventi","link":"https:\/\/www.robertosedda.it\/?cat=49"},"img":{"alt_text":"","src":"https:\/\/i0.wp.com\/www.robertosedda.it\/wp-content\/uploads\/2014\/12\/Nonne-mamme-figlie-nipoti-cugine.jpg?fit=1024%2C768&ssl=1&resize=350%2C200","width":350,"height":200,"srcset":"https:\/\/i0.wp.com\/www.robertosedda.it\/wp-content\/uploads\/2014\/12\/Nonne-mamme-figlie-nipoti-cugine.jpg?fit=1024%2C768&ssl=1&resize=350%2C200 1x, https:\/\/i0.wp.com\/www.robertosedda.it\/wp-content\/uploads\/2014\/12\/Nonne-mamme-figlie-nipoti-cugine.jpg?fit=1024%2C768&ssl=1&resize=700%2C400 2x"},"classes":[]},{"id":14553,"url":"https:\/\/www.robertosedda.it\/?p=14553","url_meta":{"origin":18103,"position":3},"title":"Non potrei essere pi\u00f9 orgoglioso!","author":"Rufus","date":"12\/01\/2018","format":false,"excerpt":"Mia nipote piccola Marta l'altro giorno ha scritto una letterina al padre che ha avuto molto successo in famiglia (e non solo). Rafforzata dalla approvazione degli adulti deve quindi avere deciso di intraprendere delle fitte corrispondenze familiari: ieri sono tornato a casa e, in una bustina accuratamente piegata ho trovo\u2026","rel":"","context":"In &quot;Coordinate&quot;","block_context":{"text":"Coordinate","link":"https:\/\/www.robertosedda.it\/?cat=52"},"img":{"alt_text":"","src":"https:\/\/i0.wp.com\/www.robertosedda.it\/wp-content\/uploads\/2018\/01\/ALIM4925-e1515775298857.jpg?fit=900%2C1200&ssl=1&resize=350%2C200","width":350,"height":200,"srcset":"https:\/\/i0.wp.com\/www.robertosedda.it\/wp-content\/uploads\/2018\/01\/ALIM4925-e1515775298857.jpg?fit=900%2C1200&ssl=1&resize=350%2C200 1x, https:\/\/i0.wp.com\/www.robertosedda.it\/wp-content\/uploads\/2018\/01\/ALIM4925-e1515775298857.jpg?fit=900%2C1200&ssl=1&resize=700%2C400 2x"},"classes":[]},{"id":13759,"url":"https:\/\/www.robertosedda.it\/?p=13759","url_meta":{"origin":18103,"position":4},"title":"Cose del passato","author":"Rufus","date":"23\/05\/2017","format":false,"excerpt":"L'Inossidabile conserva tutto, ma proprio tutto. E l'altro giorno, complice un invito a un pranzo di famiglia succulento, ha estratto dai suoi tesori nascosti questo tema di Iole che, diciamo cos\u00ec, mi riguarda da vicino. Il tema conferma una cosa che disse una volta il mio amico Alessandro Celoni. Era\u2026","rel":"","context":"In &quot;Coordinate&quot;","block_context":{"text":"Coordinate","link":"https:\/\/www.robertosedda.it\/?cat=52"},"img":{"alt_text":"","src":"https:\/\/i0.wp.com\/www.robertosedda.it\/wp-content\/uploads\/2017\/05\/Tema-Iole-2.jpg?fit=726%2C960&ssl=1&resize=350%2C200","width":350,"height":200,"srcset":"https:\/\/i0.wp.com\/www.robertosedda.it\/wp-content\/uploads\/2017\/05\/Tema-Iole-2.jpg?fit=726%2C960&ssl=1&resize=350%2C200 1x, https:\/\/i0.wp.com\/www.robertosedda.it\/wp-content\/uploads\/2017\/05\/Tema-Iole-2.jpg?fit=726%2C960&ssl=1&resize=700%2C400 2x"},"classes":[]},{"id":12020,"url":"https:\/\/www.robertosedda.it\/?p=12020","url_meta":{"origin":18103,"position":5},"title":"Imperdibile sul grande formato!","author":"Rufus","date":"27\/05\/2016","format":false,"excerpt":"Pare che domenica\u00a0la rubrica domenicale del grande formato cittadino solitamente dedicata a intervistare combattive vecchiette presenti un'impedibile conversazione con l'Inossidabile, la quale lo ha rivelato in anteprima alla famiglia con compiaciutissimo disincanto (ma nooo, una cosa da nulla). Naturalmente non potete perdervi l'intervista, ma occhio: \u00e8 probabile che non troviate\u2026","rel":"","context":"In &quot;Coordinate&quot;","block_context":{"text":"Coordinate","link":"https:\/\/www.robertosedda.it\/?cat=52"},"img":{"alt_text":"","src":"https:\/\/i0.wp.com\/www.robertosedda.it\/wp-content\/uploads\/2014\/05\/Mamma-e-Bumba.jpg?fit=1200%2C876&ssl=1&resize=350%2C200","width":350,"height":200,"srcset":"https:\/\/i0.wp.com\/www.robertosedda.it\/wp-content\/uploads\/2014\/05\/Mamma-e-Bumba.jpg?fit=1200%2C876&ssl=1&resize=350%2C200 1x, https:\/\/i0.wp.com\/www.robertosedda.it\/wp-content\/uploads\/2014\/05\/Mamma-e-Bumba.jpg?fit=1200%2C876&ssl=1&resize=700%2C400 2x, https:\/\/i0.wp.com\/www.robertosedda.it\/wp-content\/uploads\/2014\/05\/Mamma-e-Bumba.jpg?fit=1200%2C876&ssl=1&resize=1050%2C600 3x"},"classes":[]}],"_links":{"self":[{"href":"https:\/\/www.robertosedda.it\/index.php?rest_route=\/wp\/v2\/posts\/18103"}],"collection":[{"href":"https:\/\/www.robertosedda.it\/index.php?rest_route=\/wp\/v2\/posts"}],"about":[{"href":"https:\/\/www.robertosedda.it\/index.php?rest_route=\/wp\/v2\/types\/post"}],"author":[{"embeddable":true,"href":"https:\/\/www.robertosedda.it\/index.php?rest_route=\/wp\/v2\/users\/1"}],"replies":[{"embeddable":true,"href":"https:\/\/www.robertosedda.it\/index.php?rest_route=%2Fwp%2Fv2%2Fcomments&post=18103"}],"version-history":[{"count":3,"href":"https:\/\/www.robertosedda.it\/index.php?rest_route=\/wp\/v2\/posts\/18103\/revisions"}],"predecessor-version":[{"id":18111,"href":"https:\/\/www.robertosedda.it\/index.php?rest_route=\/wp\/v2\/posts\/18103\/revisions\/18111"}],"wp:featuredmedia":[{"embeddable":true,"href":"https:\/\/www.robertosedda.it\/index.php?rest_route=\/wp\/v2\/media\/18107"}],"wp:attachment":[{"href":"https:\/\/www.robertosedda.it\/index.php?rest_route=%2Fwp%2Fv2%2Fmedia&parent=18103"}],"wp:term":[{"taxonomy":"category","embeddable":true,"href":"https:\/\/www.robertosedda.it\/index.php?rest_route=%2Fwp%2Fv2%2Fcategories&post=18103"},{"taxonomy":"post_tag","embeddable":true,"href":"https:\/\/www.robertosedda.it\/index.php?rest_route=%2Fwp%2Fv2%2Ftags&post=18103"}],"curies":[{"name":"wp","href":"https:\/\/api.w.org\/{rel}","templated":true}]}}