{"id":18083,"date":"2020-04-11T18:18:51","date_gmt":"2020-04-11T16:18:51","guid":{"rendered":"http:\/\/www.robertosedda.it\/?p=18083"},"modified":"2020-04-18T17:11:48","modified_gmt":"2020-04-18T15:11:48","slug":"lectio-di-pasqua","status":"publish","type":"post","link":"https:\/\/www.robertosedda.it\/?p=18083","title":{"rendered":"Lectio di Pasqua"},"content":{"rendered":"\n<p>Trovate qui di seguito, come ogni sabato, i materiali per una <em>lectio<\/em> sul Vangelo della domenica, da fare da soli o in comunit\u00e0 (telematica, in questo periodo). Come al solito ricordo che lo schema generale della <em>lectio<\/em> e il modo di farla del gruppo <em>La Pira<\/em> sono spiegati in <a href=\"http:\/\/www.robertosedda.it\/?p=17748\">questo vecchio articolo<\/a> e che se date un\u2019occhiata alle <em><a href=\"http:\/\/www.robertosedda.it\/?s=lectio\">lectio<\/a><\/em> per le settimane scorse trovate probabilmente altri materiali utili.<\/p>\n\n\n\n<h3>Il brano<\/h3>\n\n\n\n<figure class=\"wp-block-image alignwide size-full\"><img data-attachment-id=\"18084\" data-permalink=\"https:\/\/www.robertosedda.it\/?attachment_id=18084\" data-orig-file=\"https:\/\/i0.wp.com\/www.robertosedda.it\/wp-content\/uploads\/2020\/04\/Rupnik-Pasqua.jpg?fit=822%2C1024&amp;ssl=1\" data-orig-size=\"822,1024\" data-comments-opened=\"1\" data-image-meta=\"{&quot;aperture&quot;:&quot;0&quot;,&quot;credit&quot;:&quot;&quot;,&quot;camera&quot;:&quot;&quot;,&quot;caption&quot;:&quot;&quot;,&quot;created_timestamp&quot;:&quot;0&quot;,&quot;copyright&quot;:&quot;&quot;,&quot;focal_length&quot;:&quot;0&quot;,&quot;iso&quot;:&quot;0&quot;,&quot;shutter_speed&quot;:&quot;0&quot;,&quot;title&quot;:&quot;&quot;,&quot;orientation&quot;:&quot;1&quot;}\" data-image-title=\"Rupnik-Pasqua\" data-image-description=\"\" data-image-caption=\"\" data-medium-file=\"https:\/\/i0.wp.com\/www.robertosedda.it\/wp-content\/uploads\/2020\/04\/Rupnik-Pasqua.jpg?fit=241%2C300&amp;ssl=1\" data-large-file=\"https:\/\/i0.wp.com\/www.robertosedda.it\/wp-content\/uploads\/2020\/04\/Rupnik-Pasqua.jpg?fit=510%2C635&amp;ssl=1\" decoding=\"async\" loading=\"lazy\" width=\"800\" height=\"997\" src=\"https:\/\/i0.wp.com\/www.robertosedda.it\/wp-content\/uploads\/2020\/04\/Rupnik-Pasqua.jpg?resize=800%2C997\" alt=\"\" class=\"wp-image-18084\" srcset=\"https:\/\/i0.wp.com\/www.robertosedda.it\/wp-content\/uploads\/2020\/04\/Rupnik-Pasqua.jpg?w=822&amp;ssl=1 822w, https:\/\/i0.wp.com\/www.robertosedda.it\/wp-content\/uploads\/2020\/04\/Rupnik-Pasqua.jpg?resize=241%2C300&amp;ssl=1 241w, https:\/\/i0.wp.com\/www.robertosedda.it\/wp-content\/uploads\/2020\/04\/Rupnik-Pasqua.jpg?resize=510%2C635&amp;ssl=1 510w, https:\/\/i0.wp.com\/www.robertosedda.it\/wp-content\/uploads\/2020\/04\/Rupnik-Pasqua.jpg?resize=120%2C150&amp;ssl=1 120w\" sizes=\"(max-width: 800px) 100vw, 800px\" data-recalc-dims=\"1\" \/><figcaption><a href=\"http:\/\/Giovanna60 at Italian Wikipedia \/ CC BY-SA (https:\/\/creativecommons.org\/licenses\/by-sa\/3.0)\">Marko Rupnik, <em>Discesa agli Inferi e Risurrezione<\/em>, 2006, Cappella del Collegio San Stanislao (Lubiana, Slovenia)<\/a><\/figcaption><\/figure>\n\n\n\n<p>Dal Vangelo secondo Giovanni (20,1-9)<\/p>\n\n\n\n<p><em>Il primo giorno della settimana, Maria di M\u00e0gdala si rec\u00f2 al sepolcro di mattino, quando era ancora buio, e vide che la pietra era stata tolta dal sepolcro.<br \/>Corse allora e and\u00f2 da Simon Pietro e dall\u2019altro discepolo, quello che Ges\u00f9 amava, e disse loro: \u00abHanno portato via il Signore dal sepolcro e non sappiamo dove l\u2019hanno posto!\u00bb.<br \/>Pietro allora usc\u00ec insieme all\u2019altro discepolo e si recarono al sepolcro. Correvano insieme tutti e due, ma l\u2019altro discepolo corse pi\u00f9 veloce di Pietro e giunse per primo al sepolcro. Si chin\u00f2, vide i teli posati l\u00e0, ma non entr\u00f2.<br \/>Giunse intanto anche Simon Pietro, che lo seguiva, ed entr\u00f2 nel sepolcro e osserv\u00f2 i teli posati l\u00e0, e il sudario \u2013 che era stato sul suo capo \u2013 non posato l\u00e0 con i teli, ma avvolto in un luogo a parte.<br \/>Allora entr\u00f2 anche l\u2019altro discepolo, che era giunto per primo al sepolcro, e vide e credette. Infatti non avevano ancora compreso la Scrittura, che cio\u00e8 egli doveva risorgere dai morti.<\/em><\/p>\n\n\n\n<h3>Commenti utilizzabili<\/h3>\n\n\n\n<p>H cercato di suddividere i brani in gruppi uniformi per rendere pi\u00f9 facile scegliere quello pi\u00f9 utile per le proprie esigenze:<\/p>\n\n\n\n<ul><li>sul sito <em>Meditare la Parola<\/em>, un buon <a href=\"https:\/\/meditarelaparola.blogspot.com\/2020\/04\/lectio-pasqua-di-risurrezione-anno-a.html\">commento<\/a> versetto per versetto;<\/li><\/ul>\n\n\n\n<hr class=\"wp-block-separator\"\/>\n\n\n\n<ul><li>sul sito dei Gesuiti di Villapizzone, un <a href=\"https:\/\/www.gesuiti-villapizzone.it\/sito\/trascrizioni\/gv\/4\/78\/files\/gv78.pdf\">commento<\/a> molto ampio a cura di padre Filippo Clerici e padre Silvano Fausti;<\/li><li>sul sito dell&#8217;Abbazia di Pulsano, un ampio ed esaustivo <a href=\"http:\/\/www.abbaziadipulsano.org\/wp-content\/uploads\/2020\/04\/Lectio-DOMENICA-della-Resurrezione-del-Signore-Gv-20-2020.doc\">commento<\/a> che si allarga anche alle altre letture del giorno;<\/li><\/ul>\n\n\n\n<hr class=\"wp-block-separator\"\/>\n\n\n\n<ul><li>sul sito dei Padri Carmelitani un <a href=\"https:\/\/ocarm.org\/it\/content\/lectio\/lectio-divina-pasqua-risurrezione-signore\">commento<\/a> dettagliato e materiali aggiuntivi per la <em>lectio<\/em> (domande, testi di preghiera);<\/li><li>sul sito della Comunit\u00e0 Abb\u00e0 un altro <a href=\"http:\/\/comunita-abba.it\/wp-content\/uploads\/2015\/04\/Lectio-divina-domenica-Pasqua-5-4-15.pdf\">schema<\/a> di <em>lectio<\/em>, con ampio commento e altri materiali;<\/li><li>sul sito dell&#8217;associazione <em>In cammino<\/em>, uno <a href=\"https:\/\/www.incamm.com\/2018\/04\/juan-j-bartolome-sdb-lectio-2a-domenica.html\">schema<\/a> completo di <em>lectio<\/em> <em>divina<\/em> con un commento breve ma completo e ampi suggerimenti per la riflessione, a cura di padre Juan J. Bartolome;<\/li><\/ul>\n\n\n\n<hr class=\"wp-block-separator\"\/>\n\n\n\n<ul><li>sul sito <em>Studi biblici<\/em>, un <a href=\"https:\/\/www.studibiblici.it\/VideoOmelie\/trascrizioni\/Commento%20al%20Vangelo%20di%20P.%20Al_Pasqua.pdf\">commento<\/a> pi\u00f9 generale di padre Alberto Maggi;<\/li><li>sempre sul sito <em>Studi biblici<\/em>, un altro <a href=\"https:\/\/www.studibiblici.it\/VideoOmelie\/trascrizioni\/Commento%20al%20Vangelo%20di%20P.%20Alberto%20Maggi%20-%205%20apr%202015.pdf\">commento<\/a> di padre Maggi, lievemente differente;<\/li><li>sul sito della Congregazione per il Clero, un <a href=\"http:\/\/www.clerus.va\/content\/clerus\/it\/omelie\/new68.html\">commento<\/a> di taglio spirituale di padre Marko Rupnik;<\/li><li>dal suo sito personale, un ampio <a href=\"http:\/\/francescofolloit.blogspot.com\/2020\/04\/cristo-e-risorto-lamore-ha-vinto.html\">commento<\/a> di Francesco Follo;<\/li><li>sul sito della Diocesi di Termoli-Larino, un <a href=\"http:\/\/www.diocesitermolilarino.it\/wp-content\/uploads\/sites\/2\/2020\/02\/LECTIO-DIVINA-Quaresima-Pasqua-2020.pdf\">commento<\/a> con sussidio alla meditazione e preghiera l commento, che fa parte di un sussidio pi\u00f9 ampio per la Quaresima e il Tempo di Pasqua, si trova dalla pagina 24 in poi).<\/li><\/ul>\n\n\n\n<h3>Altri materiali utili per ciascun passo della <em>lectio<\/em><\/h3>\n\n\n\n<p>L\u2019intero testo della Liturgia della Parola si trova sul sito de <em><a href=\"http:\/\/www.lachiesa.it\/calendario\/Detailed\/20200412.shtml\">LaChiesa.it<\/a>.<\/em><\/p>\n\n\n\n<h4>Per iniziare<\/h4>\n\n\n\n<p><strong>Antifona d\u2019ingresso<\/strong><\/p>\n\n\n\n<p><em>Sono risorto, e sono sempre con te;<br \/>tu hai posto su di me la tua mano,<br \/>\u00e8 stupenda per me la tua saggezza. Alleluia.<\/em><\/p>\n\n\n\n<p><em>oppure<\/em><\/p>\n\n\n\n<p><em>Il Signore \u00e8 davvero risorto. Alleluia.<br \/>A lui gloria e potenza nei secoli eterni.<\/em><\/p>\n\n\n\n<h4>Invocazione allo Spirito prima della <em>lectio<\/em><\/h4>\n\n\n\n<p><em>Signore Ges\u00f9 Cristo, oggi la tua luce splende in noi, fonte di vita e di gioia! Donaci il tuo Spirito d\u2019amore e di verit\u00e0, perch\u00e9, come Maria Maddalena, Pietro e Giovanni, sappiamo anche noi scoprire e interpretare alla luce della Parola i segni della tua vita divina presenti nel nostro mondo e accoglierli nella fede per vivere sempre nella gioia della tua presenza accanto a noi, anche quando tutto sembra avvolto dalle tenebre della tristezza e del male.<\/em><\/p>\n\n\n\n<p><em>oppure<\/em><\/p>\n\n\n\n<p><strong>Colletta<\/strong><\/p>\n\n\n\n<p><em>O Padre, che in questo giorno,<br \/>per mezzo del tuo unico Figlio,<br \/>hai vinto la morte<br \/>e ci hai aperto il passaggio alla vita eterna,<br \/>concedi a noi, che celebriamo la Pasqua di risurrezione,<br \/>di essere rinnovati nel tuo Spirito,<br \/>per rinascere nella luce del Signore risorto.<br \/>Egli \u00e8 Dio e vive e regna con te<br \/>nell&#8217;unit\u00e0 dello Spirito Santo<br \/>per tutti  secoli dei secoli. Amen.<\/em><\/p>\n\n\n\n<h4><strong>Al termine della <em>contemplatio<\/em><\/strong><\/h4>\n\n\n\n<p><strong>Salmo 117<\/strong> (in forma responsoriale)<\/p>\n\n\n\n<p><strong>Questo \u00e8 il giorno che ha fatto il Signore:<\/strong><br \/><strong>rallegriamoci ed esultiamo.<\/strong><\/p>\n\n\n\n<p><em>Rendete grazie al Signore perch\u00e9 \u00e8 buono,<br \/>perch\u00e9 il suo amore \u00e8 per sempre.<br \/>Dica Israele:<br \/>\u00abIl suo amore \u00e8 per sempre\u00bb.<\/em><\/p>\n\n\n\n<p><em>La destra del Signore si \u00e8 innalzata,<br \/>la destra del Signore ha fatto prodezze.<br \/>Non morir\u00f2, ma rester\u00f2 in vita<br \/>e annuncer\u00f2 le opere del Signore.<\/em><\/p>\n\n\n\n<p><em>La pietra scartata dai costruttori<br \/>\u00e8 divenuta la pietra d\u2019angolo.<br \/>Questo \u00e8 stato fatto dal Signore:<br \/>una meraviglia ai nostri occhi.<\/em><\/p>\n\n\n\n<h4>Per la conclusione dell\u2019incontro<\/h4>\n\n\n\n<p><strong>Sequenza di Pasqua<\/strong><\/p>\n\n\n\n<p><em>Alla vittima pasquale,<br \/>s\u2019innalzi oggi il sacrificio di lode.<br \/>L\u2019Agnello ha redento il suo gregge,<br \/>l\u2019Innocente ha riconciliato<br \/>noi peccatori col Padre.<\/em><\/p>\n\n\n\n<p><em>Morte e Vita si sono affrontate<br \/>in un prodigioso duello.<br \/>Il Signore della vita era morto;<br \/>ma ora, vivo<\/em>, <em>trionfa.<\/em><\/p>\n\n\n\n<p><em>\u00abRaccontaci, Maria:<br \/>che hai visto sulla via?\u00bb.<br \/>\u00abLa tomba del Cristo vivente,<br \/>la gloria del Cristo risorto,<br \/>e gli angeli suoi testimoni,<br \/>il sudario e le sue vesti.<br \/>Cristo, mia speranza, \u00e8 risorto:<br \/>precede i suoi in Galilea\u00bb.<\/em><\/p>\n\n\n\n<p><em>S\u00ec, ne siamo certi:<br \/>Cristo \u00e8 davvero risorto.<br \/>Tu, Re vittorioso,<br \/>abbi piet\u00e0 di noi.<\/em><\/p>\n","protected":false},"excerpt":{"rendered":"<p>Trovate qui di seguito, come ogni sabato, i materiali per una lectio sul Vangelo della domenica, da fare da soli<\/p>\n","protected":false},"author":1,"featured_media":18084,"comment_status":"open","ping_status":"open","sticky":false,"template":"","format":"standard","meta":{"_mi_skip_tracking":false,"_monsterinsights_sitenote_active":false,"_monsterinsights_sitenote_note":"","_monsterinsights_sitenote_category":0,"jetpack_post_was_ever_published":false,"_jetpack_newsletter_access":"","jetpack_publicize_message":"","jetpack_is_tweetstorm":false,"jetpack_publicize_feature_enabled":true,"jetpack_social_post_already_shared":true,"jetpack_social_options":{"image_generator_settings":{"template":"highway","enabled":false}}},"categories":[52,54,17,62,16],"tags":[],"jetpack_publicize_connections":[],"jetpack_featured_media_url":"https:\/\/i0.wp.com\/www.robertosedda.it\/wp-content\/uploads\/2020\/04\/Rupnik-Pasqua.jpg?fit=822%2C1024&ssl=1","jetpack_sharing_enabled":true,"jetpack_shortlink":"https:\/\/wp.me\/p4jV2T-4HF","jetpack_likes_enabled":true,"jetpack-related-posts":[{"id":18500,"url":"https:\/\/www.robertosedda.it\/?p=18500","url_meta":{"origin":18083,"position":0},"title":"La lectio dell&#8217;incontro del giorno dopo","author":"Rufus","date":"17\/04\/2021","format":false,"excerpt":"Dopo un periodo di interruzione domani il gruppo La Pira fa la sua lectio periodica. Cime sempre pubblico qui i materiali che utilizzeremo per renderne pi\u00f9 facile la consultazione al gruppo e anche perch\u00e9 possono essere utili anche ad altri che vogliono fare una esperienza simile. Il metodo \u00e8 spiegato\u2026","rel":"","context":"In &quot;Coordinate&quot;","block_context":{"text":"Coordinate","link":"https:\/\/www.robertosedda.it\/?cat=52"},"img":{"alt_text":"","src":"https:\/\/i0.wp.com\/www.robertosedda.it\/wp-content\/uploads\/2021\/04\/3039px-1602-3_CaravaggioSupper_at_Emmaus_National_Gallery_London-scaled.jpg?fit=1200%2C853&ssl=1&resize=350%2C200","width":350,"height":200,"srcset":"https:\/\/i0.wp.com\/www.robertosedda.it\/wp-content\/uploads\/2021\/04\/3039px-1602-3_CaravaggioSupper_at_Emmaus_National_Gallery_London-scaled.jpg?fit=1200%2C853&ssl=1&resize=350%2C200 1x, https:\/\/i0.wp.com\/www.robertosedda.it\/wp-content\/uploads\/2021\/04\/3039px-1602-3_CaravaggioSupper_at_Emmaus_National_Gallery_London-scaled.jpg?fit=1200%2C853&ssl=1&resize=700%2C400 2x, https:\/\/i0.wp.com\/www.robertosedda.it\/wp-content\/uploads\/2021\/04\/3039px-1602-3_CaravaggioSupper_at_Emmaus_National_Gallery_London-scaled.jpg?fit=1200%2C853&ssl=1&resize=1050%2C600 3x"},"classes":[]},{"id":18097,"url":"https:\/\/www.robertosedda.it\/?p=18097","url_meta":{"origin":18083,"position":1},"title":"Lectio in albis","author":"Rufus","date":"18\/04\/2020","format":false,"excerpt":"Domani il gruppo La Pira fa la sua lectio periodica. I materiali che utilizzeremo sono quelli che trovate qui sotto, e possono essere utili anche ad altri che vogliono fare una esperienza simile. Il metodo \u00e8 spiegato in questo vecchio articolo; anche quando il gruppo non si riunisce (virtualmente, in\u2026","rel":"","context":"In &quot;Coordinate&quot;","block_context":{"text":"Coordinate","link":"https:\/\/www.robertosedda.it\/?cat=52"},"img":{"alt_text":"","src":"https:\/\/i0.wp.com\/www.robertosedda.it\/wp-content\/uploads\/2020\/04\/Pentecoste-Rupnik.jpg?fit=430%2C540&ssl=1&resize=350%2C200","width":350,"height":200},"classes":[]},{"id":18590,"url":"https:\/\/www.robertosedda.it\/?p=18590","url_meta":{"origin":18083,"position":2},"title":"La lectio che abbiamo gi\u00e0 fatto","author":"Rufus","date":"30\/04\/2021","format":false,"excerpt":"A quanto pare il gruppo La Pira ci ha preso gusto e domenica, alle 18,00, facciamo di nuovo lectio, in questo caso sul brano della vite e dei tralci che si trova al Vangelo di Giovanni al capitolo 15, versetti 1-8. Si tratta di un brano su cui abbiamo gi\u00e0\u2026","rel":"","context":"In &quot;Coordinate&quot;","block_context":{"text":"Coordinate","link":"https:\/\/www.robertosedda.it\/?cat=52"},"img":{"alt_text":"","src":"https:\/\/i0.wp.com\/www.robertosedda.it\/wp-content\/uploads\/2021\/04\/Peter_Paul_Rubens_-_Last_Supper_-_WGA20255-scaled.jpg?fit=989%2C1200&ssl=1&resize=350%2C200","width":350,"height":200,"srcset":"https:\/\/i0.wp.com\/www.robertosedda.it\/wp-content\/uploads\/2021\/04\/Peter_Paul_Rubens_-_Last_Supper_-_WGA20255-scaled.jpg?fit=989%2C1200&ssl=1&resize=350%2C200 1x, https:\/\/i0.wp.com\/www.robertosedda.it\/wp-content\/uploads\/2021\/04\/Peter_Paul_Rubens_-_Last_Supper_-_WGA20255-scaled.jpg?fit=989%2C1200&ssl=1&resize=700%2C400 2x"},"classes":[]},{"id":17748,"url":"https:\/\/www.robertosedda.it\/?p=17748","url_meta":{"origin":18083,"position":3},"title":"Come fare una lectio divina autogestita","author":"Rufus","date":"23\/01\/2020","format":false,"excerpt":"La lectio divina \u00e8 una antica pratica della tradizione monastica di studio e meditazione della Bibbia, venuta in auge nelle comunit\u00e0 parrocchiali e nelle associazioni laicali negli anni del post-Concilio. In Italia la sua divulgazione \u00e8 legata in particolar modo al lavoro del Cardinal Martini, anche se la sua diffusione\u2026","rel":"","context":"In &quot;Coordinate&quot;","block_context":{"text":"Coordinate","link":"https:\/\/www.robertosedda.it\/?cat=52"},"img":{"alt_text":"","src":"https:\/\/i0.wp.com\/www.robertosedda.it\/wp-content\/uploads\/2020\/01\/lectio.jpg?fit=810%2C538&ssl=1&resize=350%2C200","width":350,"height":200,"srcset":"https:\/\/i0.wp.com\/www.robertosedda.it\/wp-content\/uploads\/2020\/01\/lectio.jpg?fit=810%2C538&ssl=1&resize=350%2C200 1x, https:\/\/i0.wp.com\/www.robertosedda.it\/wp-content\/uploads\/2020\/01\/lectio.jpg?fit=810%2C538&ssl=1&resize=700%2C400 2x"},"classes":[]},{"id":18066,"url":"https:\/\/www.robertosedda.it\/?p=18066","url_meta":{"origin":18083,"position":4},"title":"La lectio della inaudita Domenica delle Palme","author":"Rufus","date":"04\/04\/2020","format":false,"excerpt":"Non so bene che impressione mi far\u00e0, domani, partecipare da casa ai riti mutili della Domenica delle Palme a causa dell'emergenza. Una domenica abbastanza inaudita, certamente per quelli della mia generazione ma probabilmente anche per quelli che hanno vissuto altri cataclismi come quello della guerra. Ad ogni modo, continuo con\u2026","rel":"","context":"In &quot;Coordinate&quot;","block_context":{"text":"Coordinate","link":"https:\/\/www.robertosedda.it\/?cat=52"},"img":{"alt_text":"","src":"https:\/\/i0.wp.com\/www.robertosedda.it\/wp-content\/uploads\/2020\/04\/Rupnik-pantocrator.jpg?fit=400%2C292&ssl=1&resize=350%2C200","width":350,"height":200},"classes":[]},{"id":18381,"url":"https:\/\/www.robertosedda.it\/?p=18381","url_meta":{"origin":18083,"position":5},"title":"Tempo di Avvento, tempo di lectio","author":"Rufus","date":"18\/12\/2020","format":false,"excerpt":"Il 21 dicembre prossimo, alle 21,00, il gruppo La Pira far\u00e0 la sua lectio di Natale abituale, su Zoom. Come al solito, chi si vuole unire a noi pu\u00f2 contattarci liberamente. Per tutti gli altri posto qui i materiali che utilizzeremo, nel caso volessero ripetere l'esperienza personalmente o con altri\u2026","rel":"","context":"In &quot;Coordinate&quot;","block_context":{"text":"Coordinate","link":"https:\/\/www.robertosedda.it\/?cat=52"},"img":{"alt_text":"","src":"https:\/\/i0.wp.com\/www.robertosedda.it\/wp-content\/uploads\/2020\/12\/1640px-Caravaggio-Nativity1600.jpg?fit=911%2C1200&ssl=1&resize=350%2C200","width":350,"height":200,"srcset":"https:\/\/i0.wp.com\/www.robertosedda.it\/wp-content\/uploads\/2020\/12\/1640px-Caravaggio-Nativity1600.jpg?fit=911%2C1200&ssl=1&resize=350%2C200 1x, https:\/\/i0.wp.com\/www.robertosedda.it\/wp-content\/uploads\/2020\/12\/1640px-Caravaggio-Nativity1600.jpg?fit=911%2C1200&ssl=1&resize=700%2C400 2x"},"classes":[]}],"_links":{"self":[{"href":"https:\/\/www.robertosedda.it\/index.php?rest_route=\/wp\/v2\/posts\/18083"}],"collection":[{"href":"https:\/\/www.robertosedda.it\/index.php?rest_route=\/wp\/v2\/posts"}],"about":[{"href":"https:\/\/www.robertosedda.it\/index.php?rest_route=\/wp\/v2\/types\/post"}],"author":[{"embeddable":true,"href":"https:\/\/www.robertosedda.it\/index.php?rest_route=\/wp\/v2\/users\/1"}],"replies":[{"embeddable":true,"href":"https:\/\/www.robertosedda.it\/index.php?rest_route=%2Fwp%2Fv2%2Fcomments&post=18083"}],"version-history":[{"count":3,"href":"https:\/\/www.robertosedda.it\/index.php?rest_route=\/wp\/v2\/posts\/18083\/revisions"}],"predecessor-version":[{"id":18088,"href":"https:\/\/www.robertosedda.it\/index.php?rest_route=\/wp\/v2\/posts\/18083\/revisions\/18088"}],"wp:featuredmedia":[{"embeddable":true,"href":"https:\/\/www.robertosedda.it\/index.php?rest_route=\/wp\/v2\/media\/18084"}],"wp:attachment":[{"href":"https:\/\/www.robertosedda.it\/index.php?rest_route=%2Fwp%2Fv2%2Fmedia&parent=18083"}],"wp:term":[{"taxonomy":"category","embeddable":true,"href":"https:\/\/www.robertosedda.it\/index.php?rest_route=%2Fwp%2Fv2%2Fcategories&post=18083"},{"taxonomy":"post_tag","embeddable":true,"href":"https:\/\/www.robertosedda.it\/index.php?rest_route=%2Fwp%2Fv2%2Ftags&post=18083"}],"curies":[{"name":"wp","href":"https:\/\/api.w.org\/{rel}","templated":true}]}}