{"id":1807,"date":"2012-12-28T17:38:31","date_gmt":"2012-12-28T16:38:31","guid":{"rendered":"http:\/\/www.robertosedda.it\/?p=1807"},"modified":"2020-09-09T17:52:27","modified_gmt":"2020-09-09T15:52:27","slug":"seconde-possibilita","status":"publish","type":"post","link":"https:\/\/www.robertosedda.it\/?p=1807","title":{"rendered":"Seconde possibilit\u00e0"},"content":{"rendered":"<h2><em>La parte degli angeli<\/em> (Ken Loach, 2012)<\/h2>\n<p><a href=\"http:\/\/www.robertosedda.it\/?attachment_id=1810\" rel=\"attachment wp-att-1810\"><img data-attachment-id=\"1810\" data-permalink=\"https:\/\/www.robertosedda.it\/?attachment_id=1810\" data-orig-file=\"https:\/\/i0.wp.com\/www.robertosedda.it\/wp-content\/uploads\/2012\/12\/la_parte_degli_angeli2.jpg?fit=586%2C389&amp;ssl=1\" data-orig-size=\"586,389\" data-comments-opened=\"1\" data-image-meta=\"{&quot;aperture&quot;:&quot;0&quot;,&quot;credit&quot;:&quot;&quot;,&quot;camera&quot;:&quot;&quot;,&quot;caption&quot;:&quot;&quot;,&quot;created_timestamp&quot;:&quot;0&quot;,&quot;copyright&quot;:&quot;&quot;,&quot;focal_length&quot;:&quot;0&quot;,&quot;iso&quot;:&quot;0&quot;,&quot;shutter_speed&quot;:&quot;0&quot;,&quot;title&quot;:&quot;&quot;}\" data-image-title=\"la_parte_degli_angeli2\" data-image-description=\"\" data-image-caption=\"\" data-medium-file=\"https:\/\/i0.wp.com\/www.robertosedda.it\/wp-content\/uploads\/2012\/12\/la_parte_degli_angeli2.jpg?fit=300%2C199&amp;ssl=1\" data-large-file=\"https:\/\/i0.wp.com\/www.robertosedda.it\/wp-content\/uploads\/2012\/12\/la_parte_degli_angeli2.jpg?fit=510%2C339&amp;ssl=1\" decoding=\"async\" loading=\"lazy\" class=\"alignleft size-medium wp-image-1810\" src=\"https:\/\/i0.wp.com\/www.robertosedda.it\/wp-content\/uploads\/2012\/12\/la_parte_degli_angeli2.jpg?resize=300%2C199\" alt=\"la_parte_degli_angeli2\" width=\"300\" height=\"199\" srcset=\"https:\/\/i0.wp.com\/www.robertosedda.it\/wp-content\/uploads\/2012\/12\/la_parte_degli_angeli2.jpg?resize=300%2C199&amp;ssl=1 300w, https:\/\/i0.wp.com\/www.robertosedda.it\/wp-content\/uploads\/2012\/12\/la_parte_degli_angeli2.jpg?w=586&amp;ssl=1 586w\" sizes=\"(max-width: 300px) 100vw, 300px\" data-recalc-dims=\"1\" \/><\/a>A Torino in carcere fanno il caff\u00e8: una parte lo passano ai <a href=\"http:\/\/www.pausacafe.org\/chi_siamo_saluzzo.html\">detenuti del carcere di Saluzzo che producono birra<\/a> e ne fanno anche una aromatizzata al caff\u00e8; <a href=\"http:\/\/www.arcolaio.org\/\">a Siracusa invece fanno i dolci con le mandorle<\/a>.<\/p>\n<p>Deve essere con una idea del genere in testa, o forse solo perch\u00e9 ha voglia di una gita, che Harry porta in visita a una distilleria di whisky i deliquentelli che gli sono stati affidati perch\u00e9 svolgano ore di lavoro socialmente utile. Per la maggior parte di loro \u00e8 l&#8217;occasione di un bicchierino gratis (o di guardare le gambe della biondina che gli fa da guida turistica) ma per Robbie \u00e8 un colpo di fulmine.<\/p>\n<p><a href=\"http:\/\/www.robertosedda.it\/?attachment_id=1811\" rel=\"attachment wp-att-1811\"><img data-attachment-id=\"1811\" data-permalink=\"https:\/\/www.robertosedda.it\/?attachment_id=1811\" data-orig-file=\"https:\/\/i0.wp.com\/www.robertosedda.it\/wp-content\/uploads\/2012\/12\/la_parte_degli_angeli3.jpg?fit=409%2C586&amp;ssl=1\" data-orig-size=\"409,586\" data-comments-opened=\"1\" data-image-meta=\"{&quot;aperture&quot;:&quot;0&quot;,&quot;credit&quot;:&quot;&quot;,&quot;camera&quot;:&quot;&quot;,&quot;caption&quot;:&quot;&quot;,&quot;created_timestamp&quot;:&quot;0&quot;,&quot;copyright&quot;:&quot;&quot;,&quot;focal_length&quot;:&quot;0&quot;,&quot;iso&quot;:&quot;0&quot;,&quot;shutter_speed&quot;:&quot;0&quot;,&quot;title&quot;:&quot;&quot;}\" data-image-title=\"la_parte_degli_angeli3\" data-image-description=\"\" data-image-caption=\"\" data-medium-file=\"https:\/\/i0.wp.com\/www.robertosedda.it\/wp-content\/uploads\/2012\/12\/la_parte_degli_angeli3.jpg?fit=209%2C300&amp;ssl=1\" data-large-file=\"https:\/\/i0.wp.com\/www.robertosedda.it\/wp-content\/uploads\/2012\/12\/la_parte_degli_angeli3.jpg?fit=409%2C586&amp;ssl=1\" decoding=\"async\" loading=\"lazy\" class=\"alignright size-medium wp-image-1811\" src=\"https:\/\/i0.wp.com\/www.robertosedda.it\/wp-content\/uploads\/2012\/12\/la_parte_degli_angeli3.jpg?resize=209%2C300\" alt=\"la_parte_degli_angeli3\" width=\"209\" height=\"300\" srcset=\"https:\/\/i0.wp.com\/www.robertosedda.it\/wp-content\/uploads\/2012\/12\/la_parte_degli_angeli3.jpg?resize=209%2C300&amp;ssl=1 209w, https:\/\/i0.wp.com\/www.robertosedda.it\/wp-content\/uploads\/2012\/12\/la_parte_degli_angeli3.jpg?w=409&amp;ssl=1 409w\" sizes=\"(max-width: 209px) 100vw, 209px\" data-recalc-dims=\"1\" \/><\/a>Da qui a uscire dal ghetto di Glasgow in cui vive e a liberarsi, anche internamente, della violenza che \u00e8 stata sino a quel momento il suo unico modo di comunicazione dovr\u00e0 scorrere parecchio&#8230; whisky sotto i ponti e forse sar\u00e0 necessario un ultimo crimine, ma il percorso \u00e8 avviato, e questa \u00e8 tutta la storia di <em>La parte degli angeli<\/em>.<\/p>\n<p>Loach firma una commedia che non \u00e8 mai spensierata e che anzi tiene lo spettatore continuamente teso sull&#8217;orlo della sedia, nell&#8217;attesa (timore) che la catastrofe che tallona da presso i protagonisti (e in particolare Robbie) finalmente li azzanni e li stritoli, trasformando la farsa in tragedia (non vi dico se alla fine succede o meno, ma certo la sensazione di disastro incombente accompagna in ogni istante la scombinata combriccola di Robbie e dei suoi amici). Nel frattempo la macchina da presa non \u00e8 mai fuori posto, mostrando una Scozia volta a volta urbana o rurale, ma mai oleografica, e gli attori fanno il loro dovere egregiamente, regalandoci una galleria di personaggi e di <em>gag<\/em> non proprio trascinanti ma certo molto accattivanti.<\/p>\n<p><a href=\"http:\/\/www.robertosedda.it\/?attachment_id=1812\" rel=\"attachment wp-att-1812\"><img data-attachment-id=\"1812\" data-permalink=\"https:\/\/www.robertosedda.it\/?attachment_id=1812\" data-orig-file=\"https:\/\/i0.wp.com\/www.robertosedda.it\/wp-content\/uploads\/2012\/12\/left_to_right_Jasmin_Riggins_William_Ruane_Paul_Brannigan_and_Gary_Maitland_star_in_THE_ANGELS_SHARE.jpg?fit=5600%2C3733&amp;ssl=1\" data-orig-size=\"5600,3733\" data-comments-opened=\"1\" data-image-meta=\"{&quot;aperture&quot;:&quot;0&quot;,&quot;credit&quot;:&quot;&quot;,&quot;camera&quot;:&quot;&quot;,&quot;caption&quot;:&quot;&quot;,&quot;created_timestamp&quot;:&quot;0&quot;,&quot;copyright&quot;:&quot;\\u00a9 Joss Barratt \\\/ Sixteen Films&quot;,&quot;focal_length&quot;:&quot;0&quot;,&quot;iso&quot;:&quot;0&quot;,&quot;shutter_speed&quot;:&quot;0&quot;,&quot;title&quot;:&quot;&quot;}\" data-image-title=\"left_to_right_Jasmin_Riggins_William_Ruane_Paul_Brannigan_and_Gary_Maitland_star_in_THE_ANGELS_SHARE\" data-image-description=\"\" data-image-caption=\"\" data-medium-file=\"https:\/\/i0.wp.com\/www.robertosedda.it\/wp-content\/uploads\/2012\/12\/left_to_right_Jasmin_Riggins_William_Ruane_Paul_Brannigan_and_Gary_Maitland_star_in_THE_ANGELS_SHARE.jpg?fit=300%2C199&amp;ssl=1\" data-large-file=\"https:\/\/i0.wp.com\/www.robertosedda.it\/wp-content\/uploads\/2012\/12\/left_to_right_Jasmin_Riggins_William_Ruane_Paul_Brannigan_and_Gary_Maitland_star_in_THE_ANGELS_SHARE.jpg?fit=510%2C340&amp;ssl=1\" decoding=\"async\" loading=\"lazy\" class=\"alignright size-medium wp-image-1812\" src=\"https:\/\/i0.wp.com\/www.robertosedda.it\/wp-content\/uploads\/2012\/12\/left_to_right_Jasmin_Riggins_William_Ruane_Paul_Brannigan_and_Gary_Maitland_star_in_THE_ANGELS_SHARE.jpg?resize=300%2C199\" alt=\"left_to_right_Jasmin_Riggins_William_Ruane_Paul_Brannigan_and_Gary_Maitland_star_in_THE_ANGELS_SHARE\" width=\"300\" height=\"199\" srcset=\"https:\/\/i0.wp.com\/www.robertosedda.it\/wp-content\/uploads\/2012\/12\/left_to_right_Jasmin_Riggins_William_Ruane_Paul_Brannigan_and_Gary_Maitland_star_in_THE_ANGELS_SHARE.jpg?resize=300%2C199&amp;ssl=1 300w, https:\/\/i0.wp.com\/www.robertosedda.it\/wp-content\/uploads\/2012\/12\/left_to_right_Jasmin_Riggins_William_Ruane_Paul_Brannigan_and_Gary_Maitland_star_in_THE_ANGELS_SHARE.jpg?resize=1024%2C682&amp;ssl=1 1024w, https:\/\/i0.wp.com\/www.robertosedda.it\/wp-content\/uploads\/2012\/12\/left_to_right_Jasmin_Riggins_William_Ruane_Paul_Brannigan_and_Gary_Maitland_star_in_THE_ANGELS_SHARE.jpg?resize=700%2C466&amp;ssl=1 700w, https:\/\/i0.wp.com\/www.robertosedda.it\/wp-content\/uploads\/2012\/12\/left_to_right_Jasmin_Riggins_William_Ruane_Paul_Brannigan_and_Gary_Maitland_star_in_THE_ANGELS_SHARE.jpg?w=1600 1600w, https:\/\/i0.wp.com\/www.robertosedda.it\/wp-content\/uploads\/2012\/12\/left_to_right_Jasmin_Riggins_William_Ruane_Paul_Brannigan_and_Gary_Maitland_star_in_THE_ANGELS_SHARE.jpg?w=2400 2400w\" sizes=\"(max-width: 300px) 100vw, 300px\" data-recalc-dims=\"1\" \/><\/a>Tutto bene, quindi? Insomma. Il <em>film<\/em> \u00e8 diviso in alcuni blocchi narrativi che non sembrano del tutto equilibrati, come se avendo trascorso troppo tempo a porre le premesse il finale e lo scioglimento debbano essere un po&#8217; tirati via. O meglio: la storia viene raccontata per intero e i personaggi giungono al proprio destino, ma sembra che Loach si rifiuti di tirare le conclusioni della parabola che ha raccontato; non \u00e8 un elemento di forza, come se fosse un lasciar libero lo spettatore di farsi la propria idea: sembra piuttosto un segno di stanchezza creativa.<\/p>\n<p><a href=\"http:\/\/www.robertosedda.it\/?attachment_id=1816\" rel=\"attachment wp-att-1816\"><img data-attachment-id=\"1816\" data-permalink=\"https:\/\/www.robertosedda.it\/?attachment_id=1816\" data-orig-file=\"https:\/\/i0.wp.com\/www.robertosedda.it\/wp-content\/uploads\/2012\/12\/lapartedegliangeli1.jpg?fit=585%2C384&amp;ssl=1\" data-orig-size=\"585,384\" data-comments-opened=\"1\" data-image-meta=\"{&quot;aperture&quot;:&quot;0&quot;,&quot;credit&quot;:&quot;&quot;,&quot;camera&quot;:&quot;&quot;,&quot;caption&quot;:&quot;&quot;,&quot;created_timestamp&quot;:&quot;0&quot;,&quot;copyright&quot;:&quot;&quot;,&quot;focal_length&quot;:&quot;0&quot;,&quot;iso&quot;:&quot;0&quot;,&quot;shutter_speed&quot;:&quot;0&quot;,&quot;title&quot;:&quot;&quot;}\" data-image-title=\"lapartedegliangeli1\" data-image-description=\"\" data-image-caption=\"\" data-medium-file=\"https:\/\/i0.wp.com\/www.robertosedda.it\/wp-content\/uploads\/2012\/12\/lapartedegliangeli1.jpg?fit=300%2C196&amp;ssl=1\" data-large-file=\"https:\/\/i0.wp.com\/www.robertosedda.it\/wp-content\/uploads\/2012\/12\/lapartedegliangeli1.jpg?fit=510%2C335&amp;ssl=1\" decoding=\"async\" loading=\"lazy\" class=\"alignleft size-medium wp-image-1816\" src=\"https:\/\/i0.wp.com\/www.robertosedda.it\/wp-content\/uploads\/2012\/12\/lapartedegliangeli1.jpg?resize=300%2C196\" alt=\"lapartedegliangeli1\" width=\"300\" height=\"196\" srcset=\"https:\/\/i0.wp.com\/www.robertosedda.it\/wp-content\/uploads\/2012\/12\/lapartedegliangeli1.jpg?resize=300%2C196&amp;ssl=1 300w, https:\/\/i0.wp.com\/www.robertosedda.it\/wp-content\/uploads\/2012\/12\/lapartedegliangeli1.jpg?w=585&amp;ssl=1 585w\" sizes=\"(max-width: 300px) 100vw, 300px\" data-recalc-dims=\"1\" \/><\/a>Ho avuto (e rifiutato) un&#8217;altra perplessit\u00e0: e riguarda il realismo della messa in scena. Anche non considerando la traduzione, che sicuramente fa perdere parecchio, i personaggi mi sono sembrati tutti un po&#8217; troppo leccati, un po&#8217; troppo colti, un po&#8217; troppo sensibili per essere gli sbandati che dovrebbero rappresentare; a Loach non interessa, evidentemente, calcare la mano su turpiloquio, abiezione e disperazione, e secondo me fa bene: mettere dosi massicce di degrado manierato alla <em>Trainspotting<\/em> non avrebbe aggiunto nulla alla narrazione. E d&#8217;altra parte se <em>Bellas mariposas<\/em>, con la sua crudezza, <a href=\"http:\/\/www.robertosedda.it\/?p=1172#comment-836\">ha dato l&#8217;impressione a qualcuno di non essere partecipe<\/a>, qui \u00e8 chiarissimo da che parte sta il regista: <em>La parte degli angeli<\/em> \u00e8 una storia di redenzioni, ripartenze e seconde possibilit\u00e0, a cui tutti hanno diritto, fosse solo anche quella di andare in un bar, pieni di soldi, e sbronzarsi, con la sicurezza che Loach, alla fine, offrir\u00e0 un giro anche lui.<\/p>\n<div class=\"jetpack-video-wrapper\"><span class=\"embed-youtube\" style=\"text-align:center; display: block;\"><iframe class=\"youtube-player\" width=\"800\" height=\"450\" src=\"https:\/\/www.youtube.com\/embed\/WizDm4ZmJTo?version=3&#038;rel=1&#038;showsearch=0&#038;showinfo=1&#038;iv_load_policy=1&#038;fs=1&#038;hl=it-IT&#038;autohide=2&#038;wmode=transparent\" allowfullscreen=\"true\" style=\"border:0;\" sandbox=\"allow-scripts allow-same-origin allow-popups allow-presentation\"><\/iframe><\/span><\/div>\n","protected":false},"excerpt":{"rendered":"<p>La parte degli angeli (Ken Loach, 2012) A Torino in carcere fanno il caff\u00e8: una parte lo passano ai detenuti<\/p>\n","protected":false},"author":1,"featured_media":0,"comment_status":"open","ping_status":"open","sticky":false,"template":"","format":"video","meta":{"_mi_skip_tracking":false,"_monsterinsights_sitenote_active":false,"_monsterinsights_sitenote_note":"","_monsterinsights_sitenote_category":0,"jetpack_post_was_ever_published":false,"_jetpack_newsletter_access":"","jetpack_publicize_message":"","jetpack_is_tweetstorm":false,"jetpack_publicize_feature_enabled":true,"jetpack_social_post_already_shared":false,"jetpack_social_options":{"image_generator_settings":{"template":"highway","enabled":false}}},"categories":[52,14,56,82,12],"tags":[],"jetpack_publicize_connections":[],"jetpack_featured_media_url":"","jetpack_sharing_enabled":true,"jetpack_shortlink":"https:\/\/wp.me\/p4jV2T-t9","jetpack_likes_enabled":true,"jetpack-related-posts":[{"id":2091,"url":"https:\/\/www.robertosedda.it\/?p=2091","url_meta":{"origin":1807,"position":0},"title":"Prigioni, rivolte e condanne a morte","author":"Rufus","date":"27\/01\/2013","format":false,"excerpt":"Oggi appunto qui sopra due fatti del tutto scollegati fra loro se non per il fatto che ne ho letto la notizia lo stesso giorno e per il fatto che genericamente hanno a che fare con le carceri e il sistema giudiziario - e quindi le condizioni sociali - di\u2026","rel":"","context":"In &quot;Coordinate&quot;","block_context":{"text":"Coordinate","link":"https:\/\/www.robertosedda.it\/?cat=52"},"img":{"alt_text":"","src":"https:\/\/i0.wp.com\/www.robertosedda.it\/wp-content\/uploads\/2013\/01\/Port-Said-rivolta.jpg?fit=459%2C304&ssl=1&resize=350%2C200","width":350,"height":200},"classes":[]},{"id":14374,"url":"https:\/\/www.robertosedda.it\/?p=14374","url_meta":{"origin":1807,"position":1},"title":"Mendicare (e la Chiesa)","author":"Rufus","date":"28\/11\/2017","format":false,"excerpt":"Questa estate in Alto Adige sono andato in chiesa (a Malles) e ho trovato questo: Era la copertina di un volantino stampato dai Gesuiti di Innsbruck e poi fatto proprio dalla diocesi: una breve lettura molto interessante che raccomando (non vi preoccupate per il tedesco: \u00e8 bilingue). Dice cose tipo:\u2026","rel":"","context":"In &quot;Coordinate&quot;","block_context":{"text":"Coordinate","link":"https:\/\/www.robertosedda.it\/?cat=52"},"img":{"alt_text":"","src":"https:\/\/i0.wp.com\/www.robertosedda.it\/wp-content\/uploads\/2017\/11\/Noi-e-i-mendicanti.jpg?fit=1000%2C565&ssl=1&resize=350%2C200","width":350,"height":200,"srcset":"https:\/\/i0.wp.com\/www.robertosedda.it\/wp-content\/uploads\/2017\/11\/Noi-e-i-mendicanti.jpg?fit=1000%2C565&ssl=1&resize=350%2C200 1x, https:\/\/i0.wp.com\/www.robertosedda.it\/wp-content\/uploads\/2017\/11\/Noi-e-i-mendicanti.jpg?fit=1000%2C565&ssl=1&resize=700%2C400 2x"},"classes":[]},{"id":14108,"url":"https:\/\/www.robertosedda.it\/?p=14108","url_meta":{"origin":1807,"position":2},"title":"I fantasmi di Gramsci","author":"Rufus","date":"05\/09\/2017","format":"video","excerpt":"https:\/\/www.youtube.com\/watch?v=1950jqyfK6I Visto ieri\u00a0Nel mondo grande e terribile, piccolo e interessante film su Gramsci, che copre sostanzialmente il periodo della detenzione nel carcere di Turi di Bari. Non sono abbastanza esperto di Gramsci per giudicare della resa delle sue idee, che mi \u00e8 parsa a un tempo interessante e zoppicante: marginalmente\u2026","rel":"","context":"In &quot;Biografie&quot;","block_context":{"text":"Biografie","link":"https:\/\/www.robertosedda.it\/?cat=83"},"img":{"alt_text":"","src":"https:\/\/i0.wp.com\/www.robertosedda.it\/wp-content\/uploads\/2017\/09\/Gramsci.jpg?fit=1200%2C646&ssl=1&resize=350%2C200","width":350,"height":200,"srcset":"https:\/\/i0.wp.com\/www.robertosedda.it\/wp-content\/uploads\/2017\/09\/Gramsci.jpg?fit=1200%2C646&ssl=1&resize=350%2C200 1x, https:\/\/i0.wp.com\/www.robertosedda.it\/wp-content\/uploads\/2017\/09\/Gramsci.jpg?fit=1200%2C646&ssl=1&resize=700%2C400 2x, https:\/\/i0.wp.com\/www.robertosedda.it\/wp-content\/uploads\/2017\/09\/Gramsci.jpg?fit=1200%2C646&ssl=1&resize=1050%2C600 3x"},"classes":[]},{"id":12017,"url":"https:\/\/www.robertosedda.it\/?p=12017","url_meta":{"origin":1807,"position":3},"title":"Falcone e Borsellino sospesi nel vuoto","author":"Rufus","date":"26\/05\/2016","format":"video","excerpt":"Era d'estate (F. Infascelli, Italia 2015) Visto il successo ottenuto rester\u00e0 qualche giorno in pi\u00f9 nelle sale questo bel film e perci\u00f2 mi permetto di consigliarvi di vederlo: ieri all'Odissea c'\u00e8 scappato pure l'applauso finale, alla presenza della regista. La storia, credo abbastanza nota,\u00a0si colloca nel 1985 alla vigilia del\u2026","rel":"","context":"In &quot;Coordinate&quot;","block_context":{"text":"Coordinate","link":"https:\/\/www.robertosedda.it\/?cat=52"},"img":{"alt_text":"","src":"https:\/\/i0.wp.com\/www.robertosedda.it\/wp-content\/uploads\/2016\/05\/locandina.jpg?fit=420%2C600&ssl=1&resize=350%2C200","width":350,"height":200},"classes":[]},{"id":1805,"url":"https:\/\/www.robertosedda.it\/?p=1805","url_meta":{"origin":1807,"position":4},"title":"Due o tre cose che so sull&#8217;obiezione di coscienza","author":"Rufus","date":"04\/02\/2013","format":false,"excerpt":"Il post dell'altro giorno su Montecitorio e l'obiezione di coscienza \u00e8 legato al fatto che a fine dicembre \u00e8 stata esposta a Cagliari la Madonna di Nagasaki: in quell'occasione la Caritas ha organizzato un convegno per ricordare il trentennale della legge istitutiva del servizio civile. ll convegno \u00e8 stato un\u2026","rel":"","context":"In &quot;Biografie&quot;","block_context":{"text":"Biografie","link":"https:\/\/www.robertosedda.it\/?cat=83"},"img":{"alt_text":"","src":"https:\/\/i0.wp.com\/www.robertosedda.it\/wp-content\/uploads\/2013\/02\/189095_1008070813927_9322_n.jpg?fit=604%2C453&ssl=1&resize=350%2C200","width":350,"height":200},"classes":[]},{"id":12347,"url":"https:\/\/www.robertosedda.it\/?p=12347","url_meta":{"origin":1807,"position":5},"title":"SEGNALAZIONI: Recuperi estivi","author":"Rufus","date":"23\/08\/2016","format":false,"excerpt":"Vedo che oggi e dopodomani la benemerita\u00a0arena estiva di Villa Muscas ripropone due film che mi sono piaciuti molto e di cui ho parlato: non perdeteli! 23 agosto ERA D\u2019ESTATE di Fiorella Infascelli. Con Massimo Popolizio, Beppe Fiorello, Valeria Solarino, Dramm. 100\u2019 - Italia 2015 Estate 1985. Giovanni Falcone e\u2026","rel":"","context":"In &quot;Coordinate&quot;","block_context":{"text":"Coordinate","link":"https:\/\/www.robertosedda.it\/?cat=52"},"img":{"alt_text":"","src":"","width":0,"height":0},"classes":[]}],"_links":{"self":[{"href":"https:\/\/www.robertosedda.it\/index.php?rest_route=\/wp\/v2\/posts\/1807"}],"collection":[{"href":"https:\/\/www.robertosedda.it\/index.php?rest_route=\/wp\/v2\/posts"}],"about":[{"href":"https:\/\/www.robertosedda.it\/index.php?rest_route=\/wp\/v2\/types\/post"}],"author":[{"embeddable":true,"href":"https:\/\/www.robertosedda.it\/index.php?rest_route=\/wp\/v2\/users\/1"}],"replies":[{"embeddable":true,"href":"https:\/\/www.robertosedda.it\/index.php?rest_route=%2Fwp%2Fv2%2Fcomments&post=1807"}],"version-history":[{"count":12,"href":"https:\/\/www.robertosedda.it\/index.php?rest_route=\/wp\/v2\/posts\/1807\/revisions"}],"predecessor-version":[{"id":18307,"href":"https:\/\/www.robertosedda.it\/index.php?rest_route=\/wp\/v2\/posts\/1807\/revisions\/18307"}],"wp:attachment":[{"href":"https:\/\/www.robertosedda.it\/index.php?rest_route=%2Fwp%2Fv2%2Fmedia&parent=1807"}],"wp:term":[{"taxonomy":"category","embeddable":true,"href":"https:\/\/www.robertosedda.it\/index.php?rest_route=%2Fwp%2Fv2%2Fcategories&post=1807"},{"taxonomy":"post_tag","embeddable":true,"href":"https:\/\/www.robertosedda.it\/index.php?rest_route=%2Fwp%2Fv2%2Ftags&post=1807"}],"curies":[{"name":"wp","href":"https:\/\/api.w.org\/{rel}","templated":true}]}}