{"id":18066,"date":"2020-04-04T21:55:32","date_gmt":"2020-04-04T19:55:32","guid":{"rendered":"http:\/\/www.robertosedda.it\/?p=18066"},"modified":"2022-04-05T10:57:17","modified_gmt":"2022-04-05T08:57:17","slug":"la-lectio-della-inaudita-domenica-delle-palme","status":"publish","type":"post","link":"https:\/\/www.robertosedda.it\/?p=18066","title":{"rendered":"La lectio della inaudita Domenica delle Palme"},"content":{"rendered":"\n<p>Non so bene che impressione mi far\u00e0, domani, partecipare da casa ai riti mutili della Domenica delle Palme a causa dell&#8217;emergenza. Una domenica abbastanza inaudita, certamente per quelli della mia generazione ma probabilmente anche per quelli che hanno vissuto altri cataclismi come quello della guerra. Ad ogni modo, continuo con l&#8217;abitudine di proporre ausili per una <em>lectio<\/em> da fare a distanza o da soli, pratica che devo dire trovo consolante. Come al solito ricordo che lo schema generale della <em>lectio<\/em> e il modo di farla del gruppo <em>La Pira<\/em> sono spiegati in <a href=\"http:\/\/www.robertosedda.it\/?p=17748\">questo vecchio articolo<\/a> e che se date un&#8217;occhiata alle <em><a href=\"http:\/\/www.robertosedda.it\/?s=lectio\">lectio<\/a><\/em> per le settimane scorse trovate probabilmente altri materiali utili.<\/p>\n\n\n\n<p>Un ultimo chiarimento: il Vangelo di domani \u00e8, in realt\u00e0, il racconto della Passione, che \u00e8 molto lungo e non si presta, probabilmente, alla <em>lectio<\/em>. Ho quindi scelto, come diversi dei siti di riferimento abituali, il Vangelo dell&#8217;ingresso di Ges\u00f9 a Gerusalemme, che si dovrebbe leggere prima della processione delle Palme e che \u00e8, appunto, tipico di domani.<\/p>\n\n\n\n<h3>Il brano<\/h3>\n\n\n\n<figure class=\"wp-block-image alignwide size-full\"><img data-attachment-id=\"18069\" data-permalink=\"https:\/\/www.robertosedda.it\/?attachment_id=18069\" data-orig-file=\"https:\/\/i0.wp.com\/www.robertosedda.it\/wp-content\/uploads\/2020\/04\/Rupnik-pantocrator.jpg?fit=400%2C292&amp;ssl=1\" data-orig-size=\"400,292\" data-comments-opened=\"1\" data-image-meta=\"{&quot;aperture&quot;:&quot;8&quot;,&quot;credit&quot;:&quot;&quot;,&quot;camera&quot;:&quot;NIKON D300&quot;,&quot;caption&quot;:&quot;&quot;,&quot;created_timestamp&quot;:&quot;1333900091&quot;,&quot;copyright&quot;:&quot;&quot;,&quot;focal_length&quot;:&quot;60&quot;,&quot;iso&quot;:&quot;100&quot;,&quot;shutter_speed&quot;:&quot;3&quot;,&quot;title&quot;:&quot;&quot;,&quot;orientation&quot;:&quot;1&quot;}\" data-image-title=\"Rupnik-pantocrator\" data-image-description=\"\" data-image-caption=\"\" data-medium-file=\"https:\/\/i0.wp.com\/www.robertosedda.it\/wp-content\/uploads\/2020\/04\/Rupnik-pantocrator.jpg?fit=300%2C219&amp;ssl=1\" data-large-file=\"https:\/\/i0.wp.com\/www.robertosedda.it\/wp-content\/uploads\/2020\/04\/Rupnik-pantocrator.jpg?fit=400%2C292&amp;ssl=1\" decoding=\"async\" loading=\"lazy\" width=\"400\" height=\"292\" src=\"https:\/\/i0.wp.com\/www.robertosedda.it\/wp-content\/uploads\/2020\/04\/Rupnik-pantocrator.jpg?resize=400%2C292\" alt=\"\" class=\"wp-image-18069\" srcset=\"https:\/\/i0.wp.com\/www.robertosedda.it\/wp-content\/uploads\/2020\/04\/Rupnik-pantocrator.jpg?w=400&amp;ssl=1 400w, https:\/\/i0.wp.com\/www.robertosedda.it\/wp-content\/uploads\/2020\/04\/Rupnik-pantocrator.jpg?resize=300%2C219&amp;ssl=1 300w, https:\/\/i0.wp.com\/www.robertosedda.it\/wp-content\/uploads\/2020\/04\/Rupnik-pantocrator.jpg?resize=150%2C110&amp;ssl=1 150w\" sizes=\"(max-width: 400px) 100vw, 400px\" data-recalc-dims=\"1\" \/><\/figure>\n\n\n\n<p>Prima di tutto, il Vangelo di riferimento (Mt 21, 1-11):<\/p>\n\n\n\n<p><em>Quando furono vicini a Gerusalemme e giunsero presso B\u00e8tfage, verso il monte degli Ulivi, Ges\u00f9 mand\u00f2 due discepoli, dicendo loro: \u00abAndate nel villaggio di fronte a voi e subito troverete un\u2019asina, legata, e con essa un puledro. Slegateli e conduceteli da me. E se qualcuno vi dir\u00e0 qualcosa, rispondete: \u201cIl Signore ne ha bisogno, ma li rimander\u00e0 indietro subito\u201d\u00bb. Ora questo avvenne perch\u00e9 si compisse ci\u00f2 che era stato detto per mezzo del profeta: \u00abDite alla figlia di Sion: \u201cEcco, a te viene il tuo re, mite, seduto su un\u2019asina e su un puledro, figlio di una bestia da soma\u201d\u00bb.<br \/>I discepoli andarono e fecero quello che aveva ordinato loro Ges\u00f9: condussero l\u2019asina e il puledro, misero su di essi i mantelli ed egli vi si pose a sedere. La folla, numerosissima, stese i propri mantelli sulla strada, mentre altri tagliavano rami dagli alberi e li stendevano sulla strada. La folla che lo precedeva e quella che lo seguiva, gridava: \u00abOsanna al figlio di Davide! Benedetto colui che viene nel nome del Signore! Osanna nel pi\u00f9 alto dei cieli!\u00bb.<br \/>Mentre egli entrava in Gerusalemme, tutta la citt\u00e0 fu presa da agitazione e diceva: \u00abChi \u00e8 costui?\u00bb. E la folla rispondeva: \u00abQuesti \u00e8 il profeta Ges\u00f9, da N\u00e0zaret di Galilea\u00bb.<\/em><\/p>\n\n\n\n<h3>Commenti utilizzabili<\/h3>\n\n\n\n<p>H cercato di suddividere i brani in gruppi uniformi per rendere pi\u00f9 facile scegliere quello pi\u00f9 utile per le proprie esigenze.<\/p>\n\n\n\n<ul><li>sul sito <em>La bottega del vasaio<\/em> una lunga <em><a href=\"https:\/\/www.labottegadelvasaio.net\/2019\/12\/07\/gesu-asino-re-mite-lectio-mt-21-1-9\/\">lectio<\/a><\/em> molto esaustiva;<\/li><li>un <a href=\"https:\/\/www.gesuiti-villapizzone.it\/sito\/trascrizioni\/mt\/4\/mt_085.pdf\">commento<\/a> molto ampio a cura di padre Filippo Clerici e padre Silvano Fausti;<\/li><li>sul sito <em>Meditare la Parola<\/em>, un buon <a href=\"https:\/\/meditarelaparola.blogspot.com\/2020\/03\/lectio-domenica-delle-palme-anno-a.html\">commento<\/a> versetto per versetto;<\/li><li>sul sito del monastero <em>Matris Domini<\/em> un altro <a href=\"https:\/\/www.matrisdomini.org\/images\/PDF\/Anno%20A%202017\/Quaresima\/Mt%2021,1-11.pdf\">commento<\/a> versetto per versetto;<\/li><li>sul sito <em>Studi biblici<\/em>, un <a href=\"https:\/\/www.studibiblici.it\/VideoOmelie\/trascrizioni\/Commento%20al%20Vangelo%20di%20P.%20Alberto%20Maggi%20-%209%20apr%202017.pdf\">commento<\/a> passo passo di padre Alberto Maggi;<\/li><\/ul>\n\n\n\n<hr class=\"wp-block-separator\"\/>\n\n\n\n<ul><li>un <a href=\"http:\/\/www.sanmartinoipapa.it\/files\/LD-DomdellePalmeAnnoA14.pdf\">commento<\/a> generale sul testo a cura della parrocchia San Martino I Papa in Roma; <\/li><\/ul>\n\n\n\n<hr class=\"wp-block-separator\"\/>\n\n\n\n<ul><li>sul sito del monastero di Bose, un <a href=\"https:\/\/www.monasterodibose.it\/preghiera\/vangelo\/13759-la-grande-forza-di-un-messia-mite\">commento<\/a> del priore Luciano Manicardi che riflette sulla dimensione <em>profetica<\/em> del brano;<\/li><li>sempre dal sito <em>Studi biblici<\/em> un altro <a href=\"https:\/\/www.studibiblici.it\/VideoOmelie\/trascrizioni\/Commento%20al%20Vangelo%20di%20P.%20Alberto%20Maggi%20-%2017%20apr%2011.pdf\">commento<\/a> di padre Alberto Maggi, incentrato sul tema della <em>illusione<\/em> in Gerusalemme, che si discosta in parte dal precedente;<\/li><li>un <a href=\"https:\/\/www.lapartebuona.it\/commenti-ai-vangeli-della-domenica\/gesu-il-messia-vuole-entrare-nella-vita-di-ogni-uomo-e-donna-commento-al-vangelo-dellingresso-messianico-di-gesu-a-gerusalemme-mt-211-11-della-domenica-delle-palme-a-cura-di-giulio-michelini\/\">commento<\/a> di Giulio Michelini, incentrato sul tema dell&#8217;<em>ingresso<\/em>.<\/li><\/ul>\n\n\n\n<h3>Altri materiali utili per ciascun passo della <em>lectio<\/em><\/h3>\n\n\n\n<p>L\u2019intero testo della Liturgia della Parola si trova sul sito de <em><a href=\"http:\/\/www.lachiesa.it\/calendario\/Detailed\/20200329.shtml\">LaChiesa.it<\/a>.<\/em><\/p>\n\n\n\n<h4>Per iniziare<\/h4>\n\n\n\n<p><strong>Antifona d\u2019ingresso<\/strong><\/p>\n\n\n\n<p><em>Osanna al Figlio di Davide.<br \/>Benedetto colui che viene nel nome del Signore:<br \/>\u00e8 il Re d&#8217;Israele.<br \/>Osanna nell&#8217;alto dei cieli.<\/em><\/p>\n\n\n\n<p><em>oppure<\/em><\/p>\n\n\n\n<p><strong>Canto delle Palme<\/strong><\/p>\n\n\n\n<p><em><strong>R.<\/strong><\/em> <em>I bambini ebrei, portando rami d\u2019ulivo<br \/>andarono incontro al Signore, acclamando e dicendo: <br \/>Osanna nell\u2019alto dei cieli!<\/em><\/p>\n\n\n\n<p><em>Del Signore \u00e8 la terra e quanto contiene<br \/>l\u2019universo e quanti vi abitano<br \/>\u00e8 lui che l\u2019ha fissata sui mari<br \/>resa stabile sugli abissi.<\/em><\/p>\n\n\n\n<p><em>Chi pu\u00f2 salire sul monte del Signore?<br \/>chi pu\u00f2 stare nel luogo del suo Santo?<br \/>chi ha mani innocenti e cuore puro<br \/>chi non consegna agli idoli la sua vita<br \/>chi non giura con intenzioni fraudolente.<\/em><\/p>\n\n\n\n<h4>Invocazione allo Spirito prima della <em>lectio<\/em><\/h4>\n\n\n\n<p><strong>Invocazione allo Spirito della Comunit\u00e0 di Bose<\/strong><\/p>\n\n\n\n<p><em>Signore, noi ti ringraziamo<br \/>perch\u00e9 ci hai riuniti alla tua presenza<br \/>per farci ascoltare la tua Parola<br \/>in essa tu ci riveli il tuo amore<br \/>e ci fai conoscere la tua volont\u00e0.<\/em><\/p>\n\n\n\n<p><em>Fa tacere in noi ogni altra voce<br \/>che non sia la tua,<br \/>e perch\u00e9 non troviamo condanna<br \/>nella tua Parola<br \/>letta ma non accolta,<br \/>meditata ma non amata,<br \/>pregata ma non custodita,<br \/>contemplata ma non realizzata,<br \/>manda il tuo Spirito Santo<br \/>ad aprire le nostre menti<br \/>e a guarire i nostri cuori.<\/em><\/p>\n\n\n\n<p><em>Solo cos\u00ec il nostro incontro<br \/>con la tua Parola<br \/>sar\u00e0 rinnovamento dell\u2019alleanza,<br \/>comunione con te e il Figlio<br \/>e lo Spirito santo,<br \/>Dio benedetto nei secoli dei secoli.<br \/>Amen.<\/em><\/p>\n\n\n\n<h4><strong>Al termine della <em>contemplatio<\/em><\/strong><\/h4>\n\n\n\n<p><strong>Salmo 24<\/strong><\/p>\n\n\n\n<p><em>Del Signore \u00e8 la terra e quanto contiene<br \/>l\u2019universo e quanti vi abitano<br \/>\u00e8 lui che l\u2019ha fissata sui mari<br \/>resa stabile sugli abissi.<\/em><\/p>\n\n\n\n<p><em>Chi pu\u00f2 salire sul monte del Signore?<br \/>chi pu\u00f2 stare nel luogo del suo Santo?<br \/>Chi ha mani innocenti e cuore puro<br \/>chi non consegna agli idoli la sua vita<br \/>chi non giura con intenzioni fraudolente.<\/em><\/p>\n\n\n\n<p><em>E gli otterr\u00e0 la benedizione dal Signore<br \/>la giustificazione da Dio sua salvezza<br \/>ecco la generazione che lo cerca<br \/>Giacobbe che cerca il suo volto.<\/em><\/p>\n\n\n\n<p><em>Alzate, o porte, i vostri frontali<br \/>alzatevi, porte eterne<br \/>ed entri il Re della gloria!<\/em><\/p>\n\n\n\n<p><em>Chi \u00e8 questo Re della gloria?<br \/>il Signore forte e potente<br \/>il Signore potente nella lotta!<\/em><\/p>\n\n\n\n<p><em>Alzate, o porte, i vostri frontali<br \/>alzatevi, porte eterne<br \/>ed entri il Re della gloria!<\/em><\/p>\n\n\n\n<p><em>Chi \u00e8 questo Re della gloria?<br \/>il Signore di tutto l\u2019universo<br \/>egli \u00e8 il Re della gloria!<\/em><\/p>\n\n\n\n<h4>Per la conclusione dell\u2019incontro<\/h4>\n\n\n\n<p><em>Signore Ges\u00f9, ti ringraziamo per la tua Parola che ci ha fatto vedere meglio la volont\u00e0 del Padre. Fa che il tuo Spirito illumini le nostre azioni e ci comunichi la forza per eseguire quello che la Tua Parola ci ha fatto vedere. Fa che noi, come Maria, tua Madre, possiamo non solo ascoltare ma anche praticare la Parola. Tu che vivi e regni con il Padre nell\u2019unit\u00e0 dello Spirito Santo, nei secoli dei secoli. Amen.<\/em><\/p>\n","protected":false},"excerpt":{"rendered":"<p>Non so bene che impressione mi far\u00e0, domani, partecipare da casa ai riti mutili della Domenica delle Palme a causa<\/p>\n","protected":false},"author":1,"featured_media":18069,"comment_status":"open","ping_status":"open","sticky":false,"template":"","format":"standard","meta":{"_mi_skip_tracking":false,"_monsterinsights_sitenote_active":false,"_monsterinsights_sitenote_note":"","_monsterinsights_sitenote_category":0,"jetpack_post_was_ever_published":false,"_jetpack_newsletter_access":"","jetpack_publicize_message":"","jetpack_is_tweetstorm":false,"jetpack_publicize_feature_enabled":true,"jetpack_social_post_already_shared":true,"jetpack_social_options":{"image_generator_settings":{"template":"highway","enabled":false}}},"categories":[52,54,17,62,16],"tags":[],"jetpack_publicize_connections":[],"jetpack_featured_media_url":"https:\/\/i0.wp.com\/www.robertosedda.it\/wp-content\/uploads\/2020\/04\/Rupnik-pantocrator.jpg?fit=400%2C292&ssl=1","jetpack_sharing_enabled":true,"jetpack_shortlink":"https:\/\/wp.me\/p4jV2T-4Ho","jetpack_likes_enabled":true,"jetpack-related-posts":[{"id":17748,"url":"https:\/\/www.robertosedda.it\/?p=17748","url_meta":{"origin":18066,"position":0},"title":"Come fare una lectio divina autogestita","author":"Rufus","date":"23\/01\/2020","format":false,"excerpt":"La lectio divina \u00e8 una antica pratica della tradizione monastica di studio e meditazione della Bibbia, venuta in auge nelle comunit\u00e0 parrocchiali e nelle associazioni laicali negli anni del post-Concilio. In Italia la sua divulgazione \u00e8 legata in particolar modo al lavoro del Cardinal Martini, anche se la sua diffusione\u2026","rel":"","context":"In &quot;Coordinate&quot;","block_context":{"text":"Coordinate","link":"https:\/\/www.robertosedda.it\/?cat=52"},"img":{"alt_text":"","src":"https:\/\/i0.wp.com\/www.robertosedda.it\/wp-content\/uploads\/2020\/01\/lectio.jpg?fit=810%2C538&ssl=1&resize=350%2C200","width":350,"height":200,"srcset":"https:\/\/i0.wp.com\/www.robertosedda.it\/wp-content\/uploads\/2020\/01\/lectio.jpg?fit=810%2C538&ssl=1&resize=350%2C200 1x, https:\/\/i0.wp.com\/www.robertosedda.it\/wp-content\/uploads\/2020\/01\/lectio.jpg?fit=810%2C538&ssl=1&resize=700%2C400 2x"},"classes":[]},{"id":18097,"url":"https:\/\/www.robertosedda.it\/?p=18097","url_meta":{"origin":18066,"position":1},"title":"Lectio in albis","author":"Rufus","date":"18\/04\/2020","format":false,"excerpt":"Domani il gruppo La Pira fa la sua lectio periodica. I materiali che utilizzeremo sono quelli che trovate qui sotto, e possono essere utili anche ad altri che vogliono fare una esperienza simile. Il metodo \u00e8 spiegato in questo vecchio articolo; anche quando il gruppo non si riunisce (virtualmente, in\u2026","rel":"","context":"In &quot;Coordinate&quot;","block_context":{"text":"Coordinate","link":"https:\/\/www.robertosedda.it\/?cat=52"},"img":{"alt_text":"","src":"https:\/\/i0.wp.com\/www.robertosedda.it\/wp-content\/uploads\/2020\/04\/Pentecoste-Rupnik.jpg?fit=430%2C540&ssl=1&resize=350%2C200","width":350,"height":200},"classes":[]},{"id":18083,"url":"https:\/\/www.robertosedda.it\/?p=18083","url_meta":{"origin":18066,"position":2},"title":"Lectio di Pasqua","author":"Rufus","date":"11\/04\/2020","format":false,"excerpt":"Trovate qui di seguito, come ogni sabato, i materiali per una lectio sul Vangelo della domenica, da fare da soli o in comunit\u00e0 (telematica, in questo periodo). Come al solito ricordo che lo schema generale della lectio e il modo di farla del gruppo La Pira sono spiegati in questo\u2026","rel":"","context":"In &quot;Coordinate&quot;","block_context":{"text":"Coordinate","link":"https:\/\/www.robertosedda.it\/?cat=52"},"img":{"alt_text":"","src":"https:\/\/i0.wp.com\/www.robertosedda.it\/wp-content\/uploads\/2020\/04\/Rupnik-Pasqua.jpg?fit=822%2C1024&ssl=1&resize=350%2C200","width":350,"height":200,"srcset":"https:\/\/i0.wp.com\/www.robertosedda.it\/wp-content\/uploads\/2020\/04\/Rupnik-Pasqua.jpg?fit=822%2C1024&ssl=1&resize=350%2C200 1x, https:\/\/i0.wp.com\/www.robertosedda.it\/wp-content\/uploads\/2020\/04\/Rupnik-Pasqua.jpg?fit=822%2C1024&ssl=1&resize=700%2C400 2x"},"classes":[]},{"id":18590,"url":"https:\/\/www.robertosedda.it\/?p=18590","url_meta":{"origin":18066,"position":3},"title":"La lectio che abbiamo gi\u00e0 fatto","author":"Rufus","date":"30\/04\/2021","format":false,"excerpt":"A quanto pare il gruppo La Pira ci ha preso gusto e domenica, alle 18,00, facciamo di nuovo lectio, in questo caso sul brano della vite e dei tralci che si trova al Vangelo di Giovanni al capitolo 15, versetti 1-8. Si tratta di un brano su cui abbiamo gi\u00e0\u2026","rel":"","context":"In &quot;Coordinate&quot;","block_context":{"text":"Coordinate","link":"https:\/\/www.robertosedda.it\/?cat=52"},"img":{"alt_text":"","src":"https:\/\/i0.wp.com\/www.robertosedda.it\/wp-content\/uploads\/2021\/04\/Peter_Paul_Rubens_-_Last_Supper_-_WGA20255-scaled.jpg?fit=989%2C1200&ssl=1&resize=350%2C200","width":350,"height":200,"srcset":"https:\/\/i0.wp.com\/www.robertosedda.it\/wp-content\/uploads\/2021\/04\/Peter_Paul_Rubens_-_Last_Supper_-_WGA20255-scaled.jpg?fit=989%2C1200&ssl=1&resize=350%2C200 1x, https:\/\/i0.wp.com\/www.robertosedda.it\/wp-content\/uploads\/2021\/04\/Peter_Paul_Rubens_-_Last_Supper_-_WGA20255-scaled.jpg?fit=989%2C1200&ssl=1&resize=700%2C400 2x"},"classes":[]},{"id":18500,"url":"https:\/\/www.robertosedda.it\/?p=18500","url_meta":{"origin":18066,"position":4},"title":"La lectio dell&#8217;incontro del giorno dopo","author":"Rufus","date":"17\/04\/2021","format":false,"excerpt":"Dopo un periodo di interruzione domani il gruppo La Pira fa la sua lectio periodica. Cime sempre pubblico qui i materiali che utilizzeremo per renderne pi\u00f9 facile la consultazione al gruppo e anche perch\u00e9 possono essere utili anche ad altri che vogliono fare una esperienza simile. Il metodo \u00e8 spiegato\u2026","rel":"","context":"In &quot;Coordinate&quot;","block_context":{"text":"Coordinate","link":"https:\/\/www.robertosedda.it\/?cat=52"},"img":{"alt_text":"","src":"https:\/\/i0.wp.com\/www.robertosedda.it\/wp-content\/uploads\/2021\/04\/3039px-1602-3_CaravaggioSupper_at_Emmaus_National_Gallery_London-scaled.jpg?fit=1200%2C853&ssl=1&resize=350%2C200","width":350,"height":200,"srcset":"https:\/\/i0.wp.com\/www.robertosedda.it\/wp-content\/uploads\/2021\/04\/3039px-1602-3_CaravaggioSupper_at_Emmaus_National_Gallery_London-scaled.jpg?fit=1200%2C853&ssl=1&resize=350%2C200 1x, https:\/\/i0.wp.com\/www.robertosedda.it\/wp-content\/uploads\/2021\/04\/3039px-1602-3_CaravaggioSupper_at_Emmaus_National_Gallery_London-scaled.jpg?fit=1200%2C853&ssl=1&resize=700%2C400 2x, https:\/\/i0.wp.com\/www.robertosedda.it\/wp-content\/uploads\/2021\/04\/3039px-1602-3_CaravaggioSupper_at_Emmaus_National_Gallery_London-scaled.jpg?fit=1200%2C853&ssl=1&resize=1050%2C600 3x"},"classes":[]},{"id":18381,"url":"https:\/\/www.robertosedda.it\/?p=18381","url_meta":{"origin":18066,"position":5},"title":"Tempo di Avvento, tempo di lectio","author":"Rufus","date":"18\/12\/2020","format":false,"excerpt":"Il 21 dicembre prossimo, alle 21,00, il gruppo La Pira far\u00e0 la sua lectio di Natale abituale, su Zoom. Come al solito, chi si vuole unire a noi pu\u00f2 contattarci liberamente. Per tutti gli altri posto qui i materiali che utilizzeremo, nel caso volessero ripetere l'esperienza personalmente o con altri\u2026","rel":"","context":"In &quot;Coordinate&quot;","block_context":{"text":"Coordinate","link":"https:\/\/www.robertosedda.it\/?cat=52"},"img":{"alt_text":"","src":"https:\/\/i0.wp.com\/www.robertosedda.it\/wp-content\/uploads\/2020\/12\/1640px-Caravaggio-Nativity1600.jpg?fit=911%2C1200&ssl=1&resize=350%2C200","width":350,"height":200,"srcset":"https:\/\/i0.wp.com\/www.robertosedda.it\/wp-content\/uploads\/2020\/12\/1640px-Caravaggio-Nativity1600.jpg?fit=911%2C1200&ssl=1&resize=350%2C200 1x, https:\/\/i0.wp.com\/www.robertosedda.it\/wp-content\/uploads\/2020\/12\/1640px-Caravaggio-Nativity1600.jpg?fit=911%2C1200&ssl=1&resize=700%2C400 2x"},"classes":[]}],"_links":{"self":[{"href":"https:\/\/www.robertosedda.it\/index.php?rest_route=\/wp\/v2\/posts\/18066"}],"collection":[{"href":"https:\/\/www.robertosedda.it\/index.php?rest_route=\/wp\/v2\/posts"}],"about":[{"href":"https:\/\/www.robertosedda.it\/index.php?rest_route=\/wp\/v2\/types\/post"}],"author":[{"embeddable":true,"href":"https:\/\/www.robertosedda.it\/index.php?rest_route=\/wp\/v2\/users\/1"}],"replies":[{"embeddable":true,"href":"https:\/\/www.robertosedda.it\/index.php?rest_route=%2Fwp%2Fv2%2Fcomments&post=18066"}],"version-history":[{"count":2,"href":"https:\/\/www.robertosedda.it\/index.php?rest_route=\/wp\/v2\/posts\/18066\/revisions"}],"predecessor-version":[{"id":18070,"href":"https:\/\/www.robertosedda.it\/index.php?rest_route=\/wp\/v2\/posts\/18066\/revisions\/18070"}],"wp:featuredmedia":[{"embeddable":true,"href":"https:\/\/www.robertosedda.it\/index.php?rest_route=\/wp\/v2\/media\/18069"}],"wp:attachment":[{"href":"https:\/\/www.robertosedda.it\/index.php?rest_route=%2Fwp%2Fv2%2Fmedia&parent=18066"}],"wp:term":[{"taxonomy":"category","embeddable":true,"href":"https:\/\/www.robertosedda.it\/index.php?rest_route=%2Fwp%2Fv2%2Fcategories&post=18066"},{"taxonomy":"post_tag","embeddable":true,"href":"https:\/\/www.robertosedda.it\/index.php?rest_route=%2Fwp%2Fv2%2Ftags&post=18066"}],"curies":[{"name":"wp","href":"https:\/\/api.w.org\/{rel}","templated":true}]}}