{"id":18055,"date":"2020-04-02T17:18:12","date_gmt":"2020-04-02T15:18:12","guid":{"rendered":"http:\/\/www.robertosedda.it\/?p=18055"},"modified":"2021-04-27T19:40:02","modified_gmt":"2021-04-27T17:40:02","slug":"adatta-ai-giorni","status":"publish","type":"post","link":"https:\/\/www.robertosedda.it\/?p=18055","title":{"rendered":"Adatta ai giorni"},"content":{"rendered":"\n<p>Mentre lavoro <em>YouTube<\/em> mi offre per caso questa canzone di Guccini che non so bene perch\u00e9 trovo stranamente adatta al tempo sospeso attuale.<\/p>\n\n\n\n<p>E niente, mi faceva piacere raccontarlo, e condividerla, sebbene sia (giustamente) considerata probabilmente un Guccini minore. <\/p>\n\n\n\n<p>Oh, cio\u00e8: <em>minore<\/em> forse non \u00e8 un termine adatto a una canzone che \u00e8 in grado cos\u00ec di sorpresa di dire qualcosa in una situazione diversissima da quella per la quale \u00e8 stata scritta, ma insomma, non vorrei passare troppo tempo a discutere: buon ascolto!<\/p>\n\n\n\n<figure class=\"wp-block-embed alignwide is-type-video is-provider-youtube wp-block-embed-youtube wp-embed-aspect-4-3 wp-has-aspect-ratio\"><div class=\"wp-block-embed__wrapper\">\n<span class=\"embed-youtube\" style=\"text-align:center; display: block;\"><iframe loading=\"lazy\" class=\"youtube-player\" width=\"800\" height=\"450\" src=\"https:\/\/www.youtube.com\/embed\/E34c9Ftf35k?version=3&#038;rel=1&#038;showsearch=0&#038;showinfo=1&#038;iv_load_policy=1&#038;fs=1&#038;hl=it-IT&#038;autohide=2&#038;wmode=transparent\" allowfullscreen=\"true\" style=\"border:0;\" sandbox=\"allow-scripts allow-same-origin allow-popups allow-presentation\"><\/iframe><\/span>\n<\/div><\/figure>\n","protected":false},"excerpt":{"rendered":"<p>Mentre lavoro YouTube mi offre per caso questa canzone di Guccini che non so bene perch\u00e9 trovo stranamente adatta al<\/p>\n","protected":false},"author":1,"featured_media":18056,"comment_status":"open","ping_status":"open","sticky":false,"template":"","format":"video","meta":{"_mi_skip_tracking":false,"_monsterinsights_sitenote_active":false,"_monsterinsights_sitenote_note":"","_monsterinsights_sitenote_category":0,"jetpack_post_was_ever_published":false,"_jetpack_newsletter_access":"","jetpack_publicize_message":"Adatta ai giorni \nhttps:\/\/youtu.be\/E34c9Ftf35k","jetpack_is_tweetstorm":false,"jetpack_publicize_feature_enabled":true,"jetpack_social_post_already_shared":true,"jetpack_social_options":{"image_generator_settings":{"template":"highway","enabled":false}}},"categories":[52,53,89,18,16,197],"tags":[],"jetpack_publicize_connections":[],"jetpack_featured_media_url":"https:\/\/i0.wp.com\/www.robertosedda.it\/wp-content\/uploads\/2020\/04\/Guccini.png?fit=763%2C572&ssl=1","jetpack_sharing_enabled":true,"jetpack_shortlink":"https:\/\/wp.me\/p4jV2T-4Hd","jetpack_likes_enabled":true,"jetpack-related-posts":[{"id":18909,"url":"https:\/\/www.robertosedda.it\/?p=18909","url_meta":{"origin":18055,"position":0},"title":"Rispolverare Bennato","author":"Rufus","date":"09\/07\/2021","format":false,"excerpt":"\u00c8 capitato qualche giorno fa, in una riunione, che io abbai usato un'espressione del genere: \u00abGuerre fratricide fra buoni e pi\u00f9 buoni\u00bb. Penso che un altro giorno vi racconter\u00f2 il contesto, che magari \u00e8 anche interessante, ma qui interessa dire che poco dopo qualcuno mi ha corretto: \u00abConsiderati i comportamenti\u2026","rel":"","context":"In &quot;Coordinate&quot;","block_context":{"text":"Coordinate","link":"https:\/\/www.robertosedda.it\/?cat=52"},"img":{"alt_text":"","src":"https:\/\/i0.wp.com\/www.robertosedda.it\/wp-content\/uploads\/2021\/07\/Bennato_rock.jpg?fit=562%2C960&ssl=1&resize=350%2C200","width":350,"height":200},"classes":[]},{"id":14891,"url":"https:\/\/www.robertosedda.it\/?p=14891","url_meta":{"origin":18055,"position":1},"title":"Dieci dischi fondamentali&#8230; pi\u00f9 uno","author":"Rufus","date":"28\/03\/2018","format":"video","excerpt":"Nei giorni scorsi ho partecipato a una delle classiche catene su Facebook: si trattava di elencare in dieci giorni dieci dischi fondamentali della propria vita. La cosa si sommava a qualche discussione familiare successiva alla visione di una successione di puntate de\u00a0I miei vinili. E insomma, mi sono lasciato convincere\u2026","rel":"","context":"In &quot;Coordinate&quot;","block_context":{"text":"Coordinate","link":"https:\/\/www.robertosedda.it\/?cat=52"},"img":{"alt_text":"","src":"https:\/\/i0.wp.com\/www.robertosedda.it\/wp-content\/uploads\/2018\/03\/3.jpg?fit=498%2C500&ssl=1&resize=350%2C200","width":350,"height":200},"classes":[]},{"id":10497,"url":"https:\/\/www.robertosedda.it\/?p=10497","url_meta":{"origin":18055,"position":2},"title":"Purpuzza e giochi di ruolo nelle piazze di Gavoi","author":"Rufus","date":"09\/07\/2015","format":false,"excerpt":"Come vi raccontavo la scorsa settimana\u00a0tre\u00a0Fabbricastorie su quattro, con l'aggiunta di Maria Bonaria, sono stati alla\u00a0XII edizione di\u00a0Isola delle storie\u00a0a Gavoi. Nessuno di noi era mai stato al\u00a0festival, anche se io l'avevo sfiorato pi\u00f9 volte: ma per tutti noi il periodo in cui si tiene la manifestazione \u00e8 sfortunato dal\u2026","rel":"","context":"In &quot;Coordinate&quot;","block_context":{"text":"Coordinate","link":"https:\/\/www.robertosedda.it\/?cat=52"},"img":{"alt_text":"","src":"https:\/\/i0.wp.com\/www.robertosedda.it\/wp-content\/uploads\/2015\/07\/Gavoi-Fabbricastorie-Isola-delle-storie.jpg?fit=800%2C533&ssl=1&resize=350%2C200","width":350,"height":200,"srcset":"https:\/\/i0.wp.com\/www.robertosedda.it\/wp-content\/uploads\/2015\/07\/Gavoi-Fabbricastorie-Isola-delle-storie.jpg?fit=800%2C533&ssl=1&resize=350%2C200 1x, https:\/\/i0.wp.com\/www.robertosedda.it\/wp-content\/uploads\/2015\/07\/Gavoi-Fabbricastorie-Isola-delle-storie.jpg?fit=800%2C533&ssl=1&resize=700%2C400 2x"},"classes":[]},{"id":9305,"url":"https:\/\/www.robertosedda.it\/?p=9305","url_meta":{"origin":18055,"position":3},"title":"Come diceva don Milani&#8230; o Guccini?","author":"Rufus","date":"02\/01\/2015","format":"video","excerpt":"Jimmy's Hall (Ken Loach, UK, Francia, Irlanda 2014) Ken Loach riprende il filo del suo racconto della storia d'Irlanda mettendo in scena una storia che si colloca dieci anni esatti dopo la fine degli eventi de Il vento che accarezza l'erba, nel 1932. Al governo sono arrivati i Repubblicani di\u2026","rel":"","context":"In &quot;Biografie&quot;","block_context":{"text":"Biografie","link":"https:\/\/www.robertosedda.it\/?cat=83"},"img":{"alt_text":"","src":"https:\/\/i0.wp.com\/img.youtube.com\/vi\/g0-mD_Lfjl4\/0.jpg?resize=350%2C200","width":350,"height":200},"classes":[]},{"id":3120,"url":"https:\/\/www.robertosedda.it\/?p=3120","url_meta":{"origin":18055,"position":4},"title":"Negoziato di pace","author":"Rufus","date":"15\/05\/2013","format":false,"excerpt":"Mi sono accorto di non avere mai segnalato sul blog un mio gioco che \u00e8 in realt\u00e0 parecchio diffuso, nel senso che ha trovato alloggio qui e l\u00e0 in diversi depositi sulla rete (un paio di volte anche senza l'attribuzione al mio nome, devo dire). Si chiama Negoziato di pace\u2026","rel":"","context":"In &quot;Giochi&quot;","block_context":{"text":"Giochi","link":"https:\/\/www.robertosedda.it\/?cat=9"},"img":{"alt_text":"","src":"https:\/\/i0.wp.com\/www.robertosedda.it\/wp-content\/uploads\/2013\/05\/sarajevo3.jpg?fit=1000%2C496&ssl=1&resize=350%2C200","width":350,"height":200,"srcset":"https:\/\/i0.wp.com\/www.robertosedda.it\/wp-content\/uploads\/2013\/05\/sarajevo3.jpg?fit=1000%2C496&ssl=1&resize=350%2C200 1x, https:\/\/i0.wp.com\/www.robertosedda.it\/wp-content\/uploads\/2013\/05\/sarajevo3.jpg?fit=1000%2C496&ssl=1&resize=700%2C400 2x"},"classes":[]},{"id":2168,"url":"https:\/\/www.robertosedda.it\/?p=2168","url_meta":{"origin":18055,"position":5},"title":"Conversazioni vaganti e vampiri a L&#8217;Aquila","author":"Rufus","date":"05\/02\/2013","format":false,"excerpt":"Dampyr 155, Il sigillo di Lazzaro Storia ambientata a L'Aquila della serie Bonelli sui cacciatori di vampiri (lo so che dire \"cacciatori di vampiri\" \u00e8 semplificare...), Il sigillo di Lazzaro mette un po' di folklore abruzzese al servizio di un albo di passaggio, che prosegue l'introduzione nella trama complessiva di\u2026","rel":"","context":"In &quot;Coordinate&quot;","block_context":{"text":"Coordinate","link":"https:\/\/www.robertosedda.it\/?cat=52"},"img":{"alt_text":"","src":"https:\/\/i0.wp.com\/www.robertosedda.it\/wp-content\/uploads\/2013\/02\/facebook_l_aquila_foto_massimo_alesi.jpg?fit=738%2C462&ssl=1&resize=350%2C200","width":350,"height":200,"srcset":"https:\/\/i0.wp.com\/www.robertosedda.it\/wp-content\/uploads\/2013\/02\/facebook_l_aquila_foto_massimo_alesi.jpg?fit=738%2C462&ssl=1&resize=350%2C200 1x, https:\/\/i0.wp.com\/www.robertosedda.it\/wp-content\/uploads\/2013\/02\/facebook_l_aquila_foto_massimo_alesi.jpg?fit=738%2C462&ssl=1&resize=700%2C400 2x"},"classes":[]}],"_links":{"self":[{"href":"https:\/\/www.robertosedda.it\/index.php?rest_route=\/wp\/v2\/posts\/18055"}],"collection":[{"href":"https:\/\/www.robertosedda.it\/index.php?rest_route=\/wp\/v2\/posts"}],"about":[{"href":"https:\/\/www.robertosedda.it\/index.php?rest_route=\/wp\/v2\/types\/post"}],"author":[{"embeddable":true,"href":"https:\/\/www.robertosedda.it\/index.php?rest_route=\/wp\/v2\/users\/1"}],"replies":[{"embeddable":true,"href":"https:\/\/www.robertosedda.it\/index.php?rest_route=%2Fwp%2Fv2%2Fcomments&post=18055"}],"version-history":[{"count":3,"href":"https:\/\/www.robertosedda.it\/index.php?rest_route=\/wp\/v2\/posts\/18055\/revisions"}],"predecessor-version":[{"id":18513,"href":"https:\/\/www.robertosedda.it\/index.php?rest_route=\/wp\/v2\/posts\/18055\/revisions\/18513"}],"wp:featuredmedia":[{"embeddable":true,"href":"https:\/\/www.robertosedda.it\/index.php?rest_route=\/wp\/v2\/media\/18056"}],"wp:attachment":[{"href":"https:\/\/www.robertosedda.it\/index.php?rest_route=%2Fwp%2Fv2%2Fmedia&parent=18055"}],"wp:term":[{"taxonomy":"category","embeddable":true,"href":"https:\/\/www.robertosedda.it\/index.php?rest_route=%2Fwp%2Fv2%2Fcategories&post=18055"},{"taxonomy":"post_tag","embeddable":true,"href":"https:\/\/www.robertosedda.it\/index.php?rest_route=%2Fwp%2Fv2%2Ftags&post=18055"}],"curies":[{"name":"wp","href":"https:\/\/api.w.org\/{rel}","templated":true}]}}