{"id":1805,"date":"2013-02-04T18:07:39","date_gmt":"2013-02-04T17:07:39","guid":{"rendered":"http:\/\/www.robertosedda.it\/?p=1805"},"modified":"2014-06-22T21:15:12","modified_gmt":"2014-06-22T19:15:12","slug":"due-o-tre-cose-che-so-sullobiezione-di-coscienza","status":"publish","type":"post","link":"https:\/\/www.robertosedda.it\/?p=1805","title":{"rendered":"Due o tre cose che so sull&#8217;obiezione di coscienza"},"content":{"rendered":"<p>Il <em>post<\/em> dell&#8217;altro giorno su <a title=\"A Montecitorio\" href=\"http:\/\/www.robertosedda.it\/?p=1149\">Montecitorio e l&#8217;obiezione di coscienza<\/a> \u00e8 legato al fatto che a fine dicembre \u00e8 stata esposta a Cagliari la <a href=\"http:\/\/www.unionesarda.it\/Articoli\/Articolo\/299177\">Madonna di Nagasaki<\/a>: in quell&#8217;occasione la Caritas ha organizzato un convegno per ricordare il trentennale della legge istitutiva del servizio civile.<\/p>\n<p>ll convegno \u00e8 stato un po&#8217; un bagno nei ricordi: avevo <em>davvero<\/em> dimenticato una serie di cose che ai tempi mi parvero importantissime e che gli interventi dei vari relatori mi hanno fatto tornare in mente. Altre cose, invece, le avevo ben fresche. Le une e le altre avrei voluto dirle nel dibattito, ma non c&#8217;\u00e8 stato il tempo: ve le racconto qui sotto.<\/p>\n<p>Perdonate le divagazioni alla nonno Libero:\u00a0per compensare metto qualche foto &#8220;inaspettata&#8221; del sottoscritto, cos\u00ec non ci prendiamo tutti troppo sul serio.<\/p>\n<h3><a href=\"https:\/\/i0.wp.com\/www.robertosedda.it\/wp-content\/uploads\/2013\/02\/189095_1008070813927_9322_n.jpg\"><img data-attachment-id=\"2159\" data-permalink=\"https:\/\/www.robertosedda.it\/?attachment_id=2159\" data-orig-file=\"https:\/\/i0.wp.com\/www.robertosedda.it\/wp-content\/uploads\/2013\/02\/189095_1008070813927_9322_n.jpg?fit=604%2C453&amp;ssl=1\" data-orig-size=\"604,453\" data-comments-opened=\"1\" data-image-meta=\"{&quot;aperture&quot;:&quot;0&quot;,&quot;credit&quot;:&quot;&quot;,&quot;camera&quot;:&quot;&quot;,&quot;caption&quot;:&quot;&quot;,&quot;created_timestamp&quot;:&quot;0&quot;,&quot;copyright&quot;:&quot;&quot;,&quot;focal_length&quot;:&quot;0&quot;,&quot;iso&quot;:&quot;0&quot;,&quot;shutter_speed&quot;:&quot;0&quot;,&quot;title&quot;:&quot;&quot;}\" data-image-title=\"189095_1008070813927_9322_n\" data-image-description=\"\" data-image-caption=\"\" data-medium-file=\"https:\/\/i0.wp.com\/www.robertosedda.it\/wp-content\/uploads\/2013\/02\/189095_1008070813927_9322_n.jpg?fit=300%2C225&amp;ssl=1\" data-large-file=\"https:\/\/i0.wp.com\/www.robertosedda.it\/wp-content\/uploads\/2013\/02\/189095_1008070813927_9322_n.jpg?fit=510%2C383&amp;ssl=1\" decoding=\"async\" loading=\"lazy\" class=\"alignleft size-medium wp-image-2159\" src=\"https:\/\/i0.wp.com\/www.robertosedda.it\/wp-content\/uploads\/2013\/02\/189095_1008070813927_9322_n.jpg?resize=300%2C225\" alt=\"189095_1008070813927_9322_n\" width=\"300\" height=\"225\" srcset=\"https:\/\/i0.wp.com\/www.robertosedda.it\/wp-content\/uploads\/2013\/02\/189095_1008070813927_9322_n.jpg?resize=300%2C225&amp;ssl=1 300w, https:\/\/i0.wp.com\/www.robertosedda.it\/wp-content\/uploads\/2013\/02\/189095_1008070813927_9322_n.jpg?resize=268%2C200&amp;ssl=1 268w, https:\/\/i0.wp.com\/www.robertosedda.it\/wp-content\/uploads\/2013\/02\/189095_1008070813927_9322_n.jpg?w=604&amp;ssl=1 604w\" sizes=\"(max-width: 300px) 100vw, 300px\" data-recalc-dims=\"1\" \/><\/a>I puri fatti<\/h3>\n<p>Ho deciso di voler essere obiettore a un campo scuola nazionale dell&#8217;Azione Cattolica,\u00a0a Pescara. Avevo appena finito la terza superiore e avevo diciassette anni.<\/p>\n<p>Al campo c&#8217;erano due ragazzi della diocesi di Albenga che stavano in quel momento facendo il servizio civile: si chiamavano, ricordo ancora, Marino e Angelo. Erano parecchio toghi e mi piacquero tanto. Ci pensai seriamente (all&#8217;epoca ero serissimo) e decisi che avevano ragione: <em>non ammazzare<\/em>. Diventai nonviolento (o meglio: decisi di provare. Dio sa che si pu\u00f2 essere violenti in molti modi).<\/p>\n<p>L&#8217;anno dopo feci la visita di leva. All&#8217;ultimo giorno mi fecero compilare un foglio dove potevi mettere l&#8217;arma o la specialit\u00e0 di preferenza: carrista, paracadutista. Io non misi niente. Il capitano che faceva il colloquio finale me ne chiese il motivo, e io dissi di voler fare l&#8217;obiettore. \u00abQuindi lei se le danno uno schiaffo porge l&#8217;altra guancia?\u00bb. Arrossii, imbarazzato.<\/p>\n<p>Comunque il problema non si pose subito. Quelli della mia generazione ricorderanno che esisteva l&#8217;istituto del <em>rinvio<\/em>: finch\u00e9 studiavi e davi esami ti davano la proroga di un anno, fino ai ventisei al massimo; io a quell&#8217;et\u00e0 non ero ancora laureato, e preferii rinunciare al rinvio con un anno di anticipo. Era il principio della storia.<\/p>\n<h3>La porta stretta<\/h3>\n<p><a href=\"https:\/\/i0.wp.com\/www.robertosedda.it\/wp-content\/uploads\/2013\/02\/189139_1008071213937_8233_n.jpg\"><img data-attachment-id=\"2160\" data-permalink=\"https:\/\/www.robertosedda.it\/?attachment_id=2160\" data-orig-file=\"https:\/\/i0.wp.com\/www.robertosedda.it\/wp-content\/uploads\/2013\/02\/189139_1008071213937_8233_n.jpg?fit=604%2C415&amp;ssl=1\" data-orig-size=\"604,415\" data-comments-opened=\"1\" data-image-meta=\"{&quot;aperture&quot;:&quot;0&quot;,&quot;credit&quot;:&quot;&quot;,&quot;camera&quot;:&quot;&quot;,&quot;caption&quot;:&quot;&quot;,&quot;created_timestamp&quot;:&quot;0&quot;,&quot;copyright&quot;:&quot;&quot;,&quot;focal_length&quot;:&quot;0&quot;,&quot;iso&quot;:&quot;0&quot;,&quot;shutter_speed&quot;:&quot;0&quot;,&quot;title&quot;:&quot;&quot;}\" data-image-title=\"189139_1008071213937_8233_n\" data-image-description=\"\" data-image-caption=\"\" data-medium-file=\"https:\/\/i0.wp.com\/www.robertosedda.it\/wp-content\/uploads\/2013\/02\/189139_1008071213937_8233_n.jpg?fit=300%2C206&amp;ssl=1\" data-large-file=\"https:\/\/i0.wp.com\/www.robertosedda.it\/wp-content\/uploads\/2013\/02\/189139_1008071213937_8233_n.jpg?fit=510%2C350&amp;ssl=1\" decoding=\"async\" loading=\"lazy\" class=\"alignright size-medium wp-image-2160\" src=\"https:\/\/i0.wp.com\/www.robertosedda.it\/wp-content\/uploads\/2013\/02\/189139_1008071213937_8233_n.jpg?resize=300%2C206\" alt=\"189139_1008071213937_8233_n\" width=\"300\" height=\"206\" srcset=\"https:\/\/i0.wp.com\/www.robertosedda.it\/wp-content\/uploads\/2013\/02\/189139_1008071213937_8233_n.jpg?resize=300%2C206&amp;ssl=1 300w, https:\/\/i0.wp.com\/www.robertosedda.it\/wp-content\/uploads\/2013\/02\/189139_1008071213937_8233_n.jpg?w=604&amp;ssl=1 604w\" sizes=\"(max-width: 300px) 100vw, 300px\" data-recalc-dims=\"1\" \/><\/a>Una delle cose che avevo completamente dimenticato era l&#8217;esistenza della temuta commissione di valutazione: eppure per un anno e mezzo ha occupato parecchi dei miei pensieri.<\/p>\n<p>La storia era questa: l&#8217;idea di fondo era che gli obiettori erano, in realt\u00e0, degli imboscati. O al massimo: c&#8217;erano pochi obiettori seri e veramente motivati, gli altri erano tutti imboscati. Pertanto il sistema era organizzato per scoraggiare gli ipotetici furbi (il servizio civile sostitutivo durava sei mesi in pi\u00f9, poi scesi a tre) e soprattutto non bastava dichiararsi obiettori: occorreva dimostrarlo. Come si dimostrava una cosa sentita in coscienza? Ovviamente era impossibile, quindi esisteva una complessa e bizzarra procedura a cui tutti fingevano di credere e che causava pi\u00f9 di una notte insonne agli obiettori.<\/p>\n<p>Occorreva indirizzare a un&#8217;apposita commissione una domanda in cui ci si dichiarava obiettori. La risposta arrivava dopo mesi (credo anche pi\u00f9 di un anno) durante i quali la commissione faceva non so bene che cosa: certamente leggeva le affermazioni contenute nella domanda, mentre affidava alle forze dell&#8217;ordine il compito di indagare (superficialmente) sul potenziale obiettore; se uno aveva il porto d&#8217;armi, o aveva precedenti, veniva cassato immediatamente, ma si contavano casi di domande respinte per i motivi pi\u00f9 strani.\u00a0Anche\u00a0a casa mia vennero due poliziotti, che dovetti ricevere sul pianerottolo perch\u00e9 in casa il cane (il temuto Cico) dava in escandescenze. Gli dissi che le mie motivazioni erano religiose, loro mi chiesero il nome del mio parroco e se ne andarono: ignoro se abbiano preso poi davvero informazioni su di me a Bonaria.<\/p>\n<p><a href=\"https:\/\/i0.wp.com\/www.robertosedda.it\/wp-content\/uploads\/2013\/02\/31703_1384424102524_7181469_n.jpg\"><img data-attachment-id=\"2161\" data-permalink=\"https:\/\/www.robertosedda.it\/?attachment_id=2161\" data-orig-file=\"https:\/\/i0.wp.com\/www.robertosedda.it\/wp-content\/uploads\/2013\/02\/31703_1384424102524_7181469_n.jpg?fit=720%2C540&amp;ssl=1\" data-orig-size=\"720,540\" data-comments-opened=\"1\" data-image-meta=\"{&quot;aperture&quot;:&quot;0&quot;,&quot;credit&quot;:&quot;&quot;,&quot;camera&quot;:&quot;&quot;,&quot;caption&quot;:&quot;&quot;,&quot;created_timestamp&quot;:&quot;0&quot;,&quot;copyright&quot;:&quot;&quot;,&quot;focal_length&quot;:&quot;0&quot;,&quot;iso&quot;:&quot;0&quot;,&quot;shutter_speed&quot;:&quot;0&quot;,&quot;title&quot;:&quot;&quot;}\" data-image-title=\"31703_1384424102524_7181469_n\" data-image-description=\"\" data-image-caption=\"\" data-medium-file=\"https:\/\/i0.wp.com\/www.robertosedda.it\/wp-content\/uploads\/2013\/02\/31703_1384424102524_7181469_n.jpg?fit=300%2C225&amp;ssl=1\" data-large-file=\"https:\/\/i0.wp.com\/www.robertosedda.it\/wp-content\/uploads\/2013\/02\/31703_1384424102524_7181469_n.jpg?fit=510%2C383&amp;ssl=1\" decoding=\"async\" loading=\"lazy\" class=\"alignleft size-medium wp-image-2161\" src=\"https:\/\/i0.wp.com\/www.robertosedda.it\/wp-content\/uploads\/2013\/02\/31703_1384424102524_7181469_n.jpg?resize=300%2C225\" alt=\"31703_1384424102524_7181469_n\" width=\"300\" height=\"225\" srcset=\"https:\/\/i0.wp.com\/www.robertosedda.it\/wp-content\/uploads\/2013\/02\/31703_1384424102524_7181469_n.jpg?resize=300%2C225&amp;ssl=1 300w, https:\/\/i0.wp.com\/www.robertosedda.it\/wp-content\/uploads\/2013\/02\/31703_1384424102524_7181469_n.jpg?resize=268%2C200&amp;ssl=1 268w, https:\/\/i0.wp.com\/www.robertosedda.it\/wp-content\/uploads\/2013\/02\/31703_1384424102524_7181469_n.jpg?resize=700%2C525&amp;ssl=1 700w, https:\/\/i0.wp.com\/www.robertosedda.it\/wp-content\/uploads\/2013\/02\/31703_1384424102524_7181469_n.jpg?w=720&amp;ssl=1 720w\" sizes=\"(max-width: 300px) 100vw, 300px\" data-recalc-dims=\"1\" \/><\/a>Nel caso in cui la domanda\u00a0fosse stata\u00a0respinta c&#8217;erano due alternative: arrendersi e fare il servizio militare oppure, appena entrato in servizio, dichiararsi obiettore e trascorrere la leva in un carcere militare. Quindi la cosa, diciamo, veniva presa sul serio.<\/p>\n<p>Fare la domanda insomma sembrava una cosa ponderosa. Gli obiettori della Caritas mi passarono un volumetto, mi pare edito dal gruppo Abele, <em>Guida all&#8217;obiezione di coscienza<\/em>, in cui c&#8217;era un esempio di domanda da copiare: tutti gli obiettori che conoscevo l&#8217;avevano mandata uguale, aderendo a quella sorta di manifesto. Ricordo che dopo una serie di argomentazioni diceva: <em>e quindi io, quale obiettore di coscienza solidarista nonviolento<\/em>&#8230; per\u00f2 il gruppo della LOC di Cagliari, in cui anche quelli della Caritas si riconoscevano, aggiungeva per migliore specificazione &#8220;antimilitarista&#8221;. Gli obiettori Caritas, come loro segno distintivo, mettevano anche &#8220;cristiano&#8221;, e io quindi doverosamente scrissi, che Dio mi perdoni: \u00abIo, quale obiettore di coscienza cristiano antimilitarista solidarista nonviolento&#8230;\u00bb, mettendo cristiano all&#8217;inizio e non alla fine perch\u00e9 dopotutto venivo dall&#8217;Azione Cattolica e a certe cose ci tenevo.<\/p>\n<h3>Alla Caritas<\/h3>\n<p>Il servizio civile lo feci alla Caritas e non altrove perch\u00e9 era la scelta naturale per uno dell&#8217;Azione Cattolica. E poi la Caritas era quella di don Di Liegro &#8211; a Roma, purtroppo: a Cagliari era ancora una roba in stile Pontificia Opera di Assistenza col nome cambiato, il vento della riforma non era ancora arrivato.<\/p>\n<p>Non tutti potevano fare il servizio civile alla Caritas: non era mica come alla Provincia, dove gli obiettori, si vociferava scandalizzati, passavano il tempo a fare fotocopie e a studiare per l&#8217;Universit\u00e0. Alla Caritas si faceva <em>davvero<\/em> servizio, e quindi occorreva essere di sani principi e\u00a0cristiani impegnati. A me\u00a0fece una lettera di presentazione l&#8217;Assistente diocesano dei giovani di AC, il quale, volendo evidentemente impressionare il Direttore della Caritas, cit\u00f2 anche una mia vecchia esperienza di volontariato con un ragazzino disabile: e cos\u00ec mentre io volevo andare al carcere minorile finii all&#8217;OAMI, con i disabili adulti &#8211; un&#8217;esperienza che poi mi piacque molto.<\/p>\n<p><a href=\"https:\/\/i0.wp.com\/www.robertosedda.it\/wp-content\/uploads\/2013\/02\/58712_1492556645770_3530873_n.jpg\"><img data-attachment-id=\"2162\" data-permalink=\"https:\/\/www.robertosedda.it\/?attachment_id=2162\" data-orig-file=\"https:\/\/i0.wp.com\/www.robertosedda.it\/wp-content\/uploads\/2013\/02\/58712_1492556645770_3530873_n.jpg?fit=379%2C386&amp;ssl=1\" data-orig-size=\"379,386\" data-comments-opened=\"1\" data-image-meta=\"{&quot;aperture&quot;:&quot;0&quot;,&quot;credit&quot;:&quot;&quot;,&quot;camera&quot;:&quot;&quot;,&quot;caption&quot;:&quot;&quot;,&quot;created_timestamp&quot;:&quot;0&quot;,&quot;copyright&quot;:&quot;&quot;,&quot;focal_length&quot;:&quot;0&quot;,&quot;iso&quot;:&quot;0&quot;,&quot;shutter_speed&quot;:&quot;0&quot;,&quot;title&quot;:&quot;&quot;}\" data-image-title=\"58712_1492556645770_3530873_n\" data-image-description=\"\" data-image-caption=\"\" data-medium-file=\"https:\/\/i0.wp.com\/www.robertosedda.it\/wp-content\/uploads\/2013\/02\/58712_1492556645770_3530873_n.jpg?fit=294%2C300&amp;ssl=1\" data-large-file=\"https:\/\/i0.wp.com\/www.robertosedda.it\/wp-content\/uploads\/2013\/02\/58712_1492556645770_3530873_n.jpg?fit=379%2C386&amp;ssl=1\" decoding=\"async\" loading=\"lazy\" class=\"alignleft size-medium wp-image-2162\" src=\"https:\/\/i0.wp.com\/www.robertosedda.it\/wp-content\/uploads\/2013\/02\/58712_1492556645770_3530873_n.jpg?resize=294%2C300\" alt=\"58712_1492556645770_3530873_n\" width=\"294\" height=\"300\" srcset=\"https:\/\/i0.wp.com\/www.robertosedda.it\/wp-content\/uploads\/2013\/02\/58712_1492556645770_3530873_n.jpg?resize=294%2C300&amp;ssl=1 294w, https:\/\/i0.wp.com\/www.robertosedda.it\/wp-content\/uploads\/2013\/02\/58712_1492556645770_3530873_n.jpg?w=379&amp;ssl=1 379w\" sizes=\"(max-width: 294px) 100vw, 294px\" data-recalc-dims=\"1\" \/><\/a>Un&#8217;altra parte del servizio la feci all&#8217;ufficio obiettori della Caritas &#8211; provenire dall&#8217;Azione Cattolica rendeva affidabili anche da quel punto di vista &#8211;\u00a0a tenere i rapporti col Distretto Militare e a conoscere intimamente tutti i retrobottega della Caritas. Anche l\u00ec imparai tanto, ma devo dire che mi piacque molto meno. Per\u00f2 alla fine \u00e8 quello che mi sono portato via con pi\u00f9 forza da quei mesi: la consapevolezza dello scarto che c&#8217;\u00e8 sempre fra l&#8217;<em>immagine<\/em> (la Caritas a fianco dei pi\u00f9 poveri in tutti i contesti) e la realt\u00e0 delle chiese locali, in cui spesso ci\u00f2 che \u00e8 annunciato non \u00e8 proprio proprio quel che viene vissuto. Potevo rimanere scandalizzato, sono diventato semplicemente adulto: diciamo che durante il servizio civile ho imparato a venire a patti con la dimensione del limite, nella comunit\u00e0 ecclesiale e non solo (e ho anche imparato a diffidare della propaganda): cose che mi sono portato dietro quando ho cominciato a occuparmi di Terzo Settore.<\/p>\n<p>E poi ho imparato a stare in un ufficio e ad avere responsabilit\u00e0. Il mio predecessore all&#8217;ufficio obiettori, Tullio (un gran tipo, in gambissima), dopo avermi passato le consegne mi disse: \u00abE poi, naturalmente, a don Alfio non sempre devi dire <em>tutto<\/em>\u00bb. Io annuii, facendo la faccia saggia: \u00abNaturalmente\u00bb.<\/p>\n<p>Il che poi mi obbligava, quotidianamente, a decidere in solitudine cosa\u00a0poteva essere\u00a0gestito dall&#8217;autoregolamentazione del gruppo degli obiettori e cosa doveva essere\u00a0concordato per via gerarchica, cosa andava comunicato al Distretto come voce della Caritas <em>dimenticandomi<\/em> di concordarla col Direttore, e cos\u00ec via.<\/p>\n<h3>Lunghi mesi<\/h3>\n<p><a href=\"https:\/\/i0.wp.com\/www.robertosedda.it\/wp-content\/uploads\/2013\/02\/216095_1809410406916_4397529_n.jpg\"><img data-attachment-id=\"2163\" data-permalink=\"https:\/\/www.robertosedda.it\/?attachment_id=2163\" data-orig-file=\"https:\/\/i0.wp.com\/www.robertosedda.it\/wp-content\/uploads\/2013\/02\/216095_1809410406916_4397529_n.jpg?fit=720%2C540&amp;ssl=1\" data-orig-size=\"720,540\" data-comments-opened=\"1\" data-image-meta=\"{&quot;aperture&quot;:&quot;0&quot;,&quot;credit&quot;:&quot;&quot;,&quot;camera&quot;:&quot;&quot;,&quot;caption&quot;:&quot;&quot;,&quot;created_timestamp&quot;:&quot;0&quot;,&quot;copyright&quot;:&quot;&quot;,&quot;focal_length&quot;:&quot;0&quot;,&quot;iso&quot;:&quot;0&quot;,&quot;shutter_speed&quot;:&quot;0&quot;,&quot;title&quot;:&quot;&quot;}\" data-image-title=\"216095_1809410406916_4397529_n\" data-image-description=\"\" data-image-caption=\"\" data-medium-file=\"https:\/\/i0.wp.com\/www.robertosedda.it\/wp-content\/uploads\/2013\/02\/216095_1809410406916_4397529_n.jpg?fit=300%2C225&amp;ssl=1\" data-large-file=\"https:\/\/i0.wp.com\/www.robertosedda.it\/wp-content\/uploads\/2013\/02\/216095_1809410406916_4397529_n.jpg?fit=510%2C383&amp;ssl=1\" decoding=\"async\" loading=\"lazy\" class=\"alignright size-medium wp-image-2163\" src=\"https:\/\/i0.wp.com\/www.robertosedda.it\/wp-content\/uploads\/2013\/02\/216095_1809410406916_4397529_n.jpg?resize=300%2C225\" alt=\"216095_1809410406916_4397529_n\" width=\"300\" height=\"225\" srcset=\"https:\/\/i0.wp.com\/www.robertosedda.it\/wp-content\/uploads\/2013\/02\/216095_1809410406916_4397529_n.jpg?resize=300%2C225&amp;ssl=1 300w, https:\/\/i0.wp.com\/www.robertosedda.it\/wp-content\/uploads\/2013\/02\/216095_1809410406916_4397529_n.jpg?resize=268%2C200&amp;ssl=1 268w, https:\/\/i0.wp.com\/www.robertosedda.it\/wp-content\/uploads\/2013\/02\/216095_1809410406916_4397529_n.jpg?resize=700%2C525&amp;ssl=1 700w, https:\/\/i0.wp.com\/www.robertosedda.it\/wp-content\/uploads\/2013\/02\/216095_1809410406916_4397529_n.jpg?w=720&amp;ssl=1 720w\" sizes=\"(max-width: 300px) 100vw, 300px\" data-recalc-dims=\"1\" \/><\/a>Della <em>estrema<\/em> seriet\u00e0 degli obiettori Caritas ho gi\u00e0 detto. Una delle conseguenze \u00e8 che si chiedeva al futuro obiettore di cominciare a prestare servizio, da volontario, gi\u00e0 dal momento della domanda: il che vuol dire, considerato che passavano mesi e mesi prima della risposta della commissione, che il periodo di servizio diventava quasi il doppio.<\/p>\n<p>E poi c&#8217;era la questione della maggior durata rispetto ai militari normali, una misura del tutto punitiva che suscitava resistenze (e che stava dietro all&#8217;episodio in Caritas nazionale che ho raccontato l&#8217;altro giorno). C&#8217;era un processo in corso contro un obiettore che si era rifiutato di prolungare il suo servizio oltre il periodo &#8220;normale&#8221;, in cui era stata sollevata eccezione di incostituzionalit\u00e0, ma la cosa andava per le lunghe.<\/p>\n<p>Tutti per\u00f2 avevamo la sensazione che la cosa stava per arrivare in fondo, che non si poteva pi\u00f9 aspettare. Quando io, Mauro Scano e un altro arrivammo al compimento dell&#8217;anno di servizio, decidemmo di presentarci al carcere militare per dichiarare che non avremmo servito un giorno di pi\u00f9 e per farci arrestare.<\/p>\n<p>Cos\u00ec, senza dire niente a casa, in maniera naturale: dai, si va in carcere, non c&#8217;\u00e8 altro da fare.<\/p>\n<p>Quando penso alla lucidit\u00e0 e alla determinazione di quel giovane Roberto Sedda un po&#8217; son contento, un po&#8217; mi viene in mente Guccini<\/p>\n<blockquote><p>A vent&#8217;anni si \u00e8 stupidi davvero<br \/>\nquante balle si ha in testa a quell&#8217;et\u00e0<\/p><\/blockquote>\n<p>per\u00f2 pi\u00f9 sono contento.<\/p>\n<p>Insomma, era un Grande Gesto Dimostrativo: credo ci immaginassimo la LOC che ci accompagnava e faceva un presidio davanti a San Bartolomeo, giornalisti, cose cos\u00ec: in realt\u00e0 non so se sarebbero venute almeno le nostre fidanzate, chiss\u00e0. Per fortuna, comunque, decidemmo di aspettare un altro ragazzo, che finiva il suo anno di servizio due o tre settimane dopo, in modo da consegnarci tutti assieme e non separatamente, e avere maggiore impatto. Mentre\u00a0lo aspettavamo\u00a0arriv\u00f2 finalmente la sentenza della Corte Costituzionale, e venimmo immediatamente congedati &#8211; senza passare prima dal carcere.<\/p>\n","protected":false},"excerpt":{"rendered":"<p>Il post dell&#8217;altro giorno su Montecitorio e l&#8217;obiezione di coscienza \u00e8 legato al fatto che a fine dicembre \u00e8 stata<\/p>\n","protected":false},"author":1,"featured_media":2159,"comment_status":"open","ping_status":"open","sticky":false,"template":"","format":"standard","meta":{"_mi_skip_tracking":false,"_monsterinsights_sitenote_active":false,"_monsterinsights_sitenote_note":"","_monsterinsights_sitenote_category":0,"jetpack_post_was_ever_published":false,"_jetpack_newsletter_access":"","jetpack_publicize_message":"","jetpack_is_tweetstorm":false,"jetpack_publicize_feature_enabled":true,"jetpack_social_post_already_shared":false,"jetpack_social_options":{"image_generator_settings":{"template":"highway","enabled":false}}},"categories":[83,52,56,17,16],"tags":[],"jetpack_publicize_connections":[],"jetpack_featured_media_url":"https:\/\/i0.wp.com\/www.robertosedda.it\/wp-content\/uploads\/2013\/02\/189095_1008070813927_9322_n.jpg?fit=604%2C453&ssl=1","jetpack_sharing_enabled":true,"jetpack_shortlink":"https:\/\/wp.me\/p4jV2T-t7","jetpack_likes_enabled":true,"jetpack-related-posts":[{"id":20540,"url":"https:\/\/www.robertosedda.it\/?p=20540","url_meta":{"origin":1805,"position":0},"title":"Oh, comunque poi sono stato eletto (e le cose che ho imparato)","author":"Rufus","date":"20\/06\/2024","format":false,"excerpt":"Come ho raccontato, ero candidato al Senato Accademico come rappresentante del personale tecnico, amministrativo e bibliotecario. \u00c8 andata bene, e sotto trovate la lettera di ringraziamento, se avete curiosit\u00e0. Prima, per\u00f2, vorrei appuntare qui alcune riflessioni che mi sono venute in mente durante la brevissima campagna elettorale. Intanto: \u00e8 molto\u2026","rel":"","context":"In &quot;Coordinate&quot;","block_context":{"text":"Coordinate","link":"https:\/\/www.robertosedda.it\/?cat=52"},"img":{"alt_text":"","src":"https:\/\/i0.wp.com\/www.robertosedda.it\/wp-content\/uploads\/2024\/06\/Elezioni-risultati.jpg?fit=546%2C460&ssl=1&resize=350%2C200","width":350,"height":200},"classes":[]},{"id":8456,"url":"https:\/\/www.robertosedda.it\/?p=8456","url_meta":{"origin":1805,"position":1},"title":"Un pensiero volante sul Convegno pastorale della diocesi di Cagliari","author":"Rufus","date":"18\/09\/2014","format":false,"excerpt":"Sono andato ieri alla prima sessione di lavori del Convegno pastorale annuale della diocesi di Cagliari. Impegnato in altre cose ho fatto in tempo solo a sentire un bell'intervento di una coppia di trentini che sono venuti in Sardegna a gestire una cooperativa sociale che fa biologico, il dibattito e\u2026","rel":"","context":"In &quot;Coordinate&quot;","block_context":{"text":"Coordinate","link":"https:\/\/www.robertosedda.it\/?cat=52"},"img":{"alt_text":"","src":"https:\/\/i0.wp.com\/www.robertosedda.it\/wp-content\/uploads\/2014\/09\/Convegno-pastorale-diocesano.jpg?fit=907%2C680&ssl=1&resize=350%2C200","width":350,"height":200,"srcset":"https:\/\/i0.wp.com\/www.robertosedda.it\/wp-content\/uploads\/2014\/09\/Convegno-pastorale-diocesano.jpg?fit=907%2C680&ssl=1&resize=350%2C200 1x, https:\/\/i0.wp.com\/www.robertosedda.it\/wp-content\/uploads\/2014\/09\/Convegno-pastorale-diocesano.jpg?fit=907%2C680&ssl=1&resize=700%2C400 2x"},"classes":[]},{"id":1149,"url":"https:\/\/www.robertosedda.it\/?p=1149","url_meta":{"origin":1805,"position":2},"title":"A Montecitorio","author":"Rufus","date":"31\/01\/2013","format":false,"excerpt":"Questo rivangare nei ricordi risale a tre anni fa, sulla lista del gruppo La Pira: l'ho trovata un po' perch\u00e9 recentemente mi \u00e8 capitato di pensare alle mie vecchie esperienze da obiettore, un po' perch\u00e9 Banca Etica si avvicina di nuovo all'Assemblea, un po' perch\u00e9 cercavo altra roba sull'hard disk.\u2026","rel":"","context":"In &quot;Biografie&quot;","block_context":{"text":"Biografie","link":"https:\/\/www.robertosedda.it\/?cat=83"},"img":{"alt_text":"","src":"","width":0,"height":0},"classes":[]},{"id":14197,"url":"https:\/\/www.robertosedda.it\/?p=14197","url_meta":{"origin":1805,"position":3},"title":"A proposito di quando si rischia di morire","author":"Rufus","date":"03\/10\/2017","format":false,"excerpt":"La settimana scorsa, all'aeroporto in partenza per Bilbao (in realt\u00e0 Barcellona, come prima tappa), ho rischiato di morire. Non mi era mai successo prima. \u00c8 successo questo: eravamo in fila per l'imbarco e io stavo mangiando il panino con la frittatina che Maria Bonaria aveva preparato con due fette di\u2026","rel":"","context":"In &quot;Coordinate&quot;","block_context":{"text":"Coordinate","link":"https:\/\/www.robertosedda.it\/?cat=52"},"img":{"alt_text":"","src":"https:\/\/i0.wp.com\/www.robertosedda.it\/wp-content\/uploads\/2014\/09\/febbraio-2008.jpg?fit=1200%2C900&ssl=1&resize=350%2C200","width":350,"height":200,"srcset":"https:\/\/i0.wp.com\/www.robertosedda.it\/wp-content\/uploads\/2014\/09\/febbraio-2008.jpg?fit=1200%2C900&ssl=1&resize=350%2C200 1x, https:\/\/i0.wp.com\/www.robertosedda.it\/wp-content\/uploads\/2014\/09\/febbraio-2008.jpg?fit=1200%2C900&ssl=1&resize=700%2C400 2x, https:\/\/i0.wp.com\/www.robertosedda.it\/wp-content\/uploads\/2014\/09\/febbraio-2008.jpg?fit=1200%2C900&ssl=1&resize=1050%2C600 3x"},"classes":[]},{"id":20121,"url":"https:\/\/www.robertosedda.it\/?p=20121","url_meta":{"origin":1805,"position":4},"title":"Poesia abbacinante","author":"Rufus","date":"11\/05\/2023","format":false,"excerpt":"In gita scolastica Ieri il Subcomandante Marcos, a un certo punto, esprimeva la preoccupazione che la stoltezza insediata in cattedra inducesse la Legale Buona a perdere interesse per la materia preferita - ma malissimo insegnata - e io mi sono fatto un appunto mentale di raccontare alle giovani generazioni qualcosa\u2026","rel":"","context":"In &quot;Coordinate&quot;","block_context":{"text":"Coordinate","link":"https:\/\/www.robertosedda.it\/?cat=52"},"img":{"alt_text":"","src":"https:\/\/i0.wp.com\/www.robertosedda.it\/wp-content\/uploads\/2014\/05\/Gita-scolastica.jpg?fit=1200%2C899&ssl=1&resize=350%2C200","width":350,"height":200,"srcset":"https:\/\/i0.wp.com\/www.robertosedda.it\/wp-content\/uploads\/2014\/05\/Gita-scolastica.jpg?fit=1200%2C899&ssl=1&resize=350%2C200 1x, https:\/\/i0.wp.com\/www.robertosedda.it\/wp-content\/uploads\/2014\/05\/Gita-scolastica.jpg?fit=1200%2C899&ssl=1&resize=700%2C400 2x, https:\/\/i0.wp.com\/www.robertosedda.it\/wp-content\/uploads\/2014\/05\/Gita-scolastica.jpg?fit=1200%2C899&ssl=1&resize=1050%2C600 3x"},"classes":[]},{"id":3632,"url":"https:\/\/www.robertosedda.it\/?p=3632","url_meta":{"origin":1805,"position":5},"title":"La Cagliari Unofficial Guide","author":"Rufus","date":"20\/06\/2013","format":"video","excerpt":"\u00c8 successo un po' gradatamente e non tutti ce ne siamo accorti, ma Cagliari \u00e8 diventata una citt\u00e0 turistica. Che sia l'effetto di tutta quella gente che mentre se ne stava a Villasimius o Nora intanto se ne veniva a fare la spesa o passare una giornata in citt\u00e0 (sentita\u2026","rel":"","context":"In &quot;Coordinate&quot;","block_context":{"text":"Coordinate","link":"https:\/\/www.robertosedda.it\/?cat=52"},"img":{"alt_text":"","src":"https:\/\/i0.wp.com\/www.robertosedda.it\/wp-content\/uploads\/2013\/06\/cagliari-unofficial-426x268.png?fit=426%2C268&ssl=1&resize=350%2C200","width":350,"height":200},"classes":[]}],"_links":{"self":[{"href":"https:\/\/www.robertosedda.it\/index.php?rest_route=\/wp\/v2\/posts\/1805"}],"collection":[{"href":"https:\/\/www.robertosedda.it\/index.php?rest_route=\/wp\/v2\/posts"}],"about":[{"href":"https:\/\/www.robertosedda.it\/index.php?rest_route=\/wp\/v2\/types\/post"}],"author":[{"embeddable":true,"href":"https:\/\/www.robertosedda.it\/index.php?rest_route=\/wp\/v2\/users\/1"}],"replies":[{"embeddable":true,"href":"https:\/\/www.robertosedda.it\/index.php?rest_route=%2Fwp%2Fv2%2Fcomments&post=1805"}],"version-history":[{"count":6,"href":"https:\/\/www.robertosedda.it\/index.php?rest_route=\/wp\/v2\/posts\/1805\/revisions"}],"predecessor-version":[{"id":7812,"href":"https:\/\/www.robertosedda.it\/index.php?rest_route=\/wp\/v2\/posts\/1805\/revisions\/7812"}],"wp:featuredmedia":[{"embeddable":true,"href":"https:\/\/www.robertosedda.it\/index.php?rest_route=\/wp\/v2\/media\/2159"}],"wp:attachment":[{"href":"https:\/\/www.robertosedda.it\/index.php?rest_route=%2Fwp%2Fv2%2Fmedia&parent=1805"}],"wp:term":[{"taxonomy":"category","embeddable":true,"href":"https:\/\/www.robertosedda.it\/index.php?rest_route=%2Fwp%2Fv2%2Fcategories&post=1805"},{"taxonomy":"post_tag","embeddable":true,"href":"https:\/\/www.robertosedda.it\/index.php?rest_route=%2Fwp%2Fv2%2Ftags&post=1805"}],"curies":[{"name":"wp","href":"https:\/\/api.w.org\/{rel}","templated":true}]}}