{"id":18045,"date":"2020-03-29T17:44:23","date_gmt":"2020-03-29T15:44:23","guid":{"rendered":"http:\/\/www.robertosedda.it\/?p=18045"},"modified":"2023-03-30T11:24:59","modified_gmt":"2023-03-30T09:24:59","slug":"lectio-per-la-domenica-di-lazzaro","status":"publish","type":"post","link":"https:\/\/www.robertosedda.it\/?p=18045","title":{"rendered":"Lectio per la domenica di Lazzaro"},"content":{"rendered":"\n<p>Scusandomi con chi casomai aspettasse questo appuntamento settimanale pubblico un po&#8217; di materiali per fare una <em>lecito divina<\/em>, comunitaria o personale, sul Vangelo di oggi, V domenica di Quaresima.<\/p>\n\n\n\n<p>Come sempre se avete bisogno di scoprire cosa sia una <em>lectio divina<\/em> o avete bisogno di ripassarne la struttura base potete consultare l&#8217;<a href=\"http:\/\/www.robertosedda.it\/?p=17748\">articolo base<\/a> che ho pubblicato un po&#8217; di tempo fa. Pu\u00f2 essere anche utile dare un&#8217;occhiata alle <em>lectio<\/em> delle scorse settimane, di solito pubblicate di domenica, in particolare quella riferita a <a href=\"http:\/\/www.robertosedda.it\/?p=18024\">domenica scorsa<\/a>, che si pone in continuit\u00e0 tematica con questa.<\/p>\n\n\n\n<h3>Il brano<\/h3>\n\n\n\n<p>Prima di tutto, il Vangelo di riferimento (Gv 11,1-45):<\/p>\n\n\n\n<figure class=\"wp-block-image alignwide size-full\"><img data-attachment-id=\"18046\" data-permalink=\"https:\/\/www.robertosedda.it\/?attachment_id=18046\" data-orig-file=\"https:\/\/i0.wp.com\/www.robertosedda.it\/wp-content\/uploads\/2020\/03\/Lazzaro-Rupnik.jpg?fit=1200%2C893&amp;ssl=1\" data-orig-size=\"1200,893\" data-comments-opened=\"1\" data-image-meta=\"{&quot;aperture&quot;:&quot;0&quot;,&quot;credit&quot;:&quot;&quot;,&quot;camera&quot;:&quot;&quot;,&quot;caption&quot;:&quot;&quot;,&quot;created_timestamp&quot;:&quot;0&quot;,&quot;copyright&quot;:&quot;&quot;,&quot;focal_length&quot;:&quot;0&quot;,&quot;iso&quot;:&quot;0&quot;,&quot;shutter_speed&quot;:&quot;0&quot;,&quot;title&quot;:&quot;&quot;,&quot;orientation&quot;:&quot;0&quot;}\" data-image-title=\"Lazzaro-Rupnik\" data-image-description=\"\" data-image-caption=\"\" data-medium-file=\"https:\/\/i0.wp.com\/www.robertosedda.it\/wp-content\/uploads\/2020\/03\/Lazzaro-Rupnik.jpg?fit=300%2C223&amp;ssl=1\" data-large-file=\"https:\/\/i0.wp.com\/www.robertosedda.it\/wp-content\/uploads\/2020\/03\/Lazzaro-Rupnik.jpg?fit=510%2C380&amp;ssl=1\" decoding=\"async\" loading=\"lazy\" width=\"800\" height=\"595\" src=\"https:\/\/i0.wp.com\/www.robertosedda.it\/wp-content\/uploads\/2020\/03\/Lazzaro-Rupnik.jpg?resize=800%2C595\" alt=\"\" class=\"wp-image-18046\" srcset=\"https:\/\/i0.wp.com\/www.robertosedda.it\/wp-content\/uploads\/2020\/03\/Lazzaro-Rupnik.jpg?w=1200&amp;ssl=1 1200w, https:\/\/i0.wp.com\/www.robertosedda.it\/wp-content\/uploads\/2020\/03\/Lazzaro-Rupnik.jpg?resize=300%2C223&amp;ssl=1 300w, https:\/\/i0.wp.com\/www.robertosedda.it\/wp-content\/uploads\/2020\/03\/Lazzaro-Rupnik.jpg?resize=510%2C380&amp;ssl=1 510w, https:\/\/i0.wp.com\/www.robertosedda.it\/wp-content\/uploads\/2020\/03\/Lazzaro-Rupnik.jpg?resize=150%2C112&amp;ssl=1 150w\" sizes=\"(max-width: 800px) 100vw, 800px\" data-recalc-dims=\"1\" \/><\/figure>\n\n\n\n<p><em>In quel tempo, un certo Lazzaro di Bet\u00e0nia, il villaggio di Maria e di Marta sua sorella, era malato. Maria era quella che cosparse di profumo il Signore e gli asciug\u00f2 i piedi con i suoi capelli; suo fratello Lazzaro era malato. Le sorelle mandarono dunque a dire a Ges\u00f9: \u00abSignore, ecco, colui che tu ami \u00e8 malato\u00bb.<br \/>All\u2019udire questo, Ges\u00f9 disse: \u00abQuesta malattia non porter\u00e0 alla morte, ma \u00e8 per la gloria di Dio, affinch\u00e9 per mezzo di essa il Figlio di Dio venga glorificato\u00bb. Ges\u00f9 amava Marta e sua sorella e Lazzaro. Quando sent\u00ec che era malato, rimase per due giorni nel luogo dove si trovava. Poi disse ai discepoli: \u00abAndiamo di nuovo in Giudea!\u00bb. I discepoli gli  dissero: \u00abRabb\u00ec, poco fa i Giudei cercavano di lapidarti e tu ci vai di nuovo?\u00bb. Ges\u00f9 rispose: \u00abNon sono forse dodici le ore del giorno? Se uno cammina di giorno, non inciampa, perch\u00e9 vede la luce di questo mondo; ma se cammina di notte, inciampa, perch\u00e9 la luce non \u00e8 in lui\u00bb. <br \/>Disse queste cose e poi soggiunse loro: \u00abLazzaro, il nostro amico, s\u2019\u00e8  addormentato; ma io vado a svegliarlo\u00bb. Gli dissero allora i discepoli:  \u00abSignore, se si \u00e8 addormentato, si salver\u00e0\u00bb. Ges\u00f9 aveva parlato della morte di lui; essi invece pensarono che parlasse del riposo del sonno.  Allora Ges\u00f9 disse loro apertamente: \u00abLazzaro \u00e8 morto e io sono contento per voi di non essere stato l\u00e0, affinch\u00e9 voi crediate; ma andiamo da lui!\u00bb. Allora Tommaso, chiamato D\u00ecdimo, disse agli altri discepoli: \u00abAndiamo anche noi a morire con lui!\u00bb.<br \/>Quando Ges\u00f9 arriv\u00f2, trov\u00f2 Lazzaro che gi\u00e0 da quattro giorni era nel  sepolcro. Bet\u00e0nia distava da Gerusalemme meno di tre chilometri e molti  Giudei erano venuti da Marta e Maria a consolarle per il fratello. Marta  dunque, come ud\u00ec che veniva Ges\u00f9, gli and\u00f2 incontro; Maria invece stava  seduta in casa. Marta disse a Ges\u00f9: \u00abSignore, se tu fossi stato qui, mio fratello non sarebbe morto! Ma anche ora so che qualunque cosa tu  chiederai a Dio, Dio te la conceder\u00e0\u00bb. Ges\u00f9 le disse: \u00abTuo fratello  risorger\u00e0\u00bb. Gli rispose Marta: \u00abSo che risorger\u00e0 nella risurrezione dell\u2019ultimo giorno\u00bb. Ges\u00f9 le disse: \u00abIo sono la risurrezione e la vita; chi crede in me, anche se muore, vivr\u00e0; chiunque vive e crede in me, non morir\u00e0 in eterno. Credi questo?\u00bb. Gli rispose: \u00abS\u00ec, o Signore, io credo che tu sei il Cristo, il Figlio di Dio, colui che viene nel mondo\u00bb.<br \/>Dette queste parole, and\u00f2 a chiamare Maria, sua sorella, e di nascosto le disse: \u00abIl Maestro \u00e8 qui e ti chiama\u00bb. Udito questo, ella si alz\u00f2 subito e and\u00f2 da lui. Ges\u00f9 non era entrato nel villaggio, ma si trovava ancora l\u00e0 dove Marta gli era andata incontro. Allora i Giudei, che erano  in casa con lei a consolarla, vedendo Maria alzarsi in fretta e uscire, la seguirono, pensando che andasse a piangere al sepolcro. <br \/>Quando Maria giunse dove si trovava Ges\u00f9, appena lo vide si gett\u00f2 ai suoi piedi dicendogli: \u00abSignore, se tu fossi stato qui, mio fratello non  sarebbe morto!\u00bb. Ges\u00f9 allora, quando la vide piangere, e piangere anche  i Giudei che erano venuti con lei, si commosse profondamente e, molto  turbato, domand\u00f2: \u00abDove lo avete posto?\u00bb. Gli dissero: \u00abSignore, vieni a vedere!\u00bb. Ges\u00f9 scoppi\u00f2 in pianto. Dissero allora i Giudei: \u00abGuarda come  lo amava!\u00bb. Ma alcuni di loro dissero: \u00abLui, che ha aperto gli occhi al cieco, non poteva anche far s\u00ec che costui non morisse?\u00bb.<br \/>Allora Ges\u00f9, ancora una volta commosso profondamente, si rec\u00f2 al  sepolcro: era una grotta e contro di essa era posta una pietra. Disse  Ges\u00f9: \u00abTogliete la pietra!\u00bb. Gli rispose Marta, la sorella del morto: \u00abSignore, manda gi\u00e0 cattivo odore: \u00e8 l\u00ec da quattro giorni\u00bb. Le disse Ges\u00f9: \u00abNon ti ho detto che, se crederai, vedrai la gloria di Dio?\u00bb. Tolsero dunque la pietra. Ges\u00f9 allora alz\u00f2 gli occhi e disse: \u00abPadre, ti rendo grazie perch\u00e9 mi hai ascoltato. Io sapevo che mi dai sempre ascolto, ma l\u2019ho detto per la gente che mi sta attorno, perch\u00e9 credano che tu mi hai mandato\u00bb. Detto questo, grid\u00f2 a gran voce: \u00abLazzaro, vieni  fuori!\u00bb. Il morto usc\u00ec, i piedi e le mani legati con bende, e il viso avvolto da un sudario. Ges\u00f9 disse loro: \u00abLiber\u00e0telo e lasci\u00e0telo andare\u00bb.<br \/>Molti dei Giudei che erano venuti da Maria, alla vista di ci\u00f2 che egli aveva compiuto, credettero in lui. <\/em><\/p>\n\n\n\n<h3>Commenti utilizzabili<\/h3>\n\n\n\n<p>Per questa domenica la Liturgia della Parola prevede la possibilit\u00e0  di leggere il Vangelo nella forma integrale o in una forma pi\u00f9 breve. Alcuni dei commenti possono riferirsi all\u2019una o all\u2019altra forma.<\/p>\n\n\n\n<ul><li>sul sito <em>La Parola<\/em>, un <a href=\"https:\/\/www.laparola.net\/testo.php?versioni[]=Commentario&amp;riferimento=Giovanni11\">ampissimo commento<\/a> con l&#8217;indicazione dei passi paralleli e di molti riferimenti;<\/li><li>una <a href=\"https:\/\/www.studibiblici.it\/conferenze\/Resurrez%20Lazzaro.pdf\">conferenza<\/a> molto esaustiva di padre Alberto Maggi;<\/li><li>sul sito dell&#8217;abbazia di Pulsano, un <a href=\"http:\/\/www.abbaziadipulsano.org\/wp-content\/uploads\/2020\/03\/Lectio-V-DOMENICA-DI-QUARESIMA-A-2020.doc\">ampio commento<\/a> dell&#8217;intera liturgia della Parola che comprende anche un&#8217;analisi versetto per versetto del Vangelo (una versione lievemente differente del commento \u00e8 <a href=\"http:\/\/www.abbaziadipulsano.org\/wp-content\/uploads\/2017\/06\/lectio_v_domenica_di_quaresima_a_2014.doc\">qui<\/a>);<\/li><li>sul sito del monastero <em>Matris Domini<\/em> un ottimo <a href=\"https:\/\/www.matrisdomini.org\/images\/PDF\/Anno%20A%202017\/Quaresima\/Gv%2011,1-45.pdf\">commento<\/a> versetto per versetto;<\/li><li>sul sito <em>Meditare la Parola<\/em>, un altro <a href=\"https:\/\/meditarelaparola.blogspot.com\/2020\/03\/lectio-v-domenica-di-quaresima-anno-a.html\">commento<\/a> versetto per versetto facile ma molto completo;<\/li><li> sul sito delle suore Figlie della Chiesa un altro <a href=\"https:\/\/www.figliedellachiesa.org\/it\/blog-pt\/lectio-divina-2\/v-domenica-di-quaresima-3.html\">commento<\/a> versetto per versetto semplice ma completo;  <\/li><li>sul sito del monastero di Bose, un <a href=\"https:\/\/www.monasterodibose.it\/preghiera\/vangelo\/13742-l-amore-non-muore-con-la-morte\">commento<\/a> molto aderente al testo del priore Luciano Manicardi;<\/li><li>sempre sul sito di Bose, un altro valido <a href=\"https:\/\/www.monasterodibose.it\/fondatore\/riflessioni-sul-vangelo\/11330-un-amore-piu-forte-della-morte\">commento<\/a> al testo a cura di Enzo Bianchi; <\/li><li>sul sito <em>Zenit<\/em>, un <a href=\"https:\/\/it.zenit.org\/articles\/mons-follo-lamico-dona-la-vita-allamico\/\">commento<\/a> di mons. Francesco Follo; <\/li><li>sul sito dell&#8217;abbazia di Ruviano, un <a href=\"http:\/\/www.monasterodiruviano.eu\/2020\/03\/26\/quinta-domenica-di-quaresima\/\">commento<\/a> aderente ai tempi;<\/li><li>sul sito dell&#8217;Abbazia di Borzone, un buono <a href=\"http:\/\/www.abbaziaborzone.it\/wp-content\/uploads\/2008\/11\/Tuo-fratello-viveGv-11.pdf\">schema di <em>lectio<\/em><\/a>, con commento puntuale del testo e spinti per la meditazione, <\/li><li> sul sito dei Padri Carmelitani, una <em><a href=\"https:\/\/ocarm.org\/it\/content\/lectio\/lectio-divina-5-domenica-quaresima\">lectio<\/a><\/em><a href=\"https:\/\/ocarm.org\/it\/content\/lectio\/lectio-divina-5-domenica-quaresima\"> completa<\/a>  (cio\u00e8 con materiali per la preghiera, domande per la riflessione  eccetera) che inquadra l&#8217;episodio nell&#8217;ambito del Vangelo di Giovanni e  si concentra u alcuni elementi essenziali del testo;  <\/li><li>sul sito dell&#8217;associazione <em>Tuttavia<\/em>, un <a href=\"https:\/\/www.tuttavia.eu\/2020\/03\/29\/resurrezione-lazzaro-vita\/\">commento<\/a> che mette in evidenza quattro elementi principali del testo;<\/li><li>ancora sul sito del monastero di Bose, un <a href=\"https:\/\/www.monasterodibose.it\/preghiera\/quaresima-20\/13748-le-lacrime-per-l-amico\">commento<\/a> dal taglio spirituale legato ai tempi che stiamo vivendo.<\/li><\/ul>\n\n\n\n<h3>Altri materiali utili per ciascun passo della <em>lectio<\/em><\/h3>\n\n\n\n<p>L\u2019intero testo della Liturgia della Parola si trova sul sito de <em><a href=\"http:\/\/www.lachiesa.it\/calendario\/Detailed\/20200329.shtml\">LaChiesa.it<\/a>.<\/em><\/p>\n\n\n\n<h4>Per iniziare<\/h4>\n\n\n\n<p><strong>Antifona d\u2019ingresso<\/strong><\/p>\n\n\n\n<p><em>Fammi giustizia, o Dio, e difendi la mia causa  <br \/>contro gente senza piet\u00e0;  <br \/>salvami dall\u2019uomo ingiusto e malvagio,  <br \/>perch\u00e9 tu sei il mio Dio e la mia difesa. <\/em><\/p>\n\n\n\n<p><em>oppure<\/em><\/p>\n\n\n\n<p><strong>Canto al Vangelo<\/strong><\/p>\n\n\n\n<p><em>Lode e onore a te, Signore Ges\u00f9!<br \/>Io sono la risurrezione e la vita, dice il Signore,<br \/>chi crede in me non morir\u00e0 in eterno.<br \/>Lode e onore a te, Signore Ges\u00f9! <\/em><\/p>\n\n\n\n<p><em>oppure<\/em><\/p>\n\n\n\n<p><strong>Antifona di Bose<\/strong><\/p>\n\n\n\n<p><em>Vero uomo come noi, il Cristo pianse l\u2019amico Lazzaro; <br \/>Dio eterno, lo richiam\u00f2 dal sepolcro; <br \/>oggi estende a tutta l\u2019umanit\u00e0 la sua misericordia, <br \/>e con i santi misteri ci fa passare dalla morte alla vita.&nbsp;<\/em><\/p>\n\n\n\n<h4>Invocazione prima della <em>lectio<\/em><\/h4>\n\n\n\n<p><strong>Colletta<\/strong><\/p>\n\n\n\n<p><em>Vieni in nostro aiuto, Padre misericordioso,  <br \/>perch\u00e9 possiamo vivere e agire sempre in quella carit\u00e0,  <br \/>che spinse il tuo Figlio a dare la vita per noi. <br \/>Per il nostro Signore Ges\u00f9 Cristo, Tuo Figlio, che \u00e8 Dio,<\/em><br \/>e<em> vive e regna con Te, nell\u2019unit\u00e0 dello Spirito Santo<br \/>per tutti i secoli dei secoli. Amen.<\/em><\/p>\n\n\n\n<p><em>oppure<\/em><\/p>\n\n\n\n<p><strong>Invocazione allo Spirito<\/strong><\/p>\n\n\n\n<p> <em>Dio di infinita grandezza,<br \/> che affidi alle nostre labbra impure<br \/> e alle nostre fragili mani<br \/> il compito di portare agli uomini l\u2019annunzio del Vangelo,<br \/> sostienici con il tuo Spirito,<br \/> perch\u00e9 la tua parola,<br \/> accolta da cuori aperti e generosi,<br \/> fruttifichi in ogni parte della terra. <\/em><\/p>\n\n\n\n<h4><strong>Al termine della <em>contemplatio<\/em><\/strong><\/h4>\n\n\n\n<p><strong>Salmo 129<\/strong><\/p>\n\n\n\n<p><em>Dal profondo a te grido, o Signore;<br \/>Signore, ascolta la mia voce.<br \/>Siano i tuoi orecchi attenti<br \/>alla voce della mia supplica.<\/em><\/p>\n\n\n\n<p><em>Se consideri le colpe, Signore,<br \/>Signore, chi ti pu\u00f2 resistere?<br \/>Ma con te \u00e8 il perdono:<br \/>cos\u00ec avremo il tuo timore.<\/em><\/p>\n\n\n\n<p><em>Io spero, Signore.<br \/>Spera l\u2019anima mia,<br \/>attendo la sua parola.<br \/>L\u2019anima mia \u00e8 rivolta al Signore<br \/>pi\u00f9 che le sentinelle all\u2019aurora.<\/em><\/p>\n\n\n\n<p><em>Pi\u00f9 che le sentinelle l\u2019aurora,<br \/>Israele attenda il Signore,<br \/>perch\u00e9 con il Signore \u00e8 la misericordia<br \/>e grande \u00e8 con lui la redenzione.<br \/>Egli redimer\u00e0 Israele<br \/>da tutte le sue colpe. <\/em><\/p>\n\n\n\n<p><em>oppure<\/em><\/p>\n\n\n\n<p><strong>Salmo 16<\/strong><\/p>\n\n\n\n<p><em>Proteggimi, o Dio: in te mi rifugio.<br \/>Ho detto a Dio: \u00abSei tu il mio Signore,<br \/>senza di te non ho alcun bene\u00bb.<br \/>Per i santi, che sono sulla terra,<br \/>uomini nobili, \u00e8 tutto il mio amore.<br \/>Si affrettino altri a costruire idoli:<br \/>io non spander\u00f2 le loro libazioni di sangue<br \/>n\u00e9 pronunzier\u00f2 con le mie labbra i loro nomi.<\/em><\/p>\n\n\n\n<p><em>Il Signore \u00e8 mia parte di eredit\u00e0 e mio calice:<br \/>nelle tue mani \u00e8 la mia vita.<br \/>Per me la sorte \u00e8 caduta su luoghi deliziosi,<br \/>\u00e8 magnifica la mia eredit\u00e0.<\/em><\/p>\n\n\n\n<p><em>Benedico il Signore che mi ha dato consiglio;<br \/>anche di notte il mio cuore mi istruisce.<br \/>Io pongo sempre innanzi a me il Signore,<br \/>sta alla mia destra, non posso vacillare.<\/em><\/p>\n\n\n\n<p><em>Di questo gioisce il mio cuore,<br \/>esulta la mia anima;<br \/>anche il mio corpo riposa al sicuro,<br \/>perch\u00e9 non abbandonerai la mia vita nel sepolcro,<br \/>n\u00e9 lascerai che il tuo santo veda la corruzione.<br \/>Mi indicherai il sentiero della vita,<br \/>gioia piena nella tua presenza,<br \/>dolcezza senza fine alla tua destra.<\/em><\/p>\n\n\n\n<h4>Per la conclusione dell\u2019incontro<\/h4>\n\n\n\n<p><em>Signore  Ges\u00f9, ti ringraziamo per la tua parola che ci ha fatto \ncomprendere  meglio la volont\u00e0 del Padre. Fa che il tuo Spirito illumini\n le nostre  azioni e ci comunichi la forza per eseguire quello che la \nTua Parola ci ha mostrato. Fa che noi, come Maria, tua Madre, possiamo \nnon solo  ascoltare ma anche praticare la Parola, Tu che vivi e regni \ncon il Padre nell\u2019unit\u00e0 dello Spirito Santo per tutti i secoli dei  \nsecoli. Amen.<\/em><\/p>\n","protected":false},"excerpt":{"rendered":"<p>Scusandomi con chi casomai aspettasse questo appuntamento settimanale pubblico un po&#8217; di materiali per fare una lecito divina, comunitaria o<\/p>\n","protected":false},"author":1,"featured_media":18046,"comment_status":"open","ping_status":"open","sticky":false,"template":"","format":"standard","meta":{"_mi_skip_tracking":false,"_monsterinsights_sitenote_active":false,"_monsterinsights_sitenote_note":"","_monsterinsights_sitenote_category":0,"jetpack_post_was_ever_published":false,"_jetpack_newsletter_access":"","jetpack_publicize_message":"","jetpack_is_tweetstorm":false,"jetpack_publicize_feature_enabled":true,"jetpack_social_post_already_shared":true,"jetpack_social_options":{"image_generator_settings":{"template":"highway","enabled":false}}},"categories":[52,54,17,62,16],"tags":[],"jetpack_publicize_connections":[],"jetpack_featured_media_url":"https:\/\/i0.wp.com\/www.robertosedda.it\/wp-content\/uploads\/2020\/03\/Lazzaro-Rupnik.jpg?fit=1200%2C893&ssl=1","jetpack_sharing_enabled":true,"jetpack_shortlink":"https:\/\/wp.me\/p4jV2T-4H3","jetpack_likes_enabled":true,"jetpack-related-posts":[{"id":17748,"url":"https:\/\/www.robertosedda.it\/?p=17748","url_meta":{"origin":18045,"position":0},"title":"Come fare una lectio divina autogestita","author":"Rufus","date":"23\/01\/2020","format":false,"excerpt":"La lectio divina \u00e8 una antica pratica della tradizione monastica di studio e meditazione della Bibbia, venuta in auge nelle comunit\u00e0 parrocchiali e nelle associazioni laicali negli anni del post-Concilio. In Italia la sua divulgazione \u00e8 legata in particolar modo al lavoro del Cardinal Martini, anche se la sua diffusione\u2026","rel":"","context":"In &quot;Coordinate&quot;","block_context":{"text":"Coordinate","link":"https:\/\/www.robertosedda.it\/?cat=52"},"img":{"alt_text":"","src":"https:\/\/i0.wp.com\/www.robertosedda.it\/wp-content\/uploads\/2020\/01\/lectio.jpg?fit=810%2C538&ssl=1&resize=350%2C200","width":350,"height":200,"srcset":"https:\/\/i0.wp.com\/www.robertosedda.it\/wp-content\/uploads\/2020\/01\/lectio.jpg?fit=810%2C538&ssl=1&resize=350%2C200 1x, https:\/\/i0.wp.com\/www.robertosedda.it\/wp-content\/uploads\/2020\/01\/lectio.jpg?fit=810%2C538&ssl=1&resize=700%2C400 2x"},"classes":[]},{"id":18083,"url":"https:\/\/www.robertosedda.it\/?p=18083","url_meta":{"origin":18045,"position":1},"title":"Lectio di Pasqua","author":"Rufus","date":"11\/04\/2020","format":false,"excerpt":"Trovate qui di seguito, come ogni sabato, i materiali per una lectio sul Vangelo della domenica, da fare da soli o in comunit\u00e0 (telematica, in questo periodo). Come al solito ricordo che lo schema generale della lectio e il modo di farla del gruppo La Pira sono spiegati in questo\u2026","rel":"","context":"In &quot;Coordinate&quot;","block_context":{"text":"Coordinate","link":"https:\/\/www.robertosedda.it\/?cat=52"},"img":{"alt_text":"","src":"https:\/\/i0.wp.com\/www.robertosedda.it\/wp-content\/uploads\/2020\/04\/Rupnik-Pasqua.jpg?fit=822%2C1024&ssl=1&resize=350%2C200","width":350,"height":200,"srcset":"https:\/\/i0.wp.com\/www.robertosedda.it\/wp-content\/uploads\/2020\/04\/Rupnik-Pasqua.jpg?fit=822%2C1024&ssl=1&resize=350%2C200 1x, https:\/\/i0.wp.com\/www.robertosedda.it\/wp-content\/uploads\/2020\/04\/Rupnik-Pasqua.jpg?fit=822%2C1024&ssl=1&resize=700%2C400 2x"},"classes":[]},{"id":18590,"url":"https:\/\/www.robertosedda.it\/?p=18590","url_meta":{"origin":18045,"position":2},"title":"La lectio che abbiamo gi\u00e0 fatto","author":"Rufus","date":"30\/04\/2021","format":false,"excerpt":"A quanto pare il gruppo La Pira ci ha preso gusto e domenica, alle 18,00, facciamo di nuovo lectio, in questo caso sul brano della vite e dei tralci che si trova al Vangelo di Giovanni al capitolo 15, versetti 1-8. Si tratta di un brano su cui abbiamo gi\u00e0\u2026","rel":"","context":"In &quot;Coordinate&quot;","block_context":{"text":"Coordinate","link":"https:\/\/www.robertosedda.it\/?cat=52"},"img":{"alt_text":"","src":"https:\/\/i0.wp.com\/www.robertosedda.it\/wp-content\/uploads\/2021\/04\/Peter_Paul_Rubens_-_Last_Supper_-_WGA20255-scaled.jpg?fit=989%2C1200&ssl=1&resize=350%2C200","width":350,"height":200,"srcset":"https:\/\/i0.wp.com\/www.robertosedda.it\/wp-content\/uploads\/2021\/04\/Peter_Paul_Rubens_-_Last_Supper_-_WGA20255-scaled.jpg?fit=989%2C1200&ssl=1&resize=350%2C200 1x, https:\/\/i0.wp.com\/www.robertosedda.it\/wp-content\/uploads\/2021\/04\/Peter_Paul_Rubens_-_Last_Supper_-_WGA20255-scaled.jpg?fit=989%2C1200&ssl=1&resize=700%2C400 2x"},"classes":[]},{"id":18066,"url":"https:\/\/www.robertosedda.it\/?p=18066","url_meta":{"origin":18045,"position":3},"title":"La lectio della inaudita Domenica delle Palme","author":"Rufus","date":"04\/04\/2020","format":false,"excerpt":"Non so bene che impressione mi far\u00e0, domani, partecipare da casa ai riti mutili della Domenica delle Palme a causa dell'emergenza. Una domenica abbastanza inaudita, certamente per quelli della mia generazione ma probabilmente anche per quelli che hanno vissuto altri cataclismi come quello della guerra. Ad ogni modo, continuo con\u2026","rel":"","context":"In &quot;Coordinate&quot;","block_context":{"text":"Coordinate","link":"https:\/\/www.robertosedda.it\/?cat=52"},"img":{"alt_text":"","src":"https:\/\/i0.wp.com\/www.robertosedda.it\/wp-content\/uploads\/2020\/04\/Rupnik-pantocrator.jpg?fit=400%2C292&ssl=1&resize=350%2C200","width":350,"height":200},"classes":[]},{"id":18097,"url":"https:\/\/www.robertosedda.it\/?p=18097","url_meta":{"origin":18045,"position":4},"title":"Lectio in albis","author":"Rufus","date":"18\/04\/2020","format":false,"excerpt":"Domani il gruppo La Pira fa la sua lectio periodica. I materiali che utilizzeremo sono quelli che trovate qui sotto, e possono essere utili anche ad altri che vogliono fare una esperienza simile. Il metodo \u00e8 spiegato in questo vecchio articolo; anche quando il gruppo non si riunisce (virtualmente, in\u2026","rel":"","context":"In &quot;Coordinate&quot;","block_context":{"text":"Coordinate","link":"https:\/\/www.robertosedda.it\/?cat=52"},"img":{"alt_text":"","src":"https:\/\/i0.wp.com\/www.robertosedda.it\/wp-content\/uploads\/2020\/04\/Pentecoste-Rupnik.jpg?fit=430%2C540&ssl=1&resize=350%2C200","width":350,"height":200},"classes":[]},{"id":18500,"url":"https:\/\/www.robertosedda.it\/?p=18500","url_meta":{"origin":18045,"position":5},"title":"La lectio dell&#8217;incontro del giorno dopo","author":"Rufus","date":"17\/04\/2021","format":false,"excerpt":"Dopo un periodo di interruzione domani il gruppo La Pira fa la sua lectio periodica. Cime sempre pubblico qui i materiali che utilizzeremo per renderne pi\u00f9 facile la consultazione al gruppo e anche perch\u00e9 possono essere utili anche ad altri che vogliono fare una esperienza simile. Il metodo \u00e8 spiegato\u2026","rel":"","context":"In &quot;Coordinate&quot;","block_context":{"text":"Coordinate","link":"https:\/\/www.robertosedda.it\/?cat=52"},"img":{"alt_text":"","src":"https:\/\/i0.wp.com\/www.robertosedda.it\/wp-content\/uploads\/2021\/04\/3039px-1602-3_CaravaggioSupper_at_Emmaus_National_Gallery_London-scaled.jpg?fit=1200%2C853&ssl=1&resize=350%2C200","width":350,"height":200,"srcset":"https:\/\/i0.wp.com\/www.robertosedda.it\/wp-content\/uploads\/2021\/04\/3039px-1602-3_CaravaggioSupper_at_Emmaus_National_Gallery_London-scaled.jpg?fit=1200%2C853&ssl=1&resize=350%2C200 1x, https:\/\/i0.wp.com\/www.robertosedda.it\/wp-content\/uploads\/2021\/04\/3039px-1602-3_CaravaggioSupper_at_Emmaus_National_Gallery_London-scaled.jpg?fit=1200%2C853&ssl=1&resize=700%2C400 2x, https:\/\/i0.wp.com\/www.robertosedda.it\/wp-content\/uploads\/2021\/04\/3039px-1602-3_CaravaggioSupper_at_Emmaus_National_Gallery_London-scaled.jpg?fit=1200%2C853&ssl=1&resize=1050%2C600 3x"},"classes":[]}],"_links":{"self":[{"href":"https:\/\/www.robertosedda.it\/index.php?rest_route=\/wp\/v2\/posts\/18045"}],"collection":[{"href":"https:\/\/www.robertosedda.it\/index.php?rest_route=\/wp\/v2\/posts"}],"about":[{"href":"https:\/\/www.robertosedda.it\/index.php?rest_route=\/wp\/v2\/types\/post"}],"author":[{"embeddable":true,"href":"https:\/\/www.robertosedda.it\/index.php?rest_route=\/wp\/v2\/users\/1"}],"replies":[{"embeddable":true,"href":"https:\/\/www.robertosedda.it\/index.php?rest_route=%2Fwp%2Fv2%2Fcomments&post=18045"}],"version-history":[{"count":2,"href":"https:\/\/www.robertosedda.it\/index.php?rest_route=\/wp\/v2\/posts\/18045\/revisions"}],"predecessor-version":[{"id":18048,"href":"https:\/\/www.robertosedda.it\/index.php?rest_route=\/wp\/v2\/posts\/18045\/revisions\/18048"}],"wp:featuredmedia":[{"embeddable":true,"href":"https:\/\/www.robertosedda.it\/index.php?rest_route=\/wp\/v2\/media\/18046"}],"wp:attachment":[{"href":"https:\/\/www.robertosedda.it\/index.php?rest_route=%2Fwp%2Fv2%2Fmedia&parent=18045"}],"wp:term":[{"taxonomy":"category","embeddable":true,"href":"https:\/\/www.robertosedda.it\/index.php?rest_route=%2Fwp%2Fv2%2Fcategories&post=18045"},{"taxonomy":"post_tag","embeddable":true,"href":"https:\/\/www.robertosedda.it\/index.php?rest_route=%2Fwp%2Fv2%2Ftags&post=18045"}],"curies":[{"name":"wp","href":"https:\/\/api.w.org\/{rel}","templated":true}]}}