{"id":17965,"date":"2020-03-15T12:02:42","date_gmt":"2020-03-15T11:02:42","guid":{"rendered":"http:\/\/www.robertosedda.it\/?p=17965"},"modified":"2022-03-17T12:38:27","modified_gmt":"2022-03-17T11:38:27","slug":"strumenti-per-la-lectio-del-15-marzo","status":"publish","type":"post","link":"https:\/\/www.robertosedda.it\/?p=17965","title":{"rendered":"Strumenti per la lectio del 15 marzo"},"content":{"rendered":"\n<p>La settimana scorsa ho scritto che pubblicavo materiali per la <em>lectio<\/em> al tempo del metro di distanza. Manco a farlo apposta, il giorno dopo siamo passati dal metro di distanza alla quarantena in casa. Nel frattempo vedo che c&#8217;\u00e8 tutto un fiorire di iniziative <em>on line<\/em>, sicuramente molto migliori del mio contributo: ho pensato comunque di continuare a pubblicare i materiali per una <em>lectio<\/em> personale o casalinga, o magari addirittura <em>on lin<\/em>, pi\u00f9 che altro perch\u00e9 spero che faccia piacere ai miei compagni di viaggio del gruppo <em>La Pira<\/em> e poi per, diciamo cos\u00ec, non abbandonare subito l&#8217;abitudine che mi ero preso.<\/p>\n\n\n\n<p>Come al solito, se qualcuno non sa di che cosa stiamo parlando, prima di proseguire pu\u00f2 vedere un <a href=\"http:\/\/www.robertosedda.it\/?p=17748\">articolo di qualche mese fa<\/a> che contiene tutte le spiegazioni per una <em>lectio<\/em> condivisa e anche i<em> link<\/em> con le spiegazioni su come farla, in maniera pi\u00f9 classica, personalmente.<\/p>\n\n\n\n<p>Gli altri invece trovano direttamente il materiale utile qui sotto.<\/p>\n\n\n\n<h2>III domenica di Quaresima, anno A<\/h2>\n\n\n\n<figure class=\"wp-block-image alignwide size-full\"><img data-attachment-id=\"15855\" data-permalink=\"https:\/\/www.robertosedda.it\/?attachment_id=15855\" data-orig-file=\"https:\/\/i0.wp.com\/www.robertosedda.it\/wp-content\/uploads\/2018\/11\/Samaritana-Rupnik.jpg?fit=640%2C546&amp;ssl=1\" data-orig-size=\"640,546\" data-comments-opened=\"1\" data-image-meta=\"{&quot;aperture&quot;:&quot;0&quot;,&quot;credit&quot;:&quot;&quot;,&quot;camera&quot;:&quot;&quot;,&quot;caption&quot;:&quot;&quot;,&quot;created_timestamp&quot;:&quot;0&quot;,&quot;copyright&quot;:&quot;&quot;,&quot;focal_length&quot;:&quot;0&quot;,&quot;iso&quot;:&quot;0&quot;,&quot;shutter_speed&quot;:&quot;0&quot;,&quot;title&quot;:&quot;&quot;,&quot;orientation&quot;:&quot;0&quot;}\" data-image-title=\"Samaritana Rupnik\" data-image-description=\"\" data-image-caption=\"\" data-medium-file=\"https:\/\/i0.wp.com\/www.robertosedda.it\/wp-content\/uploads\/2018\/11\/Samaritana-Rupnik.jpg?fit=300%2C256&amp;ssl=1\" data-large-file=\"https:\/\/i0.wp.com\/www.robertosedda.it\/wp-content\/uploads\/2018\/11\/Samaritana-Rupnik.jpg?fit=510%2C435&amp;ssl=1\" decoding=\"async\" loading=\"lazy\" width=\"640\" height=\"546\" src=\"https:\/\/i0.wp.com\/www.robertosedda.it\/wp-content\/uploads\/2018\/11\/Samaritana-Rupnik.jpg?resize=640%2C546\" alt=\"\" class=\"wp-image-15855\" srcset=\"https:\/\/i0.wp.com\/www.robertosedda.it\/wp-content\/uploads\/2018\/11\/Samaritana-Rupnik.jpg?w=640&amp;ssl=1 640w, https:\/\/i0.wp.com\/www.robertosedda.it\/wp-content\/uploads\/2018\/11\/Samaritana-Rupnik.jpg?resize=150%2C128&amp;ssl=1 150w, https:\/\/i0.wp.com\/www.robertosedda.it\/wp-content\/uploads\/2018\/11\/Samaritana-Rupnik.jpg?resize=300%2C256&amp;ssl=1 300w, https:\/\/i0.wp.com\/www.robertosedda.it\/wp-content\/uploads\/2018\/11\/Samaritana-Rupnik.jpg?resize=510%2C435&amp;ssl=1 510w\" sizes=\"(max-width: 640px) 100vw, 640px\" data-recalc-dims=\"1\" \/><\/figure>\n\n\n\n<h3>Il brano<\/h3>\n\n\n\n<p>Prima di tutto, il Vangelo di riferimento (Gv 4,5-42):<\/p>\n\n\n\n<p><em>In quel tempo, Ges\u00f9 giunse a una citt\u00e0 della Samar\u00eca chiamata Sicar,  vicina al terreno che Giacobbe aveva dato a Giuseppe suo figlio: qui c\u2019era un pozzo di Giacobbe. Ges\u00f9 dunque, affaticato per il viaggio, sedeva presso il pozzo. Era circa mezzogiorno. Giunge una donna samaritana ad attingere acqua. Le dice Ges\u00f9: \u00abDammi da bere\u00bb. I suoi discepoli erano andati in citt\u00e0 a fare provvista di cibi. Allora la  donna samaritana gli dice: \u00abCome mai tu, che sei giudeo, chiedi da bere a me, che sono una donna samaritana?\u00bb. I Giudei infatti non hanno rapporti con i Samaritani. <br \/>Ges\u00f9 le risponde: \u00abSe tu conoscessi il dono di Dio e chi \u00e8 colui che ti dice: \u201cDammi da bere!\u201d, tu avresti chiesto a lui ed egli ti avrebbe dato acqua viva\u00bb. Gli dice la donna: \u00abSignore, non hai un secchio e il pozzo \u00e8 profondo; da dove prendi dunque quest\u2019acqua viva? Sei tu forse pi\u00f9  grande del nostro padre Giacobbe, che ci diede il pozzo e ne bevve lui con i suoi figli e il suo bestiame?\u00bb. Ges\u00f9 le risponde: \u00abChiunque beve di quest\u2019acqua avr\u00e0 di nuovo sete; ma chi berr\u00e0 dell\u2019acqua che io gli dar\u00f2, non avr\u00e0 pi\u00f9 sete in eterno. Anzi,  l\u2019acqua che io gli dar\u00f2 diventer\u00e0 in lui una sorgente d\u2019acqua che zampilla per la vita eterna\u00bb. \u00abSignore \u2013 gli dice la donna \u2013, dammi quest\u2019acqua, perch\u00e9 io non abbia pi\u00f9 sete e non continui a venire qui ad  attingere acqua\u00bb. Le dice: \u00abVa\u2019 a chiamare tuo marito e ritorna qui\u00bb. Gli risponde la donna: \u00abIo non ho marito\u00bb. Le dice Ges\u00f9: \u00abHai detto  bene: \u201cIo non ho marito\u201d. Infatti hai avuto cinque mariti e quello che hai ora non \u00e8 tuo marito; in questo hai detto il vero\u00bb. <br \/>Gli replica la donna: \u00abSignore, vedo che tu sei un profeta! I nostri  padri hanno adorato su questo monte; voi invece dite che \u00e8 a Gerusalemme il luogo in cui bisogna adorare\u00bb. Ges\u00f9 le dice: \u00abCredimi, donna, viene l\u2019ora in cui n\u00e9 su questo monte n\u00e9 a Gerusalemme adorerete il Padre. Voi adorate ci\u00f2 che non conoscete, noi adoriamo ci\u00f2 che conosciamo, perch\u00e9 la salvezza viene dai Giudei. Ma viene l\u2019ora \u2013 ed \u00e8 questa \u2013 in cui i veri adoratori adoreranno il Padre in spirito e verit\u00e0: cos\u00ec infatti il Padre vuole che siano quelli che lo adorano. Dio \u00e8 spirito, e quelli che lo adorano devono adorare in spirito e verit\u00e0\u00bb. Gli rispose la donna: \u00abSo che deve venire il Messia, chiamato Cristo: quando egli verr\u00e0, ci annuncer\u00e0 ogni cosa\u00bb. Le dice Ges\u00f9: \u00abSono io, che parlo con te\u00bb.<br \/>In quel momento giunsero i suoi discepoli e si meravigliavano che parlasse con una donna. Nessuno tuttavia disse: \u00abChe cosa cerchi?\u00bb, o: \u00abDi che cosa parli con lei?\u00bb. La donna intanto lasci\u00f2 la sua anfora, and\u00f2 in citt\u00e0 e disse alla gente: \u00abVenite a vedere un uomo che mi ha detto tutto quello che ho fatto. Che sia lui il Cristo?\u00bb. Uscirono dalla citt\u00e0 e andavano da lui.<br \/>Intanto i discepoli lo pregavano: \u00abRabb\u00ec, mangia\u00bb. Ma egli rispose loro:  \u00abIo ho da mangiare un cibo che voi non conoscete\u00bb. E i discepoli si domandavano l\u2019un l\u2019altro: \u00abQualcuno gli ha forse portato da mangiare?\u00bb. Ges\u00f9 disse loro: \u00abIl mio cibo \u00e8 fare la volont\u00e0 di colui che mi ha mandato e compiere la sua opera. Voi non dite forse: ancora quattro mesi e poi viene la mietitura? Ecco, io vi dico: alzate i vostri occhi e guardate i campi che gi\u00e0 biondeggiano per la mietitura. Chi miete riceve il salario e raccoglie frutto per la vita eterna, perch\u00e9 chi semina gioisca insieme a chi miete. In questo infatti si dimostra vero il proverbio: uno semina e l\u2019altro miete. Io vi ho mandati a mietere ci\u00f2  per cui non avete faticato; altri hanno faticato e voi siete subentrati  nella loro fatica\u00bb.<br \/>Molti Samaritani di quella citt\u00e0 credettero in lui per la parola della donna, che testimoniava: \u00abMi ha detto tutto quello che ho fatto\u00bb. E quando i Samaritani giunsero da lui, lo pregavano di rimanere da loro ed egli rimase l\u00e0 due giorni. Molti di pi\u00f9 credettero per la sua parola e alla donna dicevano: \u00abNon \u00e8 pi\u00f9 per i tuoi discorsi che noi crediamo, ma perch\u00e9 noi stessi abbiamo udito e sappiamo che questi \u00e8 veramente il  salvatore del mondo\u00bb.<\/em><\/p>\n\n\n\n<h3>Commenti utilizzabili<\/h3>\n\n\n\n<p>Per questa domenica la Liturgia della Parola prevede la possibilit\u00e0 di leggere il Vangelo nella forma integrale o in una forma pi\u00f9 breve. Alcuni dei commenti possono riferirsi all&#8217;una o all&#8217;altra forma.<\/p>\n\n\n\n<ul><li>il <a href=\"http:\/\/www.abbaziadipulsano.org\/wp-content\/uploads\/2020\/03\/Lectio-III-Dom.-Quaresima-A-2020.doc\">commento pi\u00f9 ampio<\/a> \u00e8 come al solito quello offerto dal sito dell&#8217;Abbazia di Santa Maria di Pulsano;<\/li><li>un <a href=\"https:\/\/meditarelaparola.blogspot.com\/\">commento esegetico<\/a> versetto per versetto ma pi\u00f9 breve, sul sito <em>Meditare la Parola<\/em>;<\/li><li>un <a href=\"http:\/\/www.notedipastoralegiovanile.it\/index.php?option=com_content&amp;view=article&amp;id=11335:domenica-della-samaritana\">commento esegetico<\/a> sul sito di <em>Note di pastorale giovanile;<\/em><\/li><li>un <a href=\"https:\/\/www.monasterodibose.it\/preghiera\/vangelo\/13707-osare-la-propria-sete-di-incontro\">commento esegetico<\/a> di Luciano Manicardi, priore di Bose;<\/li><li>un <a href=\"https:\/\/www.monasterodibose.it\/fondatore\/riflessioni-sul-vangelo\/11284-signore-dammi-sempre-quest-acqua\">commento esegetico<\/a> di Enzo Bianchi, sempre dal sito di Bose;<\/li><li>sul sito dei Padri Carmelitani, un <a href=\"https:\/\/ocarm.org\/it\/content\/lectio\/lectio-divina-3-domenica-quaresima\">commento<\/a> che si concentra su alcune chiavi di lettura: il simbolismo dell&#8217;acqua, il dialogo Ges\u00f9-Samaritana, il ruolo della donna ne Vangelo di Giovanni. CI sono anche alcune domande per la riflessione personale e alcuni materiali aggiuntivi per la preghiera;<\/li><li>una <em><a href=\"http:\/\/www.giovaniversoassisi.it\/GVA\/GVA2009\/files\/Lectio%20fr%20Gaspare%20La%20Barbera.pdf\">lectio<\/a><\/em> offerta dal sito <em>Giovani verso Assisi<\/em>;<\/li><li><a href=\"http:\/\/dimensionesperanza.it\/aree\/formazione-religiosa\/bibbia\/item\/8153-la-samaritana-un-desiderio-infinito-spunti-per-una-lectio-divian-su-gv-4-1-29-mauro-maria-morfina-sdb.html\">appunti<\/a> per una <em>lectio<\/em> di padre Morfino;<\/li><li>ancora sul sito di <em>Note di pastorale giovanile<\/em>, una <a href=\"http:\/\/www.parrocchiasantibartolomeoegaetano.it\/index.php?option=com_content&amp;view=article&amp;id=222:ritiro-quaresimale-28-marzo-2011-lectio-samaritana&amp;catid=29:catechesi-giovani-adulti-&amp;Itemid=40\">riflessione<\/a> pi\u00f9 breve;<\/li><li>ancora sul sito di Bose un <a href=\"https:\/\/www.monasterodibose.it\/preghiera\/quaresima-20\/13712-dio-ha-sete-della-nostra-sete\">commento<\/a> di taglio generale ma molto interessante che collega alcune espressioni del testo con i pilasti fondanti della spiritualit\u00e0 occidentale e con altri testi liturgici e catechistici della Chiesa cattolica; <\/li><li>un <a href=\"http:\/\/www.camaldolesiromani.com\/wp-content\/uploads\/PDF%202017\/III_Quaresima_A.pdf\">commento<\/a> dal taglio simile di padre Innocenzo Gargano;<\/li><li>una bella <a href=\"https:\/\/combonianum.org\/2018\/02\/23\/lincontro-tra-gesu-e-la-samaritana\/\">riflessione<\/a> sul sito dei Comboniani  che collega l&#8217;incontro con la Samaritana ad altri passi nel Vangelo di Giovanni (le nozze di Cana e l&#8217;apparizione a Maria Magdalena;<\/li><li>un <a href=\"https:\/\/www.monasterodibose.it\/edizioni-qiqajon\/consigli-di-lettura\/11311-la-tua-anfora-non-e-senza-acqua\">estratto<\/a> da un libro di Angelo Casati, con alcuni utili riferimenti al testo, che si concentra sul modo di Ges\u00f9 di incontrare le persone;<\/li><li>un <a href=\"http:\/\/www.abbaziaborzone.it\/2009\/02\/17\/dammi-da-bere-gv-41-42\/\">commento ampio<\/a> ma dal taglio pi\u00f9 spirituale e meno esegetico sul sito dell&#8217;Abbazia di Borzone;<\/li><li>un <a href=\"https:\/\/www.lapartebuona.it\/commenti-ai-vangeli-della-domenica\/commento-al-vangelo-della-terza-domenica-di-quaresima-gv-45-42-a-cura-di-giulio-michelini-ofm\/\">commento<\/a> di taglio spirituale di padre Guido Michelini.<\/li><\/ul>\n\n\n\n<h3>Altri materiali utili<\/h3>\n\n\n\n<p>L\u2019intero testo della liturgia della Parola si trova sul sito de <em><a href=\"http:\/\/www.lachiesa.it\/calendario\/Detailed\/20200315.shtml\">LaChiesa.it<\/a>.<\/em><\/p>\n\n\n\n<h4>Per iniziare<\/h4>\n\n\n\n<p><strong>Antifona d\u2019ingresso<\/strong><\/p>\n\n\n\n<p><em>&#8220;Quando manifester\u00f2 in voi la mia santit\u00e0,  <br \/>vi raccoglier\u00f2 da tutta la terra;  <br \/>vi asperger\u00f2 con acqua pura  <br \/>e sarete purificati da tutte le vostre sozzure  <br \/>e io vi dar\u00f2 uno spirito nuovo\u201d, dice il Signore.<\/em><\/p>\n\n\n\n<p><em>oppure<\/em><\/p>\n\n\n\n<p><em>Signore, tu sei veramente il salvatore del mondo;<br \/>dammi dell\u2019acqua viva, perch\u00e9 io non abbia pi\u00f9 sete.<\/em><\/p>\n\n\n\n<h4>Invocazione prima della <em>lectio<\/em><\/h4>\n\n\n\n<p><strong>Colletta<\/strong><\/p>\n\n\n\n<p><em>Dio misericordioso, fonte di ogni bene,  <br \/>tu ci hai proposto a rimedio del peccato  <br \/>il digiuno, la preghiera e le opere di carit\u00e0 fraterna;  <br \/>guarda a noi che riconosciamo la nostra miseria  <br \/>e, poich\u00e9 ci opprime il peso delle nostre colpe,  <br \/>ci sollevi la tua misericordia.  <br \/>Per il nostro Signore Ges\u00f9 Cristo, Tuo Figlio, che \u00e8 Dio,<\/em><br \/>e<em> vive e regna con Te, nell&#8217;unit\u00e0 dello Spirito Santo<br \/>per tutti i secoli dei secoli. Amen.<\/em><\/p>\n\n\n\n<p><em>oppure<\/em><\/p>\n\n\n\n<p><strong>Invocazione allo Spirito<\/strong><\/p>\n\n\n\n<p><em>Ti ringrazio, Signore, perch\u00e9 tu conosci la nostra debolezza nel pregare, la nostra fatica, la nostra facilit\u00e0 a confonderci, a distrarci. Ti ringrazio perch\u00e9 il tuo Spirito mette in noi le attitudini, le parole, i gesti, i silenzi giusti. Ci affidiamo a te e allo Spirito Santo, per intercessione di Maria sotto la cui protezione ci poniamo. E ci affidiamo pure alla preghiera della Chiesa, sapendo che noi siamo portati da quella preghiera, siamo soltanto una goccia del fiume di preghiera che scende verso il mare di Dio.<\/em><\/p>\n\n\n\n<h4><strong>Al termine della <em>contemplatio<\/em><\/strong><\/h4>\n\n\n\n<p><strong>Isaia 55,1.6-9<\/strong><\/p>\n\n\n\n<p><em>O voi tutti assetati venite all&#8217;acqua,<br \/>chi non ha denaro venga ugualmente;<br \/>comprate e mangiate senza denaro<br \/>e, senza spesa, vino e latte.<br \/>Cercate il Signore, mentre si fa trovare,<br \/>invocatelo, mentre \u00e8 vicino.<br \/>L&#8217;empio abbandoni la sua via<br \/>e l&#8217;uomo iniquo i suoi pensieri;<br \/>ritorni al Signore che avr\u00e0 misericordia di lui<br \/>e al nostro Dio che largamente perdona.<br \/>Perch\u00e9 i miei pensieri non sono i vostri pensieri,<br \/>le vostre vie non sono le mie vie &#8211; oracolo del Signore.<br \/>Quanto il cielo sovrasta la terra,<br \/>tanto le mie vie sovrastano le vostre vie,<br \/>i miei pensieri sovrastano i vostri pensieri.<\/em><\/p>\n\n\n\n<h4>Per la conclusione dell\u2019incontro<\/h4>\n\n\n\n<p><em>Signore  Ges\u00f9, ti ringraziamo per la tua parola che ci ha fatto comprendere  meglio la volont\u00e0 del Padre. Fa che il tuo Spirito illumini le nostre  azioni e ci comunichi la forza per eseguire quello, che la Tua Parola ci  ha mostrato. Fa che noi, come Maria, tua Madre, possiamo non solo  ascoltare ma anche praticare la Parola, Tu che vivi e regni con il Padre  nell\u2019unit\u00e0 dello Spirito Santo per tutti i secoli dei secoli. Amen.<\/em><\/p>\n","protected":false},"excerpt":{"rendered":"<p>La settimana scorsa ho scritto che pubblicavo materiali per la lectio al tempo del metro di distanza. Manco a farlo<\/p>\n","protected":false},"author":1,"featured_media":15855,"comment_status":"open","ping_status":"open","sticky":false,"template":"","format":"standard","meta":{"_mi_skip_tracking":false,"_monsterinsights_sitenote_active":false,"_monsterinsights_sitenote_note":"","_monsterinsights_sitenote_category":0,"jetpack_post_was_ever_published":false,"_jetpack_newsletter_access":"","jetpack_publicize_message":"Strumenti per la lectio del 15 marzo. ","jetpack_is_tweetstorm":false,"jetpack_publicize_feature_enabled":true,"jetpack_social_post_already_shared":true,"jetpack_social_options":{"image_generator_settings":{"template":"highway","enabled":false}}},"categories":[52,54,17,62,16],"tags":[],"jetpack_publicize_connections":[],"jetpack_featured_media_url":"https:\/\/i0.wp.com\/www.robertosedda.it\/wp-content\/uploads\/2018\/11\/Samaritana-Rupnik.jpg?fit=640%2C546&ssl=1","jetpack_sharing_enabled":true,"jetpack_shortlink":"https:\/\/wp.me\/p4jV2T-4FL","jetpack_likes_enabled":true,"jetpack-related-posts":[{"id":17951,"url":"https:\/\/www.robertosedda.it\/?p=17951","url_meta":{"origin":17965,"position":0},"title":"Lectio al tempo del metro di distanza","author":"Rufus","date":"07\/03\/2020","format":false,"excerpt":"In un periodo in cui la pratica religiosa \u00e8 costretta a strani giri e rigiri dalle pratiche di salvaguardia dal contagio non \u00e8 una cattiva idea dare pi\u00f9 sazio quanto meno alla Parola, mi \u00e8 venuto in testa di pubblicare ogni sabato i materiali per fare lectio (potete consultare un\u2026","rel":"","context":"In &quot;Coordinate&quot;","block_context":{"text":"Coordinate","link":"https:\/\/www.robertosedda.it\/?cat=52"},"img":{"alt_text":"","src":"https:\/\/i0.wp.com\/www.robertosedda.it\/wp-content\/uploads\/2020\/03\/31f116a082e7d1bc1cada96cfa3c2b37.jpg?fit=467%2C600&ssl=1&resize=350%2C200","width":350,"height":200},"classes":[]},{"id":18590,"url":"https:\/\/www.robertosedda.it\/?p=18590","url_meta":{"origin":17965,"position":1},"title":"La lectio che abbiamo gi\u00e0 fatto","author":"Rufus","date":"30\/04\/2021","format":false,"excerpt":"A quanto pare il gruppo La Pira ci ha preso gusto e domenica, alle 18,00, facciamo di nuovo lectio, in questo caso sul brano della vite e dei tralci che si trova al Vangelo di Giovanni al capitolo 15, versetti 1-8. Si tratta di un brano su cui abbiamo gi\u00e0\u2026","rel":"","context":"In &quot;Coordinate&quot;","block_context":{"text":"Coordinate","link":"https:\/\/www.robertosedda.it\/?cat=52"},"img":{"alt_text":"","src":"https:\/\/i0.wp.com\/www.robertosedda.it\/wp-content\/uploads\/2021\/04\/Peter_Paul_Rubens_-_Last_Supper_-_WGA20255-scaled.jpg?fit=989%2C1200&ssl=1&resize=350%2C200","width":350,"height":200,"srcset":"https:\/\/i0.wp.com\/www.robertosedda.it\/wp-content\/uploads\/2021\/04\/Peter_Paul_Rubens_-_Last_Supper_-_WGA20255-scaled.jpg?fit=989%2C1200&ssl=1&resize=350%2C200 1x, https:\/\/i0.wp.com\/www.robertosedda.it\/wp-content\/uploads\/2021\/04\/Peter_Paul_Rubens_-_Last_Supper_-_WGA20255-scaled.jpg?fit=989%2C1200&ssl=1&resize=700%2C400 2x"},"classes":[]},{"id":18500,"url":"https:\/\/www.robertosedda.it\/?p=18500","url_meta":{"origin":17965,"position":2},"title":"La lectio dell&#8217;incontro del giorno dopo","author":"Rufus","date":"17\/04\/2021","format":false,"excerpt":"Dopo un periodo di interruzione domani il gruppo La Pira fa la sua lectio periodica. Cime sempre pubblico qui i materiali che utilizzeremo per renderne pi\u00f9 facile la consultazione al gruppo e anche perch\u00e9 possono essere utili anche ad altri che vogliono fare una esperienza simile. Il metodo \u00e8 spiegato\u2026","rel":"","context":"In &quot;Coordinate&quot;","block_context":{"text":"Coordinate","link":"https:\/\/www.robertosedda.it\/?cat=52"},"img":{"alt_text":"","src":"https:\/\/i0.wp.com\/www.robertosedda.it\/wp-content\/uploads\/2021\/04\/3039px-1602-3_CaravaggioSupper_at_Emmaus_National_Gallery_London-scaled.jpg?fit=1200%2C853&ssl=1&resize=350%2C200","width":350,"height":200,"srcset":"https:\/\/i0.wp.com\/www.robertosedda.it\/wp-content\/uploads\/2021\/04\/3039px-1602-3_CaravaggioSupper_at_Emmaus_National_Gallery_London-scaled.jpg?fit=1200%2C853&ssl=1&resize=350%2C200 1x, https:\/\/i0.wp.com\/www.robertosedda.it\/wp-content\/uploads\/2021\/04\/3039px-1602-3_CaravaggioSupper_at_Emmaus_National_Gallery_London-scaled.jpg?fit=1200%2C853&ssl=1&resize=700%2C400 2x, https:\/\/i0.wp.com\/www.robertosedda.it\/wp-content\/uploads\/2021\/04\/3039px-1602-3_CaravaggioSupper_at_Emmaus_National_Gallery_London-scaled.jpg?fit=1200%2C853&ssl=1&resize=1050%2C600 3x"},"classes":[]},{"id":18083,"url":"https:\/\/www.robertosedda.it\/?p=18083","url_meta":{"origin":17965,"position":3},"title":"Lectio di Pasqua","author":"Rufus","date":"11\/04\/2020","format":false,"excerpt":"Trovate qui di seguito, come ogni sabato, i materiali per una lectio sul Vangelo della domenica, da fare da soli o in comunit\u00e0 (telematica, in questo periodo). Come al solito ricordo che lo schema generale della lectio e il modo di farla del gruppo La Pira sono spiegati in questo\u2026","rel":"","context":"In &quot;Coordinate&quot;","block_context":{"text":"Coordinate","link":"https:\/\/www.robertosedda.it\/?cat=52"},"img":{"alt_text":"","src":"https:\/\/i0.wp.com\/www.robertosedda.it\/wp-content\/uploads\/2020\/04\/Rupnik-Pasqua.jpg?fit=822%2C1024&ssl=1&resize=350%2C200","width":350,"height":200,"srcset":"https:\/\/i0.wp.com\/www.robertosedda.it\/wp-content\/uploads\/2020\/04\/Rupnik-Pasqua.jpg?fit=822%2C1024&ssl=1&resize=350%2C200 1x, https:\/\/i0.wp.com\/www.robertosedda.it\/wp-content\/uploads\/2020\/04\/Rupnik-Pasqua.jpg?fit=822%2C1024&ssl=1&resize=700%2C400 2x"},"classes":[]},{"id":17748,"url":"https:\/\/www.robertosedda.it\/?p=17748","url_meta":{"origin":17965,"position":4},"title":"Come fare una lectio divina autogestita","author":"Rufus","date":"23\/01\/2020","format":false,"excerpt":"La lectio divina \u00e8 una antica pratica della tradizione monastica di studio e meditazione della Bibbia, venuta in auge nelle comunit\u00e0 parrocchiali e nelle associazioni laicali negli anni del post-Concilio. In Italia la sua divulgazione \u00e8 legata in particolar modo al lavoro del Cardinal Martini, anche se la sua diffusione\u2026","rel":"","context":"In &quot;Coordinate&quot;","block_context":{"text":"Coordinate","link":"https:\/\/www.robertosedda.it\/?cat=52"},"img":{"alt_text":"","src":"https:\/\/i0.wp.com\/www.robertosedda.it\/wp-content\/uploads\/2020\/01\/lectio.jpg?fit=810%2C538&ssl=1&resize=350%2C200","width":350,"height":200,"srcset":"https:\/\/i0.wp.com\/www.robertosedda.it\/wp-content\/uploads\/2020\/01\/lectio.jpg?fit=810%2C538&ssl=1&resize=350%2C200 1x, https:\/\/i0.wp.com\/www.robertosedda.it\/wp-content\/uploads\/2020\/01\/lectio.jpg?fit=810%2C538&ssl=1&resize=700%2C400 2x"},"classes":[]},{"id":18066,"url":"https:\/\/www.robertosedda.it\/?p=18066","url_meta":{"origin":17965,"position":5},"title":"La lectio della inaudita Domenica delle Palme","author":"Rufus","date":"04\/04\/2020","format":false,"excerpt":"Non so bene che impressione mi far\u00e0, domani, partecipare da casa ai riti mutili della Domenica delle Palme a causa dell'emergenza. Una domenica abbastanza inaudita, certamente per quelli della mia generazione ma probabilmente anche per quelli che hanno vissuto altri cataclismi come quello della guerra. Ad ogni modo, continuo con\u2026","rel":"","context":"In &quot;Coordinate&quot;","block_context":{"text":"Coordinate","link":"https:\/\/www.robertosedda.it\/?cat=52"},"img":{"alt_text":"","src":"https:\/\/i0.wp.com\/www.robertosedda.it\/wp-content\/uploads\/2020\/04\/Rupnik-pantocrator.jpg?fit=400%2C292&ssl=1&resize=350%2C200","width":350,"height":200},"classes":[]}],"_links":{"self":[{"href":"https:\/\/www.robertosedda.it\/index.php?rest_route=\/wp\/v2\/posts\/17965"}],"collection":[{"href":"https:\/\/www.robertosedda.it\/index.php?rest_route=\/wp\/v2\/posts"}],"about":[{"href":"https:\/\/www.robertosedda.it\/index.php?rest_route=\/wp\/v2\/types\/post"}],"author":[{"embeddable":true,"href":"https:\/\/www.robertosedda.it\/index.php?rest_route=\/wp\/v2\/users\/1"}],"replies":[{"embeddable":true,"href":"https:\/\/www.robertosedda.it\/index.php?rest_route=%2Fwp%2Fv2%2Fcomments&post=17965"}],"version-history":[{"count":1,"href":"https:\/\/www.robertosedda.it\/index.php?rest_route=\/wp\/v2\/posts\/17965\/revisions"}],"predecessor-version":[{"id":17968,"href":"https:\/\/www.robertosedda.it\/index.php?rest_route=\/wp\/v2\/posts\/17965\/revisions\/17968"}],"wp:featuredmedia":[{"embeddable":true,"href":"https:\/\/www.robertosedda.it\/index.php?rest_route=\/wp\/v2\/media\/15855"}],"wp:attachment":[{"href":"https:\/\/www.robertosedda.it\/index.php?rest_route=%2Fwp%2Fv2%2Fmedia&parent=17965"}],"wp:term":[{"taxonomy":"category","embeddable":true,"href":"https:\/\/www.robertosedda.it\/index.php?rest_route=%2Fwp%2Fv2%2Fcategories&post=17965"},{"taxonomy":"post_tag","embeddable":true,"href":"https:\/\/www.robertosedda.it\/index.php?rest_route=%2Fwp%2Fv2%2Ftags&post=17965"}],"curies":[{"name":"wp","href":"https:\/\/api.w.org\/{rel}","templated":true}]}}