{"id":17754,"date":"2020-01-25T18:27:46","date_gmt":"2020-01-25T17:27:46","guid":{"rendered":"http:\/\/www.robertosedda.it\/?p=17754"},"modified":"2022-01-26T10:08:27","modified_gmt":"2022-01-26T09:08:27","slug":"studiando-per-preparare-la-lectio","status":"publish","type":"post","link":"https:\/\/www.robertosedda.it\/?p=17754","title":{"rendered":"Studiando per preparare la lectio"},"content":{"rendered":"\n<figure class=\"wp-block-image alignwide size-full\"><img data-attachment-id=\"17760\" data-permalink=\"https:\/\/www.robertosedda.it\/?attachment_id=17760\" data-orig-file=\"https:\/\/i0.wp.com\/www.robertosedda.it\/wp-content\/uploads\/2020\/01\/Vladimir-Solovyov.jpg?fit=1400%2C1670&amp;ssl=1\" data-orig-size=\"1400,1670\" data-comments-opened=\"1\" data-image-meta=\"{&quot;aperture&quot;:&quot;0&quot;,&quot;credit&quot;:&quot;\\u00ce\\u00ed\\u00eb\\u00e0\\u00e9\\u00ed-\\u00e3\\u00e0\\u00eb\\u00e5\\u00f0\\u00e5\\u00ff Gallerix.ru&quot;,&quot;camera&quot;:&quot;&quot;,&quot;caption&quot;:&quot;???????? ??????????? ???? ??????? ????????? ? ????????-??????? http:\\\/\\\/gallerix.ru&quot;,&quot;created_timestamp&quot;:&quot;1270645987&quot;,&quot;copyright&quot;:&quot;\\u00c0\\u00e2\\u00f2\\u00ee\\u00f0 \\u00ea\\u00e0\\u00f0\\u00f2\\u00e8\\u00ed\\u00fb \\u00f3\\u00ea\\u00e0\\u00e7\\u00e0\\u00ed \\u00e2 \\u00e7\\u00e0\\u00e3\\u00ee\\u00eb\\u00ee\\u00e2\\u00ea\\u00e5. \\u00c0\\u00e2\\u00f2\\u00ee\\u00f0\\u00f1\\u00ea\\u00e8\\u00e5 \\u00ef\\u00f0\\u00e0\\u00e2\\u00e0 \\u00ef\\u00f0\\u00e8\\u00ed\\u00e0\\u00e4\\u00eb\\u00e5\\u00e6\\u00e0\\u00f2 \\u00e8\\u00f5 \\u00e2\\u00eb\\u00e0\\u00e4\\u00e5\\u00eb\\u00fc\\u00f6\\u00e0\\u00ec.&quot;,&quot;focal_length&quot;:&quot;0&quot;,&quot;iso&quot;:&quot;0&quot;,&quot;shutter_speed&quot;:&quot;0&quot;,&quot;title&quot;:&quot;&quot;,&quot;orientation&quot;:&quot;1&quot;}\" data-image-title=\"Vladimir-Solovyov\" data-image-description=\"\" data-image-caption=\"\" data-medium-file=\"https:\/\/i0.wp.com\/www.robertosedda.it\/wp-content\/uploads\/2020\/01\/Vladimir-Solovyov.jpg?fit=251%2C300&amp;ssl=1\" data-large-file=\"https:\/\/i0.wp.com\/www.robertosedda.it\/wp-content\/uploads\/2020\/01\/Vladimir-Solovyov.jpg?fit=510%2C608&amp;ssl=1\" decoding=\"async\" loading=\"lazy\" width=\"800\" height=\"954\" src=\"https:\/\/i0.wp.com\/www.robertosedda.it\/wp-content\/uploads\/2020\/01\/Vladimir-Solovyov.jpg?resize=800%2C954\" alt=\"\" class=\"wp-image-17760\" srcset=\"https:\/\/i0.wp.com\/www.robertosedda.it\/wp-content\/uploads\/2020\/01\/Vladimir-Solovyov.jpg?w=1400&amp;ssl=1 1400w, https:\/\/i0.wp.com\/www.robertosedda.it\/wp-content\/uploads\/2020\/01\/Vladimir-Solovyov.jpg?resize=251%2C300&amp;ssl=1 251w, https:\/\/i0.wp.com\/www.robertosedda.it\/wp-content\/uploads\/2020\/01\/Vladimir-Solovyov.jpg?resize=510%2C608&amp;ssl=1 510w, https:\/\/i0.wp.com\/www.robertosedda.it\/wp-content\/uploads\/2020\/01\/Vladimir-Solovyov.jpg?resize=126%2C150&amp;ssl=1 126w, https:\/\/i0.wp.com\/www.robertosedda.it\/wp-content\/uploads\/2020\/01\/Vladimir-Solovyov.jpg?resize=1288%2C1536&amp;ssl=1 1288w\" sizes=\"(max-width: 800px) 100vw, 800px\" data-recalc-dims=\"1\" \/><figcaption> Vladimir Sergeevi\u010d Solov\u2019\u00ebv di Ivan Nikolaevi\u010d Kramskoj &#8211; <a href=\"https:\/\/commons.wikimedia.org\/w\/index.php?curid=2533079\">Pubblico dominio<\/a><\/figcaption><\/figure>\n\n\n\n<blockquote class=\"wp-block-quote\"><p>\u00ab<em>Coloro che pensano poter ottenere, personalmente o senza intermediari, la piena e definitiva rivelazione di Cristo, non sono maturi per questa rivelazione: prendono per il Cristo i fantasmi della loro immaginazione. Dobbiamo cercare la pienezza di Cristo non nella nostra sfera individuale, ma nella sua sfera, quella di Cristo, che \u00e8 universale, nella chiesa. Santificati nella chiesa, senza che i nostri peccati la maculino in quanto chiesa, dobbiamo accettare per essa di perdere la nostra anima: vale a dire di perdere l\u2019isolamento del nostro io umano, per ritrovare la nostra anima dall&#8217;unione con Dio<\/em>\u00bb.<\/p><cite>(Vladimir Sergeevi\u010d Solov\u2019\u00ebv, <em>Lezioni sull&#8217;Umanit\u00e0-Dio<\/em>) <\/cite><\/blockquote>\n\n\n\n<p>\u00a0<br \/><\/p>\n","protected":false},"excerpt":{"rendered":"<p>\u00abColoro che pensano poter ottenere, personalmente o senza intermediari, la piena e definitiva rivelazione di Cristo, non sono maturi per<\/p>\n","protected":false},"author":1,"featured_media":17760,"comment_status":"open","ping_status":"open","sticky":false,"template":"","format":"standard","meta":{"_mi_skip_tracking":false,"_monsterinsights_sitenote_active":false,"_monsterinsights_sitenote_note":"","_monsterinsights_sitenote_category":0,"jetpack_post_was_ever_published":false,"_jetpack_newsletter_access":"","jetpack_publicize_message":"","jetpack_is_tweetstorm":false,"jetpack_publicize_feature_enabled":true,"jetpack_social_post_already_shared":true,"jetpack_social_options":{"image_generator_settings":{"template":"highway","enabled":false}}},"categories":[52,54,95,16,74],"tags":[],"jetpack_publicize_connections":[],"jetpack_featured_media_url":"https:\/\/i0.wp.com\/www.robertosedda.it\/wp-content\/uploads\/2020\/01\/Vladimir-Solovyov.jpg?fit=1400%2C1670&ssl=1","jetpack_sharing_enabled":true,"jetpack_shortlink":"https:\/\/wp.me\/p4jV2T-4Cm","jetpack_likes_enabled":true,"jetpack-related-posts":[{"id":11443,"url":"https:\/\/www.robertosedda.it\/?p=11443","url_meta":{"origin":17754,"position":0},"title":"Ma gli ebrei si salvano?","author":"Rufus","date":"25\/01\/2016","format":false,"excerpt":"Nota preliminare: ci sono un po' di divagazioni, ma magari sono interessanti. Molti anni fa, credo fra il 1982 e il 1985, l'Azione Cattolica diocesana fece una serie di incontri e di attivit\u00e0 nelle foranie (cio\u00e8 gruppi di parrocchie non urbane) di Senorb\u00ec e Mandas. La chiamammo, probabilmente impropriamente, scuola\u2026","rel":"","context":"In &quot;Coordinate&quot;","block_context":{"text":"Coordinate","link":"https:\/\/www.robertosedda.it\/?cat=52"},"img":{"alt_text":"","src":"https:\/\/i0.wp.com\/www.robertosedda.it\/wp-content\/uploads\/2016\/01\/Wojtyla-e-Toaff.jpg?fit=600%2C571&ssl=1&resize=350%2C200","width":350,"height":200},"classes":[]},{"id":15572,"url":"https:\/\/www.robertosedda.it\/?p=15572","url_meta":{"origin":17754,"position":1},"title":"Dio dei nostri padri","author":"Rufus","date":"13\/08\/2018","format":false,"excerpt":"Quando Blaise Pascal mor\u00ec gli fu trovato un foglietto all'interno della fodera della giacca, dove l'aveva accuratamente cucito e scucito ogni volta che si faceva un abito nuovo. Sul foglietto era scritta una confessione di fede che iniziava: \u00abDio di Abramo, Dio di Isacco, Dio di Giacobbe. Non Dio dei\u2026","rel":"","context":"In &quot;Coordinate&quot;","block_context":{"text":"Coordinate","link":"https:\/\/www.robertosedda.it\/?cat=52"},"img":{"alt_text":"","src":"https:\/\/i0.wp.com\/www.robertosedda.it\/wp-content\/uploads\/2018\/08\/San-Benedetto-1.jpeg?fit=578%2C1046&ssl=1&resize=350%2C200","width":350,"height":200},"classes":[]},{"id":17868,"url":"https:\/\/www.robertosedda.it\/?p=17868","url_meta":{"origin":17754,"position":2},"title":"Nuova lectio","author":"Rufus","date":"25\/02\/2020","format":false,"excerpt":"Domenica 1\u00b0 marzo, che \u00e8 anche la prima domenica di Quaresima, il gruppo La Pira rifar\u00e0 la sua lectio abituale. Se volete sapere di che si tratta e scoprire come si pu\u00f2 gestire uno studio biblico in autonomia, senza esperti ed espertoni, potete consultare un articolo di un mesetto fa\u2026","rel":"","context":"In &quot;Coordinate&quot;","block_context":{"text":"Coordinate","link":"https:\/\/www.robertosedda.it\/?cat=52"},"img":{"alt_text":"","src":"https:\/\/i0.wp.com\/www.robertosedda.it\/wp-content\/uploads\/2020\/02\/Rupnik-deserto.jpg?fit=800%2C600&ssl=1&resize=350%2C200","width":350,"height":200,"srcset":"https:\/\/i0.wp.com\/www.robertosedda.it\/wp-content\/uploads\/2020\/02\/Rupnik-deserto.jpg?fit=800%2C600&ssl=1&resize=350%2C200 1x, https:\/\/i0.wp.com\/www.robertosedda.it\/wp-content\/uploads\/2020\/02\/Rupnik-deserto.jpg?fit=800%2C600&ssl=1&resize=700%2C400 2x"},"classes":[]},{"id":8762,"url":"https:\/\/www.robertosedda.it\/?p=8762","url_meta":{"origin":17754,"position":3},"title":"Breve nota su suor Cristina (teologia inside)","author":"Rufus","date":"27\/10\/2014","format":false,"excerpt":"All'epoca di The Voice avevo perso l'occasione di commentare suor Cristina e credevo che, trattandosi di un effimero fenomeno mediatico, l'occasione non si sarebbe ripresentata. Invece non bisogna mai dire mai e vedi che la suora Orsolina ricompare sui media. Colgo quindi l'occasione per annotare qui un pensiero. Sto rileggendo\u2026","rel":"","context":"In &quot;Coordinate&quot;","block_context":{"text":"Coordinate","link":"https:\/\/www.robertosedda.it\/?cat=52"},"img":{"alt_text":"","src":"https:\/\/i0.wp.com\/www.robertosedda.it\/wp-content\/uploads\/2014\/10\/Suor-Cristina.jpg?fit=800%2C547&ssl=1&resize=350%2C200","width":350,"height":200,"srcset":"https:\/\/i0.wp.com\/www.robertosedda.it\/wp-content\/uploads\/2014\/10\/Suor-Cristina.jpg?fit=800%2C547&ssl=1&resize=350%2C200 1x, https:\/\/i0.wp.com\/www.robertosedda.it\/wp-content\/uploads\/2014\/10\/Suor-Cristina.jpg?fit=800%2C547&ssl=1&resize=700%2C400 2x"},"classes":[]},{"id":13496,"url":"https:\/\/www.robertosedda.it\/?p=13496","url_meta":{"origin":17754,"position":4},"title":"I Padri non avrebbero avuto paura","author":"Rufus","date":"31\/03\/2017","format":false,"excerpt":"Dopo lo spettacolo di sabato\u00a0avevo un pensiero che non riuscivo benissimo a focalizzare, cos\u00ec sono andato a rivedermi Leggere la Bibbia con i Padri, di Maria Campatelli, un testo che quando l'ho letto la prima volta mi ha molto respinto perch\u00e9 criticava il metodo storico-critico di lettura della Bibbia nel\u2026","rel":"","context":"In &quot;Coordinate&quot;","block_context":{"text":"Coordinate","link":"https:\/\/www.robertosedda.it\/?cat=52"},"img":{"alt_text":"","src":"https:\/\/i0.wp.com\/www.robertosedda.it\/wp-content\/uploads\/2017\/03\/Leggere-la-Bibbia-con-i-padri.jpg?fit=300%2C571&ssl=1&resize=350%2C200","width":350,"height":200},"classes":[]},{"id":571,"url":"https:\/\/www.robertosedda.it\/?p=571","url_meta":{"origin":17754,"position":5},"title":"Una filippica","author":"Rufus","date":"22\/08\/2012","format":false,"excerpt":"Oggi come oggi probabilmente l\u2019espressione mediazione culturale non dice molto, ma per i soci di Azione Cattolica della mia generazione e di quelle immediatamente precedenti si trattava di uno dei concetti cardine della formazione e del modo di guardare alla propria testimonianza. Chiariamo subito che il termine non ha nulla\u2026","rel":"","context":"In &quot;Coordinate&quot;","block_context":{"text":"Coordinate","link":"https:\/\/www.robertosedda.it\/?cat=52"},"img":{"alt_text":"","src":"","width":0,"height":0},"classes":[]}],"_links":{"self":[{"href":"https:\/\/www.robertosedda.it\/index.php?rest_route=\/wp\/v2\/posts\/17754"}],"collection":[{"href":"https:\/\/www.robertosedda.it\/index.php?rest_route=\/wp\/v2\/posts"}],"about":[{"href":"https:\/\/www.robertosedda.it\/index.php?rest_route=\/wp\/v2\/types\/post"}],"author":[{"embeddable":true,"href":"https:\/\/www.robertosedda.it\/index.php?rest_route=\/wp\/v2\/users\/1"}],"replies":[{"embeddable":true,"href":"https:\/\/www.robertosedda.it\/index.php?rest_route=%2Fwp%2Fv2%2Fcomments&post=17754"}],"version-history":[{"count":1,"href":"https:\/\/www.robertosedda.it\/index.php?rest_route=\/wp\/v2\/posts\/17754\/revisions"}],"predecessor-version":[{"id":17761,"href":"https:\/\/www.robertosedda.it\/index.php?rest_route=\/wp\/v2\/posts\/17754\/revisions\/17761"}],"wp:featuredmedia":[{"embeddable":true,"href":"https:\/\/www.robertosedda.it\/index.php?rest_route=\/wp\/v2\/media\/17760"}],"wp:attachment":[{"href":"https:\/\/www.robertosedda.it\/index.php?rest_route=%2Fwp%2Fv2%2Fmedia&parent=17754"}],"wp:term":[{"taxonomy":"category","embeddable":true,"href":"https:\/\/www.robertosedda.it\/index.php?rest_route=%2Fwp%2Fv2%2Fcategories&post=17754"},{"taxonomy":"post_tag","embeddable":true,"href":"https:\/\/www.robertosedda.it\/index.php?rest_route=%2Fwp%2Fv2%2Ftags&post=17754"}],"curies":[{"name":"wp","href":"https:\/\/api.w.org\/{rel}","templated":true}]}}