{"id":17745,"date":"2020-01-20T18:31:30","date_gmt":"2020-01-20T17:31:30","guid":{"rendered":"http:\/\/www.robertosedda.it\/?p=17745"},"modified":"2026-01-28T13:05:40","modified_gmt":"2026-01-28T12:05:40","slug":"analogico","status":"publish","type":"post","link":"https:\/\/www.robertosedda.it\/?p=17745","title":{"rendered":"Analogico"},"content":{"rendered":"\n<p>Non so se avete presenti quei casi nei quali su <em>Instagram<\/em> capita che una di quelle tizie bellissime posti una sua foto in cui appare strabellissima e, fra tutti quei commenti che vanno da: \u00abSposami\u00bb a: \u00abSe il segreto della tua bellezza \u00e8 che sei vegetariana, lo vuoi il mio cetriolo?\u00bb, passando per: \u00abMio Dio, il punto di <em>bordeaux<\/em> di quel maglioncino \u00e8 de-li-zio-so!\u00bb, \u00abQuando sei nata tu il cielo ha perso la stella pi\u00f9 bella\u00bb,  e \u00abGuadagnate con poca fatica, contattatemi in privato\u00bb, c&#8217;\u00e8 sempre, sempre, sempre il commento di qualcuno che tagga un&#8217;amica e dice: \u00abPer un attimo credevo fossi tu\u00bb, o qualcosa del genere. In casi estremi dicono perfino cose tipo: \u00abA te quel <em>bikini<\/em> sta molto meglio\u00bb<\/p>\n\n\n\n<p>Che tu leggi e dici: <em>seeee, vabbe&#8217;<\/em>.<\/p>\n\n\n\n<p>A chi vorrai darla a bere.<\/p>\n\n\n\n<figure class=\"wp-block-image alignwide size-full\"><img data-attachment-id=\"17746\" data-permalink=\"https:\/\/www.robertosedda.it\/?attachment_id=17746\" data-orig-file=\"https:\/\/i0.wp.com\/www.robertosedda.it\/wp-content\/uploads\/2020\/01\/Rosie-HW.png?fit=833%2C607&amp;ssl=1\" data-orig-size=\"833,607\" data-comments-opened=\"1\" data-image-meta=\"{&quot;aperture&quot;:&quot;0&quot;,&quot;credit&quot;:&quot;&quot;,&quot;camera&quot;:&quot;&quot;,&quot;caption&quot;:&quot;&quot;,&quot;created_timestamp&quot;:&quot;0&quot;,&quot;copyright&quot;:&quot;&quot;,&quot;focal_length&quot;:&quot;0&quot;,&quot;iso&quot;:&quot;0&quot;,&quot;shutter_speed&quot;:&quot;0&quot;,&quot;title&quot;:&quot;&quot;,&quot;orientation&quot;:&quot;0&quot;}\" data-image-title=\"Rosie HW\" data-image-description=\"\" data-image-caption=\"\" data-medium-file=\"https:\/\/i0.wp.com\/www.robertosedda.it\/wp-content\/uploads\/2020\/01\/Rosie-HW.png?fit=300%2C219&amp;ssl=1\" data-large-file=\"https:\/\/i0.wp.com\/www.robertosedda.it\/wp-content\/uploads\/2020\/01\/Rosie-HW.png?fit=510%2C372&amp;ssl=1\" decoding=\"async\" loading=\"lazy\" width=\"800\" height=\"583\" src=\"https:\/\/i0.wp.com\/www.robertosedda.it\/wp-content\/uploads\/2020\/01\/Rosie-HW.png?resize=800%2C583\" alt=\"\" class=\"wp-image-17746\" srcset=\"https:\/\/i0.wp.com\/www.robertosedda.it\/wp-content\/uploads\/2020\/01\/Rosie-HW.png?w=833&amp;ssl=1 833w, https:\/\/i0.wp.com\/www.robertosedda.it\/wp-content\/uploads\/2020\/01\/Rosie-HW.png?resize=300%2C219&amp;ssl=1 300w, https:\/\/i0.wp.com\/www.robertosedda.it\/wp-content\/uploads\/2020\/01\/Rosie-HW.png?resize=510%2C372&amp;ssl=1 510w, https:\/\/i0.wp.com\/www.robertosedda.it\/wp-content\/uploads\/2020\/01\/Rosie-HW.png?resize=150%2C109&amp;ssl=1 150w\" sizes=\"(max-width: 800px) 100vw, 800px\" data-recalc-dims=\"1\" \/><figcaption>In questo caso, nemmeno cos\u00ec campato per aria&#8230;<\/figcaption><\/figure>\n\n\n\n<p>Per\u00f2 ieri ero al mercato delle pulci di Piazza del Carmine e mi sono fermato a vedere un tavolino che esponeva un po&#8217; di oli su tela a soggetto sardo, fra i quali quello di una ragazzina esile e bellissima in costume di Desulo o gi\u00f9 di l\u00ec.<\/p>\n\n\n\n<p>A fianco a me c&#8217;era una coppia in l\u00e0 con gli anni. Il marito si \u00e8 girato verso la moglie, splendido esemplare di megera tarchiata campidanese, e le ha detto: \u00abSembri tu!\u00bb.<\/p>\n\n\n\n<p>Non c&#8217;\u00e8 bisogno di <em>Instagram<\/em>, evidentemente.<\/p>\n","protected":false},"excerpt":{"rendered":"<p>Non so se avete presenti quei casi nei quali su Instagram capita che una di quelle tizie bellissime posti una<\/p>\n","protected":false},"author":1,"featured_media":17746,"comment_status":"open","ping_status":"open","sticky":false,"template":"","format":"standard","meta":{"_mi_skip_tracking":false,"_monsterinsights_sitenote_active":false,"_monsterinsights_sitenote_note":"","_monsterinsights_sitenote_category":0,"jetpack_post_was_ever_published":false,"_jetpack_newsletter_access":"","jetpack_publicize_message":"","jetpack_is_tweetstorm":false,"jetpack_publicize_feature_enabled":true,"jetpack_social_post_already_shared":true,"jetpack_social_options":{"image_generator_settings":{"template":"highway","enabled":false}}},"categories":[52,56,18,61,16],"tags":[],"jetpack_publicize_connections":[],"jetpack_featured_media_url":"https:\/\/i0.wp.com\/www.robertosedda.it\/wp-content\/uploads\/2020\/01\/Rosie-HW.png?fit=833%2C607&ssl=1","jetpack_sharing_enabled":true,"jetpack_shortlink":"https:\/\/wp.me\/p4jV2T-4Cd","jetpack_likes_enabled":true,"jetpack-related-posts":[{"id":2612,"url":"https:\/\/www.robertosedda.it\/?p=2612","url_meta":{"origin":17745,"position":0},"title":"Starship troopers","author":"Rufus","date":"19\/03\/2013","format":false,"excerpt":"Comunicazione di servizio: Ho rimesso casualmente le mani su una serie di miei post su it.arti.cinema: alcuni li ripubblicher\u00f2 qui, pi\u00f9 che altro per averli sempre a portata di mano e non doverli cercare un'altra volta chiss\u00e0 dove sull'hard-disk. Cercher\u00f2 magari di non postare, nei prossimi giorni, esclusivamente quel materiale,\u2026","rel":"","context":"In &quot;Coordinate&quot;","block_context":{"text":"Coordinate","link":"https:\/\/www.robertosedda.it\/?cat=52"},"img":{"alt_text":"","src":"","width":0,"height":0},"classes":[]},{"id":13847,"url":"https:\/\/www.robertosedda.it\/?p=13847","url_meta":{"origin":17745,"position":1},"title":"Sul fronte del dovere","author":"Rufus","date":"14\/06\/2017","format":"video","excerpt":"Fronte del mare (Cosentino, Italia 2016) Ho visto l'altro giorno nella sala proiezioni della Societ\u00e0 Umanitaria Fronte del mare, un documentario di Raffaella Cosentino ambientato a Bari. So che Cosentino ha girato in passato almeno un altro documentario sul tema dell'immigrazione seguendo l'idea di\u00a0frontiera e si \u00e8 occupata dell'argomento come\u2026","rel":"","context":"In &quot;Coordinate&quot;","block_context":{"text":"Coordinate","link":"https:\/\/www.robertosedda.it\/?cat=52"},"img":{"alt_text":"","src":"","width":0,"height":0},"classes":[]},{"id":4474,"url":"https:\/\/www.robertosedda.it\/?p=4474","url_meta":{"origin":17745,"position":2},"title":"Cambio di impostazione all&#8217;Unione Sarda","author":"Rufus","date":"18\/09\/2013","format":false,"excerpt":"Come molti sanno mi piace assai andare in giro in bicicletta. Per un periodo l'ho usata religiosamente per andare al lavoro e in altri periodi non doveva essere difficile vedermi sfrecciare elegantemente (per modo di dire, ovviamente) per la citt\u00e0. \u00c8 stato in quel periodo che mi hanno fotografato, una\u2026","rel":"","context":"In &quot;Coordinate&quot;","block_context":{"text":"Coordinate","link":"https:\/\/www.robertosedda.it\/?cat=52"},"img":{"alt_text":"","src":"https:\/\/i0.wp.com\/www.robertosedda.it\/wp-content\/uploads\/2013\/09\/Gonario.jpg?fit=1200%2C900&ssl=1&resize=350%2C200","width":350,"height":200,"srcset":"https:\/\/i0.wp.com\/www.robertosedda.it\/wp-content\/uploads\/2013\/09\/Gonario.jpg?fit=1200%2C900&ssl=1&resize=350%2C200 1x, https:\/\/i0.wp.com\/www.robertosedda.it\/wp-content\/uploads\/2013\/09\/Gonario.jpg?fit=1200%2C900&ssl=1&resize=700%2C400 2x, https:\/\/i0.wp.com\/www.robertosedda.it\/wp-content\/uploads\/2013\/09\/Gonario.jpg?fit=1200%2C900&ssl=1&resize=1050%2C600 3x"},"classes":[]},{"id":2834,"url":"https:\/\/www.robertosedda.it\/?p=2834","url_meta":{"origin":17745,"position":3},"title":"Gotico, romantico: Udolpho","author":"Rufus","date":"10\/04\/2013","format":false,"excerpt":"I misteri di Udolpho (Ann Radcliffe, 1794) Nel mio sforzo di essere un austeniano perfetto sto leggendo (in lingua originale) The mysteries of Udolpho, il romanzo che tutte le eroine della zia Jane hanno letto e che \u00e8 anche alla base di uno dei suoi romanzi pi\u00f9 divertenti, L'abbazia di\u2026","rel":"","context":"In &quot;Cappe e spade&quot;","block_context":{"text":"Cappe e spade","link":"https:\/\/www.robertosedda.it\/?cat=70"},"img":{"alt_text":"","src":"https:\/\/i0.wp.com\/www.robertosedda.it\/wp-content\/uploads\/2013\/04\/Turner-Tintern-Abbey.jpg?fit=520%2C736&ssl=1&resize=350%2C200","width":350,"height":200},"classes":[]},{"id":13173,"url":"https:\/\/www.robertosedda.it\/?p=13173","url_meta":{"origin":17745,"position":4},"title":"Giocarsi la vita nella catastrofe &#8211; una citazione per il Giorno della Memoria","author":"Rufus","date":"27\/01\/2017","format":false,"excerpt":"Sto rileggendo\u00a0I dilemmi diletti del gioco di Enrico Euli per prepararmi per un seminario che devo tenere a Viterbo luned\u00ec prossimo - nel quale, peraltro, non ancora bene cosa dire - e ci trovo una citazione notevole di Etty Hillesum (ovviamente Enrico ha letto di\u00a0tutto). \u00c8 una citazione sul giocarsi\u2026","rel":"","context":"In &quot;Coordinate&quot;","block_context":{"text":"Coordinate","link":"https:\/\/www.robertosedda.it\/?cat=52"},"img":{"alt_text":"","src":"https:\/\/i0.wp.com\/www.robertosedda.it\/wp-content\/uploads\/2017\/01\/Dilemmi-gioco.jpg?fit=250%2C348&ssl=1&resize=350%2C200","width":350,"height":200},"classes":[]},{"id":4101,"url":"https:\/\/www.robertosedda.it\/?p=4101","url_meta":{"origin":17745,"position":5},"title":"Quando il signor Luca torner\u00e0&#8230;","author":"Rufus","date":"24\/07\/2013","format":false,"excerpt":"Sto pensando di riprendere a scrivere storie del signor Luca. Per chi non lo sapesse si tratta di raccontini (temo, ahim\u00e9, fin troppo edificanti) che scrivevo su una defunta pubblicazione dell'Azione Cattolica diocesana, a proposito di un certo signor Luca e dei suoi amici della parrocchia: rileggendoli adesso vedo che\u2026","rel":"","context":"In &quot;Coordinate&quot;","block_context":{"text":"Coordinate","link":"https:\/\/www.robertosedda.it\/?cat=52"},"img":{"alt_text":"","src":"","width":0,"height":0},"classes":[]}],"_links":{"self":[{"href":"https:\/\/www.robertosedda.it\/index.php?rest_route=\/wp\/v2\/posts\/17745"}],"collection":[{"href":"https:\/\/www.robertosedda.it\/index.php?rest_route=\/wp\/v2\/posts"}],"about":[{"href":"https:\/\/www.robertosedda.it\/index.php?rest_route=\/wp\/v2\/types\/post"}],"author":[{"embeddable":true,"href":"https:\/\/www.robertosedda.it\/index.php?rest_route=\/wp\/v2\/users\/1"}],"replies":[{"embeddable":true,"href":"https:\/\/www.robertosedda.it\/index.php?rest_route=%2Fwp%2Fv2%2Fcomments&post=17745"}],"version-history":[{"count":2,"href":"https:\/\/www.robertosedda.it\/index.php?rest_route=\/wp\/v2\/posts\/17745\/revisions"}],"predecessor-version":[{"id":19071,"href":"https:\/\/www.robertosedda.it\/index.php?rest_route=\/wp\/v2\/posts\/17745\/revisions\/19071"}],"wp:featuredmedia":[{"embeddable":true,"href":"https:\/\/www.robertosedda.it\/index.php?rest_route=\/wp\/v2\/media\/17746"}],"wp:attachment":[{"href":"https:\/\/www.robertosedda.it\/index.php?rest_route=%2Fwp%2Fv2%2Fmedia&parent=17745"}],"wp:term":[{"taxonomy":"category","embeddable":true,"href":"https:\/\/www.robertosedda.it\/index.php?rest_route=%2Fwp%2Fv2%2Fcategories&post=17745"},{"taxonomy":"post_tag","embeddable":true,"href":"https:\/\/www.robertosedda.it\/index.php?rest_route=%2Fwp%2Fv2%2Ftags&post=17745"}],"curies":[{"name":"wp","href":"https:\/\/api.w.org\/{rel}","templated":true}]}}