{"id":17741,"date":"2020-01-17T14:09:29","date_gmt":"2020-01-17T13:09:29","guid":{"rendered":"http:\/\/www.robertosedda.it\/?p=17741"},"modified":"2020-02-18T19:22:16","modified_gmt":"2020-02-18T18:22:16","slug":"piccola-nota-sulle-polemiche-su-sanremo","status":"publish","type":"post","link":"https:\/\/www.robertosedda.it\/?p=17741","title":{"rendered":"Piccola nota sulle polemiche su Sanremo"},"content":{"rendered":"\n<figure class=\"wp-block-image alignwide size-full\"><img data-attachment-id=\"17742\" data-permalink=\"https:\/\/www.robertosedda.it\/?attachment_id=17742\" data-orig-file=\"https:\/\/i0.wp.com\/www.robertosedda.it\/wp-content\/uploads\/2020\/01\/Murgia-Amadeus.jpg?fit=800%2C450&amp;ssl=1\" data-orig-size=\"800,450\" data-comments-opened=\"1\" data-image-meta=\"{&quot;aperture&quot;:&quot;0&quot;,&quot;credit&quot;:&quot;&quot;,&quot;camera&quot;:&quot;&quot;,&quot;caption&quot;:&quot;&quot;,&quot;created_timestamp&quot;:&quot;0&quot;,&quot;copyright&quot;:&quot;&quot;,&quot;focal_length&quot;:&quot;0&quot;,&quot;iso&quot;:&quot;0&quot;,&quot;shutter_speed&quot;:&quot;0&quot;,&quot;title&quot;:&quot;&quot;,&quot;orientation&quot;:&quot;0&quot;}\" data-image-title=\"Murgia-Amadeus\" data-image-description=\"\" data-image-caption=\"\" data-medium-file=\"https:\/\/i0.wp.com\/www.robertosedda.it\/wp-content\/uploads\/2020\/01\/Murgia-Amadeus.jpg?fit=300%2C169&amp;ssl=1\" data-large-file=\"https:\/\/i0.wp.com\/www.robertosedda.it\/wp-content\/uploads\/2020\/01\/Murgia-Amadeus.jpg?fit=510%2C287&amp;ssl=1\" decoding=\"async\" loading=\"lazy\" width=\"800\" height=\"450\" src=\"https:\/\/i0.wp.com\/www.robertosedda.it\/wp-content\/uploads\/2020\/01\/Murgia-Amadeus.jpg?resize=800%2C450\" alt=\"\" class=\"wp-image-17742\" srcset=\"https:\/\/i0.wp.com\/www.robertosedda.it\/wp-content\/uploads\/2020\/01\/Murgia-Amadeus.jpg?w=800&amp;ssl=1 800w, https:\/\/i0.wp.com\/www.robertosedda.it\/wp-content\/uploads\/2020\/01\/Murgia-Amadeus.jpg?resize=300%2C169&amp;ssl=1 300w, https:\/\/i0.wp.com\/www.robertosedda.it\/wp-content\/uploads\/2020\/01\/Murgia-Amadeus.jpg?resize=510%2C287&amp;ssl=1 510w, https:\/\/i0.wp.com\/www.robertosedda.it\/wp-content\/uploads\/2020\/01\/Murgia-Amadeus.jpg?resize=150%2C84&amp;ssl=1 150w\" sizes=\"(max-width: 800px) 100vw, 800px\" data-recalc-dims=\"1\" \/><\/figure>\n\n\n\n<blockquote class=\"wp-block-quote\"><p> Il movimento di banalizzazione che, sotto i mutevoli diversivi brillanti dello spettacolo, domina a livello mondiale la societ\u00e0 moderna, la domina anche su ciascuno dei punti in cui il consumo sviluppato dalle merci ha moltiplicato in apparenza i ruoli e gli oggetti da scegliere. [&#8230;] All&#8217;accettazione beata dell&#8217;esistente pu\u00f2 anche unirsi come un&#8217;unica cosa la rivolta puramente spettacolare: ci\u00f2 traduce il semplice fatto che l&#8217;insoddisfazione \u00e8 divenuta essa stessa merce, dal momento che l&#8217;abbondanza economica si \u00e8 trovata in grado di estendere la sua produzione fino al trattamento di una tale materia prima. <\/p><cite>Guy Debord, <em>La societ\u00e0 dello spettacolo<\/em>, 59<\/cite><\/blockquote>\n\n\n\n<p><\/p>\n","protected":false},"excerpt":{"rendered":"<p>Il movimento di banalizzazione che, sotto i mutevoli diversivi brillanti dello spettacolo, domina a livello mondiale la societ\u00e0 moderna, la<\/p>\n","protected":false},"author":1,"featured_media":17742,"comment_status":"open","ping_status":"open","sticky":false,"template":"","format":"standard","meta":{"_mi_skip_tracking":false,"_monsterinsights_sitenote_active":false,"_monsterinsights_sitenote_note":"","_monsterinsights_sitenote_category":0,"jetpack_post_was_ever_published":false,"_jetpack_newsletter_access":"","jetpack_publicize_message":"","jetpack_is_tweetstorm":false,"jetpack_publicize_feature_enabled":true,"jetpack_social_post_already_shared":true,"jetpack_social_options":{"image_generator_settings":{"template":"highway","enabled":false}}},"categories":[97,52,57,17,16],"tags":[],"jetpack_publicize_connections":[],"jetpack_featured_media_url":"https:\/\/i0.wp.com\/www.robertosedda.it\/wp-content\/uploads\/2020\/01\/Murgia-Amadeus.jpg?fit=800%2C450&ssl=1","jetpack_sharing_enabled":true,"jetpack_shortlink":"https:\/\/wp.me\/p4jV2T-4C9","jetpack_likes_enabled":true,"jetpack-related-posts":[{"id":15809,"url":"https:\/\/www.robertosedda.it\/?p=15809","url_meta":{"origin":17741,"position":0},"title":"Scritto per l&#8217;oggi","author":"Rufus","date":"06\/11\/2018","format":false,"excerpt":"59.\u00a0 Il movimento di banalizzazione che, sotto i mutevoli diversivi brillanti dello spettacolo, domina\u00a0a livello mondiale la societ\u00e0 moderna, la domina anche su ciascuno dei punti in cui il consumo\u00a0sviluppato dalle merci ha moltiplicato in apparenza i ruoli e gli oggetti da scegliere. La\u00a0sopravvivenza della religione e della famiglia -\u2026","rel":"","context":"In &quot;Antropologia&quot;","block_context":{"text":"Antropologia","link":"https:\/\/www.robertosedda.it\/?cat=97"},"img":{"alt_text":"","src":"https:\/\/i0.wp.com\/www.robertosedda.it\/wp-content\/uploads\/2018\/11\/Debord.jpg?fit=350%2C499&ssl=1&resize=350%2C200","width":350,"height":200},"classes":[]},{"id":7235,"url":"https:\/\/www.robertosedda.it\/?p=7235","url_meta":{"origin":17741,"position":1},"title":"Due o tre cose che penso del mettere in scena futuri distopici &#8211; 1","author":"Rufus","date":"29\/04\/2014","format":false,"excerpt":"In questi giorni su rpg.net (uno dei pi\u00f9 importanti siti di lingua inglese dedicati ai giochi di ruolo)\u00a0c'\u00e8 tutta una discussione che riguarda la raccolta fondi su\u00a0Kickstarter\u00a0per la traduzione in inglese di un gioco di ruolo italiano di argomento supereroistico,\u00a0Urban Heroes. La discussione \u00e8 lunga venti pagine (siete avvisati) ed\u2026","rel":"","context":"In &quot;Coordinate&quot;","block_context":{"text":"Coordinate","link":"https:\/\/www.robertosedda.it\/?cat=52"},"img":{"alt_text":"","src":"https:\/\/i0.wp.com\/www.robertosedda.it\/wp-content\/uploads\/2014\/04\/Gradara-1.jpg?fit=960%2C720&ssl=1&resize=350%2C200","width":350,"height":200,"srcset":"https:\/\/i0.wp.com\/www.robertosedda.it\/wp-content\/uploads\/2014\/04\/Gradara-1.jpg?fit=960%2C720&ssl=1&resize=350%2C200 1x, https:\/\/i0.wp.com\/www.robertosedda.it\/wp-content\/uploads\/2014\/04\/Gradara-1.jpg?fit=960%2C720&ssl=1&resize=700%2C400 2x"},"classes":[]},{"id":10956,"url":"https:\/\/www.robertosedda.it\/?p=10956","url_meta":{"origin":17741,"position":2},"title":"Esegesi estemporanea della contabilit\u00e0","author":"Rufus","date":"06\/10\/2015","format":false,"excerpt":"Il fatto che in un municipio che fu a suo tempo dedicato a Ges\u00f9 Cristo Re venga esaltato chi ha fatto pratica costante di ateismo ed \u00e8 stato sepolto senza rito religioso, ci sembra una grave contraddizione e un pessimo esempio, esaltando la figura di un nemico di Cristo che,\u2026","rel":"","context":"In &quot;Coordinate&quot;","block_context":{"text":"Coordinate","link":"https:\/\/www.robertosedda.it\/?cat=52"},"img":{"alt_text":"","src":"https:\/\/i0.wp.com\/www.robertosedda.it\/wp-content\/uploads\/2015\/10\/Luigi_Gedda.jpg?resize=350%2C200","width":350,"height":200},"classes":[]},{"id":17795,"url":"https:\/\/www.robertosedda.it\/?p=17795","url_meta":{"origin":17741,"position":3},"title":"Alla radice","author":"Rufus","date":"06\/02\/2020","format":false,"excerpt":"Segnalo una storia di cui ha parlato ieri Il Post - un video d'odio viscerale e veramente offensivo contro la religione islamica (se potete essere offesi dalle bestemmie non cliccate sul link), inconsapevole ma non involontario, che ha generato il solito delirio di reazioni minacciose e violente tipiche dell'epoca social\u2026","rel":"","context":"In &quot;Antropologia&quot;","block_context":{"text":"Antropologia","link":"https:\/\/www.robertosedda.it\/?cat=97"},"img":{"alt_text":"","src":"https:\/\/i0.wp.com\/www.robertosedda.it\/wp-content\/uploads\/2020\/02\/Video-Mila.png?fit=516%2C339&ssl=1&resize=350%2C200","width":350,"height":200},"classes":[]},{"id":17754,"url":"https:\/\/www.robertosedda.it\/?p=17754","url_meta":{"origin":17741,"position":4},"title":"Studiando per preparare la lectio","author":"Rufus","date":"25\/01\/2020","format":false,"excerpt":"Vladimir Sergeevi\u010d Solov\u2019\u00ebv di Ivan Nikolaevi\u010d Kramskoj - Pubblico dominio \u00abColoro che pensano poter ottenere, personalmente o senza intermediari, la piena e definitiva rivelazione di Cristo, non sono maturi per questa rivelazione: prendono per il Cristo i fantasmi della loro immaginazione. Dobbiamo cercare la pienezza di Cristo non nella nostra\u2026","rel":"","context":"In &quot;Coordinate&quot;","block_context":{"text":"Coordinate","link":"https:\/\/www.robertosedda.it\/?cat=52"},"img":{"alt_text":"","src":"https:\/\/i0.wp.com\/www.robertosedda.it\/wp-content\/uploads\/2020\/01\/Vladimir-Solovyov.jpg?fit=1006%2C1200&ssl=1&resize=350%2C200","width":350,"height":200,"srcset":"https:\/\/i0.wp.com\/www.robertosedda.it\/wp-content\/uploads\/2020\/01\/Vladimir-Solovyov.jpg?fit=1006%2C1200&ssl=1&resize=350%2C200 1x, https:\/\/i0.wp.com\/www.robertosedda.it\/wp-content\/uploads\/2020\/01\/Vladimir-Solovyov.jpg?fit=1006%2C1200&ssl=1&resize=700%2C400 2x"},"classes":[]},{"id":17106,"url":"https:\/\/www.robertosedda.it\/?p=17106","url_meta":{"origin":17741,"position":5},"title":"Le mappe della conquista","author":"Rufus","date":"30\/08\/2019","format":false,"excerpt":"Al Blanton Museum of Art di Austin, in Texas, si \u00e8 appena chiusa la mostra Mapping Memory: Space and History in 16th-century Mexico. Dato che n\u00e9 io n\u00e9 voi passiamo frequentemente per il Texas meridionale la cosa potrebbe anche passare sotto silenzio, se non fosse che sulla rete c'\u00e8 un\u2026","rel":"","context":"In &quot;Coordinate&quot;","block_context":{"text":"Coordinate","link":"https:\/\/www.robertosedda.it\/?cat=52"},"img":{"alt_text":"","src":"https:\/\/i0.wp.com\/www.robertosedda.it\/wp-content\/uploads\/2019\/08\/Mappa-latino-america-2.jpg?fit=500%2C662&ssl=1&resize=350%2C200","width":350,"height":200},"classes":[]}],"_links":{"self":[{"href":"https:\/\/www.robertosedda.it\/index.php?rest_route=\/wp\/v2\/posts\/17741"}],"collection":[{"href":"https:\/\/www.robertosedda.it\/index.php?rest_route=\/wp\/v2\/posts"}],"about":[{"href":"https:\/\/www.robertosedda.it\/index.php?rest_route=\/wp\/v2\/types\/post"}],"author":[{"embeddable":true,"href":"https:\/\/www.robertosedda.it\/index.php?rest_route=\/wp\/v2\/users\/1"}],"replies":[{"embeddable":true,"href":"https:\/\/www.robertosedda.it\/index.php?rest_route=%2Fwp%2Fv2%2Fcomments&post=17741"}],"version-history":[{"count":1,"href":"https:\/\/www.robertosedda.it\/index.php?rest_route=\/wp\/v2\/posts\/17741\/revisions"}],"predecessor-version":[{"id":17743,"href":"https:\/\/www.robertosedda.it\/index.php?rest_route=\/wp\/v2\/posts\/17741\/revisions\/17743"}],"wp:featuredmedia":[{"embeddable":true,"href":"https:\/\/www.robertosedda.it\/index.php?rest_route=\/wp\/v2\/media\/17742"}],"wp:attachment":[{"href":"https:\/\/www.robertosedda.it\/index.php?rest_route=%2Fwp%2Fv2%2Fmedia&parent=17741"}],"wp:term":[{"taxonomy":"category","embeddable":true,"href":"https:\/\/www.robertosedda.it\/index.php?rest_route=%2Fwp%2Fv2%2Fcategories&post=17741"},{"taxonomy":"post_tag","embeddable":true,"href":"https:\/\/www.robertosedda.it\/index.php?rest_route=%2Fwp%2Fv2%2Ftags&post=17741"}],"curies":[{"name":"wp","href":"https:\/\/api.w.org\/{rel}","templated":true}]}}