{"id":17656,"date":"2020-01-10T10:59:15","date_gmt":"2020-01-10T09:59:15","guid":{"rendered":"http:\/\/www.robertosedda.it\/?p=17656"},"modified":"2020-01-28T10:06:35","modified_gmt":"2020-01-28T09:06:35","slug":"ma-esattamente-cosa-state-facendo","status":"publish","type":"post","link":"https:\/\/www.robertosedda.it\/?p=17656","title":{"rendered":"Ma esattamente, cosa state facendo?"},"content":{"rendered":"\n<p>Stasera inizia un trittico di iniziative del gruppo locale dei soci di Banca Etica che si snoder\u00e0 fra Cagliari e Iglesias e per il quale lavoriamo da mesi, con grandi fatiche.<\/p>\n\n\n\n<p>Parentesi, assolutamente fuori tema: tutte le volte che si parla di fatiche, mi viene in mente un brano bellissimo di San Paolo, dotato di un crescendo fantastico da un punto di vista letterario e che \u00e8 utile a ispirare modestia in tutti quelli che fanno lavoro di animazione sociale:<\/p>\n\n\n\n<blockquote class=\"wp-block-quote\"><p>Sto per dire una pazzia, io lo sono pi\u00f9 di loro: molto di pi\u00f9 nelle fatiche, molto di pi\u00f9 nelle prigionie, infinitamente di pi\u00f9 nelle percosse, spesso in pericolo di morte.&nbsp;Cinque volte dai Giudei ho ricevuto i quaranta colpi meno uno;&nbsp;tre volte sono stato battuto con le verghe, una volta sono stato lapidato, tre volte ho fatto naufragio, ho trascorso un giorno e una notte in bal\u00eca delle onde. Viaggi innumerevoli, pericoli di fiumi, pericoli di briganti, pericoli dai miei connazionali, pericoli dai pagani, pericoli nella citt\u00e0, pericoli nel deserto, pericoli sul mare, pericoli da parte di falsi fratelli;&nbsp;disagi e fatiche, veglie senza numero, fame e sete, frequenti digiuni, freddo e nudit\u00e0.&nbsp;Oltre a tutto questo, il mio assillo quotidiano, la preoccupazione per tutte le Chiese.&nbsp;<\/p><cite>2 Cor, 11,23b-29a<\/cite><\/blockquote>\n\n\n\n<p>Diciamo: io posso vantare solo i <em>viaggi innumerevoli<\/em>, e anche in quel caso il tragitto fra Cagliari e Iglesias, per quanto ripetuto, non equivale certo alle traversate dell&#8217;Asia Minore a piedi.<\/p>\n\n\n\n<p>Ma divago. Lo scopo di questo articolo, in realt\u00e0, non \u00e8 tanto raccontare <em>cosa<\/em> stiamo facendo<\/p>\n\n\n\n<figure class=\"wp-block-image alignwide size-full\"><img data-attachment-id=\"17657\" data-permalink=\"https:\/\/www.robertosedda.it\/?attachment_id=17657\" data-orig-file=\"https:\/\/i0.wp.com\/www.robertosedda.it\/wp-content\/uploads\/2020\/01\/Locandina-generale.jpg?fit=1122%2C1588&amp;ssl=1\" data-orig-size=\"1122,1588\" data-comments-opened=\"1\" data-image-meta=\"{&quot;aperture&quot;:&quot;0&quot;,&quot;credit&quot;:&quot;&quot;,&quot;camera&quot;:&quot;&quot;,&quot;caption&quot;:&quot;&quot;,&quot;created_timestamp&quot;:&quot;0&quot;,&quot;copyright&quot;:&quot;&quot;,&quot;focal_length&quot;:&quot;0&quot;,&quot;iso&quot;:&quot;0&quot;,&quot;shutter_speed&quot;:&quot;0&quot;,&quot;title&quot;:&quot;&quot;,&quot;orientation&quot;:&quot;0&quot;}\" data-image-title=\"Locandina-generale\" data-image-description=\"\" data-image-caption=\"\" data-medium-file=\"https:\/\/i0.wp.com\/www.robertosedda.it\/wp-content\/uploads\/2020\/01\/Locandina-generale.jpg?fit=212%2C300&amp;ssl=1\" data-large-file=\"https:\/\/i0.wp.com\/www.robertosedda.it\/wp-content\/uploads\/2020\/01\/Locandina-generale.jpg?fit=510%2C722&amp;ssl=1\" decoding=\"async\" loading=\"lazy\" width=\"800\" height=\"1132\" src=\"https:\/\/i0.wp.com\/www.robertosedda.it\/wp-content\/uploads\/2020\/01\/Locandina-generale.jpg?resize=800%2C1132\" alt=\"\" class=\"wp-image-17657\" srcset=\"https:\/\/i0.wp.com\/www.robertosedda.it\/wp-content\/uploads\/2020\/01\/Locandina-generale.jpg?w=1122&amp;ssl=1 1122w, https:\/\/i0.wp.com\/www.robertosedda.it\/wp-content\/uploads\/2020\/01\/Locandina-generale.jpg?resize=212%2C300&amp;ssl=1 212w, https:\/\/i0.wp.com\/www.robertosedda.it\/wp-content\/uploads\/2020\/01\/Locandina-generale.jpg?resize=510%2C722&amp;ssl=1 510w, https:\/\/i0.wp.com\/www.robertosedda.it\/wp-content\/uploads\/2020\/01\/Locandina-generale.jpg?resize=106%2C150&amp;ssl=1 106w, https:\/\/i0.wp.com\/www.robertosedda.it\/wp-content\/uploads\/2020\/01\/Locandina-generale.jpg?resize=1085%2C1536&amp;ssl=1 1085w\" sizes=\"(max-width: 800px) 100vw, 800px\" data-recalc-dims=\"1\" \/><figcaption>E comunque \u00e8 questo, che stiamo facendo<\/figcaption><\/figure>\n\n\n\n<p>quanto il <em>perch\u00e9<\/em> lo stiamo facendo, cosa che mi sono reso conto non abbiamo detto esattamente da nessuna parte.<\/p>\n\n\n\n<h3>Un passo indietro<\/h3>\n\n\n\n<p>Da un punto di vista pratico, questo <em>perch\u00e9 <\/em>sembrerebbe facile da spiegare. <\/p>\n\n\n\n<p>Ce l&#8217;hanno chiesto.<\/p>\n\n\n\n<p>I Coordinatori dei gruppi dei soci  del Centro Italia di Banca Popolare Etica ci hanno chiesto di organizzare a Iglesias una edizione delle <em>Scuole Popolari di Economia<\/em>.<\/p>\n\n\n\n<p>Ma gi\u00e0 questo richiama un altro <em>perch\u00e9<\/em>: cosa gliene importa a un socio di Banca Etica che vive,  poniamo, a Senigallia, del Sulcis-Iglesiente?<\/p>\n\n\n\n<p>Beh, ci sarebbe il non trascurabile particolare che la Banca \u00e8 una cooperativa e che i soci sono stretti da un rapporto mutualistico. Sarebbe gi\u00e0 una spiegazione sufficiente, ma anche un po&#8217; vaga.<\/p>\n\n\n\n<p>Pi\u00f9 chiaro \u00e8 il fatto che tutte le volte che Banca Etica pubblica il suo <a href=\"https:\/\/www.bancaetica.it\/sites\/bancaetica.it\/files\/web\/blog\/Esclusione%20finanziaria%20in%20Italia_2018_28pag_ok.pdf\">studio sull&#8217;esclusione finanziaria<\/a>, la zona del Sulcis-Iglesiente risulta ai primi posti. Per una Banca che nel suo Statuto dichiara il diritto al credito come diritto umano non \u00e8 proprio una cosa da nulla.<\/p>\n\n\n\n<p>E poi a Domusnovas c&#8217;\u00e8 la fabbrica di armamenti della <em>RWM<\/em>, e come sapete questo \u00e8 un tema che attraversa il nostro lavoro a pi\u00f9 livelli: dall&#8217;<a href=\"https:\/\/valori.it\/assemblea-rwm-azionisti-attivi-contro-le-bombe-in-yemen\/\">azionariato critico a Berlino<\/a> alla partecipazione alle <a href=\"http:\/\/www.robertosedda.it\/?p=14384\">attivit\u00e0 del <em>Comitato Riconversione RWM<\/em><\/a>.<\/p>\n\n\n\n<p>E quindi quando i soci del Centro Italia guardano alla Sardegna Meridionale ci vedono un sacco di cose che attengono al senso primario del perch\u00e9 Banca Etica esiste. <\/p>\n\n\n\n<p>E ci chiedono di organizzare propri l\u00ec una edizione delle <em>Scuole Popolari di Economia<\/em>.<\/p>\n\n\n\n<p>A quel punto la palla \u00e8 passata a noi.<\/p>\n\n\n\n<p>Che abbiamo deciso di fare cose che loro forse non si aspettavano.<\/p>\n\n\n\n<h3><em>Economia che crea, economia che distrugge<\/em><\/h3>\n\n\n\n<p>Una delle prime scelte che abbiamo fatto, quando si \u00e8 cominciato a lavorare, \u00e8 stato quella di decidere di non parlare di commercio internazionale di armi, e nemmeno di <em><a href=\"http:\/\/www.robertosedda.it\/?p=15112\">geopolitica del caos<\/a><\/em>. In parte dipendeva dal fatto che erano temi che, allora, erano stati appena discussi sul territorio da convegni e dibattiti organizzati da noi o da altri, e sembrava un approccio ripetitivo.<\/p>\n\n\n\n<p>E abbiamo anche deciso, con poche esitazioni, di <em>non<\/em> parlare della <em>RWM<\/em>. Qui la decisione non era tanto legata al fatto che non ci fosse pi\u00f9 niente a dire (infatti ce ne sarebbe, eccome) quanto all&#8217;impressione che il dibattito fosse ormai incagliato in una polarizzazione nutrita di argomentazioni ripetitive sempre uguali. Avremmo potuto fare un convegno o una attivit\u00e0 che suscitasse entusiasmo nell&#8217;area pacifista, ma che non avrebbe interessato nessun altro, e non era quello che volevamo.<\/p>\n\n\n\n<p>Parentesi: il gioco delle coincidenze qualche volta aiuta. Questa decisione \u00e8 stata presa un sacco di tempo fa e forse non sarebbe stata pi\u00f9 cos\u00ec giustificata adesso rispetto a quando abbiamo cominciato a lavorare, ma pochi giorni fa a Cagliari c&#8217;\u00e8 stato l&#8217;ottimo convegno nazionale organizzato da <em>Pax Christi <\/em>in occasione della <em>Marcia della pace<\/em> di Capodanno: l&#8217;uno e l&#8217;altra hanno assolto perfettamente al compito di ridare un&#8217;occasione di incontro all&#8217;area pacifista e riaprire il discorso sulla <em>RWM<\/em>, consentendo al territorio di cogliere, in un certo senso, due piccioni con una fava.<\/p>\n\n\n\n<p>Deciso cosa <em>non<\/em> volevamo fare, restava da decidere cosa, invece, <em>volevamo<\/em> fare. <\/p>\n\n\n\n<p>Credo che la risposta pi\u00f9 precisa, e la decisione pi\u00f9 giusta che abbiamo preso, sia stata quella di <em>sapere di non sapere<\/em>. Probabilmente il Sulcis-Iglesiente ha gi\u00e0 avuto la sua dose sufficiente di cagliaritani con la ricetta in tasca. Probabilmente la riconversione del territorio non \u00e8 cosa che possa essere trattata come un problema da tecnocrati con la ricetta in tasca. Probabilmente, in un territorio sui cui problemi si dibatte ormai da decenni nessuno ha la ricetta decisiva, in tasca o altrove.<\/p>\n\n\n\n<p>E quindi volevamo che le persone potessero esprimersi e parlarsi. Per\u00f2 non volevamo che la discussione fosse generica, o retorica, o fine a se stessa. E non \u00e8 che noi non abbiamo le nostre idee o la nostra identit\u00e0: \u00e8 chiaro che una banca che ha <em>Etica<\/em> nel nome ha gi\u00e0 deciso da che parte stare.<\/p>\n\n\n\n<p><em>Economia che crea, economia che distrugge <\/em>esprime tutte queste intenzioni: non d\u00e0 ricette, ma d\u00e0 per scontato che ci siano alternative che producono effetti molto diversi: puoi creare o puoi distruggere, puoi creare il male o il bene. Pensiamoci insieme.<\/p>\n\n\n\n<h3>E Cagliari?<\/h3>\n\n\n\n<p>Per quanto ampio, <em>Economia che crea, economia che distrugge<\/em> comportava anche delle rinunce. Tutta una serie di cose comunque sarebbero per forza restate fuori. Per esempio per quanto riguardava l&#8217;identit\u00e0 della Banca e di noi che organizzavamo l&#8217;evento. E anche da un punto di vista geografico, se aveva il pregio di valorizzare un territorio periferico, per\u00f2 poteva tagliare fuori la citt\u00e0 dove, dopotutto, vive la maggior parte dei soci della Sardegna meridionale. Il problema non era togliere a Iglesias per dare a Cagliari, ma dare spazio a tutti.<\/p>\n\n\n\n<p>Da subito, insomma, abbiamo deciso che gli eventi di Iglesias avrebbero avuto un&#8217;anteprima a Cagliari. Questo voleva dire, in qualche misura, dilatare i tempi, rischiare di creare confusione nella pubblicit\u00e0, bloccare la gente che sarebbe venuta da fuori per un lasso di tempo maggiore, gestire trasbordi, per\u00f2 in questo modo ci sembrava (ci sembra tuttora) pi\u00f9 equilibrato.<\/p>\n\n\n\n<p>E una delle cose che mi porto via da questa faticosa organizzazione \u00e8 che l&#8217;equilibrio della ideazione e della composizione \u00e8 (quasi) tutto quello che importa, a costo di apparire squilibrato tu, o muoverti continuamente nella precariet\u00e0 organizzativa.<\/p>\n\n\n\n<figure class=\"wp-block-image alignwide size-large\"><img data-attachment-id=\"17660\" data-permalink=\"https:\/\/www.robertosedda.it\/?attachment_id=17660\" data-orig-file=\"https:\/\/i0.wp.com\/www.robertosedda.it\/wp-content\/uploads\/2020\/01\/Anna-Fasano-3.jpg?fit=1011%2C533&amp;ssl=1\" data-orig-size=\"1011,533\" data-comments-opened=\"1\" data-image-meta=\"{&quot;aperture&quot;:&quot;0&quot;,&quot;credit&quot;:&quot;&quot;,&quot;camera&quot;:&quot;&quot;,&quot;caption&quot;:&quot;&quot;,&quot;created_timestamp&quot;:&quot;0&quot;,&quot;copyright&quot;:&quot;&quot;,&quot;focal_length&quot;:&quot;0&quot;,&quot;iso&quot;:&quot;0&quot;,&quot;shutter_speed&quot;:&quot;0&quot;,&quot;title&quot;:&quot;&quot;,&quot;orientation&quot;:&quot;0&quot;}\" data-image-title=\"Anna-Fasano-3\" data-image-description=\"\" data-image-caption=\"\" data-medium-file=\"https:\/\/i0.wp.com\/www.robertosedda.it\/wp-content\/uploads\/2020\/01\/Anna-Fasano-3.jpg?fit=300%2C158&amp;ssl=1\" data-large-file=\"https:\/\/i0.wp.com\/www.robertosedda.it\/wp-content\/uploads\/2020\/01\/Anna-Fasano-3.jpg?fit=510%2C269&amp;ssl=1\" decoding=\"async\" loading=\"lazy\" width=\"1011\" height=\"533\" src=\"https:\/\/i1.wp.com\/www.robertosedda.it\/wp-content\/uploads\/2020\/01\/Anna-Fasano-3.jpg?fit=510%2C269\" alt=\"\" class=\"wp-image-17660\" srcset=\"https:\/\/i0.wp.com\/www.robertosedda.it\/wp-content\/uploads\/2020\/01\/Anna-Fasano-3.jpg?w=1011&amp;ssl=1 1011w, https:\/\/i0.wp.com\/www.robertosedda.it\/wp-content\/uploads\/2020\/01\/Anna-Fasano-3.jpg?resize=300%2C158&amp;ssl=1 300w, https:\/\/i0.wp.com\/www.robertosedda.it\/wp-content\/uploads\/2020\/01\/Anna-Fasano-3.jpg?resize=510%2C269&amp;ssl=1 510w, https:\/\/i0.wp.com\/www.robertosedda.it\/wp-content\/uploads\/2020\/01\/Anna-Fasano-3.jpg?resize=150%2C79&amp;ssl=1 150w, https:\/\/i0.wp.com\/www.robertosedda.it\/wp-content\/uploads\/2020\/01\/Anna-Fasano-3.jpg?resize=390%2C205&amp;ssl=1 390w\" sizes=\"(max-width: 800px) 100vw, 800px\" \/><\/figure>\n\n\n\n<p>Credo che la presenza di Anna Fasano, ovviamente, ci aiuti a esprimere questo equilibrio: nel rapporto coi soci, che possono conoscere direttamente la nuova Presidente, nella manifestazione della identit\u00e0 della Banca prima di tutto attraverso chi la rappresenta e ne \u00e8 responsabile, nel dialogo ideale fra l&#8217;evento di oggi, dedicato alla <em>finanza al femminile<\/em> e il tema principale che lega tutto il fine settimana.<\/p>\n\n\n\n<p>Certo, nel gioco finale questa scelta eclissa, forse eccessivamente, il fatto che la Banca porta a questi appuntamenti tutta una serie di altri protagonisti, funzionari, dirigenti, responsabili dei gruppi dei soci, Marco Piccolo che \u00e8 il Presidente della <em>Fondazione Finanza Etica <\/em>che materialmente ha permesso che questo evento delle <em>Scuole Popolari<\/em> prendesse vita. Ci potevano essere in astratto altri modi di dare visibilit\u00e0 a questa dimensione di pluralit\u00e0 di protagonismi che \u00e8 tipica di Banca Etica: il rischio, per\u00f2, era quello di occupare troppo spazio e ridurre gli spazi per il territorio; l&#8217;equilibrio che abbiamo trovato passa, come \u00e8 giusto che sia, per la Presidente.<\/p>\n\n\n\n<h3>La questione dei linguaggi<\/h3>\n\n\n\n<p>Durante la preparazione, nel frattempo, ci siamo persi un sacco di cose per strada, come sempre succede: parti per fare mille, arrivi a cento. Una delle cose che ci siamo persi, ma che inizieremo a costruire appena passato questo fine settimana, \u00e8 quello di un approccio pi\u00f9 laboratoriale a determinati settori: per esempio c&#8217;\u00e8 un sacco di gente, nelle nostre reti, che lavora nella filiera del grano, e vorremmo farli incontrare, conoscere, confrontarsi. <\/p>\n\n\n\n<p>Una cosa che invece avevamo chiarissima dall&#8217;inizio, ma che \u00e8 rimasta in maniera molto incompleta, era quella dei linguaggi. Fare la maggior parte della edizione locale delle <em>Scuole popolari di economia<\/em> senza conferenze, ma con altri linguaggi (dal cinema alla preghiera) sarebbe stato bellissimo. Cos\u00ec com&#8217;\u00e8, \u00e8 rimasta solo la passeggiata lungo parte del <em>Sentiero di Santa Barbara<\/em>, che comunque sar\u00e0 una bella cosa, e per il momento va bene cos\u00ec: almeno il cinema siam sicuri che lo recupereremo pi\u00f9 avanti, e il resto si vedr\u00e0.<\/p>\n\n\n\n<h3>Un&#8217;ultima cosa, in punta di piedi<\/h3>\n\n\n\n<p>L&#8217;ultima scelta, decisiva, \u00e8 stata quella di affidarci ai <em>partner<\/em> locali. Ci sono stati momenti in cui, senza alcun dubbio, <em>non <\/em>eravamo d&#8217;accordo con le loro scelte. Il punto di svolta \u00e8 stato quando, col GIT, ci siamo detti che era il loro territorio e che era giusto che, pur nel dibattito fra differenti visioni organizzative, facessero come volevano, se no tornavamo alla storia dei cagliaritani con la ricetta in tasca. Poi, certo, ci siamo fatti aiutare a stendere gli inviti e a <em>leggere<\/em> il territorio anche da tante altre persone diverse appartenenti alla nostra rete e non tutte neanche del Sulcis-Iglesiente, per\u00f2 il pallino generale l&#8217;abbiamo tenuto l\u00ec.<\/p>\n\n\n\n<p>Devo dire che, in questo lavoro di riunioni, contatti e colloqui vari, oltre che nel resto del lavoro organizzativo, ho scoperto molte cose e molto modificato la mia idea del territorio. Il dubbio che mi porto via, in un certo senso, non \u00e8 pi\u00f9 quello della ricoversione (o della <em>ri<\/em>-generazione, o dello sviluppo territoriale, ognuno sceglie il nome che preferisce) quanto quello del <em>conflitto<\/em>. <\/p>\n\n\n\n<p>Lo metto come dubbio, perch\u00e9 se no sono di nuovo il cagliaritano eccetera. Quello che per\u00f2 mi sembra \u00e8 che, sotto una dimensione solidale dove tutti si conoscono, dove l&#8217;associazionismo \u00e8 forte e il tessuto sociale reso pi\u00f9 coeso dall&#8217;eredit\u00e0 industriale e mineraria, il territorio \u00e8 imbottigliato in un conflitto perenne, a bassa o bassissima intensit\u00e0 ma multiforme e pervasivo, che appena pu\u00f2 salta fuori prendendo le forme pi\u00f9 disparate: ambientalisti contro antiambientalisti, operaisti contro antioperaisti, industrialisti contro antindustrialisti, a favore o contro del <em>Piano Sulcis<\/em>, e cos\u00ec via.<\/p>\n\n\n\n<p>Dopo questo fine settimana, continueremo a lavorare nella zona. Ce lo siamo promesso e ce lo prendiamo come impegno. Credo che quando, fra un annetto, magari scriver\u00f2 un nuovo articolo per spiegare il <em>perch\u00e9 <\/em>di questa o quell&#8217;altra iniziativa, questo tema del conflitto sar\u00e0 ai primi posti nelle motivazioni. <\/p>\n\n\n\n<p>O forse no, perch\u00e9 i cagliaritani non hanno tutte le ricette in tasca. Come per questa occasione, sar\u00e0 meglio chiedere ai <em>partner<\/em> locali cosa ne pensino.<\/p>\n","protected":false},"excerpt":{"rendered":"<p>Stasera inizia un trittico di iniziative del gruppo locale dei soci di Banca Etica che si snoder\u00e0 fra Cagliari e<\/p>\n","protected":false},"author":1,"featured_media":17657,"comment_status":"open","ping_status":"open","sticky":false,"template":"","format":"standard","meta":{"_mi_skip_tracking":false,"_monsterinsights_sitenote_active":false,"_monsterinsights_sitenote_note":"","_monsterinsights_sitenote_category":0,"jetpack_post_was_ever_published":false,"_jetpack_newsletter_access":"","jetpack_publicize_message":"Ma esattamente, cosa state facendo? Te giorni di attivit\u00e0 di Banca Etica, spiegate bene (o almeno cos\u00ec cos\u00ec)","jetpack_is_tweetstorm":false,"jetpack_publicize_feature_enabled":true,"jetpack_social_post_already_shared":true,"jetpack_social_options":{"image_generator_settings":{"template":"highway","enabled":false}}},"categories":[72,52,49,55,12],"tags":[],"jetpack_publicize_connections":[],"jetpack_featured_media_url":"https:\/\/i0.wp.com\/www.robertosedda.it\/wp-content\/uploads\/2020\/01\/Locandina-generale.jpg?fit=1122%2C1588&ssl=1","jetpack_sharing_enabled":true,"jetpack_shortlink":"https:\/\/wp.me\/p4jV2T-4AM","jetpack_likes_enabled":true,"jetpack-related-posts":[{"id":14762,"url":"https:\/\/www.robertosedda.it\/?p=14762","url_meta":{"origin":17656,"position":0},"title":"Pedigree","author":"Rufus","date":"28\/02\/2018","format":false,"excerpt":"Oggi, sotto la doccia, dicevo a un interlocutore immaginario... Si, lo confesso: quando devo chiarirmi le idee mi capita di intrattenermi animatamente con interlocutori immaginari - di solito sotto la doccia, talvolta aggirandomi per lo studio come una belva in gabbia, raramente per strada (quando portavo il cane a spasso\u2026","rel":"","context":"In &quot;Cappe e spade&quot;","block_context":{"text":"Cappe e spade","link":"https:\/\/www.robertosedda.it\/?cat=70"},"img":{"alt_text":"","src":"https:\/\/i0.wp.com\/www.robertosedda.it\/wp-content\/uploads\/2018\/02\/Paolo.jpg?fit=430%2C555&ssl=1&resize=350%2C200","width":350,"height":200},"classes":[]},{"id":19837,"url":"https:\/\/www.robertosedda.it\/?p=19837","url_meta":{"origin":17656,"position":1},"title":"I rei non fanno il miracolo","author":"Rufus","date":"19\/07\/2022","format":false,"excerpt":"Sono andato l'altra sera, nella cornice del Cagliari FIlm Festival ospitato dalla Fondazione Siotto a vedere Il miracolo dei rei, documentario di Alessandra Usai sulla fondazione della colonia penale di Castiadas. C'era, nella volont\u00e0 di vedere il documentario, un piccolo motivo di famiglia: il bisnonno di Maria Bonaria era una\u2026","rel":"","context":"In &quot;Coordinate&quot;","block_context":{"text":"Coordinate","link":"https:\/\/www.robertosedda.it\/?cat=52"},"img":{"alt_text":"","src":"https:\/\/i0.wp.com\/www.robertosedda.it\/wp-content\/uploads\/2022\/07\/Cagliari-film-festival2.png?fit=1075%2C729&ssl=1&resize=350%2C200","width":350,"height":200,"srcset":"https:\/\/i0.wp.com\/www.robertosedda.it\/wp-content\/uploads\/2022\/07\/Cagliari-film-festival2.png?fit=1075%2C729&ssl=1&resize=350%2C200 1x, https:\/\/i0.wp.com\/www.robertosedda.it\/wp-content\/uploads\/2022\/07\/Cagliari-film-festival2.png?fit=1075%2C729&ssl=1&resize=700%2C400 2x, https:\/\/i0.wp.com\/www.robertosedda.it\/wp-content\/uploads\/2022\/07\/Cagliari-film-festival2.png?fit=1075%2C729&ssl=1&resize=1050%2C600 3x"},"classes":[]},{"id":6819,"url":"https:\/\/www.robertosedda.it\/?p=6819","url_meta":{"origin":17656,"position":2},"title":"Film a met\u00e0 &#8211; 1","author":"Rufus","date":"24\/03\/2014","format":"video","excerpt":"Lei (Spike Jonze, USA 2013) A\u00a0dir\u00a0la verit\u00e0 non ho visto Lei. Ho visto Her (cio\u00e8 l'edizione originale inglese, sottotitolata in italiano) al cinema Odissea in una imprevista visione in lingua originale. Pu\u00f2 darsi che questo spieghi in parte\u00a0una certa\u00a0fatica che mi ha causato la visione:\u00a0ho anche\u00a0la sensazione che forse il\u2026","rel":"","context":"In &quot;Coordinate&quot;","block_context":{"text":"Coordinate","link":"https:\/\/www.robertosedda.it\/?cat=52"},"img":{"alt_text":"","src":"https:\/\/i0.wp.com\/www.robertosedda.it\/wp-content\/uploads\/2014\/03\/Her-Jonze-3.jpg?fit=458%2C679&ssl=1&resize=350%2C200","width":350,"height":200},"classes":[]},{"id":11693,"url":"https:\/\/www.robertosedda.it\/?p=11693","url_meta":{"origin":17656,"position":3},"title":"Tragediografi di grande levatura","author":"Rufus","date":"17\/03\/2016","format":false,"excerpt":"Come ho spiegato all'inizio della ventesima puntata di questa stagione di\u00a0Oggi parliamo di libri avevo voglia fin dall'inizio dell'anno di parlare\u00a0prima o poi dell'Adelchi di Manzoni. Quando \u00e8 arrivato il momento, per\u00f2, mi sono reso conto che farlo per bene richiedeva porre delle premesse e che quindi avrei dovuto parlare\u2026","rel":"","context":"In &quot;Coordinate&quot;","block_context":{"text":"Coordinate","link":"https:\/\/www.robertosedda.it\/?cat=52"},"img":{"alt_text":"Immagine prima pagina Cid","src":"https:\/\/i0.wp.com\/www.robertosedda.it\/wp-content\/uploads\/2016\/03\/Immagine-prima-pagina-Cid.png?resize=350%2C200","width":350,"height":200,"srcset":"https:\/\/i0.wp.com\/www.robertosedda.it\/wp-content\/uploads\/2016\/03\/Immagine-prima-pagina-Cid.png?resize=350%2C200 1x, https:\/\/i0.wp.com\/www.robertosedda.it\/wp-content\/uploads\/2016\/03\/Immagine-prima-pagina-Cid.png?resize=700%2C400 2x"},"classes":[]},{"id":17806,"url":"https:\/\/www.robertosedda.it\/?p=17806","url_meta":{"origin":17656,"position":4},"title":"Qui non si fa letteratura","author":"Rufus","date":"13\/02\/2020","format":false,"excerpt":"Sabato sono stato invitato dal compare e compagno socio Fabbricastorie Andrea Assorgia a fare un seminario sulle narrazioni per gli alunni del primo anno della sua Game Maker Academy. Era anche l'ultima attivit\u00e0 ufficiale di PlayRooms, ma per fortuna il Centro proseguir\u00e0 l'attivit\u00e0, quindi niente tristezza. Devo dire che ho\u2026","rel":"","context":"In &quot;Cappe e spade&quot;","block_context":{"text":"Cappe e spade","link":"https:\/\/www.robertosedda.it\/?cat=70"},"img":{"alt_text":"","src":"https:\/\/i0.wp.com\/www.robertosedda.it\/wp-content\/uploads\/2020\/02\/Da-Propp-a-Vonnegut-GMA.jpg?fit=960%2C720&ssl=1&resize=350%2C200","width":350,"height":200,"srcset":"https:\/\/i0.wp.com\/www.robertosedda.it\/wp-content\/uploads\/2020\/02\/Da-Propp-a-Vonnegut-GMA.jpg?fit=960%2C720&ssl=1&resize=350%2C200 1x, https:\/\/i0.wp.com\/www.robertosedda.it\/wp-content\/uploads\/2020\/02\/Da-Propp-a-Vonnegut-GMA.jpg?fit=960%2C720&ssl=1&resize=700%2C400 2x"},"classes":[]},{"id":16715,"url":"https:\/\/www.robertosedda.it\/?p=16715","url_meta":{"origin":17656,"position":5},"title":"Il Paradiso pu\u00f2 attendere","author":"Rufus","date":"21\/05\/2019","format":false,"excerpt":"Sto ancora leggendo la Divina Commedia: sono quasi alla fine del Purgatorio e quindi si vede che non ho letto proprio un canto al giorno come mi ero ripromesso, per\u00f2 procedo senza troppa fatica e con grandissimo piacere. Parentesi: mi sono accorto con una certa sorpresa, a un certo punto,\u2026","rel":"","context":"In &quot;Coordinate&quot;","block_context":{"text":"Coordinate","link":"https:\/\/www.robertosedda.it\/?cat=52"},"img":{"alt_text":"","src":"https:\/\/i0.wp.com\/www.robertosedda.it\/wp-content\/uploads\/2019\/05\/Dante-Casella.jpg?fit=1024%2C687&ssl=1&resize=350%2C200","width":350,"height":200,"srcset":"https:\/\/i0.wp.com\/www.robertosedda.it\/wp-content\/uploads\/2019\/05\/Dante-Casella.jpg?fit=1024%2C687&ssl=1&resize=350%2C200 1x, https:\/\/i0.wp.com\/www.robertosedda.it\/wp-content\/uploads\/2019\/05\/Dante-Casella.jpg?fit=1024%2C687&ssl=1&resize=700%2C400 2x"},"classes":[]}],"_links":{"self":[{"href":"https:\/\/www.robertosedda.it\/index.php?rest_route=\/wp\/v2\/posts\/17656"}],"collection":[{"href":"https:\/\/www.robertosedda.it\/index.php?rest_route=\/wp\/v2\/posts"}],"about":[{"href":"https:\/\/www.robertosedda.it\/index.php?rest_route=\/wp\/v2\/types\/post"}],"author":[{"embeddable":true,"href":"https:\/\/www.robertosedda.it\/index.php?rest_route=\/wp\/v2\/users\/1"}],"replies":[{"embeddable":true,"href":"https:\/\/www.robertosedda.it\/index.php?rest_route=%2Fwp%2Fv2%2Fcomments&post=17656"}],"version-history":[{"count":8,"href":"https:\/\/www.robertosedda.it\/index.php?rest_route=\/wp\/v2\/posts\/17656\/revisions"}],"predecessor-version":[{"id":17666,"href":"https:\/\/www.robertosedda.it\/index.php?rest_route=\/wp\/v2\/posts\/17656\/revisions\/17666"}],"wp:featuredmedia":[{"embeddable":true,"href":"https:\/\/www.robertosedda.it\/index.php?rest_route=\/wp\/v2\/media\/17657"}],"wp:attachment":[{"href":"https:\/\/www.robertosedda.it\/index.php?rest_route=%2Fwp%2Fv2%2Fmedia&parent=17656"}],"wp:term":[{"taxonomy":"category","embeddable":true,"href":"https:\/\/www.robertosedda.it\/index.php?rest_route=%2Fwp%2Fv2%2Fcategories&post=17656"},{"taxonomy":"post_tag","embeddable":true,"href":"https:\/\/www.robertosedda.it\/index.php?rest_route=%2Fwp%2Fv2%2Ftags&post=17656"}],"curies":[{"name":"wp","href":"https:\/\/api.w.org\/{rel}","templated":true}]}}