{"id":17651,"date":"2019-12-30T14:31:38","date_gmt":"2019-12-30T13:31:38","guid":{"rendered":"http:\/\/www.robertosedda.it\/?p=17651"},"modified":"2021-01-14T15:08:24","modified_gmt":"2021-01-14T14:08:24","slug":"non-mi-sono-fatto-niente","status":"publish","type":"post","link":"https:\/\/www.robertosedda.it\/?p=17651","title":{"rendered":"Non mi sono fatto niente!"},"content":{"rendered":"\n<p>Per quelli di voi che non sono esperti della migliore commedia italiana, il riferimento \u00e8 a una scena classica del <em>Ciclone<\/em> di Pieraccioni:<\/p>\n\n\n\n<figure class=\"wp-block-embed is-type-rich is-provider-handler-delloggetto-incorporato wp-block-embed-handler-delloggetto-incorporato wp-embed-aspect-16-9 wp-has-aspect-ratio\"><div class=\"wp-block-embed__wrapper\">\n<span class=\"embed-youtube\" style=\"text-align:center; display: block;\"><iframe loading=\"lazy\" class=\"youtube-player\" width=\"800\" height=\"450\" src=\"https:\/\/www.youtube.com\/embed\/j48953JqS_A?version=3&#038;rel=1&#038;showsearch=0&#038;showinfo=1&#038;iv_load_policy=1&#038;fs=1&#038;hl=it-IT&#038;autohide=2&#038;wmode=transparent\" allowfullscreen=\"true\" style=\"border:0;\" sandbox=\"allow-scripts allow-same-origin allow-popups allow-presentation\"><\/iframe><\/span>\n<\/div><\/figure>\n\n\n\n<p>Perch\u00e9 la settimana prima di Natale, andando a Sorso per una valutazione sociale di Banca Etica, sono uscito di strada e ho distrutto la macchina.<\/p>\n\n\n\n<p>Oh, lo so che \u00e8 un fatto personale, ma visto che il <em>blog<\/em> \u00e8 interamente dedicato ai fatti miei mi dilungo un pochetto.<\/p>\n\n\n\n<p>E quindi ci sono io, al chilometro 188 della <em>Carlo Felice<\/em>, che affronto baldanzoso una curva e sento che la macchina sbanda.<\/p>\n\n\n\n<p>Sapete quelle storie che tutta la vita ti passa davanti come un film? Come gi\u00e0 <a href=\"http:\/\/www.robertosedda.it\/?p=14197\">mi era capitato di riflettere un&#8217;altra volta<\/a>, non \u00e8 mica vero.<\/p>\n\n\n\n<p>Io ho pensato che la macchina sbandava, ho frenato e quando se ne \u00e8 andata per una traiettoria tutta sua, si sono succeduti il pensiero che avrei fatto dei danni alla macchina che tutti avrebbero visto e mi avrebbero rimproverato, la consapevolezza che mi stavo girando in testacoda, l&#8217;idea che probabilmente mi sarei fatto molto male, l&#8217;attesa un po&#8217; nauseabonda della sensazione di ossa rotte, la consapevolezza in un angolo della mente della morte imminente.<\/p>\n\n\n\n<p>Oh, avete messo pi\u00f9 tempo voi a leggerlo che io a pensarlo.<\/p>\n\n\n\n<p>Poi uno schianto, i vetri rotti e io sono l\u00ec, vivo e vegeto, che esco dalla macchina coi miei piedi, illeso.<\/p>\n\n\n\n<figure class=\"wp-block-image alignwide size-full\"><img data-attachment-id=\"17652\" data-permalink=\"https:\/\/www.robertosedda.it\/?attachment_id=17652\" data-orig-file=\"https:\/\/i0.wp.com\/www.robertosedda.it\/wp-content\/uploads\/2019\/12\/IMG_20191227_110204-1-scaled.jpg?fit=2560%2C1920&amp;ssl=1\" data-orig-size=\"2560,1920\" data-comments-opened=\"1\" data-image-meta=\"{&quot;aperture&quot;:&quot;2.2&quot;,&quot;credit&quot;:&quot;&quot;,&quot;camera&quot;:&quot;STF-L09&quot;,&quot;caption&quot;:&quot;&quot;,&quot;created_timestamp&quot;:&quot;1577444524&quot;,&quot;copyright&quot;:&quot;&quot;,&quot;focal_length&quot;:&quot;3.95&quot;,&quot;iso&quot;:&quot;64&quot;,&quot;shutter_speed&quot;:&quot;0.01&quot;,&quot;title&quot;:&quot;&quot;,&quot;orientation&quot;:&quot;0&quot;}\" data-image-title=\"IMG_20191227_110204-1\" data-image-description=\"\" data-image-caption=\"\" data-medium-file=\"https:\/\/i0.wp.com\/www.robertosedda.it\/wp-content\/uploads\/2019\/12\/IMG_20191227_110204-1-scaled.jpg?fit=300%2C225&amp;ssl=1\" data-large-file=\"https:\/\/i0.wp.com\/www.robertosedda.it\/wp-content\/uploads\/2019\/12\/IMG_20191227_110204-1-scaled.jpg?fit=510%2C383&amp;ssl=1\" decoding=\"async\" loading=\"lazy\" width=\"800\" height=\"600\" src=\"https:\/\/i0.wp.com\/www.robertosedda.it\/wp-content\/uploads\/2019\/12\/IMG_20191227_110204-1-scaled.jpg?resize=800%2C600\" alt=\"\" class=\"wp-image-17652\" srcset=\"https:\/\/i0.wp.com\/www.robertosedda.it\/wp-content\/uploads\/2019\/12\/IMG_20191227_110204-1-scaled.jpg?w=2560&amp;ssl=1 2560w, https:\/\/i0.wp.com\/www.robertosedda.it\/wp-content\/uploads\/2019\/12\/IMG_20191227_110204-1-scaled.jpg?resize=300%2C225&amp;ssl=1 300w, https:\/\/i0.wp.com\/www.robertosedda.it\/wp-content\/uploads\/2019\/12\/IMG_20191227_110204-1-scaled.jpg?resize=510%2C383&amp;ssl=1 510w, https:\/\/i0.wp.com\/www.robertosedda.it\/wp-content\/uploads\/2019\/12\/IMG_20191227_110204-1-scaled.jpg?resize=150%2C113&amp;ssl=1 150w, https:\/\/i0.wp.com\/www.robertosedda.it\/wp-content\/uploads\/2019\/12\/IMG_20191227_110204-1-scaled.jpg?resize=1536%2C1152&amp;ssl=1 1536w, https:\/\/i0.wp.com\/www.robertosedda.it\/wp-content\/uploads\/2019\/12\/IMG_20191227_110204-1-scaled.jpg?resize=2048%2C1536&amp;ssl=1 2048w, https:\/\/i0.wp.com\/www.robertosedda.it\/wp-content\/uploads\/2019\/12\/IMG_20191227_110204-1-scaled.jpg?w=1600 1600w, https:\/\/i0.wp.com\/www.robertosedda.it\/wp-content\/uploads\/2019\/12\/IMG_20191227_110204-1-scaled.jpg?w=2400 2400w\" sizes=\"(max-width: 800px) 100vw, 800px\" data-recalc-dims=\"1\" \/><figcaption>La macchina un po&#8217; meno illesa, diciamo<\/figcaption><\/figure>\n\n\n\n<p>Tutto il resto, devo dire, mi sembra un po&#8217; strano, e un po&#8217; tragicomico, nel ricordo. Per esempio i due automobilisti, gentilissimi, che si sono fermati e poi discutevano, con aria di antica saggezza popolare, di traiettorie, danni possibili e impossibili, eventuali guasti meccanici, ghiaccio, olio, soppesando accademicamente le possibilit\u00e0. <\/p>\n\n\n\n<p>Uno ha guardato con aria critica il palo che avevo spianato e mi ha detto, scuotendo la testa: \u00abSe non c&#8217;era quello non si faceva niente alla macchina, c&#8217;aveva tutto il campo aperto e non succedeva niente\u00bb. Lezioni di <em>aplomb<\/em>.<\/p>\n\n\n\n<p>Oppure un momento francamente ridicolo, e pericolosissimo, quando due tizi che parcheggiati dall&#8217;altra parte  hanno attraversato a piedi la <em>131<\/em> per venire a vedere, scavalcando anche il <em>guard rail<\/em>, e io con la mano sanguinante gli ho fatto un cazziatone sulla sicurezza. E loro, ricacciati, hanno riattraversato la <em>131<\/em> sulla curva, come se niente fosse.<\/p>\n\n\n\n<p>Uno dei soccorritori mi ha dato un passaggio a Sassari, sono andato alla sede di Banca Etica a medicarmi (l&#8217;ennesima prova che la mia Banca \u00e8 <em>davvero<\/em> differente) e poi mi sono preso il treno verso Cagliari, provando addirittura l&#8217;emozione mitologica, della quale tutti in Sardegna parlano ma che pochi vivono davvero, di cambiare a Chilivani.<\/p>\n\n\n\n<p>Devo dire che i toni da farsa sono proseguiti per un po&#8217;. Per esempio avevo chiamato il <em>113<\/em> per chiedere istruzioni &#8211; la macchina era molto oltre la carreggiata, e non poneva pericoli &#8211; ma mentre ero in treno mi \u00e8 squillato il telefono e un sollecito e cortesissimo maresciallo dei Carabinieri si \u00e8 informato della mia salute. Avevano trovato la macchina &#8211; ovviamente la Polizia non gli aveva passato comunicazione &#8211; e dopo avere chiamato tutti i Pronto Soccorso si chiedevano dove diamine fossi finito. <\/p>\n\n\n\n<p>Se fossi finito, per l&#8217;esattezza.<\/p>\n\n\n\n<p>Oppure la mattina dopo, appena alzato, squilla ancora il telefono. \u00c8 il centro di controllo del marchingegno di navigazione dell&#8217;assicurazione, e mi avvisa che mi stanno rubando la macchina. \u00abGuardi, non credo\u00bb, faccio.<\/p>\n\n\n\n<p>E invece era (quasi) vero. Perch\u00e9 dopo pranzo, mentre cercavo di organizzare rimozione e rottamazione, telefona ancora il sollecito maresciallo del giorno prima, sempre cortese ma un pochino inquisitivo. Perch\u00e9 di mattina, all&#8217;alba, nello stesso punto \u00e8 uscita di strada un&#8217;altra macchina, che anch&#8217;essa \u00e8 stata mollata l\u00ec, e adesso non c&#8217;\u00e8 pi\u00f9 e non c&#8217;\u00e8 pi\u00f9 nemmeno la mia, e si chiedono, il maresciallo e il proprietario, se per caso non ho fatto rimuovere la mia macchina e magari, gi\u00e0 che c&#8217;ero, anche l&#8217;altra.<\/p>\n\n\n\n<p>No. E quindi emerge l&#8217;altra ipotesi, che qualcuno le abbia fatte rimuovere tutte e due. Ma chi? L&#8217;<em>ANAS <\/em>non risponde, la Polizia \u00e8 impotente e i Carabinieri brancolano nel buio. La centrale operativa del marchingegno assicurativo mi dice che loro potrebbero anche saperlo, dov&#8217;\u00e8 la mia macchina, ma che se \u00e8 dentro un capannone il marchingegno non prende.<\/p>\n\n\n\n<p>Lo segnalo ai ladri: munitevi di capannone e andate gi\u00f9 lisci, santo cielo.<\/p>\n\n\n\n<p>Sempre la suddetta centrale operativa ci indirizza alle varie forze municipali, che anche loro non sanno niente. <\/p>\n\n\n\n<figure class=\"wp-block-image alignwide size-full\"><img data-attachment-id=\"17653\" data-permalink=\"https:\/\/www.robertosedda.it\/?attachment_id=17653\" data-orig-file=\"https:\/\/i0.wp.com\/www.robertosedda.it\/wp-content\/uploads\/2019\/12\/Auto.jpg?fit=1235%2C926&amp;ssl=1\" data-orig-size=\"1235,926\" data-comments-opened=\"1\" data-image-meta=\"{&quot;aperture&quot;:&quot;0&quot;,&quot;credit&quot;:&quot;&quot;,&quot;camera&quot;:&quot;&quot;,&quot;caption&quot;:&quot;&quot;,&quot;created_timestamp&quot;:&quot;0&quot;,&quot;copyright&quot;:&quot;&quot;,&quot;focal_length&quot;:&quot;0&quot;,&quot;iso&quot;:&quot;0&quot;,&quot;shutter_speed&quot;:&quot;0&quot;,&quot;title&quot;:&quot;&quot;,&quot;orientation&quot;:&quot;0&quot;}\" data-image-title=\"Auto\" data-image-description=\"\" data-image-caption=\"\" data-medium-file=\"https:\/\/i0.wp.com\/www.robertosedda.it\/wp-content\/uploads\/2019\/12\/Auto.jpg?fit=300%2C225&amp;ssl=1\" data-large-file=\"https:\/\/i0.wp.com\/www.robertosedda.it\/wp-content\/uploads\/2019\/12\/Auto.jpg?fit=510%2C382&amp;ssl=1\" decoding=\"async\" loading=\"lazy\" width=\"800\" height=\"600\" src=\"https:\/\/i0.wp.com\/www.robertosedda.it\/wp-content\/uploads\/2019\/12\/Auto.jpg?resize=800%2C600\" alt=\"\" class=\"wp-image-17653\" srcset=\"https:\/\/i0.wp.com\/www.robertosedda.it\/wp-content\/uploads\/2019\/12\/Auto.jpg?w=1235&amp;ssl=1 1235w, https:\/\/i0.wp.com\/www.robertosedda.it\/wp-content\/uploads\/2019\/12\/Auto.jpg?resize=300%2C225&amp;ssl=1 300w, https:\/\/i0.wp.com\/www.robertosedda.it\/wp-content\/uploads\/2019\/12\/Auto.jpg?resize=510%2C382&amp;ssl=1 510w, https:\/\/i0.wp.com\/www.robertosedda.it\/wp-content\/uploads\/2019\/12\/Auto.jpg?resize=150%2C112&amp;ssl=1 150w\" sizes=\"(max-width: 800px) 100vw, 800px\" data-recalc-dims=\"1\" \/><\/figure>\n\n\n\n<p>Alla fine, pazientemente, si scopre qual \u00e8 il deposito dov&#8217;\u00e8 finita la mia macchina. \u00abLe ha fatte rimuovere la Stradale\u00bb, mi dice con una punta, <em>lievissima<\/em>, di fastidio il cortese ma esasperato maresciallo, \u00abche poi non si sa neppure <em>quale<\/em> Stradale, ma lasciamo perdere\u00bb.<\/p>\n\n\n\n<p>Gi\u00e0, pazienza. L&#8217;importante \u00e8 che il mistero \u00e8 risolto.<\/p>\n\n\n\n<p>Resta una strana sensazione, strisciante, di essermi dimenticato qualcosa. Non qualcosa dell&#8217;incidente: in generale, come quando c&#8217;era una cosa che dovevi fare e per\u00f2 non ti ricordi cosa.<\/p>\n\n\n\n<p>E dei pensieri buffi. Vivremo in mondi paralleli, e c&#8217;\u00e8 un mondo dove Roberto Sedda \u00e8 morto? Per quanto strano, sono <em>sicuro<\/em> che nei primi due minuti, mentre mi aggiravo attorno alla macchina, tutto quello che pensavo era un video comico che ho visto una volta nel quale uno corteggiava una ragazza e quando sbagliava la mossa premeva un pulsante e tornava indietro nel tempo.<\/p>\n\n\n\n<figure class=\"wp-block-embed alignwide is-type-video is-provider-youtube wp-block-embed-youtube wp-embed-aspect-16-9 wp-has-aspect-ratio\"><div class=\"wp-block-embed__wrapper\">\n<span class=\"embed-youtube\" style=\"text-align:center; display: block;\"><iframe loading=\"lazy\" class=\"youtube-player\" width=\"800\" height=\"450\" src=\"https:\/\/www.youtube.com\/embed\/vBkBS4O3yvY?version=3&#038;rel=1&#038;showsearch=0&#038;showinfo=1&#038;iv_load_policy=1&#038;fs=1&#038;hl=it-IT&#038;autohide=2&#038;wmode=transparent\" allowfullscreen=\"true\" style=\"border:0;\" sandbox=\"allow-scripts allow-same-origin allow-popups allow-presentation\"><\/iframe><\/span>\n<\/div><\/figure>\n\n\n\n<p> E ho pensato: <em>secondo me qualcuno ha premuto il pulsante e adesso sono <\/em>altrove<em>, ma non sono proprio io. Io sono morto e sto da un&#8217;altra parte.<\/em><\/p>\n\n\n\n<p>Con la massima seriet\u00e0.<\/p>\n\n\n\n<p>E le domande, ogni tanto: correvo troppo? Questa sembrerebbe anche l&#8217;opinione di mio cognato, che quando sono tornato a casa mi ha salutato con un allegro: \u00abEccolo qua, Nuvolari\u00bb.<\/p>\n\n\n\n<p>Non credo che corressi troppo. La curva, oltretutto, era dopo una salita. Per\u00f2 quando sono tornato l\u00e0, andando a far rottamare la macchina, ho visto che la curva \u00e8 segnalata con le frecce bianche, come pericolosa, e ci sono rimasto male: non me lo ricordavo, forse non l&#8217;avevo neppure notato.<\/p>\n\n\n\n<p>E ci sono tutti quelli che ti chiamano per sapere come stai (nell&#8217;immediatezza, mezza Banca, perch\u00e9 Carlo Usai si \u00e8 emozionato e ha sparso la voce) o che quando lo racconti si emozionano e si preoccupano, per quello che poteva succedere. Che ti fa un mondo di piacere, ma ti imbarazza, anche, perch\u00e9 pensi e ripensi al dispiacere che potevi dargli (per non parlare di Maria Bonaria, ovviamente).<\/p>\n\n\n\n<p>Ho raccontato queste cose a un amico, e mi ha detto: \u00abAh, quindi ti \u00e8 rimasta un po&#8217; di ansia strisciante, no?\u00bb.<\/p>\n\n\n\n<p>Ah, era ansia.<\/p>\n\n\n\n<p>Da allora non ho pi\u00f9 la sensazione di essermi scordato qualcosa. E in generale mi sono messo il cuore in pace.<\/p>\n\n\n\n<p>Per finire? Beh, resta da dire che, facendo <em>zapping<\/em> fra le varie stazioni radio, mentre guidavo, sono capitato su <em>Radio Maria<\/em>, che non ascolto mai, mentre parlava un esorcista, non proprio il mio tipo di trasmissione preferita. Congedandosi ha chiesto una preghiera per tutti i casi difficili di cui si occupa, e io mi sono detto un&#8217;<em>Ave Maria<\/em>, riflettendo con un po&#8217; di autoironia che mi occupo poco dei miei peccati ma sono sempre pronto a pregare per quelli degli altri.<\/p>\n\n\n\n<p>Poco dopo sono uscito di strada. E non mi sono fatto niente.<\/p>\n\n\n\n<p>Secondo me quell&#8217;<em>Ave Maria <\/em>mi ha salvato la pelle. Non facciamone un caso, per\u00f2: semplicemente, la fede conosce ragioni che sono ignote alla logica.<\/p>\n","protected":false},"excerpt":{"rendered":"<p>Per quelli di voi che non sono esperti della migliore commedia italiana, il riferimento \u00e8 a una scena classica del<\/p>\n","protected":false},"author":1,"featured_media":17652,"comment_status":"open","ping_status":"open","sticky":false,"template":"","format":"standard","meta":{"_mi_skip_tracking":false,"_monsterinsights_sitenote_active":false,"_monsterinsights_sitenote_note":"","_monsterinsights_sitenote_category":0,"jetpack_post_was_ever_published":false,"_jetpack_newsletter_access":"","jetpack_publicize_message":"Non mi sono fatto niente! Ho solo distrutto la macchina, ma non mi sono fatto niente.","jetpack_is_tweetstorm":false,"jetpack_publicize_feature_enabled":true,"jetpack_social_post_already_shared":true,"jetpack_social_options":{"image_generator_settings":{"template":"highway","enabled":false}}},"categories":[52,53,18,16],"tags":[],"jetpack_publicize_connections":[],"jetpack_featured_media_url":"https:\/\/i0.wp.com\/www.robertosedda.it\/wp-content\/uploads\/2019\/12\/IMG_20191227_110204-1-scaled.jpg?fit=2560%2C1920&ssl=1","jetpack_sharing_enabled":true,"jetpack_shortlink":"https:\/\/wp.me\/p4jV2T-4AH","jetpack_likes_enabled":true,"jetpack-related-posts":[{"id":18477,"url":"https:\/\/www.robertosedda.it\/?p=18477","url_meta":{"origin":17651,"position":0},"title":"Pubblicato!","author":"Rufus","date":"02\/03\/2021","format":false,"excerpt":"I pi\u00f9 attenti e longevi seguaci di questo blog ricorderanno che quasi esattamente due anni fa, alla Jam del 2019, avevo fatto un gioco di nome The Law. All'epoca, in un articolo piuttosto esaustivo, avevo scritto: Andrea e io ci stiamo gi\u00e0 continuando a lavorare: vogliamo tradurlo in italiano (attualmente\u2026","rel":"","context":"In &quot;Coordinate&quot;","block_context":{"text":"Coordinate","link":"https:\/\/www.robertosedda.it\/?cat=52"},"img":{"alt_text":"","src":"https:\/\/i0.wp.com\/www.robertosedda.it\/wp-content\/uploads\/2019\/01\/schermata-iniziale2.jpg?fit=1200%2C675&ssl=1&resize=350%2C200","width":350,"height":200,"srcset":"https:\/\/i0.wp.com\/www.robertosedda.it\/wp-content\/uploads\/2019\/01\/schermata-iniziale2.jpg?fit=1200%2C675&ssl=1&resize=350%2C200 1x, https:\/\/i0.wp.com\/www.robertosedda.it\/wp-content\/uploads\/2019\/01\/schermata-iniziale2.jpg?fit=1200%2C675&ssl=1&resize=700%2C400 2x, https:\/\/i0.wp.com\/www.robertosedda.it\/wp-content\/uploads\/2019\/01\/schermata-iniziale2.jpg?fit=1200%2C675&ssl=1&resize=1050%2C600 3x"},"classes":[]},{"id":11375,"url":"https:\/\/www.robertosedda.it\/?p=11375","url_meta":{"origin":17651,"position":1},"title":"Dura vita per i librai","author":"Rufus","date":"07\/01\/2016","format":false,"excerpt":"Mi ero\u00a0segnato da un paio di giorni di rilanciare un articolo di\u00a0Mashable\u00a0(la notizia \u00e8 uscita comunque ovunque) riguardo al fatto che da qualche tempo a Hong Kong scompaiono i librai. Non nel senso che chiudono i negozi di libri: scompaiono proprio i librai, nel senso che escono di casa e\u2026","rel":"","context":"In &quot;Coordinate&quot;","block_context":{"text":"Coordinate","link":"https:\/\/www.robertosedda.it\/?cat=52"},"img":{"alt_text":"","src":"https:\/\/i0.wp.com\/www.robertosedda.it\/wp-content\/uploads\/2016\/01\/Manifestazione-Hong-Kong.jpg?fit=950%2C534&ssl=1&resize=350%2C200","width":350,"height":200,"srcset":"https:\/\/i0.wp.com\/www.robertosedda.it\/wp-content\/uploads\/2016\/01\/Manifestazione-Hong-Kong.jpg?fit=950%2C534&ssl=1&resize=350%2C200 1x, https:\/\/i0.wp.com\/www.robertosedda.it\/wp-content\/uploads\/2016\/01\/Manifestazione-Hong-Kong.jpg?fit=950%2C534&ssl=1&resize=700%2C400 2x"},"classes":[]},{"id":15526,"url":"https:\/\/www.robertosedda.it\/?p=15526","url_meta":{"origin":17651,"position":2},"title":"A ciascuno il suo","author":"Rufus","date":"26\/07\/2018","format":false,"excerpt":"Ieri dovevo andare a Carbonia per una valutazione sociale di Banca Etica e lungo la strada mi sono fermato a fare benzina. Il distributore \u00e8 rigorosamente senza fai-da-te e il benzinaio era impegnato nell'altra corsia. Dal mio lato avevo uno davanti a me e uno dietro. Ero impegnato a impostare\u2026","rel":"","context":"In &quot;Coordinate&quot;","block_context":{"text":"Coordinate","link":"https:\/\/www.robertosedda.it\/?cat=52"},"img":{"alt_text":"","src":"https:\/\/i0.wp.com\/www.robertosedda.it\/wp-content\/uploads\/2018\/07\/Scorpion-at-gas-station.png?fit=798%2C496&ssl=1&resize=350%2C200","width":350,"height":200,"srcset":"https:\/\/i0.wp.com\/www.robertosedda.it\/wp-content\/uploads\/2018\/07\/Scorpion-at-gas-station.png?fit=798%2C496&ssl=1&resize=350%2C200 1x, https:\/\/i0.wp.com\/www.robertosedda.it\/wp-content\/uploads\/2018\/07\/Scorpion-at-gas-station.png?fit=798%2C496&ssl=1&resize=700%2C400 2x"},"classes":[]},{"id":9685,"url":"https:\/\/www.robertosedda.it\/?p=9685","url_meta":{"origin":17651,"position":3},"title":"La cavalleria \u00e8 morta","author":"Rufus","date":"26\/02\/2015","format":false,"excerpt":"Mercoled\u00ec della settimana scorsa sono stato a Roma per una riunione di Banca Etica. Casualmente ho viaggiato con RyanAir e altrettanto casualmente sono rimasto impigliato nei controlli di sicurezza e sono arrivato al gate fra gli ultimi. Poco avanti a me una ragazza con un trolley piuttosto voluminoso, del quale\u2026","rel":"","context":"In &quot;Coordinate&quot;","block_context":{"text":"Coordinate","link":"https:\/\/www.robertosedda.it\/?cat=52"},"img":{"alt_text":"","src":"https:\/\/i0.wp.com\/www.robertosedda.it\/wp-content\/uploads\/2015\/02\/Fatina-buona.jpg?fit=640%2C480&ssl=1&resize=350%2C200","width":350,"height":200},"classes":[]},{"id":11362,"url":"https:\/\/www.robertosedda.it\/?p=11362","url_meta":{"origin":17651,"position":4},"title":"Degli eroi. Per davvero.","author":"Rufus","date":"02\/01\/2016","format":false,"excerpt":"Il periodo vacanziero invita a storie, come direbbero i maestri di giornalismo del TG1, di alleggerimento. Per esempio mi ha fatto molto ridere la storia (che in realt\u00e0 \u00e8 gi\u00e0 comparsa su un milione di siti, anche italiani) di Luis Fernando Candela, un fisicaccio che si \u00e8 bullato della capacit\u00e0\u2026","rel":"","context":"In &quot;Coordinate&quot;","block_context":{"text":"Coordinate","link":"https:\/\/www.robertosedda.it\/?cat=52"},"img":{"alt_text":"","src":"https:\/\/i0.wp.com\/www.robertosedda.it\/wp-content\/uploads\/2016\/01\/Luis-Fernando-Candela-2.jpg?fit=600%2C450&ssl=1&resize=350%2C200","width":350,"height":200},"classes":[]},{"id":14995,"url":"https:\/\/www.robertosedda.it\/?p=14995","url_meta":{"origin":17651,"position":5},"title":"Sponsorizzata","author":"Rufus","date":"11\/04\/2018","format":"status","excerpt":"Per la prima volta ho fatto una promozione sul Facebook: esattamente 14 euro per una settimana per cercare di avere pi\u00f9 suggerimenti di brani\u00a0jazz da ascoltare. Mi serve anche un po' per capire come funziona, ovviamente, visto che non l'avevo mai fatto direttamente. Mi sembra gi\u00e0 tutto chiaro: in ogni\u2026","rel":"","context":"Articolo simile","block_context":{"text":"Articolo simile","link":""},"img":{"alt_text":"","src":"https:\/\/i0.wp.com\/www.robertosedda.it\/wp-content\/uploads\/2018\/04\/Promozione-Facebook.jpg?fit=538%2C480&ssl=1&resize=350%2C200","width":350,"height":200},"classes":[]}],"_links":{"self":[{"href":"https:\/\/www.robertosedda.it\/index.php?rest_route=\/wp\/v2\/posts\/17651"}],"collection":[{"href":"https:\/\/www.robertosedda.it\/index.php?rest_route=\/wp\/v2\/posts"}],"about":[{"href":"https:\/\/www.robertosedda.it\/index.php?rest_route=\/wp\/v2\/types\/post"}],"author":[{"embeddable":true,"href":"https:\/\/www.robertosedda.it\/index.php?rest_route=\/wp\/v2\/users\/1"}],"replies":[{"embeddable":true,"href":"https:\/\/www.robertosedda.it\/index.php?rest_route=%2Fwp%2Fv2%2Fcomments&post=17651"}],"version-history":[{"count":4,"href":"https:\/\/www.robertosedda.it\/index.php?rest_route=\/wp\/v2\/posts\/17651\/revisions"}],"predecessor-version":[{"id":18402,"href":"https:\/\/www.robertosedda.it\/index.php?rest_route=\/wp\/v2\/posts\/17651\/revisions\/18402"}],"wp:featuredmedia":[{"embeddable":true,"href":"https:\/\/www.robertosedda.it\/index.php?rest_route=\/wp\/v2\/media\/17652"}],"wp:attachment":[{"href":"https:\/\/www.robertosedda.it\/index.php?rest_route=%2Fwp%2Fv2%2Fmedia&parent=17651"}],"wp:term":[{"taxonomy":"category","embeddable":true,"href":"https:\/\/www.robertosedda.it\/index.php?rest_route=%2Fwp%2Fv2%2Fcategories&post=17651"},{"taxonomy":"post_tag","embeddable":true,"href":"https:\/\/www.robertosedda.it\/index.php?rest_route=%2Fwp%2Fv2%2Ftags&post=17651"}],"curies":[{"name":"wp","href":"https:\/\/api.w.org\/{rel}","templated":true}]}}