{"id":17487,"date":"2019-11-05T18:46:33","date_gmt":"2019-11-05T17:46:33","guid":{"rendered":"http:\/\/www.robertosedda.it\/?p=17487"},"modified":"2019-11-21T15:20:24","modified_gmt":"2019-11-21T14:20:24","slug":"fotogiornalismo-da-non-perdere","status":"publish","type":"post","link":"https:\/\/www.robertosedda.it\/?p=17487","title":{"rendered":"Fotogiornalismo da non perdere"},"content":{"rendered":"\n<p>Nel mio recente giro per l&#8217;interno della Sardegna, in uno dei momenti nei quali <em><a href=\"http:\/\/www.robertosedda.it\/?p=17480\">Google Maps<\/a><\/em><a href=\"http:\/\/www.robertosedda.it\/?p=17480\"> non mi portava fuori strada<\/a>, sono andato a Gavoi.<\/p>\n\n\n\n<p>Volevamo vedere la mostra <em><a href=\"https:\/\/www.worldpressphoto.org\/calendar\/world-press-photo-exhibition-2019\/38117\/Gavoi%2cItaly\">World Press Photo Exhibition 2019<\/a><\/em>, l&#8217;esibizione delle foto scattate dai finalisti di uno dei pi\u00f9 importanti <a href=\"https:\/\/www.worldpressphoto.org\/collection\/photocontest\/winners\/2019\/37614\/2019-Photo-Contest-Nominees\">concorsi di <\/a><em><a href=\"https:\/\/www.worldpressphoto.org\/collection\/photocontest\/winners\/2019\/37614\/2019-Photo-Contest-Nominees\">reportage<\/a><\/em><a href=\"https:\/\/www.worldpressphoto.org\/collection\/photocontest\/winners\/2019\/37614\/2019-Photo-Contest-Nominees\"> fotografici<\/a> al mondo (il cui passaggio per Gavoi, fra l&#8217;altro, \u00e8 un piccolo miracolo che merita parecchio rispetto).<\/p>\n\n\n\n<figure class=\"wp-block-image alignwide\"><img data-attachment-id=\"17488\" data-permalink=\"https:\/\/www.robertosedda.it\/?attachment_id=17488\" data-orig-file=\"https:\/\/i0.wp.com\/www.robertosedda.it\/wp-content\/uploads\/2019\/11\/WPF-Gavoi.png?fit=1182%2C857&amp;ssl=1\" data-orig-size=\"1182,857\" data-comments-opened=\"1\" data-image-meta=\"{&quot;aperture&quot;:&quot;0&quot;,&quot;credit&quot;:&quot;&quot;,&quot;camera&quot;:&quot;&quot;,&quot;caption&quot;:&quot;&quot;,&quot;created_timestamp&quot;:&quot;0&quot;,&quot;copyright&quot;:&quot;&quot;,&quot;focal_length&quot;:&quot;0&quot;,&quot;iso&quot;:&quot;0&quot;,&quot;shutter_speed&quot;:&quot;0&quot;,&quot;title&quot;:&quot;&quot;,&quot;orientation&quot;:&quot;0&quot;}\" data-image-title=\"WPF-Gavoi\" data-image-description=\"\" data-image-caption=\"\" data-medium-file=\"https:\/\/i0.wp.com\/www.robertosedda.it\/wp-content\/uploads\/2019\/11\/WPF-Gavoi.png?fit=300%2C218&amp;ssl=1\" data-large-file=\"https:\/\/i0.wp.com\/www.robertosedda.it\/wp-content\/uploads\/2019\/11\/WPF-Gavoi.png?fit=510%2C370&amp;ssl=1\" decoding=\"async\" loading=\"lazy\" width=\"800\" height=\"580\" src=\"https:\/\/i0.wp.com\/www.robertosedda.it\/wp-content\/uploads\/2019\/11\/WPF-Gavoi.png?resize=800%2C580\" alt=\"\" class=\"wp-image-17488\" srcset=\"https:\/\/i0.wp.com\/www.robertosedda.it\/wp-content\/uploads\/2019\/11\/WPF-Gavoi.png?w=1182&amp;ssl=1 1182w, https:\/\/i0.wp.com\/www.robertosedda.it\/wp-content\/uploads\/2019\/11\/WPF-Gavoi.png?resize=150%2C109&amp;ssl=1 150w, https:\/\/i0.wp.com\/www.robertosedda.it\/wp-content\/uploads\/2019\/11\/WPF-Gavoi.png?resize=300%2C218&amp;ssl=1 300w, https:\/\/i0.wp.com\/www.robertosedda.it\/wp-content\/uploads\/2019\/11\/WPF-Gavoi.png?resize=510%2C370&amp;ssl=1 510w\" sizes=\"(max-width: 800px) 100vw, 800px\" data-recalc-dims=\"1\" \/><\/figure>\n\n\n\n<p>La mostra <a href=\"https:\/\/www.gavoi.com\/world-press-photo-a-gavoi-dal-26-ottobre-al-24-novembre\/\">resta fino al 24 novembre<\/a> e, considerato anche che il paese \u00e8 piacevole e i ristoranti di tutto rispetto, consiglio caldamente di recuperarsi un momento per andare a vederla, godersi il paese e sbafarsi specialit\u00e0 barbaricine, nell&#8217;ordine che preferirete. <\/p>\n\n\n\n<p>Segnalo piuttosto, perch\u00e9 vedo che dappertutto si avvisa il pubblico che la mostra contiene immagini piuttosto <em>forti<\/em>, che secondo me la visione \u00e8 invece grosso modo possibile per chiunque: c&#8217;\u00e8 una sola immagine spaventosa (e per\u00f2 bella in modo terribile), quella delle rane nella sezione <em>Natura<\/em>. Per il resto ci sono molte foto che colpiscono, emozionano, rattristano, commuovono o fanno pensare, ma non nel senso da causare gli incubi la notte &#8211; non pi\u00f9 che se uno si ferma a pensare a dove stiamo andando, ecco.<\/p>\n\n\n\n<figure class=\"wp-block-image alignwide\"><img data-attachment-id=\"17489\" data-permalink=\"https:\/\/www.robertosedda.it\/?attachment_id=17489\" data-orig-file=\"https:\/\/i0.wp.com\/www.robertosedda.it\/wp-content\/uploads\/2019\/11\/WPF-1_2.png?fit=1506%2C752&amp;ssl=1\" data-orig-size=\"1506,752\" data-comments-opened=\"1\" data-image-meta=\"{&quot;aperture&quot;:&quot;0&quot;,&quot;credit&quot;:&quot;&quot;,&quot;camera&quot;:&quot;&quot;,&quot;caption&quot;:&quot;&quot;,&quot;created_timestamp&quot;:&quot;0&quot;,&quot;copyright&quot;:&quot;&quot;,&quot;focal_length&quot;:&quot;0&quot;,&quot;iso&quot;:&quot;0&quot;,&quot;shutter_speed&quot;:&quot;0&quot;,&quot;title&quot;:&quot;&quot;,&quot;orientation&quot;:&quot;0&quot;}\" data-image-title=\"WPF-1_2\" data-image-description=\"\" data-image-caption=\"\" data-medium-file=\"https:\/\/i0.wp.com\/www.robertosedda.it\/wp-content\/uploads\/2019\/11\/WPF-1_2.png?fit=300%2C150&amp;ssl=1\" data-large-file=\"https:\/\/i0.wp.com\/www.robertosedda.it\/wp-content\/uploads\/2019\/11\/WPF-1_2.png?fit=510%2C255&amp;ssl=1\" decoding=\"async\" loading=\"lazy\" width=\"800\" height=\"399\" src=\"https:\/\/i0.wp.com\/www.robertosedda.it\/wp-content\/uploads\/2019\/11\/WPF-1_2.png?resize=800%2C399\" alt=\"\" class=\"wp-image-17489\" srcset=\"https:\/\/i0.wp.com\/www.robertosedda.it\/wp-content\/uploads\/2019\/11\/WPF-1_2.png?w=1506&amp;ssl=1 1506w, https:\/\/i0.wp.com\/www.robertosedda.it\/wp-content\/uploads\/2019\/11\/WPF-1_2.png?resize=150%2C75&amp;ssl=1 150w, https:\/\/i0.wp.com\/www.robertosedda.it\/wp-content\/uploads\/2019\/11\/WPF-1_2.png?resize=300%2C150&amp;ssl=1 300w, https:\/\/i0.wp.com\/www.robertosedda.it\/wp-content\/uploads\/2019\/11\/WPF-1_2.png?resize=510%2C255&amp;ssl=1 510w\" sizes=\"(max-width: 800px) 100vw, 800px\" data-recalc-dims=\"1\" \/><\/figure>\n\n\n\n<p>Il fatto che vengano presentati i finalisti delle due sezioni principali, foto singola e <em>reportage<\/em>, e insieme sei autori per ciascuna delle varie sottosezioni (la citata <em>Natura<\/em> e poi <em>Argomenti contemporanei<\/em>, <em>Ambiente<\/em>, <em>Attualit\u00e0 generale<\/em>, <em>Progetti a lungo termine<\/em>, <em>Ritratti<\/em>, <em>Sport<\/em>, <em>Notizie istantanee<\/em>) aiuta a trovare motivi di interesse e anche a dare un tono molto variegato alla mostra, che alterna toni, umori, ambienti, luoghi e tematiche in modo molto interessante.<\/p>\n\n\n\n<p>In qualche modo girare la mostra aiuta a farsi un rendiconto dell&#8217;anno passato: soprattutto nelle sezioni di attualit\u00e0 passano gli argomenti che hanno occupato le prime pagine: i migranti, le crisi umanitarie o ambientali, le guerre. E insieme, per\u00f2, emergono le storie rimaste sullo sfondo o perdute nelle pieghe delle narrazioni: la situazione di paesi lontani e trascurati, le figure individuali che si staccano dai destini collettivi, le tendenze emergenti che, con sorpresa, trovi indicate con discreta chiarezza (cosa vorr\u00e0 dire, per esempio, che torni pi\u00f9 volte il tema delle donne pugili?).<\/p>\n\n\n\n<figure class=\"wp-block-image alignwide\"><img data-attachment-id=\"17490\" data-permalink=\"https:\/\/www.robertosedda.it\/?attachment_id=17490\" data-orig-file=\"https:\/\/i0.wp.com\/www.robertosedda.it\/wp-content\/uploads\/2019\/11\/WPF2_2.png?fit=1519%2C751&amp;ssl=1\" data-orig-size=\"1519,751\" data-comments-opened=\"1\" data-image-meta=\"{&quot;aperture&quot;:&quot;0&quot;,&quot;credit&quot;:&quot;&quot;,&quot;camera&quot;:&quot;&quot;,&quot;caption&quot;:&quot;&quot;,&quot;created_timestamp&quot;:&quot;0&quot;,&quot;copyright&quot;:&quot;&quot;,&quot;focal_length&quot;:&quot;0&quot;,&quot;iso&quot;:&quot;0&quot;,&quot;shutter_speed&quot;:&quot;0&quot;,&quot;title&quot;:&quot;&quot;,&quot;orientation&quot;:&quot;0&quot;}\" data-image-title=\"WPF2_2\" data-image-description=\"\" data-image-caption=\"\" data-medium-file=\"https:\/\/i0.wp.com\/www.robertosedda.it\/wp-content\/uploads\/2019\/11\/WPF2_2.png?fit=300%2C148&amp;ssl=1\" data-large-file=\"https:\/\/i0.wp.com\/www.robertosedda.it\/wp-content\/uploads\/2019\/11\/WPF2_2.png?fit=510%2C252&amp;ssl=1\" decoding=\"async\" loading=\"lazy\" width=\"800\" height=\"396\" src=\"https:\/\/i0.wp.com\/www.robertosedda.it\/wp-content\/uploads\/2019\/11\/WPF2_2.png?resize=800%2C396\" alt=\"\" class=\"wp-image-17490\" srcset=\"https:\/\/i0.wp.com\/www.robertosedda.it\/wp-content\/uploads\/2019\/11\/WPF2_2.png?w=1519&amp;ssl=1 1519w, https:\/\/i0.wp.com\/www.robertosedda.it\/wp-content\/uploads\/2019\/11\/WPF2_2.png?resize=150%2C74&amp;ssl=1 150w, https:\/\/i0.wp.com\/www.robertosedda.it\/wp-content\/uploads\/2019\/11\/WPF2_2.png?resize=300%2C148&amp;ssl=1 300w, https:\/\/i0.wp.com\/www.robertosedda.it\/wp-content\/uploads\/2019\/11\/WPF2_2.png?resize=510%2C252&amp;ssl=1 510w\" sizes=\"(max-width: 800px) 100vw, 800px\" data-recalc-dims=\"1\" \/><\/figure>\n\n\n\n<p>Non \u00e8 una mostra gigantesca, per\u00f2 \u00e8 discretamente vasta. Quando siamo arrivati alla fine non avevamo pi\u00f9 tempo, ma in realt\u00e0 sarebbe stato il caso di girarla di nuovo da capo. Perch\u00e9 la prima volta, ovviamente, ti perdi nelle didascalie, vuoi sapere a cosa si riferiscono le storie o chi sono le persone, oppure ti fermi alle sensazioni epidermiche. <\/p>\n\n\n\n<p>La dimensione tecnica, sia nel senso specificamente fotografico che sul piano della narrazione, di come il fotografo ha scelto di dare la notizia, sfugge, e avendo il tempo questo dovrebbe essere l&#8217;obiettivo del secondo giro, anche perch\u00e9 dopotutto \u00e8 pur sempre un concorso ed \u00e8 interessante valutare meglio le forze in campo: ho letto che ci sono requisiti etici piuttosto stringenti quindi nessuna foto \u00e8, in senso esatto, <em>falsa<\/em>, cio\u00e8 costruita apposta o fintamente reale o platealmente propagandistica. D&#8217;altra parte i finalisti, pur essendo i pi\u00f9 bravi di un campo sterminato di partecipanti, non sono evidentemente tutti uguali, e quindi lo sguardo del visitatore dovrebbe sforzarsi di premiare i pi\u00f9 bravi e i pi\u00f9 onesti, al di l\u00e0 della magnificenza dei colori o di quanto colpiscano i soggetti rappresentati.<\/p>\n","protected":false},"excerpt":{"rendered":"<p>Nel mio recente giro per l&#8217;interno della Sardegna, in uno dei momenti nei quali Google Maps non mi portava fuori<\/p>\n","protected":false},"author":1,"featured_media":17488,"comment_status":"open","ping_status":"open","sticky":false,"template":"","format":"standard","meta":{"_mi_skip_tracking":false,"_monsterinsights_sitenote_active":false,"_monsterinsights_sitenote_note":"","_monsterinsights_sitenote_category":0,"jetpack_post_was_ever_published":false,"_jetpack_newsletter_access":"","jetpack_publicize_message":"Fotogiornalismo da non perdere. A #Gavoi sono in mostra le foto dei giornalisti del @WorldPressPhoto Contest, e sono davvero notevoli.","jetpack_is_tweetstorm":false,"jetpack_publicize_feature_enabled":true,"jetpack_social_post_already_shared":true,"jetpack_social_options":{"image_generator_settings":{"template":"highway","enabled":false}}},"categories":[52,49,55,77,12],"tags":[],"jetpack_publicize_connections":[],"jetpack_featured_media_url":"https:\/\/i0.wp.com\/www.robertosedda.it\/wp-content\/uploads\/2019\/11\/WPF-Gavoi.png?fit=1182%2C857&ssl=1","jetpack_sharing_enabled":true,"jetpack_shortlink":"https:\/\/wp.me\/p4jV2T-4y3","jetpack_likes_enabled":true,"jetpack-related-posts":[{"id":10494,"url":"https:\/\/www.robertosedda.it\/?p=10494","url_meta":{"origin":17487,"position":0},"title":"E quindi si va a Gavoi&#8230;","author":"Rufus","date":"02\/07\/2015","format":"image","excerpt":"Da domani sono a\u00a0Isola\u00a0delle storie di Gavoi con i\u00a0Fabbricastorie a far provare ai bambini la prima partita di gioco di ruolo della loro vita (a parte altre migliaia giocate senza saperlo). Devo confessare che sono molto preoccupato, pi\u00f9 di quanto lo sia stato per occasioni di gioco molto pi\u00f9 complesse.\u2026","rel":"","context":"In &quot;Coordinate&quot;","block_context":{"text":"Coordinate","link":"https:\/\/www.robertosedda.it\/?cat=52"},"img":{"alt_text":"","src":"https:\/\/i0.wp.com\/www.robertosedda.it\/wp-content\/uploads\/2015\/07\/20150702_150959.jpg?fit=1200%2C720&ssl=1&resize=350%2C200","width":350,"height":200,"srcset":"https:\/\/i0.wp.com\/www.robertosedda.it\/wp-content\/uploads\/2015\/07\/20150702_150959.jpg?fit=1200%2C720&ssl=1&resize=350%2C200 1x, https:\/\/i0.wp.com\/www.robertosedda.it\/wp-content\/uploads\/2015\/07\/20150702_150959.jpg?fit=1200%2C720&ssl=1&resize=700%2C400 2x, https:\/\/i0.wp.com\/www.robertosedda.it\/wp-content\/uploads\/2015\/07\/20150702_150959.jpg?fit=1200%2C720&ssl=1&resize=1050%2C600 3x"},"classes":[]},{"id":10497,"url":"https:\/\/www.robertosedda.it\/?p=10497","url_meta":{"origin":17487,"position":1},"title":"Purpuzza e giochi di ruolo nelle piazze di Gavoi","author":"Rufus","date":"09\/07\/2015","format":false,"excerpt":"Come vi raccontavo la scorsa settimana\u00a0tre\u00a0Fabbricastorie su quattro, con l'aggiunta di Maria Bonaria, sono stati alla\u00a0XII edizione di\u00a0Isola delle storie\u00a0a Gavoi. Nessuno di noi era mai stato al\u00a0festival, anche se io l'avevo sfiorato pi\u00f9 volte: ma per tutti noi il periodo in cui si tiene la manifestazione \u00e8 sfortunato dal\u2026","rel":"","context":"In &quot;Coordinate&quot;","block_context":{"text":"Coordinate","link":"https:\/\/www.robertosedda.it\/?cat=52"},"img":{"alt_text":"","src":"https:\/\/i0.wp.com\/www.robertosedda.it\/wp-content\/uploads\/2015\/07\/Gavoi-Fabbricastorie-Isola-delle-storie.jpg?fit=800%2C533&ssl=1&resize=350%2C200","width":350,"height":200,"srcset":"https:\/\/i0.wp.com\/www.robertosedda.it\/wp-content\/uploads\/2015\/07\/Gavoi-Fabbricastorie-Isola-delle-storie.jpg?fit=800%2C533&ssl=1&resize=350%2C200 1x, https:\/\/i0.wp.com\/www.robertosedda.it\/wp-content\/uploads\/2015\/07\/Gavoi-Fabbricastorie-Isola-delle-storie.jpg?fit=800%2C533&ssl=1&resize=700%2C400 2x"},"classes":[]},{"id":9975,"url":"https:\/\/www.robertosedda.it\/?p=9975","url_meta":{"origin":17487,"position":2},"title":"Incontru a nuove pagine di vita","author":"Rufus","date":"15\/04\/2015","format":false,"excerpt":"Non ero mai stato al rito de S'incontru anche se naturalmente sapevo che in molti paesi della Sardegna \u00e8 una parte importante dei riti di Pasqua. Avevo visto delle foto conservate nella casa di Orani (la Pasqua del 1961, credo) e ne avevo sentito parlare, ma non c'ero mai stato,\u2026","rel":"","context":"In &quot;Coordinate&quot;","block_context":{"text":"Coordinate","link":"https:\/\/www.robertosedda.it\/?cat=52"},"img":{"alt_text":"","src":"https:\/\/i0.wp.com\/www.robertosedda.it\/wp-content\/uploads\/2015\/04\/Raganella.jpg?fit=768%2C1024&ssl=1&resize=350%2C200","width":350,"height":200,"srcset":"https:\/\/i0.wp.com\/www.robertosedda.it\/wp-content\/uploads\/2015\/04\/Raganella.jpg?fit=768%2C1024&ssl=1&resize=350%2C200 1x, https:\/\/i0.wp.com\/www.robertosedda.it\/wp-content\/uploads\/2015\/04\/Raganella.jpg?fit=768%2C1024&ssl=1&resize=700%2C400 2x"},"classes":[]},{"id":15918,"url":"https:\/\/www.robertosedda.it\/?p=15918","url_meta":{"origin":17487,"position":3},"title":"Alessio","author":"Rufus","date":"04\/12\/2018","format":false,"excerpt":"Domenica mattina io e i\u00a0Fabbricastorie siamo andati all'Auditorium Comunale per fare Mondi che funzionano al festival\u00a0LEI. C'era poca gente, una condizione che sempre ti procura un sacco di pensieri: dovevamo fare pi\u00f9 pubblicit\u00e0? Se abbiamo coinvolto poca gente cosa penser\u00e0 di noi il festival che ci ospita? O magari sono\u2026","rel":"","context":"In &quot;Coordinate&quot;","block_context":{"text":"Coordinate","link":"https:\/\/www.robertosedda.it\/?cat=52"},"img":{"alt_text":"","src":"https:\/\/i0.wp.com\/www.robertosedda.it\/wp-content\/uploads\/2018\/11\/Mondi-che-funzionano.jpg?fit=960%2C720&ssl=1&resize=350%2C200","width":350,"height":200,"srcset":"https:\/\/i0.wp.com\/www.robertosedda.it\/wp-content\/uploads\/2018\/11\/Mondi-che-funzionano.jpg?fit=960%2C720&ssl=1&resize=350%2C200 1x, https:\/\/i0.wp.com\/www.robertosedda.it\/wp-content\/uploads\/2018\/11\/Mondi-che-funzionano.jpg?fit=960%2C720&ssl=1&resize=700%2C400 2x"},"classes":[]},{"id":13012,"url":"https:\/\/www.robertosedda.it\/?p=13012","url_meta":{"origin":17487,"position":4},"title":"La principessa che non c&#8217;era","author":"Rufus","date":"29\/12\/2016","format":"video","excerpt":"Oceania (Ron Clements e John Musker, USA 2016) La sera di Natale ho visto con l'intera famiglia e soprattutto le nipotine Oceania, l'ultima produzione della Disney. La cosa che pi\u00f9 mi ha colpito, avendo ripassato da poco l'argomento per il seminario Please insert story dei Fabbricastorie, \u00e8 stato osservare quanto\u2026","rel":"","context":"In &quot;Coordinate&quot;","block_context":{"text":"Coordinate","link":"https:\/\/www.robertosedda.it\/?cat=52"},"img":{"alt_text":"","src":"https:\/\/i0.wp.com\/img.youtube.com\/vi\/DZHkAx2qc-s\/0.jpg?resize=350%2C200","width":350,"height":200},"classes":[]}],"_links":{"self":[{"href":"https:\/\/www.robertosedda.it\/index.php?rest_route=\/wp\/v2\/posts\/17487"}],"collection":[{"href":"https:\/\/www.robertosedda.it\/index.php?rest_route=\/wp\/v2\/posts"}],"about":[{"href":"https:\/\/www.robertosedda.it\/index.php?rest_route=\/wp\/v2\/types\/post"}],"author":[{"embeddable":true,"href":"https:\/\/www.robertosedda.it\/index.php?rest_route=\/wp\/v2\/users\/1"}],"replies":[{"embeddable":true,"href":"https:\/\/www.robertosedda.it\/index.php?rest_route=%2Fwp%2Fv2%2Fcomments&post=17487"}],"version-history":[{"count":1,"href":"https:\/\/www.robertosedda.it\/index.php?rest_route=\/wp\/v2\/posts\/17487\/revisions"}],"predecessor-version":[{"id":17491,"href":"https:\/\/www.robertosedda.it\/index.php?rest_route=\/wp\/v2\/posts\/17487\/revisions\/17491"}],"wp:featuredmedia":[{"embeddable":true,"href":"https:\/\/www.robertosedda.it\/index.php?rest_route=\/wp\/v2\/media\/17488"}],"wp:attachment":[{"href":"https:\/\/www.robertosedda.it\/index.php?rest_route=%2Fwp%2Fv2%2Fmedia&parent=17487"}],"wp:term":[{"taxonomy":"category","embeddable":true,"href":"https:\/\/www.robertosedda.it\/index.php?rest_route=%2Fwp%2Fv2%2Fcategories&post=17487"},{"taxonomy":"post_tag","embeddable":true,"href":"https:\/\/www.robertosedda.it\/index.php?rest_route=%2Fwp%2Fv2%2Ftags&post=17487"}],"curies":[{"name":"wp","href":"https:\/\/api.w.org\/{rel}","templated":true}]}}