{"id":17480,"date":"2019-11-04T19:40:49","date_gmt":"2019-11-04T18:40:49","guid":{"rendered":"http:\/\/www.robertosedda.it\/?p=17480"},"modified":"2019-11-28T14:38:27","modified_gmt":"2019-11-28T13:38:27","slug":"google-maps","status":"publish","type":"post","link":"https:\/\/www.robertosedda.it\/?p=17480","title":{"rendered":"Google Maps"},"content":{"rendered":"\n<figure class=\"wp-block-image alignwide\"><img data-attachment-id=\"17481\" data-permalink=\"https:\/\/www.robertosedda.it\/?attachment_id=17481\" data-orig-file=\"https:\/\/i0.wp.com\/www.robertosedda.it\/wp-content\/uploads\/2019\/11\/Uruzulei.jpg?fit=3968%2C2976&amp;ssl=1\" data-orig-size=\"3968,2976\" data-comments-opened=\"1\" data-image-meta=\"{&quot;aperture&quot;:&quot;2.2&quot;,&quot;credit&quot;:&quot;&quot;,&quot;camera&quot;:&quot;STF-L09&quot;,&quot;caption&quot;:&quot;&quot;,&quot;created_timestamp&quot;:&quot;1572600485&quot;,&quot;copyright&quot;:&quot;&quot;,&quot;focal_length&quot;:&quot;3.95&quot;,&quot;iso&quot;:&quot;50&quot;,&quot;shutter_speed&quot;:&quot;0.00093&quot;,&quot;title&quot;:&quot;&quot;,&quot;orientation&quot;:&quot;0&quot;}\" data-image-title=\"Uruzulei\" data-image-description=\"\" data-image-caption=\"\" data-medium-file=\"https:\/\/i0.wp.com\/www.robertosedda.it\/wp-content\/uploads\/2019\/11\/Uruzulei.jpg?fit=300%2C225&amp;ssl=1\" data-large-file=\"https:\/\/i0.wp.com\/www.robertosedda.it\/wp-content\/uploads\/2019\/11\/Uruzulei.jpg?fit=510%2C383&amp;ssl=1\" decoding=\"async\" loading=\"lazy\" width=\"800\" height=\"600\" src=\"https:\/\/i0.wp.com\/www.robertosedda.it\/wp-content\/uploads\/2019\/11\/Uruzulei.jpg?resize=800%2C600\" alt=\"\" class=\"wp-image-17481\" srcset=\"https:\/\/i0.wp.com\/www.robertosedda.it\/wp-content\/uploads\/2019\/11\/Uruzulei.jpg?w=3968&amp;ssl=1 3968w, https:\/\/i0.wp.com\/www.robertosedda.it\/wp-content\/uploads\/2019\/11\/Uruzulei.jpg?resize=150%2C113&amp;ssl=1 150w, https:\/\/i0.wp.com\/www.robertosedda.it\/wp-content\/uploads\/2019\/11\/Uruzulei.jpg?resize=300%2C225&amp;ssl=1 300w, https:\/\/i0.wp.com\/www.robertosedda.it\/wp-content\/uploads\/2019\/11\/Uruzulei.jpg?resize=510%2C383&amp;ssl=1 510w, https:\/\/i0.wp.com\/www.robertosedda.it\/wp-content\/uploads\/2019\/11\/Uruzulei.jpg?w=1600 1600w, https:\/\/i0.wp.com\/www.robertosedda.it\/wp-content\/uploads\/2019\/11\/Uruzulei.jpg?w=2400 2400w\" sizes=\"(max-width: 800px) 100vw, 800px\" data-recalc-dims=\"1\" \/><\/figure>\n\n\n\n<p>Questo ultimo lungo fine settimana me ne sono andato in giro per la Sardegna con Maria Bonaria. <\/p>\n\n\n\n<p>O meglio: avevo intenzione di farlo, poi pioveva e abbiamo deciso di limitare un po&#8217; i nostri giri. In ogni caso, gioved\u00ec ci ha trovato a Urzulei per pranzo e poi sulla strada per Genna Silana nel pomeriggio, sotto la pioggia.<\/p>\n\n\n\n<p>Siccome non sapevo bene la strada, ho messo il navigatore, gli ho dato l&#8217;indirizzo dell&#8217;albergo (poca roba, una mezzoretta al massimo) e poi sono partito tutto allegro.<\/p>\n\n\n\n<p>A un certo punto, quasi al passo, il navigatore mi ha detto: \u00abSvolta a destra\u00bb. <\/p>\n\n\n\n<p>E io ho svoltato a destra. La strada diventava presto non asfaltata. C&#8217;era un&#8217;indicazione, <em>Parcheggio campe<\/em>r (deserto), ma la strada, bianca ma ben percorribile, proseguiva oltre.<\/p>\n\n\n\n<p>E io ho proseguito. La freccetta rossa del navigatore mi indicava l&#8217;albergo, alla fine della strada.<\/p>\n\n\n\n<p>La strada, dunque, proseguiva. Sterrata, costeggiava recinti di aziende agricole e alberi messi da poco a dimora.<\/p>\n\n\n\n<p>Non era proprio ancora facilmente percorribile, perch\u00e9 attraversata da larghe fessure causate dalla pioggia, ma io ho proseguito: le freccetta, rassicurante, restava ferma.<\/p>\n\n\n\n<p>La strada si \u00e8 fatta un po&#8217; pi\u00f9 sconnessa, un po&#8217; pi\u00f9 stretta. Ho pensato: <em>forse <\/em>Google <em>ti fa entrare dal retro dell&#8217;albergo, che so, una specie di area di sosta per i clienti.<\/em><\/p>\n\n\n\n<p>Ho anche detto a Bonaria: \u00abSai che ho letto da poco che la Provincia dell&#8217;Ogliastra vieta di usare <em>Google Maps<\/em> perch\u00e9 troppa gente finiva per perdersi chiss\u00e0 dove?\u00bb, cos\u00ec, per fare conversazione.<\/p>\n\n\n\n<p>Ohi, le matte risate.<\/p>\n\n\n\n<p>Per\u00f2 ho notato con stupore che Bonaria stringeva con forza la maniglia della portiera. Molta forza.<\/p>\n\n\n\n<p>Intanto la strada, che palesemente proseguiva in mezzo al nulla ma sempre verso la freccetta rossa al termine del percorso blu, si era fatta <em>davvero <\/em>poco praticabile, tanto che ho pensato: \u00abPer\u00f2, questi dell&#8217;albergo una via d&#8217;accesso migliore la potevano creare, dai\u00bb.<\/p>\n\n\n\n<p>E h anche pensato: \u00abVa bene che \u00e8 un posto per escursionisti, ma non \u00e8 che si pu\u00f2 pretendere che tutti abbiano il SUV, insomma\u00bb.<\/p>\n\n\n\n<p>Cos\u00ec mi piaccio: democratico e ugualitario. E ambientalista.<\/p>\n\n\n\n<p>A quel punto ho dovuto guadare un torrente.<\/p>\n\n\n\n<p>Ho pensato, virile: \u00abBasta. Se la strada peggiora ancora torno indietro, li chiamo e gli dico che cos\u00ec proprio non va e mi venissero a prendere, insomma\u00bb.<\/p>\n\n\n\n<p>Virile. Lei non sa chi sono io.<\/p>\n\n\n\n<p>La strada \u00e8 migliorata, per\u00f2 abbiamo incontrato  un gregge di capre. <\/p>\n\n\n\n<p>A quel punto, sempre andando e andando, eravamo palesemente e ufficialmente in mezzo al nulla, ma con l&#8217;<em>Orientale<\/em> in alto, sopra di noi, con una costruzione a breve distanza che doveva essere l&#8217;albergo, ma separato da noi da tipo la Cordigliera delle Ande.<\/p>\n\n\n\n<p>E ha cominciato a piovere pi\u00f9 forte.<\/p>\n\n\n\n<p>Ed \u00e8 stato a questo punto che siamo arrivati a un ovile di capre (in mezzo al nulla l&#8217;ho gi\u00e0 detto?) dove la strada, in uno spiazzo, finiva.<\/p>\n\n\n\n<p>E <em>Maps<\/em>, imperturbabile, ci ha detto: \u00abFai inversione a U\u00bb.<\/p>\n\n\n\n<p>In proposito le teorie divergono. La pi\u00f9 accreditata &#8211; di Maria Bonaria &#8211; \u00e8 che io abbia sbagliato la svolta e quello, doveroso, abbia aspettato di trovare uno slargo dove potessimo fare felicemente e sicuramente inversione senza infrangere nessuna norma stradale. Svariati chilometri pi\u00f9 avanti.<\/p>\n\n\n\n<p>Una teoria difensiva concorrente &#8211; mia &#8211; sostiene invece che semplicemente <em>Maps<\/em> non funziona, e io non potevo sapere, Vostro Onore.<\/p>\n\n\n\n<figure class=\"wp-block-image alignwide\"><img data-attachment-id=\"17482\" data-permalink=\"https:\/\/www.robertosedda.it\/?attachment_id=17482\" data-orig-file=\"https:\/\/i0.wp.com\/www.robertosedda.it\/wp-content\/uploads\/2019\/11\/Urzulei3.png?fit=1081%2C636&amp;ssl=1\" data-orig-size=\"1081,636\" data-comments-opened=\"1\" data-image-meta=\"{&quot;aperture&quot;:&quot;0&quot;,&quot;credit&quot;:&quot;&quot;,&quot;camera&quot;:&quot;&quot;,&quot;caption&quot;:&quot;&quot;,&quot;created_timestamp&quot;:&quot;0&quot;,&quot;copyright&quot;:&quot;&quot;,&quot;focal_length&quot;:&quot;0&quot;,&quot;iso&quot;:&quot;0&quot;,&quot;shutter_speed&quot;:&quot;0&quot;,&quot;title&quot;:&quot;&quot;,&quot;orientation&quot;:&quot;0&quot;}\" data-image-title=\"Urzulei3\" data-image-description=\"\" data-image-caption=\"\" data-medium-file=\"https:\/\/i0.wp.com\/www.robertosedda.it\/wp-content\/uploads\/2019\/11\/Urzulei3.png?fit=300%2C177&amp;ssl=1\" data-large-file=\"https:\/\/i0.wp.com\/www.robertosedda.it\/wp-content\/uploads\/2019\/11\/Urzulei3.png?fit=510%2C300&amp;ssl=1\" decoding=\"async\" loading=\"lazy\" width=\"800\" height=\"471\" src=\"https:\/\/i0.wp.com\/www.robertosedda.it\/wp-content\/uploads\/2019\/11\/Urzulei3.png?resize=800%2C471\" alt=\"\" class=\"wp-image-17482\" srcset=\"https:\/\/i0.wp.com\/www.robertosedda.it\/wp-content\/uploads\/2019\/11\/Urzulei3.png?w=1081&amp;ssl=1 1081w, https:\/\/i0.wp.com\/www.robertosedda.it\/wp-content\/uploads\/2019\/11\/Urzulei3.png?resize=150%2C88&amp;ssl=1 150w, https:\/\/i0.wp.com\/www.robertosedda.it\/wp-content\/uploads\/2019\/11\/Urzulei3.png?resize=300%2C177&amp;ssl=1 300w, https:\/\/i0.wp.com\/www.robertosedda.it\/wp-content\/uploads\/2019\/11\/Urzulei3.png?resize=510%2C300&amp;ssl=1 510w\" sizes=\"(max-width: 800px) 100vw, 800px\" data-recalc-dims=\"1\" \/><figcaption>Prova a discapito numero 1, Vostro Onore: il fatto che l&#8217;ovile di capre sia a <em>destra<\/em> del percorso e fuori della linea blu non conta, Vostro Onore<\/figcaption><\/figure>\n\n\n\n<p>Comunque, pioveva a dirotto. Ho fatto inversione a U e sono tornato indietro.<\/p>\n\n\n\n<p>Le capre erano sparite, ma abbiamo incrociato un paio di mucche.<\/p>\n\n\n\n<p>Poi un bestione cornuto in mezzo alla strada, che abbiamo prudentemente lasciato passare.<\/p>\n\n\n\n<p>L&#8217;albergo stava sempre piuttosto vicino, ma separato da noi tipo dalla Cordigliera delle Ande.<\/p>\n\n\n\n<p>Sono arrivato al ruscello e l&#8217;ho guadato. Di nuovo.<\/p>\n\n\n\n<p>Dopo il ruscello il punto quasi impraticabile che all&#8217;andata era in discesa ora era pure in salita, ma io bravamente l&#8217;ho superato.<\/p>\n\n\n\n<p>La pioggia si era fatta una cortina impenetrabile. Mentre slittavo dolcemente in salita stavo per dire a Bonaria, cos\u00ec in tono discorsivo: \u00abChe poi sai che in queste zone in queste situazioni di pioggia ci sono spesso smottamenti, frane e improvvisi  dilagamenti?\u00bb. Cos\u00ec, per fare cultura.<\/p>\n\n\n\n<p>Poi ho visto che stringeva con forza la maniglia della portiera e mi \u00e8 sembrato meglio evitare.<\/p>\n\n\n\n<p>Sono tornato in mezzo alle aziende agricole e ai rimboschimenti.<\/p>\n\n\n\n<p>Ho oltrepassato di nuovo con fatica le fessure causate dalla pioggia che segavano la strada.<\/p>\n\n\n\n<p>Ho quasi pensato: \u00abBeati quelli che hanno il SUV\u00bb. Quasi.<\/p>\n\n\n\n<p>Pioveva che Dio la mandava. Il parcheggio dei <em>camper <\/em>sempre desolatamente vuoto.<\/p>\n\n\n\n<figure class=\"wp-block-image alignwide\"><img data-attachment-id=\"17484\" data-permalink=\"https:\/\/www.robertosedda.it\/?attachment_id=17484\" data-orig-file=\"https:\/\/i0.wp.com\/www.robertosedda.it\/wp-content\/uploads\/2019\/11\/Sentiero.jpg?fit=1028%2C771&amp;ssl=1\" data-orig-size=\"1028,771\" data-comments-opened=\"1\" data-image-meta=\"{&quot;aperture&quot;:&quot;0&quot;,&quot;credit&quot;:&quot;&quot;,&quot;camera&quot;:&quot;&quot;,&quot;caption&quot;:&quot;&quot;,&quot;created_timestamp&quot;:&quot;0&quot;,&quot;copyright&quot;:&quot;&quot;,&quot;focal_length&quot;:&quot;0&quot;,&quot;iso&quot;:&quot;0&quot;,&quot;shutter_speed&quot;:&quot;0&quot;,&quot;title&quot;:&quot;&quot;,&quot;orientation&quot;:&quot;0&quot;}\" data-image-title=\"Sentiero\" data-image-description=\"\" data-image-caption=\"\" data-medium-file=\"https:\/\/i0.wp.com\/www.robertosedda.it\/wp-content\/uploads\/2019\/11\/Sentiero.jpg?fit=300%2C225&amp;ssl=1\" data-large-file=\"https:\/\/i0.wp.com\/www.robertosedda.it\/wp-content\/uploads\/2019\/11\/Sentiero.jpg?fit=510%2C383&amp;ssl=1\" decoding=\"async\" loading=\"lazy\" width=\"800\" height=\"600\" src=\"https:\/\/i0.wp.com\/www.robertosedda.it\/wp-content\/uploads\/2019\/11\/Sentiero.jpg?resize=800%2C600\" alt=\"\" class=\"wp-image-17484\" srcset=\"https:\/\/i0.wp.com\/www.robertosedda.it\/wp-content\/uploads\/2019\/11\/Sentiero.jpg?w=1028&amp;ssl=1 1028w, https:\/\/i0.wp.com\/www.robertosedda.it\/wp-content\/uploads\/2019\/11\/Sentiero.jpg?resize=150%2C113&amp;ssl=1 150w, https:\/\/i0.wp.com\/www.robertosedda.it\/wp-content\/uploads\/2019\/11\/Sentiero.jpg?resize=300%2C225&amp;ssl=1 300w, https:\/\/i0.wp.com\/www.robertosedda.it\/wp-content\/uploads\/2019\/11\/Sentiero.jpg?resize=510%2C383&amp;ssl=1 510w\" sizes=\"(max-width: 800px) 100vw, 800px\" data-recalc-dims=\"1\" \/><figcaption>Ecco, da qualche parte l\u00e0 sotto<\/figcaption><\/figure>\n\n\n\n<p>Sono tornato sull&#8217;<em>Orientale<\/em>. Ho fatto altri cinquanta metri e a destra c&#8217;era lo svincolo, asfaltato e comodissimo, per l&#8217;albergo.<\/p>\n\n\n\n<p> Nel parcheggio dell&#8217;albergo, piegati in due dalle risate (tanto, ormai&#8230;) abbiamo raccontato la cosa al Subcomandante Marcos, la quale, lapidaria, ha commentato: \u00abA voi maschi <em>Maps<\/em> vi da alla testa, proprio\u00bb.<\/p>\n\n\n\n<p>Che avr\u00e0 voluto dire, boh.<\/p>\n","protected":false},"excerpt":{"rendered":"<p>Questo ultimo lungo fine settimana me ne sono andato in giro per la Sardegna con Maria Bonaria. O meglio: avevo<\/p>\n","protected":false},"author":1,"featured_media":17482,"comment_status":"open","ping_status":"open","sticky":false,"template":"","format":"standard","meta":{"_mi_skip_tracking":false,"_monsterinsights_sitenote_active":false,"_monsterinsights_sitenote_note":"","_monsterinsights_sitenote_category":0,"jetpack_post_was_ever_published":false,"_jetpack_newsletter_access":"","jetpack_publicize_message":"","jetpack_is_tweetstorm":false,"jetpack_publicize_feature_enabled":true,"jetpack_social_post_already_shared":true,"jetpack_social_options":{"image_generator_settings":{"template":"highway","enabled":false}}},"categories":[52,56,82,18,16],"tags":[],"jetpack_publicize_connections":[],"jetpack_featured_media_url":"https:\/\/i0.wp.com\/www.robertosedda.it\/wp-content\/uploads\/2019\/11\/Urzulei3.png?fit=1081%2C636&ssl=1","jetpack_sharing_enabled":true,"jetpack_shortlink":"https:\/\/wp.me\/p4jV2T-4xW","jetpack_likes_enabled":true,"jetpack-related-posts":[{"id":15526,"url":"https:\/\/www.robertosedda.it\/?p=15526","url_meta":{"origin":17480,"position":0},"title":"A ciascuno il suo","author":"Rufus","date":"26\/07\/2018","format":false,"excerpt":"Ieri dovevo andare a Carbonia per una valutazione sociale di Banca Etica e lungo la strada mi sono fermato a fare benzina. Il distributore \u00e8 rigorosamente senza fai-da-te e il benzinaio era impegnato nell'altra corsia. Dal mio lato avevo uno davanti a me e uno dietro. Ero impegnato a impostare\u2026","rel":"","context":"In &quot;Coordinate&quot;","block_context":{"text":"Coordinate","link":"https:\/\/www.robertosedda.it\/?cat=52"},"img":{"alt_text":"","src":"https:\/\/i0.wp.com\/www.robertosedda.it\/wp-content\/uploads\/2018\/07\/Scorpion-at-gas-station.png?fit=798%2C496&ssl=1&resize=350%2C200","width":350,"height":200,"srcset":"https:\/\/i0.wp.com\/www.robertosedda.it\/wp-content\/uploads\/2018\/07\/Scorpion-at-gas-station.png?fit=798%2C496&ssl=1&resize=350%2C200 1x, https:\/\/i0.wp.com\/www.robertosedda.it\/wp-content\/uploads\/2018\/07\/Scorpion-at-gas-station.png?fit=798%2C496&ssl=1&resize=700%2C400 2x"},"classes":[]},{"id":18270,"url":"https:\/\/www.robertosedda.it\/?p=18270","url_meta":{"origin":17480,"position":1},"title":"Storie di sanit\u00e0 e di canoe americane","author":"Rufus","date":"01\/09\/2020","format":false,"excerpt":"John Sandford, l'autore della serie di gialli con Lucas Davenport e Virgil Flowers di cui ho parlato altre volte, si \u00e8 rotto un braccio. Essendo un arzillo settaseienne la cosa \u00e8 piuttosto seccante, ovviamente. Sandford \u00e8 comunque stato in grado di darne lui stesso notizia ai suoi contatti su Facebook,\u2026","rel":"","context":"In &quot;Coordinate&quot;","block_context":{"text":"Coordinate","link":"https:\/\/www.robertosedda.it\/?cat=52"},"img":{"alt_text":"","src":"https:\/\/i0.wp.com\/www.robertosedda.it\/wp-content\/uploads\/2020\/09\/Frattura-Sandford.png?fit=418%2C640&ssl=1&resize=350%2C200","width":350,"height":200},"classes":[]},{"id":16360,"url":"https:\/\/www.robertosedda.it\/?p=16360","url_meta":{"origin":17480,"position":2},"title":"Morire gonfi","author":"Rufus","date":"18\/03\/2019","format":false,"excerpt":"Mi scuserete se oggi mi concedo una delle rare occasioni in cui questo blog ragiona di pancia. Riflettevo stamattina, a proposito di tutti quelli che criticano Greta Thunberg perch\u00e9 sono di destra, perch\u00e9 sono di sinistra, perch\u00e9 sono troppo furbi, perch\u00e9 la linea non \u00e8 quella giusta, perch\u00e9 i media,\u2026","rel":"","context":"In &quot;Coordinate&quot;","block_context":{"text":"Coordinate","link":"https:\/\/www.robertosedda.it\/?cat=52"},"img":{"alt_text":"","src":"https:\/\/i0.wp.com\/www.robertosedda.it\/wp-content\/uploads\/2019\/03\/apocalypse.jpg?fit=1200%2C650&ssl=1&resize=350%2C200","width":350,"height":200,"srcset":"https:\/\/i0.wp.com\/www.robertosedda.it\/wp-content\/uploads\/2019\/03\/apocalypse.jpg?fit=1200%2C650&ssl=1&resize=350%2C200 1x, https:\/\/i0.wp.com\/www.robertosedda.it\/wp-content\/uploads\/2019\/03\/apocalypse.jpg?fit=1200%2C650&ssl=1&resize=700%2C400 2x, https:\/\/i0.wp.com\/www.robertosedda.it\/wp-content\/uploads\/2019\/03\/apocalypse.jpg?fit=1200%2C650&ssl=1&resize=1050%2C600 3x"},"classes":[]},{"id":1185,"url":"https:\/\/www.robertosedda.it\/?p=1185","url_meta":{"origin":17480,"position":3},"title":"Fare i sardi (e Bellas mariposas)","author":"Rufus","date":"30\/10\/2012","format":false,"excerpt":"Era il 2007, credo. Una ventina di responsabili di cooperative sociali, associazioni e volontari di Banca Etica, provenienti da quasi tutta la Sardegna,\u00a0erano riuniti per un seminario di studio. Diversi di loro si alternavano a presentare progetti che le loro organizzazioni avevano intenzione di intraprendere nel futuro, per avere una\u2026","rel":"","context":"In &quot;Coordinate&quot;","block_context":{"text":"Coordinate","link":"https:\/\/www.robertosedda.it\/?cat=52"},"img":{"alt_text":"","src":"","width":0,"height":0},"classes":[]},{"id":19125,"url":"https:\/\/www.robertosedda.it\/?p=19125","url_meta":{"origin":17480,"position":4},"title":"Le due destre","author":"Rufus","date":"26\/01\/2022","format":false,"excerpt":"Adesso che sto scrivendo sul blog con una certa frequenza ritrovo appunti e abbozzi di articoli non portati a termine durante questo periodo di... inappetenza. Fra gli altri vedo un abbozzo intitolato Non cambier\u00e0 niente, che deve risalire pi\u00f9 o meno a maggio del 2020, cio\u00e8 verso il termine del\u2026","rel":"","context":"In &quot;Coordinate&quot;","block_context":{"text":"Coordinate","link":"https:\/\/www.robertosedda.it\/?cat=52"},"img":{"alt_text":"","src":"https:\/\/i0.wp.com\/www.robertosedda.it\/wp-content\/uploads\/2022\/01\/Doppia-direzione.png?fit=465%2C500&ssl=1&resize=350%2C200","width":350,"height":200},"classes":[]},{"id":10217,"url":"https:\/\/www.robertosedda.it\/?p=10217","url_meta":{"origin":17480,"position":5},"title":"Lo zelo per la tua casa mi divora","author":"Rufus","date":"18\/05\/2015","format":false,"excerpt":"Credo di avere raccontato altre volte di tzia Caterina, la nostra vicina di casa di Orani. Tra le tante cose che ricordo di lei, ho ben presente che ogni mattina puliva l'uscio di casa e tutto il tratto di piazzetta antistante: spazzava la polvere e le foglie portate dal vento\u2026","rel":"","context":"In &quot;Coordinate&quot;","block_context":{"text":"Coordinate","link":"https:\/\/www.robertosedda.it\/?cat=52"},"img":{"alt_text":"","src":"https:\/\/i0.wp.com\/www.robertosedda.it\/wp-content\/uploads\/2015\/05\/pao-593x443.jpg?fit=593%2C443&ssl=1&resize=350%2C200","width":350,"height":200},"classes":[]}],"_links":{"self":[{"href":"https:\/\/www.robertosedda.it\/index.php?rest_route=\/wp\/v2\/posts\/17480"}],"collection":[{"href":"https:\/\/www.robertosedda.it\/index.php?rest_route=\/wp\/v2\/posts"}],"about":[{"href":"https:\/\/www.robertosedda.it\/index.php?rest_route=\/wp\/v2\/types\/post"}],"author":[{"embeddable":true,"href":"https:\/\/www.robertosedda.it\/index.php?rest_route=\/wp\/v2\/users\/1"}],"replies":[{"embeddable":true,"href":"https:\/\/www.robertosedda.it\/index.php?rest_route=%2Fwp%2Fv2%2Fcomments&post=17480"}],"version-history":[{"count":2,"href":"https:\/\/www.robertosedda.it\/index.php?rest_route=\/wp\/v2\/posts\/17480\/revisions"}],"predecessor-version":[{"id":17486,"href":"https:\/\/www.robertosedda.it\/index.php?rest_route=\/wp\/v2\/posts\/17480\/revisions\/17486"}],"wp:featuredmedia":[{"embeddable":true,"href":"https:\/\/www.robertosedda.it\/index.php?rest_route=\/wp\/v2\/media\/17482"}],"wp:attachment":[{"href":"https:\/\/www.robertosedda.it\/index.php?rest_route=%2Fwp%2Fv2%2Fmedia&parent=17480"}],"wp:term":[{"taxonomy":"category","embeddable":true,"href":"https:\/\/www.robertosedda.it\/index.php?rest_route=%2Fwp%2Fv2%2Fcategories&post=17480"},{"taxonomy":"post_tag","embeddable":true,"href":"https:\/\/www.robertosedda.it\/index.php?rest_route=%2Fwp%2Fv2%2Ftags&post=17480"}],"curies":[{"name":"wp","href":"https:\/\/api.w.org\/{rel}","templated":true}]}}