{"id":17362,"date":"2019-09-26T19:02:48","date_gmt":"2019-09-26T17:02:48","guid":{"rendered":"http:\/\/www.robertosedda.it\/?p=17362"},"modified":"2026-02-12T15:03:07","modified_gmt":"2026-02-12T14:03:07","slug":"bene-mortu","status":"publish","type":"post","link":"https:\/\/www.robertosedda.it\/?p=17362","title":{"rendered":"Bene mortu"},"content":{"rendered":"\n<p>In paese una volta avvisarono il tale che era stato ucciso uno, che era suo rivale.<\/p>\n\n\n\n<p>E lui, imperturbabile, rispose: \u00abBene mortu, bene mortu!\u00bb. E precis\u00f2: \u00abFio po l&#8217;occhider deo, una de custas dies\u00bb. <em>Lo stavo per uccidere io, uno di questi giorni<\/em>.<\/p>\n\n\n\n<p>Poi, come a compensare, aggiunse: \u00abComunque sono brutte cose. Io me ne sello l&#8217;asino e me ne vado in campagna\u00bb.<\/p>\n\n\n\n<figure class=\"wp-block-image alignwide\"><img data-attachment-id=\"17363\" data-permalink=\"https:\/\/www.robertosedda.it\/?attachment_id=17363\" data-orig-file=\"https:\/\/i0.wp.com\/www.robertosedda.it\/wp-content\/uploads\/2019\/09\/Banditi-a-Orgosolo-2.jpg?fit=640%2C480&amp;ssl=1\" data-orig-size=\"640,480\" data-comments-opened=\"1\" data-image-meta=\"{&quot;aperture&quot;:&quot;0&quot;,&quot;credit&quot;:&quot;&quot;,&quot;camera&quot;:&quot;&quot;,&quot;caption&quot;:&quot;&quot;,&quot;created_timestamp&quot;:&quot;0&quot;,&quot;copyright&quot;:&quot;&quot;,&quot;focal_length&quot;:&quot;0&quot;,&quot;iso&quot;:&quot;0&quot;,&quot;shutter_speed&quot;:&quot;0&quot;,&quot;title&quot;:&quot;&quot;,&quot;orientation&quot;:&quot;0&quot;}\" data-image-title=\"Banditi-a-Orgosolo-2\" data-image-description=\"\" data-image-caption=\"\" data-medium-file=\"https:\/\/i0.wp.com\/www.robertosedda.it\/wp-content\/uploads\/2019\/09\/Banditi-a-Orgosolo-2.jpg?fit=300%2C225&amp;ssl=1\" data-large-file=\"https:\/\/i0.wp.com\/www.robertosedda.it\/wp-content\/uploads\/2019\/09\/Banditi-a-Orgosolo-2.jpg?fit=510%2C383&amp;ssl=1\" decoding=\"async\" loading=\"lazy\" width=\"640\" height=\"480\" src=\"https:\/\/i0.wp.com\/www.robertosedda.it\/wp-content\/uploads\/2019\/09\/Banditi-a-Orgosolo-2.jpg?resize=640%2C480\" alt=\"\" class=\"wp-image-17363\" srcset=\"https:\/\/i0.wp.com\/www.robertosedda.it\/wp-content\/uploads\/2019\/09\/Banditi-a-Orgosolo-2.jpg?w=640&amp;ssl=1 640w, https:\/\/i0.wp.com\/www.robertosedda.it\/wp-content\/uploads\/2019\/09\/Banditi-a-Orgosolo-2.jpg?resize=150%2C113&amp;ssl=1 150w, https:\/\/i0.wp.com\/www.robertosedda.it\/wp-content\/uploads\/2019\/09\/Banditi-a-Orgosolo-2.jpg?resize=300%2C225&amp;ssl=1 300w, https:\/\/i0.wp.com\/www.robertosedda.it\/wp-content\/uploads\/2019\/09\/Banditi-a-Orgosolo-2.jpg?resize=510%2C383&amp;ssl=1 510w\" sizes=\"(max-width: 640px) 100vw, 640px\" data-recalc-dims=\"1\" \/><\/figure>\n\n\n\n<p><em>Bene mortu<\/em> (con o senza accompagnamento della storia dell&#8217;asino) \u00e8, o almeno \u00e8 stata, una delle frasi del nostro lessico familiare, usata volta a volta per indicare ipocrisia, cinismo, disprezzo per i rivali o semplice improntitudine. Non so bene da dove venisse l&#8217;episodio, ma presumibilmente era stato raccontato per la prima volta a qualcuno delle generazione precedente a quella di mia madre, cio\u00e8 doveva essere un episodio di cui mio nonno era stato testimone  o che gli era stato riferito o che era capitato ancora prima ma era vivo ancora nella memoria (mio nonno prima del mestiere delle armi aveva frequentato tutto un ambiente di avvocati nuoresi, ed \u00e8 l\u00ec che probabilmente la storiella ha origine).<\/p>\n\n\n\n<p>Mi sono ricordato l&#8217;espressione <em>bene mortu<\/em>, l&#8217;altro giorno, riflettendo sul fatto che ogni tanto mia sorella si lascia sfuggire con le figlie racconti sugli adulti che <em>noi<\/em> abbiamo conosciuto, sulle avventure di cui siamo stati testimoni o che <a href=\"http:\/\/www.robertosedda.it\/?p=12526\">abbiamo vissuto<\/a>, comprese le <a href=\"http:\/\/www.robertosedda.it\/?p=44\">deviazioni dalla morale degli adulti<\/a>. Cose che magari non sono proprio proprio <em>educative<\/em>, ma sono storie di famiglia e ogni tanto saltano fuori.<\/p>\n\n\n\n<p>E mi sono reso conto che sono tutte storie piuttosto diverse. Intanto sono in generale storie urbane. E poi sono molto meno <em>materiali <\/em>(ci sono poche cose  pi\u00f9 materiali o carnali dell&#8217;omicidio). Al contrario delle storie familiari che hanno popolato la mia giovinezza non ci sono scherzi feroci che potevano finire molto male,  non ci sono delicati equilibri di relazioni sociali e situazioni potenzialmente molto pericolose, non ci sono bisnonni minacciati dai banditi, non ci sono omicidi. Non c&#8217;\u00e8 la <em>morte<\/em>.<\/p>\n\n\n\n<p>Non c&#8217;\u00e8 la guerra, per dire. Anzi: <em>due <\/em>guerre. Non ci sono zii mai conosciuti travolti dalle vicende della storia e nonni che non sono mai stati tali perch\u00e9 sono morti in guerra e nonna poi ha sposato un altro. Non c&#8217;\u00e8 la differenza fra commilitoni di cui raccontava il Mitico Pino, di chi sparava in aria e chi no. Non ci sono salvataggi di disertori prima che vengano deportati dai tedeschi, vite trasferite all&#8217;estero in cerca di salvezza, gente che si abbraccia credendo che l&#8217;altro stia per essere portato davanti al plotone d&#8217;esecuzione e invece tutti e due stanno per evadere da Regina Coeli.<\/p>\n\n\n\n<p>Non c&#8217;\u00e8 la fame. <\/p>\n\n\n\n<p>Nomi di persone, modi di dire, frasi idiomatiche della mia famiglia, fino alla mia generazione, hanno fatto riferimento a contenuti come questi.<\/p>\n\n\n\n<p>\u00c8, mi veniva in mente, l&#8217;allontanarsi dalla societ\u00e0 della sopravvivenza, che quando io avevo l&#8217;et\u00e0 di Agnese era ancora una presenza magari lontana ma tangibile. Adesso la societ\u00e0 contadina \u00e8 un fantasma di cui non si racconta quasi nemmeno pi\u00f9, come pi\u00f9 o meno sar\u00e0 presto anche la civilt\u00e0 industriale.<\/p>\n\n\n\n<p>Non avevo mai misurato con tanta chiarezza la distanza.<\/p>\n\n\n\n<p>Altro che il <em>computer<\/em> che uso per scrivere questa storia.<\/p>\n","protected":false},"excerpt":{"rendered":"<p>In paese una volta avvisarono il tale che era stato ucciso uno, che era suo rivale. E lui, imperturbabile, rispose:<\/p>\n","protected":false},"author":1,"featured_media":17363,"comment_status":"open","ping_status":"open","sticky":false,"template":"","format":"standard","meta":{"_mi_skip_tracking":false,"_monsterinsights_sitenote_active":false,"_monsterinsights_sitenote_note":"","_monsterinsights_sitenote_category":0,"jetpack_post_was_ever_published":false,"_jetpack_newsletter_access":"","jetpack_publicize_message":"Bene mortu, bene mortu, disse quello quando seppe che qualcun altro aveva ammazzato il rivale","jetpack_is_tweetstorm":false,"jetpack_publicize_feature_enabled":true,"jetpack_social_post_already_shared":true,"jetpack_social_options":{"image_generator_settings":{"template":"highway","enabled":false}}},"categories":[83,52,56,17,16],"tags":[],"jetpack_publicize_connections":[],"jetpack_featured_media_url":"https:\/\/i0.wp.com\/www.robertosedda.it\/wp-content\/uploads\/2019\/09\/Banditi-a-Orgosolo-2.jpg?fit=640%2C480&ssl=1","jetpack_sharing_enabled":true,"jetpack_shortlink":"https:\/\/wp.me\/p4jV2T-4w2","jetpack_likes_enabled":true,"jetpack-related-posts":[{"id":16589,"url":"https:\/\/www.robertosedda.it\/?p=16589","url_meta":{"origin":17362,"position":0},"title":"Orgoglio e pregiudizio","author":"Rufus","date":"18\/04\/2019","format":false,"excerpt":"Contrariamente a quel che potete pensare questo articolo non parler\u00e0 del libro di Jane Austen o di caparbie eroine inglesi e di nobiluomini dal temperamento focoso. Parler\u00e0 invece di testi evangelici, di teologia, di tedeschi algidi e di principi della Chiesa piuttosto sviati. Ho letto infatti l'altro giorno il testo\u2026","rel":"","context":"In &quot;Coordinate&quot;","block_context":{"text":"Coordinate","link":"https:\/\/www.robertosedda.it\/?cat=52"},"img":{"alt_text":"","src":"https:\/\/i0.wp.com\/www.robertosedda.it\/wp-content\/uploads\/2019\/04\/Ratzinger-3.jpg?fit=750%2C505&ssl=1&resize=350%2C200","width":350,"height":200,"srcset":"https:\/\/i0.wp.com\/www.robertosedda.it\/wp-content\/uploads\/2019\/04\/Ratzinger-3.jpg?fit=750%2C505&ssl=1&resize=350%2C200 1x, https:\/\/i0.wp.com\/www.robertosedda.it\/wp-content\/uploads\/2019\/04\/Ratzinger-3.jpg?fit=750%2C505&ssl=1&resize=700%2C400 2x"},"classes":[]},{"id":13259,"url":"https:\/\/www.robertosedda.it\/?p=13259","url_meta":{"origin":17362,"position":1},"title":"Toccandola piano","author":"Rufus","date":"16\/02\/2017","format":false,"excerpt":"Facendo finta che sto parlando in generale e non dell'attualit\u00e0 e che non ho in mente gente che fa prediche \"educative\" in chiesa senza averne titolo, volevo dire che sarebbe bene ricordare che gli adolescenti sono\u00a0deboli, per definizione. E quindi, biblicamente, sono\u00a0poveri, coloro ai quali \u00e8 dovuta\u00a0una tutela speciale in\u2026","rel":"","context":"In &quot;Coordinate&quot;","block_context":{"text":"Coordinate","link":"https:\/\/www.robertosedda.it\/?cat=52"},"img":{"alt_text":"","src":"https:\/\/i0.wp.com\/www.robertosedda.it\/wp-content\/uploads\/2017\/02\/Cristo-bambini-Lucas-Cranach.jpg?fit=1200%2C762&ssl=1&resize=350%2C200","width":350,"height":200,"srcset":"https:\/\/i0.wp.com\/www.robertosedda.it\/wp-content\/uploads\/2017\/02\/Cristo-bambini-Lucas-Cranach.jpg?fit=1200%2C762&ssl=1&resize=350%2C200 1x, https:\/\/i0.wp.com\/www.robertosedda.it\/wp-content\/uploads\/2017\/02\/Cristo-bambini-Lucas-Cranach.jpg?fit=1200%2C762&ssl=1&resize=700%2C400 2x, https:\/\/i0.wp.com\/www.robertosedda.it\/wp-content\/uploads\/2017\/02\/Cristo-bambini-Lucas-Cranach.jpg?fit=1200%2C762&ssl=1&resize=1050%2C600 3x"},"classes":[]},{"id":2205,"url":"https:\/\/www.robertosedda.it\/?p=2205","url_meta":{"origin":17362,"position":2},"title":"Ok, ne parlo anch&#8217;io","author":"Rufus","date":"12\/02\/2013","format":false,"excerpt":"Non \u00e8 proprio un obbligo, e anzi a voler per forza dire la propria opinione si corre il rischio di essere un po' pomposi, ma insomma: questo \u00e8\u00a0il blog di un cattolico, quindi parlare di Harry Potter (come pensavo di fare oggi) mentre ovunque si discute delle dimissioni di Benedetto\u2026","rel":"","context":"In &quot;Coordinate&quot;","block_context":{"text":"Coordinate","link":"https:\/\/www.robertosedda.it\/?cat=52"},"img":{"alt_text":"","src":"https:\/\/i0.wp.com\/www.robertosedda.it\/wp-content\/uploads\/2019\/04\/Ratzinger-5.jpg?fit=512%2C430&ssl=1&resize=350%2C200","width":350,"height":200},"classes":[]},{"id":20339,"url":"https:\/\/www.robertosedda.it\/?p=20339","url_meta":{"origin":17362,"position":3},"title":"Labirinti, peccati e cantori","author":"Rufus","date":"20\/07\/2023","format":false,"excerpt":"Ho visto avantieri, nella rassegna all'aperto del cinema Odissea, il documentario L'ombra del fuco di Enrico Pau, dedicato all'incendio che ha distrutto il Montiferru nel 2021. Nel dibattito successivo il regista diceva di essere rimasto a lungo perplesso, mentre il materiale girato gli cresceva fra le mani e diventava sempre\u2026","rel":"","context":"In &quot;Coordinate&quot;","block_context":{"text":"Coordinate","link":"https:\/\/www.robertosedda.it\/?cat=52"},"img":{"alt_text":"","src":"https:\/\/i0.wp.com\/www.robertosedda.it\/wp-content\/uploads\/2023\/07\/Ombra-fuoco-Pau.jpg?fit=1080%2C1080&ssl=1&resize=350%2C200","width":350,"height":200,"srcset":"https:\/\/i0.wp.com\/www.robertosedda.it\/wp-content\/uploads\/2023\/07\/Ombra-fuoco-Pau.jpg?fit=1080%2C1080&ssl=1&resize=350%2C200 1x, https:\/\/i0.wp.com\/www.robertosedda.it\/wp-content\/uploads\/2023\/07\/Ombra-fuoco-Pau.jpg?fit=1080%2C1080&ssl=1&resize=700%2C400 2x, https:\/\/i0.wp.com\/www.robertosedda.it\/wp-content\/uploads\/2023\/07\/Ombra-fuoco-Pau.jpg?fit=1080%2C1080&ssl=1&resize=1050%2C600 3x"},"classes":[]},{"id":10103,"url":"https:\/\/www.robertosedda.it\/?p=10103","url_meta":{"origin":17362,"position":4},"title":"Posti dove vado a mangiare e bere","author":"Rufus","date":"24\/04\/2015","format":false,"excerpt":"Dopo la volta della degustazione dei vini mi \u00e8 capitato di tornare da Cucina.eat per una degustazione di birre della Barley. Stasera ci torno per un'altra degustazione. Siccome sono fermamente intenzionato a non permettere che questo blog diventi un ricettacolo di recensioni e ricette e descrizioni di eventi, ma d'altra\u2026","rel":"","context":"In &quot;Cibo e cucine&quot;","block_context":{"text":"Cibo e cucine","link":"https:\/\/www.robertosedda.it\/?cat=71"},"img":{"alt_text":"","src":"https:\/\/i0.wp.com\/www.robertosedda.it\/wp-content\/uploads\/2013\/08\/ALIM3009.jpg?fit=1200%2C900&ssl=1&resize=350%2C200","width":350,"height":200,"srcset":"https:\/\/i0.wp.com\/www.robertosedda.it\/wp-content\/uploads\/2013\/08\/ALIM3009.jpg?fit=1200%2C900&ssl=1&resize=350%2C200 1x, https:\/\/i0.wp.com\/www.robertosedda.it\/wp-content\/uploads\/2013\/08\/ALIM3009.jpg?fit=1200%2C900&ssl=1&resize=700%2C400 2x, https:\/\/i0.wp.com\/www.robertosedda.it\/wp-content\/uploads\/2013\/08\/ALIM3009.jpg?fit=1200%2C900&ssl=1&resize=1050%2C600 3x"},"classes":[]},{"id":9047,"url":"https:\/\/www.robertosedda.it\/?p=9047","url_meta":{"origin":17362,"position":5},"title":"Il mondo in un libro","author":"Rufus","date":"10\/12\/2014","format":"video","excerpt":"Ho messo in linea oggi la puntata di Oggi parliamo di libri dedicata al David Copperfield di Charles Dickens. \u00c8 passato un po' di tempo dall'ultima puntata caricata su YouTube e il motivo del ritardo \u00e8 del tutto colpa, se posso usare questa termine, di questo libro: o meglio, della\u2026","rel":"","context":"In &quot;Coordinate&quot;","block_context":{"text":"Coordinate","link":"https:\/\/www.robertosedda.it\/?cat=52"},"img":{"alt_text":"","src":"https:\/\/i0.wp.com\/img.youtube.com\/vi\/S-ysQ-wpfZ4\/0.jpg?resize=350%2C200","width":350,"height":200},"classes":[]}],"_links":{"self":[{"href":"https:\/\/www.robertosedda.it\/index.php?rest_route=\/wp\/v2\/posts\/17362"}],"collection":[{"href":"https:\/\/www.robertosedda.it\/index.php?rest_route=\/wp\/v2\/posts"}],"about":[{"href":"https:\/\/www.robertosedda.it\/index.php?rest_route=\/wp\/v2\/types\/post"}],"author":[{"embeddable":true,"href":"https:\/\/www.robertosedda.it\/index.php?rest_route=\/wp\/v2\/users\/1"}],"replies":[{"embeddable":true,"href":"https:\/\/www.robertosedda.it\/index.php?rest_route=%2Fwp%2Fv2%2Fcomments&post=17362"}],"version-history":[{"count":6,"href":"https:\/\/www.robertosedda.it\/index.php?rest_route=\/wp\/v2\/posts\/17362\/revisions"}],"predecessor-version":[{"id":20967,"href":"https:\/\/www.robertosedda.it\/index.php?rest_route=\/wp\/v2\/posts\/17362\/revisions\/20967"}],"wp:featuredmedia":[{"embeddable":true,"href":"https:\/\/www.robertosedda.it\/index.php?rest_route=\/wp\/v2\/media\/17363"}],"wp:attachment":[{"href":"https:\/\/www.robertosedda.it\/index.php?rest_route=%2Fwp%2Fv2%2Fmedia&parent=17362"}],"wp:term":[{"taxonomy":"category","embeddable":true,"href":"https:\/\/www.robertosedda.it\/index.php?rest_route=%2Fwp%2Fv2%2Fcategories&post=17362"},{"taxonomy":"post_tag","embeddable":true,"href":"https:\/\/www.robertosedda.it\/index.php?rest_route=%2Fwp%2Fv2%2Ftags&post=17362"}],"curies":[{"name":"wp","href":"https:\/\/api.w.org\/{rel}","templated":true}]}}