{"id":17342,"date":"2019-09-26T10:00:10","date_gmt":"2019-09-26T08:00:10","guid":{"rendered":"http:\/\/www.robertosedda.it\/?p=17342"},"modified":"2019-09-26T09:59:33","modified_gmt":"2019-09-26T07:59:33","slug":"se-lo-dice-goldman-sachs","status":"publish","type":"post","link":"https:\/\/www.robertosedda.it\/?p=17342","title":{"rendered":"Se lo dice Goldman Sachs"},"content":{"rendered":"\n<p>Su <em>Business Insider<\/em> comunicano che quei noti ambientalisti gretini di <em>Goldman Sachs<\/em> <a href=\"https:\/\/markets.businessinsider.com\/news\/stocks\/goldman-sachs-climate-change-threatens-new-york-tokyo-lagos-cities-2019-9-1028552494\">hanno pubblicato un rapporto di una trentina di pagine<\/a> sull&#8217;effetto dei cambiamenti climatici sulla vita quotidiana e in particolare quella delle grandi citt\u00e0.<\/p>\n\n\n\n<figure class=\"wp-block-image alignwide\"><img data-attachment-id=\"17343\" data-permalink=\"https:\/\/www.robertosedda.it\/?attachment_id=17343\" data-orig-file=\"https:\/\/i0.wp.com\/www.robertosedda.it\/wp-content\/uploads\/2019\/09\/Alluvione-Pirri.jpg?fit=800%2C440&amp;ssl=1\" data-orig-size=\"800,440\" data-comments-opened=\"1\" data-image-meta=\"{&quot;aperture&quot;:&quot;0&quot;,&quot;credit&quot;:&quot;&quot;,&quot;camera&quot;:&quot;&quot;,&quot;caption&quot;:&quot;&quot;,&quot;created_timestamp&quot;:&quot;0&quot;,&quot;copyright&quot;:&quot;&quot;,&quot;focal_length&quot;:&quot;0&quot;,&quot;iso&quot;:&quot;0&quot;,&quot;shutter_speed&quot;:&quot;0&quot;,&quot;title&quot;:&quot;&quot;,&quot;orientation&quot;:&quot;0&quot;}\" data-image-title=\"Alluvione-Pirri\" data-image-description=\"\" data-image-caption=\"\" data-medium-file=\"https:\/\/i0.wp.com\/www.robertosedda.it\/wp-content\/uploads\/2019\/09\/Alluvione-Pirri.jpg?fit=300%2C165&amp;ssl=1\" data-large-file=\"https:\/\/i0.wp.com\/www.robertosedda.it\/wp-content\/uploads\/2019\/09\/Alluvione-Pirri.jpg?fit=510%2C281&amp;ssl=1\" decoding=\"async\" loading=\"lazy\" width=\"800\" height=\"440\" src=\"https:\/\/i0.wp.com\/www.robertosedda.it\/wp-content\/uploads\/2019\/09\/Alluvione-Pirri.jpg?resize=800%2C440\" alt=\"\" class=\"wp-image-17343\" srcset=\"https:\/\/i0.wp.com\/www.robertosedda.it\/wp-content\/uploads\/2019\/09\/Alluvione-Pirri.jpg?w=800&amp;ssl=1 800w, https:\/\/i0.wp.com\/www.robertosedda.it\/wp-content\/uploads\/2019\/09\/Alluvione-Pirri.jpg?resize=150%2C83&amp;ssl=1 150w, https:\/\/i0.wp.com\/www.robertosedda.it\/wp-content\/uploads\/2019\/09\/Alluvione-Pirri.jpg?resize=300%2C165&amp;ssl=1 300w, https:\/\/i0.wp.com\/www.robertosedda.it\/wp-content\/uploads\/2019\/09\/Alluvione-Pirri.jpg?resize=510%2C281&amp;ssl=1 510w\" sizes=\"(max-width: 800px) 100vw, 800px\" data-recalc-dims=\"1\" \/><figcaption>Scherzi, al confronto.<\/figcaption><\/figure>\n\n\n\n<p>Il rapporto \u00e8 terrorizzante, ecco.<\/p>\n","protected":false},"excerpt":{"rendered":"<p>Su Business Insider comunicano che quei noti ambientalisti gretini di Goldman Sachs hanno pubblicato un rapporto di una trentina di<\/p>\n","protected":false},"author":1,"featured_media":17343,"comment_status":"open","ping_status":"open","sticky":false,"template":"","format":"standard","meta":{"_mi_skip_tracking":false,"_monsterinsights_sitenote_active":false,"_monsterinsights_sitenote_note":"","_monsterinsights_sitenote_category":0,"jetpack_post_was_ever_published":false,"_jetpack_newsletter_access":"","jetpack_publicize_message":"Se lo dice @GoldmanSachs, forse ci potete credere. Unrapporto sull'effetto dei cambiamenti climatici.","jetpack_is_tweetstorm":false,"jetpack_publicize_feature_enabled":true,"jetpack_social_post_already_shared":true,"jetpack_social_options":{"image_generator_settings":{"template":"highway","enabled":false}}},"categories":[52,55,77,95,16],"tags":[],"jetpack_publicize_connections":[],"jetpack_featured_media_url":"https:\/\/i0.wp.com\/www.robertosedda.it\/wp-content\/uploads\/2019\/09\/Alluvione-Pirri.jpg?fit=800%2C440&ssl=1","jetpack_sharing_enabled":true,"jetpack_shortlink":"https:\/\/wp.me\/p4jV2T-4vI","jetpack_likes_enabled":true,"jetpack-related-posts":[{"id":14634,"url":"https:\/\/www.robertosedda.it\/?p=14634","url_meta":{"origin":17342,"position":0},"title":"Suggerimenti per giornalisti d&#8217;assalto","author":"Rufus","date":"06\/02\/2018","format":false,"excerpt":"L'altro giorno discutevo con un'amica di un messaggio che aveva condiviso su\u00a0Facebook. \u00ab\u00c8 un\u00a0fake\u00bb, dicevo. \u00abMolto elaborato, ma un\u00a0fake\u00bb. \u00abBeh, se \u00e8 un\u00a0fake\u00bb, mi diceva, \u00abtanto di cappello: sta in rete tutto il giorno, a parte\u00a0Facebook\u00a0lo trovi a commentare su siti di ogni tipo, ma non ce l'ha una vita\u2026","rel":"","context":"In &quot;Coordinate&quot;","block_context":{"text":"Coordinate","link":"https:\/\/www.robertosedda.it\/?cat=52"},"img":{"alt_text":"","src":"https:\/\/i0.wp.com\/www.robertosedda.it\/wp-content\/uploads\/2018\/02\/Fake.png?fit=1200%2C628&ssl=1&resize=350%2C200","width":350,"height":200,"srcset":"https:\/\/i0.wp.com\/www.robertosedda.it\/wp-content\/uploads\/2018\/02\/Fake.png?fit=1200%2C628&ssl=1&resize=350%2C200 1x, https:\/\/i0.wp.com\/www.robertosedda.it\/wp-content\/uploads\/2018\/02\/Fake.png?fit=1200%2C628&ssl=1&resize=700%2C400 2x, https:\/\/i0.wp.com\/www.robertosedda.it\/wp-content\/uploads\/2018\/02\/Fake.png?fit=1200%2C628&ssl=1&resize=1050%2C600 3x"},"classes":[]},{"id":9722,"url":"https:\/\/www.robertosedda.it\/?p=9722","url_meta":{"origin":17342,"position":1},"title":"A bagno nella storia (e subito fuori)","author":"Rufus","date":"04\/03\/2015","format":false,"excerpt":"Tex, l'eroe e la leggenda (Paolo Eleuteri Serpieri, Sergio Bonelli Editore 2015) Avevo deciso di non parlare della reinterpretazione di Tex offerta da Paolo Eleuteri Serpieri e giunta recentemente in edicola perch\u00e9, complessivamente, mi pareva di non avere moltissimo da dire rispetto a altre recensioni gi\u00e0 uscite, oltretutto molto pi\u00f9\u2026","rel":"","context":"In &quot;Cappe e spade&quot;","block_context":{"text":"Cappe e spade","link":"https:\/\/www.robertosedda.it\/?cat=70"},"img":{"alt_text":"","src":"https:\/\/i0.wp.com\/www.robertosedda.it\/wp-content\/uploads\/2015\/03\/Tex-Eleuteri-Serpieri.jpg?fit=660%2C870&ssl=1&resize=350%2C200","width":350,"height":200},"classes":[]},{"id":16397,"url":"https:\/\/www.robertosedda.it\/?p=16397","url_meta":{"origin":17342,"position":2},"title":"Armi italiane in Turkmenistan","author":"Rufus","date":"20\/03\/2019","format":false,"excerpt":"Dopo l'articolo di ieri mi sono messo a leggere meglio il sito di giornalismo investigativo Bell\u00bfngcat, che trovo straordinario e di cui mi chiedo come ho fatto a vivere senza. Fra le altre cose, guarda caso, trovo un articolo sulle forniture di armi italiane al Turkmenistan, uno dei paesi pi\u00f9\u2026","rel":"","context":"In &quot;Segnalazioni&quot;","block_context":{"text":"Segnalazioni","link":"https:\/\/www.robertosedda.it\/?cat=95"},"img":{"alt_text":"","src":"https:\/\/i0.wp.com\/www.robertosedda.it\/wp-content\/uploads\/2019\/03\/Turkmenistan.png?fit=955%2C685&ssl=1&resize=350%2C200","width":350,"height":200,"srcset":"https:\/\/i0.wp.com\/www.robertosedda.it\/wp-content\/uploads\/2019\/03\/Turkmenistan.png?fit=955%2C685&ssl=1&resize=350%2C200 1x, https:\/\/i0.wp.com\/www.robertosedda.it\/wp-content\/uploads\/2019\/03\/Turkmenistan.png?fit=955%2C685&ssl=1&resize=700%2C400 2x"},"classes":[]},{"id":13376,"url":"https:\/\/www.robertosedda.it\/?p=13376","url_meta":{"origin":17342,"position":3},"title":"Sempre meno libert\u00e0 nel mondo","author":"Rufus","date":"09\/03\/2017","format":false,"excerpt":"Traduco da\u00a0Visual Capitalist\u00a0un pezzo che accompagna alcune rappresentazioni grafiche dello stato della libert\u00e0 del mondo. Un riassunto del pezzo potrebbe essere: \u00abNon c'\u00e8 molto da stare allegri\u00bb, ma l'elemento interessante non \u00e8 tanto quello quanto il fatto che la cosa, a quanto pare, peggiora anno dopo anno da parecchio tempo.\u2026","rel":"","context":"In &quot;Coordinate&quot;","block_context":{"text":"Coordinate","link":"https:\/\/www.robertosedda.it\/?cat=52"},"img":{"alt_text":"","src":"https:\/\/i0.wp.com\/www.robertosedda.it\/wp-content\/uploads\/2017\/03\/Libert\u00e0-globale-4.jpg?fit=796%2C429&ssl=1&resize=350%2C200","width":350,"height":200,"srcset":"https:\/\/i0.wp.com\/www.robertosedda.it\/wp-content\/uploads\/2017\/03\/Libert\u00e0-globale-4.jpg?fit=796%2C429&ssl=1&resize=350%2C200 1x, https:\/\/i0.wp.com\/www.robertosedda.it\/wp-content\/uploads\/2017\/03\/Libert\u00e0-globale-4.jpg?fit=796%2C429&ssl=1&resize=700%2C400 2x"},"classes":[]},{"id":4159,"url":"https:\/\/www.robertosedda.it\/?p=4159","url_meta":{"origin":17342,"position":4},"title":"Anarchismo al femminile","author":"Rufus","date":"30\/07\/2013","format":false,"excerpt":"Ho letto la settimana scorsa un agile libretto di Massimo Lunardelli, Dieci pericolosissime anarchiche (Blu edizioni, 2012) che ripercorre la storia del movimento anarchico in Italia dal 1890 al secondo dopoguerra attraverso la figura di dieci donne: \u00a0Ersilia Cavedagni, Ernestina Cravello, Nella Giacomelli, Clotilde Peani, Virgilia D'Andrea, Leda Rafanelli, Fosca\u2026","rel":"","context":"In &quot;Coordinate&quot;","block_context":{"text":"Coordinate","link":"https:\/\/www.robertosedda.it\/?cat=52"},"img":{"alt_text":"","src":"","width":0,"height":0},"classes":[]},{"id":243,"url":"https:\/\/www.robertosedda.it\/?p=243","url_meta":{"origin":17342,"position":5},"title":"Primo, non entrare in banca","author":"Rufus","date":"21\/08\/2012","format":false,"excerpt":"Dal mio punto di vista personale il libro (che non \u00e8 un romanzo, ma pi\u00f9 un racconto lungo) soffre un po' del fatto che molte cose raccontate, cio\u00e8 le malefatte delle banche... le sapevo gi\u00e0, sono un po' pane quotidiano, e quindi non rappresentano quello che, credo, per altri sia\u2026","rel":"","context":"In &quot;Banche e finanza&quot;","block_context":{"text":"Banche e finanza","link":"https:\/\/www.robertosedda.it\/?cat=72"},"img":{"alt_text":"","src":"","width":0,"height":0},"classes":[]}],"_links":{"self":[{"href":"https:\/\/www.robertosedda.it\/index.php?rest_route=\/wp\/v2\/posts\/17342"}],"collection":[{"href":"https:\/\/www.robertosedda.it\/index.php?rest_route=\/wp\/v2\/posts"}],"about":[{"href":"https:\/\/www.robertosedda.it\/index.php?rest_route=\/wp\/v2\/types\/post"}],"author":[{"embeddable":true,"href":"https:\/\/www.robertosedda.it\/index.php?rest_route=\/wp\/v2\/users\/1"}],"replies":[{"embeddable":true,"href":"https:\/\/www.robertosedda.it\/index.php?rest_route=%2Fwp%2Fv2%2Fcomments&post=17342"}],"version-history":[{"count":1,"href":"https:\/\/www.robertosedda.it\/index.php?rest_route=\/wp\/v2\/posts\/17342\/revisions"}],"predecessor-version":[{"id":17344,"href":"https:\/\/www.robertosedda.it\/index.php?rest_route=\/wp\/v2\/posts\/17342\/revisions\/17344"}],"wp:featuredmedia":[{"embeddable":true,"href":"https:\/\/www.robertosedda.it\/index.php?rest_route=\/wp\/v2\/media\/17343"}],"wp:attachment":[{"href":"https:\/\/www.robertosedda.it\/index.php?rest_route=%2Fwp%2Fv2%2Fmedia&parent=17342"}],"wp:term":[{"taxonomy":"category","embeddable":true,"href":"https:\/\/www.robertosedda.it\/index.php?rest_route=%2Fwp%2Fv2%2Fcategories&post=17342"},{"taxonomy":"post_tag","embeddable":true,"href":"https:\/\/www.robertosedda.it\/index.php?rest_route=%2Fwp%2Fv2%2Ftags&post=17342"}],"curies":[{"name":"wp","href":"https:\/\/api.w.org\/{rel}","templated":true}]}}