{"id":17326,"date":"2019-09-25T10:00:21","date_gmt":"2019-09-25T08:00:21","guid":{"rendered":"http:\/\/www.robertosedda.it\/?p=17326"},"modified":"2019-09-24T10:00:05","modified_gmt":"2019-09-24T08:00:05","slug":"il-caso-rwm-su-protestantesimo","status":"publish","type":"post","link":"https:\/\/www.robertosedda.it\/?p=17326","title":{"rendered":"Il caso RWM su Protestantesimo"},"content":{"rendered":"\n<p>Il mese scorso la giornalista Catia Barone, che conduce sulla <em>RAI<\/em> la rubrica <em>Protestantesimo <\/em>della Federazione delle Chiese Evangeliche in Italia, \u00e8 stata in Sardegna per preparare un servizio sulla fabbrica <em>RWM<\/em> di Domusnovas. <\/p>\n\n\n\n<figure class=\"wp-block-image alignwide\"><img data-attachment-id=\"17327\" data-permalink=\"https:\/\/www.robertosedda.it\/?attachment_id=17327\" data-orig-file=\"https:\/\/i0.wp.com\/www.robertosedda.it\/wp-content\/uploads\/2019\/09\/Gaetano2.png?fit=1063%2C693&amp;ssl=1\" data-orig-size=\"1063,693\" data-comments-opened=\"1\" data-image-meta=\"{&quot;aperture&quot;:&quot;0&quot;,&quot;credit&quot;:&quot;&quot;,&quot;camera&quot;:&quot;&quot;,&quot;caption&quot;:&quot;&quot;,&quot;created_timestamp&quot;:&quot;0&quot;,&quot;copyright&quot;:&quot;&quot;,&quot;focal_length&quot;:&quot;0&quot;,&quot;iso&quot;:&quot;0&quot;,&quot;shutter_speed&quot;:&quot;0&quot;,&quot;title&quot;:&quot;&quot;,&quot;orientation&quot;:&quot;0&quot;}\" data-image-title=\"Gaetano2\" data-image-description=\"\" data-image-caption=\"\" data-medium-file=\"https:\/\/i0.wp.com\/www.robertosedda.it\/wp-content\/uploads\/2019\/09\/Gaetano2.png?fit=300%2C196&amp;ssl=1\" data-large-file=\"https:\/\/i0.wp.com\/www.robertosedda.it\/wp-content\/uploads\/2019\/09\/Gaetano2.png?fit=510%2C332&amp;ssl=1\" decoding=\"async\" loading=\"lazy\" width=\"800\" height=\"522\" src=\"https:\/\/i0.wp.com\/www.robertosedda.it\/wp-content\/uploads\/2019\/09\/Gaetano2.png?resize=800%2C522\" alt=\"\" class=\"wp-image-17327\" srcset=\"https:\/\/i0.wp.com\/www.robertosedda.it\/wp-content\/uploads\/2019\/09\/Gaetano2.png?w=1063&amp;ssl=1 1063w, https:\/\/i0.wp.com\/www.robertosedda.it\/wp-content\/uploads\/2019\/09\/Gaetano2.png?resize=150%2C98&amp;ssl=1 150w, https:\/\/i0.wp.com\/www.robertosedda.it\/wp-content\/uploads\/2019\/09\/Gaetano2.png?resize=300%2C196&amp;ssl=1 300w, https:\/\/i0.wp.com\/www.robertosedda.it\/wp-content\/uploads\/2019\/09\/Gaetano2.png?resize=510%2C332&amp;ssl=1 510w\" sizes=\"(max-width: 800px) 100vw, 800px\" data-recalc-dims=\"1\" \/><figcaption>Soci di Banca Popolare Etica inquadrati per caso e estremamente fotogenici<\/figcaption><\/figure>\n\n\n\n<p>Nel servizio compaiono moltissime persone che conosco benissimo &#8211; con diverse lavoro sull&#8217;argomento ormai da anni &#8211; e gi\u00e0 questo renderebbe d&#8217;obbligo la segnalazione, ma al di l\u00e0 dell&#8217;aspetto relazionale ho trovato il servizio molto ben fatto e quindi mi sembra d&#8217;obbligo riproporlo, anche perch\u00e9 di passaggio racconta anche la storia di Colleferro che \u00e8 opportuno conoscere.<\/p>\n","protected":false},"excerpt":{"rendered":"<p>Il mese scorso la giornalista Catia Barone, che conduce sulla RAI la rubrica Protestantesimo della Federazione delle Chiese Evangeliche in<\/p>\n","protected":false},"author":1,"featured_media":17327,"comment_status":"open","ping_status":"open","sticky":false,"template":"","format":"standard","meta":{"_mi_skip_tracking":false,"_monsterinsights_sitenote_active":false,"_monsterinsights_sitenote_note":"","_monsterinsights_sitenote_category":0,"jetpack_post_was_ever_published":false,"_jetpack_newsletter_access":"","jetpack_publicize_message":"","jetpack_is_tweetstorm":false,"jetpack_publicize_feature_enabled":true,"jetpack_social_post_already_shared":true,"jetpack_social_options":{"image_generator_settings":{"template":"highway","enabled":false}}},"categories":[52,56,82,95,16],"tags":[],"jetpack_publicize_connections":[],"jetpack_featured_media_url":"https:\/\/i0.wp.com\/www.robertosedda.it\/wp-content\/uploads\/2019\/09\/Gaetano2.png?fit=1063%2C693&ssl=1","jetpack_sharing_enabled":true,"jetpack_shortlink":"https:\/\/wp.me\/p4jV2T-4vs","jetpack_likes_enabled":true,"jetpack-related-posts":[{"id":16058,"url":"https:\/\/www.robertosedda.it\/?p=16058","url_meta":{"origin":17326,"position":0},"title":"I Vescovi sardi e la RWM","author":"Rufus","date":"27\/12\/2018","format":false,"excerpt":"Il documento dei Vescovi sardi per la giornata della pace 2019 affronta, sebbene senza nominarla direttamente, la questione della fabbrica RWM di Domusnovas. Sentiamo il dovere di dire no a tutto il business delle armi, in Sardegna e nel Paese intero. Chiediamo un serio sforzo per la riconversione di quelle\u2026","rel":"","context":"In &quot;Segnalazioni&quot;","block_context":{"text":"Segnalazioni","link":"https:\/\/www.robertosedda.it\/?cat=95"},"img":{"alt_text":"","src":"https:\/\/i0.wp.com\/www.robertosedda.it\/wp-content\/uploads\/2018\/12\/Francesco-2.jpeg?fit=540%2C281&ssl=1&resize=350%2C200","width":350,"height":200},"classes":[]},{"id":14308,"url":"https:\/\/www.robertosedda.it\/?p=14308","url_meta":{"origin":17326,"position":1},"title":"Pace &#8211; lavoro &#8211; sviluppo","author":"Rufus","date":"20\/11\/2017","format":false,"excerpt":"Il 3 dicembre prossimo a Iglesias si terr\u00e0 un convegno importantissimo. Se date un'occhiata sono sicuro che lo penserete anche voi. E no, non \u00e8 importane perch\u00e9 ci sono anche io, ma nemmeno perch\u00e9 ci sono fior di relatori di grande valore: \u00e8 importante perch\u00e9 \u00e8 uno sforzo cosciente per\u2026","rel":"","context":"In &quot;Coordinate&quot;","block_context":{"text":"Coordinate","link":"https:\/\/www.robertosedda.it\/?cat=52"},"img":{"alt_text":"","src":"https:\/\/i0.wp.com\/www.robertosedda.it\/wp-content\/uploads\/2017\/11\/Locandina_evento-3-dicembre_DEF2-001.jpg?fit=848%2C1200&ssl=1&resize=350%2C200","width":350,"height":200,"srcset":"https:\/\/i0.wp.com\/www.robertosedda.it\/wp-content\/uploads\/2017\/11\/Locandina_evento-3-dicembre_DEF2-001.jpg?fit=848%2C1200&ssl=1&resize=350%2C200 1x, https:\/\/i0.wp.com\/www.robertosedda.it\/wp-content\/uploads\/2017\/11\/Locandina_evento-3-dicembre_DEF2-001.jpg?fit=848%2C1200&ssl=1&resize=700%2C400 2x"},"classes":[]},{"id":5618,"url":"https:\/\/www.robertosedda.it\/?p=5618","url_meta":{"origin":17326,"position":2},"title":"Il gusto acre dell&#8217;apologetica","author":"Rufus","date":"28\/12\/2013","format":"video","excerpt":"La puntata di Oggi parliamo di libri che ho messo in linea ieri, dedicata a padre Brown, \u00e8 notevole perch\u00e9 mi ha permesso di dichiararmi in disaccordo con le opinioni di Antonio Gramsci, come se anch'io fossi un intellettuale vero. Credo davvero che la lettura di Gramsci, sebbene suggestiva, sia\u2026","rel":"","context":"In &quot;Coordinate&quot;","block_context":{"text":"Coordinate","link":"https:\/\/www.robertosedda.it\/?cat=52"},"img":{"alt_text":"","src":"https:\/\/i0.wp.com\/img.youtube.com\/vi\/DClAVlhw5Tw\/0.jpg?resize=350%2C200","width":350,"height":200},"classes":[]},{"id":15112,"url":"https:\/\/www.robertosedda.it\/?p=15112","url_meta":{"origin":17326,"position":3},"title":"Se stasera sono qui&#8230;","author":"Rufus","date":"07\/05\/2018","format":false,"excerpt":"... a questo incontro organizzato in collaborazione fra noi soci di Banca Etica e l'ARCI sotto l'egida del Comitato Riconversione RWM... ... \u00e8 perch\u00e9 penso che sia tempo che la questione delle bombe itaiane in Yemen esca da un equivoco: \u00e8 un argomento di cui si parla in mezzo mondo,\u2026","rel":"","context":"In &quot;Coordinate&quot;","block_context":{"text":"Coordinate","link":"https:\/\/www.robertosedda.it\/?cat=52"},"img":{"alt_text":"","src":"https:\/\/i0.wp.com\/www.robertosedda.it\/wp-content\/uploads\/2018\/05\/Iglesias-Run4Unity.jpg?fit=960%2C528&ssl=1&resize=350%2C200","width":350,"height":200,"srcset":"https:\/\/i0.wp.com\/www.robertosedda.it\/wp-content\/uploads\/2018\/05\/Iglesias-Run4Unity.jpg?fit=960%2C528&ssl=1&resize=350%2C200 1x, https:\/\/i0.wp.com\/www.robertosedda.it\/wp-content\/uploads\/2018\/05\/Iglesias-Run4Unity.jpg?fit=960%2C528&ssl=1&resize=700%2C400 2x"},"classes":[]},{"id":17656,"url":"https:\/\/www.robertosedda.it\/?p=17656","url_meta":{"origin":17326,"position":4},"title":"Ma esattamente, cosa state facendo?","author":"Rufus","date":"10\/01\/2020","format":false,"excerpt":"Stasera inizia un trittico di iniziative del gruppo locale dei soci di Banca Etica che si snoder\u00e0 fra Cagliari e Iglesias e per il quale lavoriamo da mesi, con grandi fatiche. Parentesi, assolutamente fuori tema: tutte le volte che si parla di fatiche, mi viene in mente un brano bellissimo\u2026","rel":"","context":"In &quot;Banche e finanza&quot;","block_context":{"text":"Banche e finanza","link":"https:\/\/www.robertosedda.it\/?cat=72"},"img":{"alt_text":"","src":"https:\/\/i0.wp.com\/www.robertosedda.it\/wp-content\/uploads\/2020\/01\/Locandina-generale.jpg?fit=848%2C1200&ssl=1&resize=350%2C200","width":350,"height":200,"srcset":"https:\/\/i0.wp.com\/www.robertosedda.it\/wp-content\/uploads\/2020\/01\/Locandina-generale.jpg?fit=848%2C1200&ssl=1&resize=350%2C200 1x, https:\/\/i0.wp.com\/www.robertosedda.it\/wp-content\/uploads\/2020\/01\/Locandina-generale.jpg?fit=848%2C1200&ssl=1&resize=700%2C400 2x"},"classes":[]},{"id":14384,"url":"https:\/\/www.robertosedda.it\/?p=14384","url_meta":{"origin":17326,"position":5},"title":"Quel che ho detto al convegno &#8220;Pace &#8211; Lavoro &#8211; Sviluppo&#8221; di Iglesias","author":"Rufus","date":"06\/12\/2017","format":false,"excerpt":"Domenica scorsa in compagnia di un po' di soci di Banca Etica sono andato al Convegno\u00a0Pace - Lavoro - Sviluppo dedicato al tema della riconversione della fabbrica di Domusnovas della RWM. Al convegno hanno preso la parola molti relatori, tanti di alto livello. Fra quelli che hanno parlato ma che\u2026","rel":"","context":"In &quot;Banche e finanza&quot;","block_context":{"text":"Banche e finanza","link":"https:\/\/www.robertosedda.it\/?cat=72"},"img":{"alt_text":"","src":"https:\/\/i0.wp.com\/www.robertosedda.it\/wp-content\/uploads\/2017\/12\/Arcobaleno.jpg?fit=510%2C458&ssl=1&resize=350%2C200","width":350,"height":200},"classes":[]}],"_links":{"self":[{"href":"https:\/\/www.robertosedda.it\/index.php?rest_route=\/wp\/v2\/posts\/17326"}],"collection":[{"href":"https:\/\/www.robertosedda.it\/index.php?rest_route=\/wp\/v2\/posts"}],"about":[{"href":"https:\/\/www.robertosedda.it\/index.php?rest_route=\/wp\/v2\/types\/post"}],"author":[{"embeddable":true,"href":"https:\/\/www.robertosedda.it\/index.php?rest_route=\/wp\/v2\/users\/1"}],"replies":[{"embeddable":true,"href":"https:\/\/www.robertosedda.it\/index.php?rest_route=%2Fwp%2Fv2%2Fcomments&post=17326"}],"version-history":[{"count":1,"href":"https:\/\/www.robertosedda.it\/index.php?rest_route=\/wp\/v2\/posts\/17326\/revisions"}],"predecessor-version":[{"id":17328,"href":"https:\/\/www.robertosedda.it\/index.php?rest_route=\/wp\/v2\/posts\/17326\/revisions\/17328"}],"wp:featuredmedia":[{"embeddable":true,"href":"https:\/\/www.robertosedda.it\/index.php?rest_route=\/wp\/v2\/media\/17327"}],"wp:attachment":[{"href":"https:\/\/www.robertosedda.it\/index.php?rest_route=%2Fwp%2Fv2%2Fmedia&parent=17326"}],"wp:term":[{"taxonomy":"category","embeddable":true,"href":"https:\/\/www.robertosedda.it\/index.php?rest_route=%2Fwp%2Fv2%2Fcategories&post=17326"},{"taxonomy":"post_tag","embeddable":true,"href":"https:\/\/www.robertosedda.it\/index.php?rest_route=%2Fwp%2Fv2%2Ftags&post=17326"}],"curies":[{"name":"wp","href":"https:\/\/api.w.org\/{rel}","templated":true}]}}