{"id":1727,"date":"2012-12-19T16:04:09","date_gmt":"2012-12-19T15:04:09","guid":{"rendered":"http:\/\/www.robertosedda.it\/?p=1727"},"modified":"2014-02-05T16:47:29","modified_gmt":"2014-02-05T15:47:29","slug":"belle-foto-della-sardegna","status":"publish","type":"post","link":"https:\/\/www.robertosedda.it\/?p=1727","title":{"rendered":"Belle foto della Sardegna"},"content":{"rendered":"<p>Mio cognato Alberto, maledetto toscano, ha la passione per la fotografia e ottiene risultati mi sembra non disprezzabili, a parte coi fenicotteri (ma questa \u00e8 un&#8217;altra storia e sar\u00e0 raccontata un&#8217;altra volta). \u00c8 anche l&#8217;autore di alcune delle foto che compaiono in testata &#8211; quelle pi\u00f9 belle, le altre sono mie).<\/p>\n<p>Pochi giorni fa mi ha mandato una composizione di foto fatte questa estate durante la permanenza sua e di mia sorella in Sardegna, scrivendo: \u00abCiao cognati, vi invio questo omaggio alla Sardegna che vuole essere anche un augurio. Magari l\u2019editore Rufus me lo pubblica sul proprio sito\u2026\u00bb.<\/p>\n<p>Detto, fatto&#8230;<\/p>\n<p style=\"text-align: left;\">Chi \u00e8 locale e legge il <em>blog<\/em> potr\u00e0 divertirsi a individuare i vari posti, chi non \u00e8 locale prover\u00e0 un po&#8217; di invidia. Io penso che mi ci far\u00f2 un <em>poster.<\/em><\/p>\n<p style=\"text-align: center;\"><a href=\"http:\/\/www.robertosedda.it\/?attachment_id=1728\" rel=\"attachment wp-att-1728\"><img data-attachment-id=\"1728\" data-permalink=\"https:\/\/www.robertosedda.it\/?attachment_id=1728\" data-orig-file=\"https:\/\/i0.wp.com\/www.robertosedda.it\/wp-content\/uploads\/2012\/12\/Temporary-Poster-5.jpg?fit=2000%2C1412&amp;ssl=1\" data-orig-size=\"2000,1412\" data-comments-opened=\"1\" data-image-meta=\"{&quot;aperture&quot;:&quot;0&quot;,&quot;credit&quot;:&quot;&quot;,&quot;camera&quot;:&quot;&quot;,&quot;caption&quot;:&quot;&quot;,&quot;created_timestamp&quot;:&quot;0&quot;,&quot;copyright&quot;:&quot;&quot;,&quot;focal_length&quot;:&quot;0&quot;,&quot;iso&quot;:&quot;0&quot;,&quot;shutter_speed&quot;:&quot;0&quot;,&quot;title&quot;:&quot;&quot;}\" data-image-title=\"Poster\" data-image-description=\"\" data-image-caption=\"\" data-medium-file=\"https:\/\/i0.wp.com\/www.robertosedda.it\/wp-content\/uploads\/2012\/12\/Temporary-Poster-5.jpg?fit=300%2C211&amp;ssl=1\" data-large-file=\"https:\/\/i0.wp.com\/www.robertosedda.it\/wp-content\/uploads\/2012\/12\/Temporary-Poster-5.jpg?fit=510%2C360&amp;ssl=1\" decoding=\"async\" loading=\"lazy\" class=\"alignright size-large wp-image-1728\" alt=\"Poster\" src=\"https:\/\/i0.wp.com\/www.robertosedda.it\/wp-content\/uploads\/2012\/12\/Temporary-Poster-5.jpg?resize=700%2C493\" width=\"700\" height=\"493\" srcset=\"https:\/\/i0.wp.com\/www.robertosedda.it\/wp-content\/uploads\/2012\/12\/Temporary-Poster-5.jpg?resize=1024%2C722&amp;ssl=1 1024w, https:\/\/i0.wp.com\/www.robertosedda.it\/wp-content\/uploads\/2012\/12\/Temporary-Poster-5.jpg?resize=300%2C211&amp;ssl=1 300w, https:\/\/i0.wp.com\/www.robertosedda.it\/wp-content\/uploads\/2012\/12\/Temporary-Poster-5.jpg?resize=700%2C494&amp;ssl=1 700w, https:\/\/i0.wp.com\/www.robertosedda.it\/wp-content\/uploads\/2012\/12\/Temporary-Poster-5.jpg?w=2000&amp;ssl=1 2000w, https:\/\/i0.wp.com\/www.robertosedda.it\/wp-content\/uploads\/2012\/12\/Temporary-Poster-5.jpg?w=1600 1600w\" sizes=\"(max-width: 700px) 100vw, 700px\" data-recalc-dims=\"1\" \/><\/a><\/p>\n","protected":false},"excerpt":{"rendered":"<p>Mio cognato Alberto, maledetto toscano, ha la passione per la fotografia e ottiene risultati mi sembra non disprezzabili, a parte<\/p>\n","protected":false},"author":1,"featured_media":0,"comment_status":"open","ping_status":"open","sticky":false,"template":"","format":"image","meta":{"_mi_skip_tracking":false,"_monsterinsights_sitenote_active":false,"_monsterinsights_sitenote_note":"","_monsterinsights_sitenote_category":0,"jetpack_post_was_ever_published":false,"_jetpack_newsletter_access":"","jetpack_publicize_message":"","jetpack_is_tweetstorm":false,"jetpack_publicize_feature_enabled":true,"jetpack_social_post_already_shared":false,"jetpack_social_options":{"image_generator_settings":{"template":"highway","enabled":false}}},"categories":[52,53,17,16],"tags":[],"jetpack_publicize_connections":[],"jetpack_featured_media_url":"","jetpack_sharing_enabled":true,"jetpack_shortlink":"https:\/\/wp.me\/p4jV2T-rR","jetpack_likes_enabled":true,"jetpack-related-posts":[{"id":1185,"url":"https:\/\/www.robertosedda.it\/?p=1185","url_meta":{"origin":1727,"position":0},"title":"Fare i sardi (e Bellas mariposas)","author":"Rufus","date":"30\/10\/2012","format":false,"excerpt":"Era il 2007, credo. Una ventina di responsabili di cooperative sociali, associazioni e volontari di Banca Etica, provenienti da quasi tutta la Sardegna,\u00a0erano riuniti per un seminario di studio. Diversi di loro si alternavano a presentare progetti che le loro organizzazioni avevano intenzione di intraprendere nel futuro, per avere una\u2026","rel":"","context":"In &quot;Coordinate&quot;","block_context":{"text":"Coordinate","link":"https:\/\/www.robertosedda.it\/?cat=52"},"img":{"alt_text":"","src":"","width":0,"height":0},"classes":[]},{"id":13984,"url":"https:\/\/www.robertosedda.it\/?p=13984","url_meta":{"origin":1727,"position":1},"title":"La legge \u00e8 legge, con qualche eccezione","author":"Rufus","date":"26\/07\/2017","format":false,"excerpt":"Durante lo scorso fine settimana che abbiamo passato a Stintino, \u00e8 capitato che l'Inossidabile si sia incontrata con le cugine - il vedersi era, anzi, uno degli obiettivi principali della gita. Una delle caratteristiche della famiglia che noto maggiormente in queste occasioni \u00e8 quella di possedere un inesauribile bagaglio di\u2026","rel":"","context":"In &quot;Coordinate&quot;","block_context":{"text":"Coordinate","link":"https:\/\/www.robertosedda.it\/?cat=52"},"img":{"alt_text":"","src":"https:\/\/i0.wp.com\/www.robertosedda.it\/wp-content\/uploads\/2017\/07\/Stintino-gozzo-3.jpg?fit=834%2C582&ssl=1&resize=350%2C200","width":350,"height":200,"srcset":"https:\/\/i0.wp.com\/www.robertosedda.it\/wp-content\/uploads\/2017\/07\/Stintino-gozzo-3.jpg?fit=834%2C582&ssl=1&resize=350%2C200 1x, https:\/\/i0.wp.com\/www.robertosedda.it\/wp-content\/uploads\/2017\/07\/Stintino-gozzo-3.jpg?fit=834%2C582&ssl=1&resize=700%2C400 2x"},"classes":[]},{"id":17448,"url":"https:\/\/www.robertosedda.it\/?p=17448","url_meta":{"origin":1727,"position":2},"title":"Fuori centro","author":"Rufus","date":"14\/10\/2019","format":false,"excerpt":"Devo confessare che fino a una decina di giorni fa non avevo mai sentito parlare di Guido Guidi. L'ho scoperto visitando la mostra che il MAN dedica in questi giorni (prorogata fino al 20 ottobre, quindi occhio!). La mostra raccoglie foto relative a due momenti molto diversi della relazione di\u2026","rel":"","context":"In &quot;Coordinate&quot;","block_context":{"text":"Coordinate","link":"https:\/\/www.robertosedda.it\/?cat=52"},"img":{"alt_text":"","src":"https:\/\/i0.wp.com\/www.robertosedda.it\/wp-content\/uploads\/2019\/10\/Guido-Guidi.png?fit=1084%2C413&ssl=1&resize=350%2C200","width":350,"height":200,"srcset":"https:\/\/i0.wp.com\/www.robertosedda.it\/wp-content\/uploads\/2019\/10\/Guido-Guidi.png?fit=1084%2C413&ssl=1&resize=350%2C200 1x, https:\/\/i0.wp.com\/www.robertosedda.it\/wp-content\/uploads\/2019\/10\/Guido-Guidi.png?fit=1084%2C413&ssl=1&resize=700%2C400 2x, https:\/\/i0.wp.com\/www.robertosedda.it\/wp-content\/uploads\/2019\/10\/Guido-Guidi.png?fit=1084%2C413&ssl=1&resize=1050%2C600 3x"},"classes":[]},{"id":9372,"url":"https:\/\/www.robertosedda.it\/?p=9372","url_meta":{"origin":1727,"position":3},"title":"Due libri su Orani","author":"Rufus","date":"12\/01\/2015","format":false,"excerpt":"Invidio molto mia mamma alla quale \u00e8 stato appena regalato\u00a0Costantino Nivola. Ritorno a Itaca di Carlo Bavagnoli. Si tratta di un bellissimo libro fotografico che si giova oltretutto del fatto che documenta un momento davvero particolare della vita della Sardegna e in particolare di Orani. Le foto di Bavagnoli, in\u2026","rel":"","context":"In &quot;Coordinate&quot;","block_context":{"text":"Coordinate","link":"https:\/\/www.robertosedda.it\/?cat=52"},"img":{"alt_text":"","src":"https:\/\/i0.wp.com\/www.robertosedda.it\/wp-content\/uploads\/2015\/01\/Bavagnoli-Nivola-5.png?fit=482%2C480&ssl=1&resize=350%2C200","width":350,"height":200},"classes":[]},{"id":15801,"url":"https:\/\/www.robertosedda.it\/?p=15801","url_meta":{"origin":1727,"position":4},"title":"Mostre per cui comb&#8230; fare una bella gita","author":"Rufus","date":"05\/11\/2018","format":false,"excerpt":"Vorrei consigliare di non lasciarsi scappare la mostra\u00a0What are we fighting for, al\u00a0Museo Nivola di Orani fino al 9 dicembre. Il titolo della mostra prende spunto da quello della canzone dedicata alla guerra del Vietnam da Country Joe McDonald, Per cosa combattiamo?, domanda di senso diventata frase chiave della contestazione\u2026","rel":"","context":"In &quot;Coordinate&quot;","block_context":{"text":"Coordinate","link":"https:\/\/www.robertosedda.it\/?cat=52"},"img":{"alt_text":"","src":"https:\/\/i0.wp.com\/www.robertosedda.it\/wp-content\/uploads\/2018\/11\/What-are-we-fighing-for.png?fit=600%2C416&ssl=1&resize=350%2C200","width":350,"height":200},"classes":[]},{"id":8914,"url":"https:\/\/www.robertosedda.it\/?p=8914","url_meta":{"origin":1727,"position":5},"title":"Quali intellettuali in Sardegna? Un intervento di Piero Marcialis","author":"Rufus","date":"19\/11\/2014","format":false,"excerpt":"Oltre che su questo\u00a0blog questo articolo viene pubblicato anche sui siti di\u00a0Fondazione Sardinia,\u00a0Aladinpensiero,\u00a0Tramas de amistade,\u00a0Sardegna Soprattutto,\u00a0Sportello Formaparis,\u00a0Tottusinpari e sui blog di\u00a0Enrico Lobina,\u00a0Vito Biolchini\u00a0e\u00a0Francesca Madrigali. Quali intellettuali in Sardegna? di Piero Marcialis Si scalda (forse) il dibattito sugli intellettuali in Sardegna. Non mi soffermo a dire che intellettuali siamo un po\u2019\u2026","rel":"","context":"In &quot;Coordinate&quot;","block_context":{"text":"Coordinate","link":"https:\/\/www.robertosedda.it\/?cat=52"},"img":{"alt_text":"","src":"https:\/\/i0.wp.com\/www.robertosedda.it\/wp-content\/uploads\/2014\/11\/intellettuali1.jpg?fit=360%2C269&ssl=1&resize=350%2C200","width":350,"height":200},"classes":[]}],"_links":{"self":[{"href":"https:\/\/www.robertosedda.it\/index.php?rest_route=\/wp\/v2\/posts\/1727"}],"collection":[{"href":"https:\/\/www.robertosedda.it\/index.php?rest_route=\/wp\/v2\/posts"}],"about":[{"href":"https:\/\/www.robertosedda.it\/index.php?rest_route=\/wp\/v2\/types\/post"}],"author":[{"embeddable":true,"href":"https:\/\/www.robertosedda.it\/index.php?rest_route=\/wp\/v2\/users\/1"}],"replies":[{"embeddable":true,"href":"https:\/\/www.robertosedda.it\/index.php?rest_route=%2Fwp%2Fv2%2Fcomments&post=1727"}],"version-history":[{"count":1,"href":"https:\/\/www.robertosedda.it\/index.php?rest_route=\/wp\/v2\/posts\/1727\/revisions"}],"predecessor-version":[{"id":1729,"href":"https:\/\/www.robertosedda.it\/index.php?rest_route=\/wp\/v2\/posts\/1727\/revisions\/1729"}],"wp:attachment":[{"href":"https:\/\/www.robertosedda.it\/index.php?rest_route=%2Fwp%2Fv2%2Fmedia&parent=1727"}],"wp:term":[{"taxonomy":"category","embeddable":true,"href":"https:\/\/www.robertosedda.it\/index.php?rest_route=%2Fwp%2Fv2%2Fcategories&post=1727"},{"taxonomy":"post_tag","embeddable":true,"href":"https:\/\/www.robertosedda.it\/index.php?rest_route=%2Fwp%2Fv2%2Ftags&post=1727"}],"curies":[{"name":"wp","href":"https:\/\/api.w.org\/{rel}","templated":true}]}}