{"id":17257,"date":"2019-09-17T15:07:27","date_gmt":"2019-09-17T13:07:27","guid":{"rendered":"http:\/\/www.robertosedda.it\/?p=17257"},"modified":"2019-09-17T15:07:38","modified_gmt":"2019-09-17T13:07:38","slug":"certezze-che-svaniscono-o-anche-no","status":"publish","type":"post","link":"https:\/\/www.robertosedda.it\/?p=17257","title":{"rendered":"Certezze che svaniscono. O anche no"},"content":{"rendered":"\n<p>Trovo sul <em>Post<\/em> un <a href=\"https:\/\/www.ilpost.it\/2019\/09\/01\/scarpe-casa-batteri\/?fbclid=IwAR04g7xLcvvjEQzNNGEeRSuM25t5iLyLaW5ds4taw-ec2HdT55zDCaD5jMw\">articolo grazioso<\/a> che nel titolo sembra mettere in crisi uno degli assiomi della mia vita familiare, cio\u00e8 che sia meglio togliersi le scarpe quando si entra in casa.<\/p>\n\n\n\n<figure class=\"wp-block-image alignwide\"><img data-attachment-id=\"17258\" data-permalink=\"https:\/\/www.robertosedda.it\/?attachment_id=17258\" data-orig-file=\"https:\/\/i0.wp.com\/www.robertosedda.it\/wp-content\/uploads\/2019\/09\/Scarpe.jpg?fit=2976%2C2232&amp;ssl=1\" data-orig-size=\"2976,2232\" data-comments-opened=\"1\" data-image-meta=\"{&quot;aperture&quot;:&quot;2.2&quot;,&quot;credit&quot;:&quot;&quot;,&quot;camera&quot;:&quot;STF-L09&quot;,&quot;caption&quot;:&quot;&quot;,&quot;created_timestamp&quot;:&quot;1568713593&quot;,&quot;copyright&quot;:&quot;&quot;,&quot;focal_length&quot;:&quot;3.95&quot;,&quot;iso&quot;:&quot;400&quot;,&quot;shutter_speed&quot;:&quot;0.03&quot;,&quot;title&quot;:&quot;&quot;,&quot;orientation&quot;:&quot;1&quot;}\" data-image-title=\"Scarpe\" data-image-description=\"\" data-image-caption=\"\" data-medium-file=\"https:\/\/i0.wp.com\/www.robertosedda.it\/wp-content\/uploads\/2019\/09\/Scarpe.jpg?fit=300%2C225&amp;ssl=1\" data-large-file=\"https:\/\/i0.wp.com\/www.robertosedda.it\/wp-content\/uploads\/2019\/09\/Scarpe.jpg?fit=510%2C383&amp;ssl=1\" decoding=\"async\" loading=\"lazy\" width=\"800\" height=\"600\" src=\"https:\/\/i0.wp.com\/www.robertosedda.it\/wp-content\/uploads\/2019\/09\/Scarpe.jpg?resize=800%2C600\" alt=\"\" class=\"wp-image-17258\" srcset=\"https:\/\/i0.wp.com\/www.robertosedda.it\/wp-content\/uploads\/2019\/09\/Scarpe.jpg?w=2976&amp;ssl=1 2976w, https:\/\/i0.wp.com\/www.robertosedda.it\/wp-content\/uploads\/2019\/09\/Scarpe.jpg?resize=150%2C113&amp;ssl=1 150w, https:\/\/i0.wp.com\/www.robertosedda.it\/wp-content\/uploads\/2019\/09\/Scarpe.jpg?resize=300%2C225&amp;ssl=1 300w, https:\/\/i0.wp.com\/www.robertosedda.it\/wp-content\/uploads\/2019\/09\/Scarpe.jpg?resize=510%2C383&amp;ssl=1 510w, https:\/\/i0.wp.com\/www.robertosedda.it\/wp-content\/uploads\/2019\/09\/Scarpe.jpg?w=1600 1600w, https:\/\/i0.wp.com\/www.robertosedda.it\/wp-content\/uploads\/2019\/09\/Scarpe.jpg?w=2400 2400w\" sizes=\"(max-width: 800px) 100vw, 800px\" data-recalc-dims=\"1\" \/><figcaption>Pericolosi strumenti di inquinamento. O no?<\/figcaption><\/figure>\n\n\n\n<p>In realt\u00e0 l&#8217;articolo in fondo in fondo dice altro, quindi in realt\u00e0 possiamo tirare un sospiro di sollievo: la quiete della vita familiare \u00e8 salva.<\/p>\n","protected":false},"excerpt":{"rendered":"<p>Trovo sul Post un articolo grazioso che nel titolo sembra mettere in crisi uno degli assiomi della mia vita familiare,<\/p>\n","protected":false},"author":1,"featured_media":17258,"comment_status":"open","ping_status":"open","sticky":false,"template":"","format":"standard","meta":{"_mi_skip_tracking":false,"_monsterinsights_sitenote_active":false,"_monsterinsights_sitenote_note":"","_monsterinsights_sitenote_category":0,"jetpack_post_was_ever_published":false,"_jetpack_newsletter_access":"","jetpack_publicize_message":"Un articolo de @ilpost mette in crisi un elemento base della mia vita familiare. Poi per\u00f2 si riprende, e siamo salvi!","jetpack_is_tweetstorm":false,"jetpack_publicize_feature_enabled":true,"jetpack_social_post_already_shared":true,"jetpack_social_options":{"image_generator_settings":{"template":"highway","enabled":false}}},"categories":[52,86,53,95,16],"tags":[],"jetpack_publicize_connections":[],"jetpack_featured_media_url":"https:\/\/i0.wp.com\/www.robertosedda.it\/wp-content\/uploads\/2019\/09\/Scarpe.jpg?fit=2976%2C2232&ssl=1","jetpack_sharing_enabled":true,"jetpack_shortlink":"https:\/\/wp.me\/p4jV2T-4ul","jetpack_likes_enabled":true,"jetpack-related-posts":[{"id":12140,"url":"https:\/\/www.robertosedda.it\/?p=12140","url_meta":{"origin":17257,"position":0},"title":"Obama, l&#8217;uomo e il santo","author":"Rufus","date":"22\/06\/2016","format":false,"excerpt":"Bored Panda\u00a0dedica un breve ma interessante articolo al fotografo ufficiale di Obama, Pete Souza. Ci sono nell'articolo una ventina di foto che vale la pena di vedere (molte pi\u00f9 sull'account\u00a0ufficiale di Flickr\u00a0della Casa Bianca,\u00a0non solo per come sono fatte e per il grand'uomo che vi appare ma anche per i\u2026","rel":"","context":"In &quot;Coordinate&quot;","block_context":{"text":"Coordinate","link":"https:\/\/www.robertosedda.it\/?cat=52"},"img":{"alt_text":"","src":"https:\/\/i0.wp.com\/www.robertosedda.it\/wp-content\/uploads\/2016\/06\/Obama-Michelle.jpg?fit=880%2C587&ssl=1&resize=350%2C200","width":350,"height":200,"srcset":"https:\/\/i0.wp.com\/www.robertosedda.it\/wp-content\/uploads\/2016\/06\/Obama-Michelle.jpg?fit=880%2C587&ssl=1&resize=350%2C200 1x, https:\/\/i0.wp.com\/www.robertosedda.it\/wp-content\/uploads\/2016\/06\/Obama-Michelle.jpg?fit=880%2C587&ssl=1&resize=700%2C400 2x"},"classes":[]},{"id":5323,"url":"https:\/\/www.robertosedda.it\/?p=5323","url_meta":{"origin":17257,"position":1},"title":"Come Proust (esagerato!!)","author":"Rufus","date":"05\/12\/2013","format":false,"excerpt":"In un vecchio articolo prima dell'estate avevo detto di avere intenzione di aggiungere al blog delle nuove sezioni approfittando della pausa estiva. \u00c8 una prova di come l'inferno sia lastricato di buone intenzione il fatto che solo adesso, a dicembre, mi decida a pubblicare l'inizio della nuova sezione, e solo\u2026","rel":"","context":"In &quot;Famiglia&quot;","block_context":{"text":"Famiglia","link":"https:\/\/www.robertosedda.it\/?cat=86"},"img":{"alt_text":"","src":"https:\/\/i0.wp.com\/www.robertosedda.it\/wp-content\/uploads\/2013\/08\/ALIM3009.jpg?fit=1200%2C900&ssl=1&resize=350%2C200","width":350,"height":200,"srcset":"https:\/\/i0.wp.com\/www.robertosedda.it\/wp-content\/uploads\/2013\/08\/ALIM3009.jpg?fit=1200%2C900&ssl=1&resize=350%2C200 1x, https:\/\/i0.wp.com\/www.robertosedda.it\/wp-content\/uploads\/2013\/08\/ALIM3009.jpg?fit=1200%2C900&ssl=1&resize=700%2C400 2x, https:\/\/i0.wp.com\/www.robertosedda.it\/wp-content\/uploads\/2013\/08\/ALIM3009.jpg?fit=1200%2C900&ssl=1&resize=1050%2C600 3x"},"classes":[]},{"id":17969,"url":"https:\/\/www.robertosedda.it\/?p=17969","url_meta":{"origin":17257,"position":2},"title":"Cosa scrivere, questo \u00e8 il problema","author":"Rufus","date":"16\/03\/2020","format":false,"excerpt":"Quando ho iniziato a scrivere questo blog, mi sono dato alcune regole, la pi\u00f9 importante delle quali era che avrei scritto principalmente per me. La regola ha una serie di corollari di cui ho gi\u00e0 parlato intorno all'epoca dell'attentato a Charlie Hebdo: fondamentalmente che se non mi sembra di avere\u2026","rel":"","context":"In &quot;Coordinate&quot;","block_context":{"text":"Coordinate","link":"https:\/\/www.robertosedda.it\/?cat=52"},"img":{"alt_text":"","src":"https:\/\/i0.wp.com\/www.robertosedda.it\/wp-content\/uploads\/2016\/12\/Rufus-Facebook.jpg?fit=856%2C357&ssl=1&resize=350%2C200","width":350,"height":200,"srcset":"https:\/\/i0.wp.com\/www.robertosedda.it\/wp-content\/uploads\/2016\/12\/Rufus-Facebook.jpg?fit=856%2C357&ssl=1&resize=350%2C200 1x, https:\/\/i0.wp.com\/www.robertosedda.it\/wp-content\/uploads\/2016\/12\/Rufus-Facebook.jpg?fit=856%2C357&ssl=1&resize=700%2C400 2x"},"classes":[]},{"id":19755,"url":"https:\/\/www.robertosedda.it\/?p=19755","url_meta":{"origin":17257,"position":3},"title":"Musica e lutto","author":"Rufus","date":"16\/06\/2022","format":false,"excerpt":"Forse per caso, forse perch\u00e9 davvero l'algoritmo capisce tutto, l'altro giorno il fidato aggregatore di notizie mi ha suggerito un articolo sul New Statesman intitolato Come mi sono sentito quando \u00e8 morto mio pap\u00e0? La musica mi ha aiutato a capirlo. L'autore \u00e8 uno scrittore e giornalista musicale di origine\u2026","rel":"","context":"In &quot;Coordinate&quot;","block_context":{"text":"Coordinate","link":"https:\/\/www.robertosedda.it\/?cat=52"},"img":{"alt_text":"","src":"https:\/\/i0.wp.com\/www.robertosedda.it\/wp-content\/uploads\/2022\/06\/rTmMRwPE_400x400.jpg?fit=400%2C400&ssl=1&resize=350%2C200","width":350,"height":200},"classes":[]},{"id":9814,"url":"https:\/\/www.robertosedda.it\/?p=9814","url_meta":{"origin":17257,"position":4},"title":"In vino vita: e io bevo","author":"Rufus","date":"23\/03\/2015","format":false,"excerpt":"Gioved\u00ec sera ho ricevuto da mia moglie (che come sempre la sa molto pi\u00f9 lunga di me) un bel regalo: mi ha portato a una degustazione di vini, esperienza che non avevo mai fatto. Voglio dire: non \u00e8 che non ho mai bevuto vino (decisamente no). E in realt\u00e0 mi\u2026","rel":"","context":"In &quot;Coordinate&quot;","block_context":{"text":"Coordinate","link":"https:\/\/www.robertosedda.it\/?cat=52"},"img":{"alt_text":"","src":"https:\/\/i0.wp.com\/www.robertosedda.it\/wp-content\/uploads\/2015\/03\/Meloni-Frius.jpg?fit=372%2C1196&ssl=1&resize=350%2C200","width":350,"height":200},"classes":[]},{"id":19731,"url":"https:\/\/www.robertosedda.it\/?p=19731","url_meta":{"origin":17257,"position":5},"title":"Grazie, mi avete fatto bene","author":"Rufus","date":"14\/06\/2022","format":false,"excerpt":"Come molti lettori del blog sanno sicuramente, il 2 giugno \u00e8 morta mia madre, Graziella Delitala. Mamma era nata a Bengasi nel 1929 perch\u00e9 mio nonno, Gonario, ufficiale del Commissariato Militare (cio\u00e8, per capirci, il corpo destinato agli approvvigionamenti e all'amministrazione), era stato destinato a quella sede subito dopo il\u2026","rel":"","context":"In &quot;Coordinate&quot;","block_context":{"text":"Coordinate","link":"https:\/\/www.robertosedda.it\/?cat=52"},"img":{"alt_text":"","src":"https:\/\/i0.wp.com\/www.robertosedda.it\/wp-content\/uploads\/2022\/06\/UNGA2355-scaled.jpg?fit=1200%2C800&ssl=1&resize=350%2C200","width":350,"height":200,"srcset":"https:\/\/i0.wp.com\/www.robertosedda.it\/wp-content\/uploads\/2022\/06\/UNGA2355-scaled.jpg?fit=1200%2C800&ssl=1&resize=350%2C200 1x, https:\/\/i0.wp.com\/www.robertosedda.it\/wp-content\/uploads\/2022\/06\/UNGA2355-scaled.jpg?fit=1200%2C800&ssl=1&resize=700%2C400 2x, https:\/\/i0.wp.com\/www.robertosedda.it\/wp-content\/uploads\/2022\/06\/UNGA2355-scaled.jpg?fit=1200%2C800&ssl=1&resize=1050%2C600 3x"},"classes":[]}],"_links":{"self":[{"href":"https:\/\/www.robertosedda.it\/index.php?rest_route=\/wp\/v2\/posts\/17257"}],"collection":[{"href":"https:\/\/www.robertosedda.it\/index.php?rest_route=\/wp\/v2\/posts"}],"about":[{"href":"https:\/\/www.robertosedda.it\/index.php?rest_route=\/wp\/v2\/types\/post"}],"author":[{"embeddable":true,"href":"https:\/\/www.robertosedda.it\/index.php?rest_route=\/wp\/v2\/users\/1"}],"replies":[{"embeddable":true,"href":"https:\/\/www.robertosedda.it\/index.php?rest_route=%2Fwp%2Fv2%2Fcomments&post=17257"}],"version-history":[{"count":1,"href":"https:\/\/www.robertosedda.it\/index.php?rest_route=\/wp\/v2\/posts\/17257\/revisions"}],"predecessor-version":[{"id":17259,"href":"https:\/\/www.robertosedda.it\/index.php?rest_route=\/wp\/v2\/posts\/17257\/revisions\/17259"}],"wp:featuredmedia":[{"embeddable":true,"href":"https:\/\/www.robertosedda.it\/index.php?rest_route=\/wp\/v2\/media\/17258"}],"wp:attachment":[{"href":"https:\/\/www.robertosedda.it\/index.php?rest_route=%2Fwp%2Fv2%2Fmedia&parent=17257"}],"wp:term":[{"taxonomy":"category","embeddable":true,"href":"https:\/\/www.robertosedda.it\/index.php?rest_route=%2Fwp%2Fv2%2Fcategories&post=17257"},{"taxonomy":"post_tag","embeddable":true,"href":"https:\/\/www.robertosedda.it\/index.php?rest_route=%2Fwp%2Fv2%2Ftags&post=17257"}],"curies":[{"name":"wp","href":"https:\/\/api.w.org\/{rel}","templated":true}]}}