{"id":17250,"date":"2019-09-16T10:00:17","date_gmt":"2019-09-16T08:00:17","guid":{"rendered":"http:\/\/www.robertosedda.it\/?p=17250"},"modified":"2019-09-16T15:10:06","modified_gmt":"2019-09-16T13:10:06","slug":"il-reddito-universale-negli-usa","status":"publish","type":"post","link":"https:\/\/www.robertosedda.it\/?p=17250","title":{"rendered":"Il reddito universale negli USA"},"content":{"rendered":"\n<p>Mi sembra opportuno segnalare che il tema del reddito universale di cittadinanza sta entrando di prepotenza nel dibattito elettorale americano, essendo la <a href=\"https:\/\/www.vox.com\/policy-and-politics\/2019\/9\/12\/20863107\/andrew-yang-september-2019-democratic-debate-universal-basic-income-pilot-1000-month\">proposta centrale di Andrew Yang<\/a>, che corre per la <em>nomination<\/em> democratica.<\/p>\n\n\n\n<figure class=\"wp-block-image\"><img data-attachment-id=\"17252\" data-permalink=\"https:\/\/www.robertosedda.it\/?attachment_id=17252\" data-orig-file=\"https:\/\/i0.wp.com\/www.robertosedda.it\/wp-content\/uploads\/2019\/09\/Andrew-Yang-2-1.png?fit=603%2C508&amp;ssl=1\" data-orig-size=\"603,508\" data-comments-opened=\"1\" data-image-meta=\"{&quot;aperture&quot;:&quot;0&quot;,&quot;credit&quot;:&quot;&quot;,&quot;camera&quot;:&quot;&quot;,&quot;caption&quot;:&quot;&quot;,&quot;created_timestamp&quot;:&quot;0&quot;,&quot;copyright&quot;:&quot;&quot;,&quot;focal_length&quot;:&quot;0&quot;,&quot;iso&quot;:&quot;0&quot;,&quot;shutter_speed&quot;:&quot;0&quot;,&quot;title&quot;:&quot;&quot;,&quot;orientation&quot;:&quot;0&quot;}\" data-image-title=\"Andrew-Yang-2-1\" data-image-description=\"\" data-image-caption=\"\" data-medium-file=\"https:\/\/i0.wp.com\/www.robertosedda.it\/wp-content\/uploads\/2019\/09\/Andrew-Yang-2-1.png?fit=300%2C253&amp;ssl=1\" data-large-file=\"https:\/\/i0.wp.com\/www.robertosedda.it\/wp-content\/uploads\/2019\/09\/Andrew-Yang-2-1.png?fit=510%2C430&amp;ssl=1\" decoding=\"async\" loading=\"lazy\" width=\"603\" height=\"508\" src=\"https:\/\/i0.wp.com\/www.robertosedda.it\/wp-content\/uploads\/2019\/09\/Andrew-Yang-2-1.png?fit=510%2C430\" alt=\"\" class=\"wp-image-17252\" srcset=\"https:\/\/i0.wp.com\/www.robertosedda.it\/wp-content\/uploads\/2019\/09\/Andrew-Yang-2-1.png?w=603&amp;ssl=1 603w, https:\/\/i0.wp.com\/www.robertosedda.it\/wp-content\/uploads\/2019\/09\/Andrew-Yang-2-1.png?resize=150%2C126&amp;ssl=1 150w, https:\/\/i0.wp.com\/www.robertosedda.it\/wp-content\/uploads\/2019\/09\/Andrew-Yang-2-1.png?resize=300%2C253&amp;ssl=1 300w, https:\/\/i0.wp.com\/www.robertosedda.it\/wp-content\/uploads\/2019\/09\/Andrew-Yang-2-1.png?resize=510%2C430&amp;ssl=1 510w\" sizes=\"(max-width: 603px) 100vw, 603px\" \/><\/figure>\n\n\n\n<p>La piattaforma \u00e8 uno strano incrocio di populismo da una parte e liberalismo e <em>supply side economics<\/em> dall&#8217;altro (\u00abogni americano con quei soldi potr\u00e0 risolvere i suoi problemi meglio di quanto possa risolverglieli la politica\u00bb), per di pi\u00f9 sostenuta da iniziative estemporanee come donare fiumi di denaro a elettori scelti a caso,  per\u00f2 \u00e8 molto interessante che il tema acquisti cos\u00ec importanza a livello ormai mondiale.<\/p>\n","protected":false},"excerpt":{"rendered":"<p>Mi sembra opportuno segnalare che il tema del reddito universale di cittadinanza sta entrando di prepotenza nel dibattito elettorale americano,<\/p>\n","protected":false},"author":1,"featured_media":17251,"comment_status":"open","ping_status":"open","sticky":false,"template":"","format":"standard","meta":{"_mi_skip_tracking":false,"_monsterinsights_sitenote_active":false,"_monsterinsights_sitenote_note":"","_monsterinsights_sitenote_category":0,"jetpack_post_was_ever_published":false,"_jetpack_newsletter_access":"","jetpack_publicize_message":"Il reddito universale negli USA entra prepotentemente nel dibattito elettorale grazie alla rutilante piattaforma programmatica del democratico Andrew Yang","jetpack_is_tweetstorm":false,"jetpack_publicize_feature_enabled":true,"jetpack_social_post_already_shared":true,"jetpack_social_options":{"image_generator_settings":{"template":"highway","enabled":false}}},"categories":[52,57,59,95,16],"tags":[],"jetpack_publicize_connections":[],"jetpack_featured_media_url":"https:\/\/i0.wp.com\/www.robertosedda.it\/wp-content\/uploads\/2019\/09\/Andrew-Yang-2.png?fit=603%2C508&ssl=1","jetpack_sharing_enabled":true,"jetpack_shortlink":"https:\/\/wp.me\/p4jV2T-4ue","jetpack_likes_enabled":true,"jetpack-related-posts":[{"id":13463,"url":"https:\/\/www.robertosedda.it\/?p=13463","url_meta":{"origin":17250,"position":0},"title":"Morire di disperazione","author":"Rufus","date":"11\/04\/2017","format":false,"excerpt":"L'Economist\u00a0ha\u00a0un articolo interessante sulle cosiddette \"morti di disperazione\": l'accrescersi anno dopo anno, in maniera lenta ma stabile, delle morti per suicidio,\u00a0overdose o malattie collegate all'alcolismo fra la popolazione bianca di mezza et\u00e0 degli Stati Uniti, un fenomeno che non si riscontra in altri paesi. Lo traduco perch\u00e9 \u00e8 breve ma\u2026","rel":"","context":"In &quot;Antropologia&quot;","block_context":{"text":"Antropologia","link":"https:\/\/www.robertosedda.it\/?cat=97"},"img":{"alt_text":"","src":"https:\/\/i0.wp.com\/www.robertosedda.it\/wp-content\/uploads\/2017\/04\/Morti-per-disperazione.png?fit=1190%2C682&ssl=1&resize=350%2C200","width":350,"height":200,"srcset":"https:\/\/i0.wp.com\/www.robertosedda.it\/wp-content\/uploads\/2017\/04\/Morti-per-disperazione.png?fit=1190%2C682&ssl=1&resize=350%2C200 1x, https:\/\/i0.wp.com\/www.robertosedda.it\/wp-content\/uploads\/2017\/04\/Morti-per-disperazione.png?fit=1190%2C682&ssl=1&resize=700%2C400 2x, https:\/\/i0.wp.com\/www.robertosedda.it\/wp-content\/uploads\/2017\/04\/Morti-per-disperazione.png?fit=1190%2C682&ssl=1&resize=1050%2C600 3x"},"classes":[]},{"id":12774,"url":"https:\/\/www.robertosedda.it\/?p=12774","url_meta":{"origin":17250,"position":1},"title":"Andiamoci piano (commenti pelosi)","author":"Rufus","date":"15\/11\/2016","format":false,"excerpt":"Amici, andiamoci piano. Lo so che l'elezione di Trump \u00e8 uno\u00a0shock\u00a0per\u00f2, ecco, andiamoci piano. Andiamoci piano, per esempio, a parlare di lotta di classe.No, non \u00e8 un pezzo satirico. Scrive veramente Non \u00e8 stato scontro politico, \u00e8 stato scontro di classe, uno scontro di classe alla rovescia con i lower-income,\u2026","rel":"","context":"In &quot;Coordinate&quot;","block_context":{"text":"Coordinate","link":"https:\/\/www.robertosedda.it\/?cat=52"},"img":{"alt_text":"","src":"https:\/\/i0.wp.com\/www.robertosedda.it\/wp-content\/uploads\/2016\/11\/Lotta-di-classe.jpg?fit=985%2C567&ssl=1&resize=350%2C200","width":350,"height":200,"srcset":"https:\/\/i0.wp.com\/www.robertosedda.it\/wp-content\/uploads\/2016\/11\/Lotta-di-classe.jpg?fit=985%2C567&ssl=1&resize=350%2C200 1x, https:\/\/i0.wp.com\/www.robertosedda.it\/wp-content\/uploads\/2016\/11\/Lotta-di-classe.jpg?fit=985%2C567&ssl=1&resize=700%2C400 2x"},"classes":[]},{"id":15829,"url":"https:\/\/www.robertosedda.it\/?p=15829","url_meta":{"origin":17250,"position":2},"title":"A quanto pare il politicamente corretto non piace (quasi) a nessuno","author":"Rufus","date":"09\/11\/2018","format":false,"excerpt":"Trovo e traduco da\u00a0The Atlantic un articolo che riporta gli esiti di una indagine statistica sul gradimento del politicamente corretto da parte dell'opinione pubblica degli Stati Uniti. \u00c8 un articolo che diffondo con una certa consapevolezza di ambiguit\u00e0: da una parte questo blog, appartenendo a una persona che si immischia\u2026","rel":"","context":"In &quot;Coordinate&quot;","block_context":{"text":"Coordinate","link":"https:\/\/www.robertosedda.it\/?cat=52"},"img":{"alt_text":"","src":"https:\/\/i0.wp.com\/www.robertosedda.it\/wp-content\/uploads\/2018\/11\/zerovoltaire.jpg?fit=580%2C262&ssl=1&resize=350%2C200","width":350,"height":200},"classes":[]},{"id":10448,"url":"https:\/\/www.robertosedda.it\/?p=10448","url_meta":{"origin":17250,"position":3},"title":"Le bandiere dei nostri padri (e la Apple)","author":"Rufus","date":"26\/06\/2015","format":false,"excerpt":"Dylann Storm Roof, l'uomo che pochi giorni fa ha ucciso per motivi razziali nove persone in una chiesa di Charleston, nella Carolina del Sud,\u00a0guidava una macchina\u00a0con la targa personalizzata con la bandiera sudista. Nel caso suo, naturalmente, la bandiera era un'affermazione di identit\u00e0 politica, pi\u00f9 o meno come se oggi\u2026","rel":"","context":"In &quot;Coordinate&quot;","block_context":{"text":"Coordinate","link":"https:\/\/www.robertosedda.it\/?cat=52"},"img":{"alt_text":"","src":"https:\/\/i0.wp.com\/www.robertosedda.it\/wp-content\/uploads\/2015\/06\/Bandiera-di-battaglia-della-Confederazione.jpg?fit=670%2C409&ssl=1&resize=350%2C200","width":350,"height":200},"classes":[]},{"id":7540,"url":"https:\/\/www.robertosedda.it\/?p=7540","url_meta":{"origin":17250,"position":4},"title":"Figo, figo, figo in maniera imbarazzante","author":"Rufus","date":"28\/05\/2014","format":false,"excerpt":"Quello che segue \u00e8 il secondo dei tre articoli che, come ho raccontato ieri, ho trovato su\u00a0The Atlantic e che ho deciso di tradurre, tre articoli che, sebbene trattino di argomenti differenti, mi sono sembrati collegati da un filo rosso comune, tre differenti visioni di un certo tipo di correttezza\u2026","rel":"","context":"In &quot;Coordinate&quot;","block_context":{"text":"Coordinate","link":"https:\/\/www.robertosedda.it\/?cat=52"},"img":{"alt_text":"","src":"https:\/\/i0.wp.com\/www.robertosedda.it\/wp-content\/uploads\/2014\/05\/james-dean.jpg?fit=570%2C430&ssl=1&resize=350%2C200","width":350,"height":200},"classes":[]},{"id":8974,"url":"https:\/\/www.robertosedda.it\/?p=8974","url_meta":{"origin":17250,"position":5},"title":"L\u2019Isola che non c\u2019\u00e8. Tra la curva del Grande Gatsby e il principio di Peter. Un intervento di Fabrizio Palazzari","author":"Rufus","date":"27\/11\/2014","format":false,"excerpt":"Oltre che su questo\u00a0blog questo articolo viene pubblicato anche sui siti di\u00a0Fondazione Sardinia,\u00a0Aladinpensiero,\u00a0Tramas de amistade,\u00a0Sardegna Soprattutto,\u00a0Sportello Formaparis,\u00a0Tottusinpari e sui blog di\u00a0Enrico Lobina,\u00a0Vito Biolchini\u00a0e\u00a0Francesca Madrigali. L\u2019Isola che non c\u2019\u00e8. Tra la curva del Grande Gatsby e il principio di Peter \u00a0di Fabrizio Palazzari Una due giorni tra Milano e Roma \u00e8\u2026","rel":"","context":"In &quot;Coordinate&quot;","block_context":{"text":"Coordinate","link":"https:\/\/www.robertosedda.it\/?cat=52"},"img":{"alt_text":"","src":"https:\/\/i0.wp.com\/www.robertosedda.it\/wp-content\/uploads\/2014\/11\/CurvadiGatsby.jpg?fit=480%2C281&ssl=1&resize=350%2C200","width":350,"height":200},"classes":[]}],"_links":{"self":[{"href":"https:\/\/www.robertosedda.it\/index.php?rest_route=\/wp\/v2\/posts\/17250"}],"collection":[{"href":"https:\/\/www.robertosedda.it\/index.php?rest_route=\/wp\/v2\/posts"}],"about":[{"href":"https:\/\/www.robertosedda.it\/index.php?rest_route=\/wp\/v2\/types\/post"}],"author":[{"embeddable":true,"href":"https:\/\/www.robertosedda.it\/index.php?rest_route=\/wp\/v2\/users\/1"}],"replies":[{"embeddable":true,"href":"https:\/\/www.robertosedda.it\/index.php?rest_route=%2Fwp%2Fv2%2Fcomments&post=17250"}],"version-history":[{"count":1,"href":"https:\/\/www.robertosedda.it\/index.php?rest_route=\/wp\/v2\/posts\/17250\/revisions"}],"predecessor-version":[{"id":17253,"href":"https:\/\/www.robertosedda.it\/index.php?rest_route=\/wp\/v2\/posts\/17250\/revisions\/17253"}],"wp:featuredmedia":[{"embeddable":true,"href":"https:\/\/www.robertosedda.it\/index.php?rest_route=\/wp\/v2\/media\/17251"}],"wp:attachment":[{"href":"https:\/\/www.robertosedda.it\/index.php?rest_route=%2Fwp%2Fv2%2Fmedia&parent=17250"}],"wp:term":[{"taxonomy":"category","embeddable":true,"href":"https:\/\/www.robertosedda.it\/index.php?rest_route=%2Fwp%2Fv2%2Fcategories&post=17250"},{"taxonomy":"post_tag","embeddable":true,"href":"https:\/\/www.robertosedda.it\/index.php?rest_route=%2Fwp%2Fv2%2Ftags&post=17250"}],"curies":[{"name":"wp","href":"https:\/\/api.w.org\/{rel}","templated":true}]}}