{"id":17237,"date":"2019-09-13T12:43:46","date_gmt":"2019-09-13T10:43:46","guid":{"rendered":"http:\/\/www.robertosedda.it\/?p=17237"},"modified":"2019-09-23T14:09:23","modified_gmt":"2019-09-23T12:09:23","slug":"ma-lei-e-quello","status":"publish","type":"post","link":"https:\/\/www.robertosedda.it\/?p=17237","title":{"rendered":"Ma lei \u00e8 quello&#8230;"},"content":{"rendered":"\n<figure class=\"wp-block-image alignwide\"><img data-attachment-id=\"17238\" data-permalink=\"https:\/\/www.robertosedda.it\/?attachment_id=17238\" data-orig-file=\"https:\/\/i0.wp.com\/www.robertosedda.it\/wp-content\/uploads\/2019\/09\/Autunno-in-Barbagia.jpg?fit=1586%2C824&amp;ssl=1\" data-orig-size=\"1586,824\" data-comments-opened=\"1\" data-image-meta=\"{&quot;aperture&quot;:&quot;0&quot;,&quot;credit&quot;:&quot;&quot;,&quot;camera&quot;:&quot;&quot;,&quot;caption&quot;:&quot;&quot;,&quot;created_timestamp&quot;:&quot;0&quot;,&quot;copyright&quot;:&quot;&quot;,&quot;focal_length&quot;:&quot;0&quot;,&quot;iso&quot;:&quot;0&quot;,&quot;shutter_speed&quot;:&quot;0&quot;,&quot;title&quot;:&quot;&quot;,&quot;orientation&quot;:&quot;0&quot;}\" data-image-title=\"Autunno-in-Barbagia\" data-image-description=\"\" data-image-caption=\"\" data-medium-file=\"https:\/\/i0.wp.com\/www.robertosedda.it\/wp-content\/uploads\/2019\/09\/Autunno-in-Barbagia.jpg?fit=300%2C156&amp;ssl=1\" data-large-file=\"https:\/\/i0.wp.com\/www.robertosedda.it\/wp-content\/uploads\/2019\/09\/Autunno-in-Barbagia.jpg?fit=510%2C265&amp;ssl=1\" decoding=\"async\" loading=\"lazy\" width=\"1586\" height=\"824\" src=\"https:\/\/i1.wp.com\/www.robertosedda.it\/wp-content\/uploads\/2019\/09\/Autunno-in-Barbagia.jpg?fit=510%2C265\" alt=\"\" class=\"wp-image-17238\" srcset=\"https:\/\/i0.wp.com\/www.robertosedda.it\/wp-content\/uploads\/2019\/09\/Autunno-in-Barbagia.jpg?w=1586&amp;ssl=1 1586w, https:\/\/i0.wp.com\/www.robertosedda.it\/wp-content\/uploads\/2019\/09\/Autunno-in-Barbagia.jpg?resize=150%2C78&amp;ssl=1 150w, https:\/\/i0.wp.com\/www.robertosedda.it\/wp-content\/uploads\/2019\/09\/Autunno-in-Barbagia.jpg?resize=300%2C156&amp;ssl=1 300w, https:\/\/i0.wp.com\/www.robertosedda.it\/wp-content\/uploads\/2019\/09\/Autunno-in-Barbagia.jpg?resize=510%2C265&amp;ssl=1 510w\" sizes=\"(max-width: 800px) 100vw, 800px\" \/><\/figure>\n\n\n\n<p>Chiamo un <em>B&amp;B<\/em> di Orani per prenotare per l&#8217;Inossidabile in vista di <em>Cortes Apertas<\/em> e a un certo punto, nel mezzo del discorso, la signora mi dice: \u00abMa lei \u00e8 quello che scrive poesie?\u00bb.<\/p>\n\n\n\n<p>Ho un attimo di trasalimento. Cio\u00e8, non posso <a href=\"http:\/\/www.robertosedda.it\/?p=17079\">negarlo<\/a>, ma non pensavo di avere un <em>pubblico<\/em>. E poi, insomma, poesie \u00e8 una parola grossa. <\/p>\n\n\n\n<p>\u00abMaah&#8230; veramente&#8230; cio\u00e8&#8230; solo per le nipoti\u00bb.<\/p>\n\n\n\n<p>\u00abAh, perch\u00e9 lei \u00e8 venuto a dormire qui una volta e mi ha lasciato una poesia\u00bb.<\/p>\n\n\n\n<p>Ovviamente, io non mi ricordavo minimamente. Adesso sono curioso, quando accompagno l&#8217;Inossidabile, di scoprire cosa avessi messo nel libro degli ospiti: spero di non essermi reso troppo ridicolo.<\/p>\n\n\n\n<p>Mi sono reso conto improvvisamente che devo avere firmato in rima perfino un paio di libri di matrimonio. <\/p>\n\n\n\n<p>\u00c8 una tradizione familiare: mio nonno e i fratelli si scrivevano cartoline in rima, canzonandosi a vicenda, ma non \u00e8 un buon motivo.<\/p>\n\n\n\n<p> Sar\u00e0 il caso di darmi una regolata. La prossima volta che mi viene da scrivere in rima in pubblico chiamo qualcuno al telefono, come gli alcolisti anonimi, che mi dica: \u00abNo, dai, Robert, resisti. Solo prosa, Roberto, solo prosa\u00bb. Poi vado alle riunioni: \u00abBuonasera, sono Roberto e sono un poeta da strapazzo. Non scrivo poesie da un anno\u00bb.<\/p>\n\n\n\n<p>E quelli applausi.<\/p>\n\n\n\n<p>O magari continuo.<\/p>\n\n\n\n<figure class=\"wp-block-image alignwide\"><img data-attachment-id=\"17239\" data-permalink=\"https:\/\/www.robertosedda.it\/?attachment_id=17239\" data-orig-file=\"https:\/\/i0.wp.com\/www.robertosedda.it\/wp-content\/uploads\/2019\/09\/Orani-Cortes-Apertas.png?fit=552%2C804&amp;ssl=1\" data-orig-size=\"552,804\" data-comments-opened=\"1\" data-image-meta=\"{&quot;aperture&quot;:&quot;0&quot;,&quot;credit&quot;:&quot;&quot;,&quot;camera&quot;:&quot;&quot;,&quot;caption&quot;:&quot;&quot;,&quot;created_timestamp&quot;:&quot;0&quot;,&quot;copyright&quot;:&quot;&quot;,&quot;focal_length&quot;:&quot;0&quot;,&quot;iso&quot;:&quot;0&quot;,&quot;shutter_speed&quot;:&quot;0&quot;,&quot;title&quot;:&quot;&quot;,&quot;orientation&quot;:&quot;0&quot;}\" data-image-title=\"Orani-Cortes-Apertas\" data-image-description=\"\" data-image-caption=\"\" data-medium-file=\"https:\/\/i0.wp.com\/www.robertosedda.it\/wp-content\/uploads\/2019\/09\/Orani-Cortes-Apertas.png?fit=206%2C300&amp;ssl=1\" data-large-file=\"https:\/\/i0.wp.com\/www.robertosedda.it\/wp-content\/uploads\/2019\/09\/Orani-Cortes-Apertas.png?fit=510%2C743&amp;ssl=1\" decoding=\"async\" loading=\"lazy\" width=\"552\" height=\"804\" src=\"https:\/\/i1.wp.com\/www.robertosedda.it\/wp-content\/uploads\/2019\/09\/Orani-Cortes-Apertas.png?fit=510%2C743\" alt=\"\" class=\"wp-image-17239\" srcset=\"https:\/\/i0.wp.com\/www.robertosedda.it\/wp-content\/uploads\/2019\/09\/Orani-Cortes-Apertas.png?w=552&amp;ssl=1 552w, https:\/\/i0.wp.com\/www.robertosedda.it\/wp-content\/uploads\/2019\/09\/Orani-Cortes-Apertas.png?resize=103%2C150&amp;ssl=1 103w, https:\/\/i0.wp.com\/www.robertosedda.it\/wp-content\/uploads\/2019\/09\/Orani-Cortes-Apertas.png?resize=206%2C300&amp;ssl=1 206w, https:\/\/i0.wp.com\/www.robertosedda.it\/wp-content\/uploads\/2019\/09\/Orani-Cortes-Apertas.png?resize=510%2C743&amp;ssl=1 510w\" sizes=\"(max-width: 552px) 100vw, 552px\" \/><\/figure>\n\n\n\n<p>Nel frattempo che decido come avrete capito apriamo casa a Orani (<a href=\"http:\/\/www.robertosedda.it\/?p=6715\">il <\/a><em><a href=\"http:\/\/www.robertosedda.it\/?p=6715\">mio<\/a><\/em><a href=\"http:\/\/www.robertosedda.it\/?p=6715\"> paese<\/a>) per <em>Cortes Apertas<\/em> il 21 e 22 Settembre prossimi. Orani, cio\u00e8 il paese di <a href=\"http:\/\/www.museonivola.it\/\">Nivola<\/a>, di <a href=\"https:\/\/www.comune.orani.nu.it\/index.php\/vivere\/cultura\/14\/\">Mario Delitala<\/a> e del ferro, degli abiti in velluto, dei <a href=\"http:\/\/www.robertosedda.it\/?p=4441\">biscotti<\/a>,  del <em>pistiddu<\/em> e della <em>purpuzza<\/em>, che possono essere opere d&#8217;arte anche loro. E sopra Orani il nobile monte di Gonare col suo santuario, per il quale un tempo avevo iniziato a scrivere un poema:<\/p>\n\n\n\n<blockquote class=\"wp-block-quote\"><p>Benedetto monte dei padri,<br \/>Gonare&#8230;<\/p><\/blockquote>\n\n\n\n<p>Scusate, ci stavo ricascando.<\/p>\n\n\n\n<p>Quello che volevo dire \u00e8 che non potete mancare. In rete trovate comodamente tutto il <a href=\"http:\/\/www.cuoredellasardegna.it\/autunnoinbarbagia\/it\/paesi\/paese\/Orani\/?section=paese-4\">programma<\/a>, compresi i particolari organizzativi (dove mangiare, dove dormire, come arrivare). Io sar\u00f2 credo bloccato in casa tutto il giorno, ma in realt\u00e0 il paese offre, come dicevo, tante altre cose anche pi\u00f9 importanti. Comunque se passate sar\u00f2 lieto di salutare e chiacchierare con tutti.<\/p>\n\n\n\n<p>Magari potreste firmare il libro degli ospiti che teniamo in casa. Per contrappasso, potreste lasciarci una poesia!<\/p>\n","protected":false},"excerpt":{"rendered":"<p>Il 21 e 22 settembre apriamo casa ad Orani!<\/p>\n","protected":false},"author":1,"featured_media":17239,"comment_status":"open","ping_status":"open","sticky":false,"template":"","format":"standard","meta":{"_mi_skip_tracking":false,"_monsterinsights_sitenote_active":false,"_monsterinsights_sitenote_note":"","_monsterinsights_sitenote_category":0,"jetpack_post_was_ever_published":false,"_jetpack_newsletter_access":"","jetpack_publicize_message":"","jetpack_is_tweetstorm":false,"jetpack_publicize_feature_enabled":true,"jetpack_social_post_already_shared":true,"jetpack_social_options":{"image_generator_settings":{"template":"highway","enabled":false}}},"categories":[52,53,75,18,16],"tags":[],"jetpack_publicize_connections":[],"jetpack_featured_media_url":"https:\/\/i0.wp.com\/www.robertosedda.it\/wp-content\/uploads\/2019\/09\/Orani-Cortes-Apertas.png?fit=552%2C804&ssl=1","jetpack_sharing_enabled":true,"jetpack_shortlink":"https:\/\/wp.me\/p4jV2T-4u1","jetpack_likes_enabled":true,"jetpack-related-posts":[{"id":6715,"url":"https:\/\/www.robertosedda.it\/?p=6715","url_meta":{"origin":17237,"position":0},"title":"Cosa c&#8217;entra la noviolenza col Museo Nivola di Orani?","author":"Rufus","date":"17\/03\/2014","format":false,"excerpt":"Un'ascendenza fortemente sentita Non so se ho mai raccontato qui sul blog di essere mezzo oranese - Delitala da parte di madre, e fierissimo di questa ascendenza - e quindi dotato di solidissime radici barbaricine. Se Cagliari \u00e8 la mia citt\u00e0 del cuore, senza merito perch\u00e9 vi sono nato e\u2026","rel":"","context":"In &quot;Coordinate&quot;","block_context":{"text":"Coordinate","link":"https:\/\/www.robertosedda.it\/?cat=52"},"img":{"alt_text":"","src":"https:\/\/i0.wp.com\/www.robertosedda.it\/wp-content\/uploads\/2014\/03\/Davanti-Sa-Itria-a-Orani.jpg?fit=960%2C720&ssl=1&resize=350%2C200","width":350,"height":200,"srcset":"https:\/\/i0.wp.com\/www.robertosedda.it\/wp-content\/uploads\/2014\/03\/Davanti-Sa-Itria-a-Orani.jpg?fit=960%2C720&ssl=1&resize=350%2C200 1x, https:\/\/i0.wp.com\/www.robertosedda.it\/wp-content\/uploads\/2014\/03\/Davanti-Sa-Itria-a-Orani.jpg?fit=960%2C720&ssl=1&resize=700%2C400 2x"},"classes":[]},{"id":4441,"url":"https:\/\/www.robertosedda.it\/?p=4441","url_meta":{"origin":17237,"position":1},"title":"I biscotti e i traditori","author":"Rufus","date":"15\/09\/2013","format":false,"excerpt":"Diversi anni fa a Orani andai con Maria Bonaria a prendere il caff\u00e9 da una anziana comare, tzia Caterina. Col caff\u00e9 ci offr\u00ec i famosi biscotti di Orani, che hanno riempito di gioia la mia infanzia con la loro glassa arzigogolata, e ci rivel\u00f2 un segreto. \u00abQuesti sono quelli che\u2026","rel":"","context":"In &quot;Coordinate&quot;","block_context":{"text":"Coordinate","link":"https:\/\/www.robertosedda.it\/?cat=52"},"img":{"alt_text":"","src":"https:\/\/i0.wp.com\/www.robertosedda.it\/wp-content\/uploads\/2013\/09\/Delitala.jpg?fit=1200%2C900&ssl=1&resize=350%2C200","width":350,"height":200,"srcset":"https:\/\/i0.wp.com\/www.robertosedda.it\/wp-content\/uploads\/2013\/09\/Delitala.jpg?fit=1200%2C900&ssl=1&resize=350%2C200 1x, https:\/\/i0.wp.com\/www.robertosedda.it\/wp-content\/uploads\/2013\/09\/Delitala.jpg?fit=1200%2C900&ssl=1&resize=700%2C400 2x, https:\/\/i0.wp.com\/www.robertosedda.it\/wp-content\/uploads\/2013\/09\/Delitala.jpg?fit=1200%2C900&ssl=1&resize=1050%2C600 3x"},"classes":[]},{"id":15801,"url":"https:\/\/www.robertosedda.it\/?p=15801","url_meta":{"origin":17237,"position":2},"title":"Mostre per cui comb&#8230; fare una bella gita","author":"Rufus","date":"05\/11\/2018","format":false,"excerpt":"Vorrei consigliare di non lasciarsi scappare la mostra\u00a0What are we fighting for, al\u00a0Museo Nivola di Orani fino al 9 dicembre. Il titolo della mostra prende spunto da quello della canzone dedicata alla guerra del Vietnam da Country Joe McDonald, Per cosa combattiamo?, domanda di senso diventata frase chiave della contestazione\u2026","rel":"","context":"In &quot;Coordinate&quot;","block_context":{"text":"Coordinate","link":"https:\/\/www.robertosedda.it\/?cat=52"},"img":{"alt_text":"","src":"https:\/\/i0.wp.com\/www.robertosedda.it\/wp-content\/uploads\/2018\/11\/What-are-we-fighing-for.png?fit=600%2C416&ssl=1&resize=350%2C200","width":350,"height":200},"classes":[]},{"id":9475,"url":"https:\/\/www.robertosedda.it\/?p=9475","url_meta":{"origin":17237,"position":3},"title":"REBLOG: Lo sguardo di Gaetan Crivaro su Orani","author":"Rufus","date":"28\/01\/2015","format":"link","excerpt":"Un bel lavoro di Gaetan su Orani e i suoi artigiani, della cui esistenza (e di questa nuova intersezione tra me e lui) ho scoperto davvero casualmente. Vedi alle volte!","rel":"","context":"In &quot;Segnalazioni&quot;","block_context":{"text":"Segnalazioni","link":"https:\/\/www.robertosedda.it\/?cat=95"},"img":{"alt_text":"","src":"","width":0,"height":0},"classes":[]},{"id":1333,"url":"https:\/\/www.robertosedda.it\/?p=1333","url_meta":{"origin":17237,"position":4},"title":"A qualcuno piace la poesia","author":"Rufus","date":"14\/11\/2012","format":false,"excerpt":"Ieri era il compleanno di mia moglie, e ovviamente sulla\u00a0mailing list\u00a0del gruppo \"La Pira\" le hanno fatto gli auguri. Per sdebitarsi Maria Bonaria ha pubblicato sulla lista una poesia di Wislawa Szymborska (che \u00e8 la sua poetessa, come Brecht per me). \u00c8 una poesia molto bella, e mi va di\u2026","rel":"","context":"In &quot;Coordinate&quot;","block_context":{"text":"Coordinate","link":"https:\/\/www.robertosedda.it\/?cat=52"},"img":{"alt_text":"","src":"","width":0,"height":0},"classes":[]},{"id":9975,"url":"https:\/\/www.robertosedda.it\/?p=9975","url_meta":{"origin":17237,"position":5},"title":"Incontru a nuove pagine di vita","author":"Rufus","date":"15\/04\/2015","format":false,"excerpt":"Non ero mai stato al rito de S'incontru anche se naturalmente sapevo che in molti paesi della Sardegna \u00e8 una parte importante dei riti di Pasqua. Avevo visto delle foto conservate nella casa di Orani (la Pasqua del 1961, credo) e ne avevo sentito parlare, ma non c'ero mai stato,\u2026","rel":"","context":"In &quot;Coordinate&quot;","block_context":{"text":"Coordinate","link":"https:\/\/www.robertosedda.it\/?cat=52"},"img":{"alt_text":"","src":"https:\/\/i0.wp.com\/www.robertosedda.it\/wp-content\/uploads\/2015\/04\/Raganella.jpg?fit=768%2C1024&ssl=1&resize=350%2C200","width":350,"height":200,"srcset":"https:\/\/i0.wp.com\/www.robertosedda.it\/wp-content\/uploads\/2015\/04\/Raganella.jpg?fit=768%2C1024&ssl=1&resize=350%2C200 1x, https:\/\/i0.wp.com\/www.robertosedda.it\/wp-content\/uploads\/2015\/04\/Raganella.jpg?fit=768%2C1024&ssl=1&resize=700%2C400 2x"},"classes":[]}],"_links":{"self":[{"href":"https:\/\/www.robertosedda.it\/index.php?rest_route=\/wp\/v2\/posts\/17237"}],"collection":[{"href":"https:\/\/www.robertosedda.it\/index.php?rest_route=\/wp\/v2\/posts"}],"about":[{"href":"https:\/\/www.robertosedda.it\/index.php?rest_route=\/wp\/v2\/types\/post"}],"author":[{"embeddable":true,"href":"https:\/\/www.robertosedda.it\/index.php?rest_route=\/wp\/v2\/users\/1"}],"replies":[{"embeddable":true,"href":"https:\/\/www.robertosedda.it\/index.php?rest_route=%2Fwp%2Fv2%2Fcomments&post=17237"}],"version-history":[{"count":2,"href":"https:\/\/www.robertosedda.it\/index.php?rest_route=\/wp\/v2\/posts\/17237\/revisions"}],"predecessor-version":[{"id":17241,"href":"https:\/\/www.robertosedda.it\/index.php?rest_route=\/wp\/v2\/posts\/17237\/revisions\/17241"}],"wp:featuredmedia":[{"embeddable":true,"href":"https:\/\/www.robertosedda.it\/index.php?rest_route=\/wp\/v2\/media\/17239"}],"wp:attachment":[{"href":"https:\/\/www.robertosedda.it\/index.php?rest_route=%2Fwp%2Fv2%2Fmedia&parent=17237"}],"wp:term":[{"taxonomy":"category","embeddable":true,"href":"https:\/\/www.robertosedda.it\/index.php?rest_route=%2Fwp%2Fv2%2Fcategories&post=17237"},{"taxonomy":"post_tag","embeddable":true,"href":"https:\/\/www.robertosedda.it\/index.php?rest_route=%2Fwp%2Fv2%2Ftags&post=17237"}],"curies":[{"name":"wp","href":"https:\/\/api.w.org\/{rel}","templated":true}]}}