{"id":17230,"date":"2019-09-13T10:00:35","date_gmt":"2019-09-13T08:00:35","guid":{"rendered":"http:\/\/www.robertosedda.it\/?p=17230"},"modified":"2019-09-13T09:27:52","modified_gmt":"2019-09-13T07:27:52","slug":"i-perduti-del-900","status":"publish","type":"post","link":"https:\/\/www.robertosedda.it\/?p=17230","title":{"rendered":"I perduti del &#8216;900"},"content":{"rendered":"\n<p>Ho scoperto per caso sul sito di <em>ARTE<\/em> una bella serie (fra tante belle cose) intitolata <em>The Lost Ones<\/em> e dedicata, appunto, ai personaggi <em>perduti<\/em> del &#8216;900, cio\u00e8 dimenticati o mai venuti realmente alla ribalta, nonostante biografie interessanti e talvolta incredibili, o rocambolesche.<\/p>\n\n\n\n<figure class=\"wp-block-image alignwide\"><img data-attachment-id=\"17231\" data-permalink=\"https:\/\/www.robertosedda.it\/?attachment_id=17231\" data-orig-file=\"https:\/\/i0.wp.com\/www.robertosedda.it\/wp-content\/uploads\/2019\/09\/The-Lost-Ones-ARTE.png?fit=1516%2C804&amp;ssl=1\" data-orig-size=\"1516,804\" data-comments-opened=\"1\" data-image-meta=\"{&quot;aperture&quot;:&quot;0&quot;,&quot;credit&quot;:&quot;&quot;,&quot;camera&quot;:&quot;&quot;,&quot;caption&quot;:&quot;&quot;,&quot;created_timestamp&quot;:&quot;0&quot;,&quot;copyright&quot;:&quot;&quot;,&quot;focal_length&quot;:&quot;0&quot;,&quot;iso&quot;:&quot;0&quot;,&quot;shutter_speed&quot;:&quot;0&quot;,&quot;title&quot;:&quot;&quot;,&quot;orientation&quot;:&quot;0&quot;}\" data-image-title=\"The-Lost-Ones-ARTE\" data-image-description=\"\" data-image-caption=\"\" data-medium-file=\"https:\/\/i0.wp.com\/www.robertosedda.it\/wp-content\/uploads\/2019\/09\/The-Lost-Ones-ARTE.png?fit=300%2C159&amp;ssl=1\" data-large-file=\"https:\/\/i0.wp.com\/www.robertosedda.it\/wp-content\/uploads\/2019\/09\/The-Lost-Ones-ARTE.png?fit=510%2C270&amp;ssl=1\" decoding=\"async\" loading=\"lazy\" width=\"800\" height=\"424\" src=\"https:\/\/i0.wp.com\/www.robertosedda.it\/wp-content\/uploads\/2019\/09\/The-Lost-Ones-ARTE.png?resize=800%2C424\" alt=\"\" class=\"wp-image-17231\" srcset=\"https:\/\/i0.wp.com\/www.robertosedda.it\/wp-content\/uploads\/2019\/09\/The-Lost-Ones-ARTE.png?w=1516&amp;ssl=1 1516w, https:\/\/i0.wp.com\/www.robertosedda.it\/wp-content\/uploads\/2019\/09\/The-Lost-Ones-ARTE.png?resize=150%2C80&amp;ssl=1 150w, https:\/\/i0.wp.com\/www.robertosedda.it\/wp-content\/uploads\/2019\/09\/The-Lost-Ones-ARTE.png?resize=300%2C159&amp;ssl=1 300w, https:\/\/i0.wp.com\/www.robertosedda.it\/wp-content\/uploads\/2019\/09\/The-Lost-Ones-ARTE.png?resize=510%2C270&amp;ssl=1 510w\" sizes=\"(max-width: 800px) 100vw, 800px\" data-recalc-dims=\"1\" \/><\/figure>\n\n\n\n<p>I personaggi non sono, in realt\u00e0, tutti &#8220;perduti&#8221; allo stesso modo &#8211; per dire, c&#8217;\u00e8 anche Yukio Mishima &#8211; ma sono tutti davvero meritevoli di conoscenza e anche un modo piacevole, in fondo, per ripercorrere il &#8216;900 e riconoscere le tensioni che l&#8217;hanno attraversato. Non penso solo alle grandi tragedie storiche ma anche a altri movimenti culturali spesso rimasti sottotraccia: per esempio, la fascinazione per il deserto sahariano e la cultura araba e berbera di Isabelle Eberhardt \u00e8 la stessa di tanti altri francesi della stessa epoca, a partire da Charles de Foucald o Antoine de Saint-Exup\u00e9ry, e attraverso loro \u00e8 stata ereditata da almeno altre due o tre generazioni successive di europei.<\/p>\n\n\n\n<p>I filmati sono brevissimi, giusto sei minuti ciascuno. Una piacevole pillola quotidiana di storia.<\/p>\n","protected":false},"excerpt":{"rendered":"<p>Ho scoperto per caso sul sito di ARTE una bella serie (fra tante belle cose) intitolata The Lost Ones e<\/p>\n","protected":false},"author":1,"featured_media":17231,"comment_status":"open","ping_status":"open","sticky":false,"template":"","format":"standard","meta":{"_mi_skip_tracking":false,"_monsterinsights_sitenote_active":false,"_monsterinsights_sitenote_note":"","_monsterinsights_sitenote_category":0,"jetpack_post_was_ever_published":false,"_jetpack_newsletter_access":"","jetpack_publicize_message":"I perduti del '900. The Lost Ones \u00e8 una bella serie di brevissimi filmati dedicati a protagonisti minori, o dimenticati, del '900 con vite intense, rocambolesche, o tragiche. \n@ARTEita #storia ","jetpack_is_tweetstorm":false,"jetpack_publicize_feature_enabled":true,"jetpack_social_post_already_shared":true,"jetpack_social_options":{"image_generator_settings":{"template":"highway","enabled":false}}},"categories":[52,57,95,58,16],"tags":[],"jetpack_publicize_connections":[],"jetpack_featured_media_url":"https:\/\/i0.wp.com\/www.robertosedda.it\/wp-content\/uploads\/2019\/09\/The-Lost-Ones-ARTE.png?fit=1516%2C804&ssl=1","jetpack_sharing_enabled":true,"jetpack_shortlink":"https:\/\/wp.me\/p4jV2T-4tU","jetpack_likes_enabled":true,"jetpack-related-posts":[{"id":10423,"url":"https:\/\/www.robertosedda.it\/?p=10423","url_meta":{"origin":17230,"position":0},"title":"L&#8217;estate dei segreti perduti","author":"Rufus","date":"19\/06\/2015","format":"video","excerpt":"Non ve l'aspettavate, vero, che Rihanna rientrasse nei miei gusti musicali? Infatti non \u00e8 un'interprete che io segua con attenzione, ma quando ho fatto la puntata di Oggi parliamo di libri\u00a0su\u00a0L'estate dei segreti perduti di E. Lockhart (ho caricato oggi il\u00a0podcast su\u00a0YouTube) volevo avere per la pausa musicale\u00a0qualcosa che avesse\u2026","rel":"","context":"In &quot;Coordinate&quot;","block_context":{"text":"Coordinate","link":"https:\/\/www.robertosedda.it\/?cat=52"},"img":{"alt_text":"","src":"https:\/\/i0.wp.com\/www.robertosedda.it\/wp-content\/uploads\/2015\/06\/We-were-liars-quote.jpg?fit=600%2C300&ssl=1&resize=350%2C200","width":350,"height":200},"classes":[]},{"id":4717,"url":"https:\/\/www.robertosedda.it\/?p=4717","url_meta":{"origin":17230,"position":1},"title":"Giochi di ruolo di giovani d&#8217;altri tempi","author":"Rufus","date":"17\/10\/2013","format":false,"excerpt":"Racconto a mia madre che sto leggendo La Gerusalemme liberata. \u00abChe bello\u00bb, mi dice, \u00abma allora devi leggere l'Orlando furioso\u00bb. La cosa spinge mia madre a ricordarsi dei suoi trascorsi scolastici. Non so perch\u00e9 ma di Tasso non ha un buon ricordo, Ariosto invece \u00e8 la sua passione. Poi mi\u2026","rel":"","context":"In &quot;Coordinate&quot;","block_context":{"text":"Coordinate","link":"https:\/\/www.robertosedda.it\/?cat=52"},"img":{"alt_text":"","src":"","width":0,"height":0},"classes":[]},{"id":4046,"url":"https:\/\/www.robertosedda.it\/?p=4046","url_meta":{"origin":17230,"position":2},"title":"Corto Maltese e i suoi valori","author":"Rufus","date":"17\/07\/2013","format":"video","excerpt":"Non sono convintissimo della puntata: la premessa, in cui parlo del progressivo \"esaurimento\" del genere avventuroso fino al rischio della sua sclerotizzazione (diciamo la parte fino alla pausa musicale) \u00e8 uscita pi\u00f9 o meno come volevo, ma la seconda parte, cio\u00e8 esattamente quella che riguardava Corto, \u00e8 andata molto meno\u2026","rel":"","context":"In &quot;Cappe e spade&quot;","block_context":{"text":"Cappe e spade","link":"https:\/\/www.robertosedda.it\/?cat=70"},"img":{"alt_text":"","src":"https:\/\/i0.wp.com\/img.youtube.com\/vi\/llOp1pyA3NA\/0.jpg?resize=350%2C200","width":350,"height":200},"classes":[]},{"id":17277,"url":"https:\/\/www.robertosedda.it\/?p=17277","url_meta":{"origin":17230,"position":3},"title":"Trasposizioni simboliche","author":"Rufus","date":"19\/09\/2019","format":false,"excerpt":"https:\/\/www.youtube.com\/watch?v=uXGFGTf6sfg Martin Eden (Marcello, Italia\/Francia 2019) Ho visto l'altro giorno Martin Eden, dal romanzo di London che, devo confessare, non ho mai letto. Avevo visto a suo tempo il vecchio adattamento della RAI e mi aspettavo qualcosa di simile a quell'approccio realistico-didascalico; questo adattamento invece, \u00e8 del tutto diverso Togliamo\u2026","rel":"","context":"In &quot;Biografie&quot;","block_context":{"text":"Biografie","link":"https:\/\/www.robertosedda.it\/?cat=83"},"img":{"alt_text":"","src":"https:\/\/i0.wp.com\/www.robertosedda.it\/wp-content\/uploads\/2019\/09\/Martin-Eden.jpg?fit=758%2C426&ssl=1&resize=350%2C200","width":350,"height":200,"srcset":"https:\/\/i0.wp.com\/www.robertosedda.it\/wp-content\/uploads\/2019\/09\/Martin-Eden.jpg?fit=758%2C426&ssl=1&resize=350%2C200 1x, https:\/\/i0.wp.com\/www.robertosedda.it\/wp-content\/uploads\/2019\/09\/Martin-Eden.jpg?fit=758%2C426&ssl=1&resize=700%2C400 2x"},"classes":[]},{"id":12128,"url":"https:\/\/www.robertosedda.it\/?p=12128","url_meta":{"origin":17230,"position":4},"title":"Il dimenticato pozzo del tesoro","author":"Rufus","date":"21\/06\/2016","format":false,"excerpt":"Credo che fra tutte le puntate che quest'anno in Oggi parliamo di libri\u00a0ho dedicato a opere teatrali di difficile lettura, vuoi perch\u00e9 l'autore \u00e8 lontano dalla nostra sensibilit\u00e0, vuoi perch\u00e9 sono opere poco note o magari un po' ostiche, nessuna abbia proposto\u00a0un autore che \u00e8 cos\u00ec improbabile che gli ascoltatori\u2026","rel":"","context":"In &quot;Coordinate&quot;","block_context":{"text":"Coordinate","link":"https:\/\/www.robertosedda.it\/?cat=52"},"img":{"alt_text":"","src":"https:\/\/i0.wp.com\/www.robertosedda.it\/wp-content\/uploads\/2016\/06\/Scribe.jpg?fit=307%2C400&ssl=1&resize=350%2C200","width":350,"height":200},"classes":[]},{"id":13567,"url":"https:\/\/www.robertosedda.it\/?p=13567","url_meta":{"origin":17230,"position":5},"title":"Ditelo con la musica: buona Pasqua!","author":"Rufus","date":"16\/04\/2017","format":"video","excerpt":"Grazie al meraviglioso Lezioni di musica mi sono ricordato l'altro giorno la sinfonia n. 2 di Mahler e ho subito deciso che l'avrei utilizzata\u00a0 per gli auguri di Pasqua. Dura un'ora e venti di musica piuttosto difficile ma il viaggio iniziatico dall'iniziale danza dominante della morte alla serena e trionfante\u2026","rel":"","context":"In &quot;Coordinate&quot;","block_context":{"text":"Coordinate","link":"https:\/\/www.robertosedda.it\/?cat=52"},"img":{"alt_text":"","src":"https:\/\/i0.wp.com\/img.youtube.com\/vi\/5ke_6a9kZzA\/0.jpg?resize=350%2C200","width":350,"height":200},"classes":[]}],"_links":{"self":[{"href":"https:\/\/www.robertosedda.it\/index.php?rest_route=\/wp\/v2\/posts\/17230"}],"collection":[{"href":"https:\/\/www.robertosedda.it\/index.php?rest_route=\/wp\/v2\/posts"}],"about":[{"href":"https:\/\/www.robertosedda.it\/index.php?rest_route=\/wp\/v2\/types\/post"}],"author":[{"embeddable":true,"href":"https:\/\/www.robertosedda.it\/index.php?rest_route=\/wp\/v2\/users\/1"}],"replies":[{"embeddable":true,"href":"https:\/\/www.robertosedda.it\/index.php?rest_route=%2Fwp%2Fv2%2Fcomments&post=17230"}],"version-history":[{"count":1,"href":"https:\/\/www.robertosedda.it\/index.php?rest_route=\/wp\/v2\/posts\/17230\/revisions"}],"predecessor-version":[{"id":17232,"href":"https:\/\/www.robertosedda.it\/index.php?rest_route=\/wp\/v2\/posts\/17230\/revisions\/17232"}],"wp:featuredmedia":[{"embeddable":true,"href":"https:\/\/www.robertosedda.it\/index.php?rest_route=\/wp\/v2\/media\/17231"}],"wp:attachment":[{"href":"https:\/\/www.robertosedda.it\/index.php?rest_route=%2Fwp%2Fv2%2Fmedia&parent=17230"}],"wp:term":[{"taxonomy":"category","embeddable":true,"href":"https:\/\/www.robertosedda.it\/index.php?rest_route=%2Fwp%2Fv2%2Fcategories&post=17230"},{"taxonomy":"post_tag","embeddable":true,"href":"https:\/\/www.robertosedda.it\/index.php?rest_route=%2Fwp%2Fv2%2Ftags&post=17230"}],"curies":[{"name":"wp","href":"https:\/\/api.w.org\/{rel}","templated":true}]}}