{"id":17215,"date":"2019-09-12T10:00:20","date_gmt":"2019-09-12T08:00:20","guid":{"rendered":"http:\/\/www.robertosedda.it\/?p=17215"},"modified":"2019-09-12T12:05:42","modified_gmt":"2019-09-12T10:05:42","slug":"uno-sguardo-sugli-ultras","status":"publish","type":"post","link":"https:\/\/www.robertosedda.it\/?p=17215","title":{"rendered":"Uno sguardo sugli ultras"},"content":{"rendered":"\n<p>Il sempre ottimo <em><a href=\"https:\/\/www.ultimouomo.com\">L&#8217;ultimo uomo<\/a><\/em> ha due notevoli articoli su un aspetto spesso controverso del mondo del calcio, cio\u00e8 il mondo degli <em>ultras<\/em>.<\/p>\n\n\n\n<figure class=\"wp-block-image alignwide\"><img data-attachment-id=\"17216\" data-permalink=\"https:\/\/www.robertosedda.it\/?attachment_id=17216\" data-orig-file=\"https:\/\/i0.wp.com\/www.robertosedda.it\/wp-content\/uploads\/2019\/09\/Ultras.jpg?fit=2900%2C1933&amp;ssl=1\" data-orig-size=\"2900,1933\" data-comments-opened=\"1\" data-image-meta=\"{&quot;aperture&quot;:&quot;0&quot;,&quot;credit&quot;:&quot;&quot;,&quot;camera&quot;:&quot;&quot;,&quot;caption&quot;:&quot;&quot;,&quot;created_timestamp&quot;:&quot;0&quot;,&quot;copyright&quot;:&quot;&quot;,&quot;focal_length&quot;:&quot;0&quot;,&quot;iso&quot;:&quot;0&quot;,&quot;shutter_speed&quot;:&quot;0&quot;,&quot;title&quot;:&quot;&quot;,&quot;orientation&quot;:&quot;0&quot;}\" data-image-title=\"Ultras\" data-image-description=\"\" data-image-caption=\"\" data-medium-file=\"https:\/\/i0.wp.com\/www.robertosedda.it\/wp-content\/uploads\/2019\/09\/Ultras.jpg?fit=300%2C200&amp;ssl=1\" data-large-file=\"https:\/\/i0.wp.com\/www.robertosedda.it\/wp-content\/uploads\/2019\/09\/Ultras.jpg?fit=510%2C340&amp;ssl=1\" decoding=\"async\" loading=\"lazy\" width=\"800\" height=\"533\" src=\"https:\/\/i0.wp.com\/www.robertosedda.it\/wp-content\/uploads\/2019\/09\/Ultras.jpg?resize=800%2C533\" alt=\"\" class=\"wp-image-17216\" srcset=\"https:\/\/i0.wp.com\/www.robertosedda.it\/wp-content\/uploads\/2019\/09\/Ultras.jpg?w=2900&amp;ssl=1 2900w, https:\/\/i0.wp.com\/www.robertosedda.it\/wp-content\/uploads\/2019\/09\/Ultras.jpg?resize=150%2C100&amp;ssl=1 150w, https:\/\/i0.wp.com\/www.robertosedda.it\/wp-content\/uploads\/2019\/09\/Ultras.jpg?resize=300%2C200&amp;ssl=1 300w, https:\/\/i0.wp.com\/www.robertosedda.it\/wp-content\/uploads\/2019\/09\/Ultras.jpg?resize=510%2C340&amp;ssl=1 510w, https:\/\/i0.wp.com\/www.robertosedda.it\/wp-content\/uploads\/2019\/09\/Ultras.jpg?w=1600 1600w, https:\/\/i0.wp.com\/www.robertosedda.it\/wp-content\/uploads\/2019\/09\/Ultras.jpg?w=2400 2400w\" sizes=\"(max-width: 800px) 100vw, 800px\" data-recalc-dims=\"1\" \/><\/figure>\n\n\n\n<p>Il primo \u00e8 una <a href=\"https:\/\/www.ultimouomo.com\/ultras-protagonisti-calcio-intervista\/\">lunga intervista<\/a> al sociologo S\u00e9bastien Louis, uno dei maggiori esperti in materia, forte anche di quella che si potrebbe definire esperienza da osservatore partecipante se non fosse che nella sua vita \u00e8 stato prima partecipante (fra gli <em>ultra<\/em> dell&#8217;<em>Olympique<\/em> di Marsiglia) prima di diventare uno studioso interessato a rileggere quell&#8217;esperienza con gli strumenti di osservazione del sociologo e dello storico. In materia Louis ha scritto due libri: l&#8217;ultimo \u00e8 <em><a href=\"http:\/\/www.meltemieditore.it\/catalogo\/ultras\/\">Ultras. Gli altri protagonisti del calcio<\/a><\/em> (<em>Meltemi<\/em>,<em> <\/em>\u20ac 21,25).<\/p>\n\n\n\n<p>Il secondo articolo, da cui \u00e8 resa l&#8217;immagine di qui sopra, \u00e8 un <a href=\"https:\/\/www.ultimouomo.com\/we-need-no-education\/#\">bellissimo <\/a><em><a href=\"https:\/\/www.ultimouomo.com\/we-need-no-education\/#\">reportage<\/a><\/em> sull&#8217;influenza della cultura <em>ultras<\/em> italiana nelle tifoserie dell&#8217;Africa settentrionale, curato da Giovanni Ambrosio, un bravo fotografo che collabora anche con Louis per la costituzione di un fondo di documentazione sulle pratiche dei tifosi di calcio presso il Museo della Cultura del Mediterraneo di Marsiglia (con la mostra <em><a href=\"http:\/\/www.mucem.org\/programme\/exposition-et-temps-forts\/nous-sommes-foot\">Nous sommes Foot<\/a> <\/em>dell&#8217;anno scorso), all&#8217;interno del quale <a rel=\"noreferrer noopener\" href=\"https:\/\/offsideproductions.eu\/exhibitions\/\" target=\"_blank\"><em>We need no education<\/em><\/a><em> <\/em>\u00e8 dedicata appunto alla cultura <em>ultras<\/em> fuori dell&#8217;Europa.<\/p>\n\n\n\n<figure class=\"wp-block-embed-youtube alignwide wp-block-embed is-type-video is-provider-youtube wp-embed-aspect-16-9 wp-has-aspect-ratio\"><div class=\"wp-block-embed__wrapper\">\n<span class=\"embed-youtube\" style=\"text-align:center; display: block;\"><iframe loading=\"lazy\" class=\"youtube-player\" width=\"800\" height=\"450\" src=\"https:\/\/www.youtube.com\/embed\/zsZrDtDQBHc?version=3&#038;rel=1&#038;showsearch=0&#038;showinfo=1&#038;iv_load_policy=1&#038;fs=1&#038;hl=it-IT&#038;autohide=2&#038;wmode=transparent\" allowfullscreen=\"true\" style=\"border:0;\" sandbox=\"allow-scripts allow-same-origin allow-popups allow-presentation\"><\/iframe><\/span>\n<\/div><\/figure>\n","protected":false},"excerpt":{"rendered":"<p>Il sempre ottimo L&#8217;ultimo uomo ha due notevoli articoli su un aspetto spesso controverso del mondo del calcio, cio\u00e8 il<\/p>\n","protected":false},"author":1,"featured_media":17216,"comment_status":"open","ping_status":"open","sticky":false,"template":"","format":"standard","meta":{"_mi_skip_tracking":false,"_monsterinsights_sitenote_active":false,"_monsterinsights_sitenote_note":"","_monsterinsights_sitenote_category":0,"jetpack_post_was_ever_published":false,"_jetpack_newsletter_access":"","jetpack_publicize_message":"L'Ultimo Uomo offre una coppia di articoli interessantissimi sul mondo ultras. Lo so che avete un moto di ripulsa: ce l'avevo anch'io. Ora non sono pi\u00f9 cos\u00ec sicuro.\n@lUltimoUomo #ultras","jetpack_is_tweetstorm":false,"jetpack_publicize_feature_enabled":true,"jetpack_social_post_already_shared":true,"jetpack_social_options":{"image_generator_settings":{"template":"highway","enabled":false}}},"categories":[97,52,57,95,16],"tags":[],"jetpack_publicize_connections":[],"jetpack_featured_media_url":"https:\/\/i0.wp.com\/www.robertosedda.it\/wp-content\/uploads\/2019\/09\/Ultras.jpg?fit=2900%2C1933&ssl=1","jetpack_sharing_enabled":true,"jetpack_shortlink":"https:\/\/wp.me\/p4jV2T-4tF","jetpack_likes_enabled":true,"jetpack-related-posts":[{"id":2091,"url":"https:\/\/www.robertosedda.it\/?p=2091","url_meta":{"origin":17215,"position":0},"title":"Prigioni, rivolte e condanne a morte","author":"Rufus","date":"27\/01\/2013","format":false,"excerpt":"Oggi appunto qui sopra due fatti del tutto scollegati fra loro se non per il fatto che ne ho letto la notizia lo stesso giorno e per il fatto che genericamente hanno a che fare con le carceri e il sistema giudiziario - e quindi le condizioni sociali - di\u2026","rel":"","context":"In &quot;Coordinate&quot;","block_context":{"text":"Coordinate","link":"https:\/\/www.robertosedda.it\/?cat=52"},"img":{"alt_text":"","src":"https:\/\/i0.wp.com\/www.robertosedda.it\/wp-content\/uploads\/2013\/01\/Port-Said-rivolta.jpg?fit=459%2C304&ssl=1&resize=350%2C200","width":350,"height":200},"classes":[]},{"id":7273,"url":"https:\/\/www.robertosedda.it\/?p=7273","url_meta":{"origin":17215,"position":1},"title":"Quel sociologo attaccato alla tua spalla","author":"Rufus","date":"05\/05\/2014","format":false,"excerpt":"Credevo di averlo perso e invece sabato, inopinatamente, un'amica mi ha restituito La signora va nel Bronx, di Marianella Sclavi, un libro bellissimo e uno dei miei favoriti, che ho gi\u00e0 ricomprato pi\u00f9 volte perch\u00e9 finisce sempre che lo presto o lo regalo e poi me lo devo procurare di\u2026","rel":"","context":"In &quot;Coordinate&quot;","block_context":{"text":"Coordinate","link":"https:\/\/www.robertosedda.it\/?cat=52"},"img":{"alt_text":"Un mitico cartello fotografato una volta nella vetrina di una libreria di Napoli","src":"https:\/\/i0.wp.com\/www.robertosedda.it\/wp-content\/uploads\/2014\/05\/Avviso-libreria-Napoli-510x382.jpg?resize=350%2C200","width":350,"height":200},"classes":[]},{"id":13698,"url":"https:\/\/www.robertosedda.it\/?p=13698","url_meta":{"origin":17215,"position":2},"title":"Come si studiano i luoghi","author":"Rufus","date":"11\/05\/2017","format":false,"excerpt":"Con colpevole ritardo, segnalo questo interessante ciclo di seminari, del quale anche il cugino camminatore dice un gran bene. Il ciclo di seminari prevede 4 incontri monotematici nei seguenti giorni: 11 Maggio 2017 \u00a0 \u00a0 \u00a0I SEMINARIO -\u00a0\u00a0AULA MAGNA ex-Economia SIA_OF,\u00a0ore\u00a09:00-18:00 L\u2019etnografia urbana e\u00a0il peso delle parole Relatore: Nick Dines,\u00a0Visiting\u2026","rel":"","context":"In &quot;Antropologia&quot;","block_context":{"text":"Antropologia","link":"https:\/\/www.robertosedda.it\/?cat=97"},"img":{"alt_text":"","src":"https:\/\/i0.wp.com\/www.robertosedda.it\/wp-content\/uploads\/2017\/05\/Come-sis-tudiano-i-luoghi.jpg?fit=1126%2C597&ssl=1&resize=350%2C200","width":350,"height":200,"srcset":"https:\/\/i0.wp.com\/www.robertosedda.it\/wp-content\/uploads\/2017\/05\/Come-sis-tudiano-i-luoghi.jpg?fit=1126%2C597&ssl=1&resize=350%2C200 1x, https:\/\/i0.wp.com\/www.robertosedda.it\/wp-content\/uploads\/2017\/05\/Come-sis-tudiano-i-luoghi.jpg?fit=1126%2C597&ssl=1&resize=700%2C400 2x, https:\/\/i0.wp.com\/www.robertosedda.it\/wp-content\/uploads\/2017\/05\/Come-sis-tudiano-i-luoghi.jpg?fit=1126%2C597&ssl=1&resize=1050%2C600 3x"},"classes":[]},{"id":6563,"url":"https:\/\/www.robertosedda.it\/?p=6563","url_meta":{"origin":17215,"position":3},"title":"Restare umani. Anche in Sardegna","author":"Rufus","date":"25\/02\/2014","format":false,"excerpt":"Pubblico con vero piacere il consueto frutto delle riunioni dei blogger del luned\u00ec, questa volta a firma di Francesca Madrigali, ed \u00e8 anche l'occasione per suggerire la lettura del suo blog, che \u00e8 sempre molto piacevole e che oggi viene anche inserito nella posizione di amico della settimana. Oltre che\u2026","rel":"","context":"In &quot;Coordinate&quot;","block_context":{"text":"Coordinate","link":"https:\/\/www.robertosedda.it\/?cat=52"},"img":{"alt_text":"","src":"https:\/\/i0.wp.com\/www.robertosedda.it\/wp-content\/uploads\/2014\/02\/videolina_pigliaru.jpg?fit=1200%2C900&ssl=1&resize=350%2C200","width":350,"height":200,"srcset":"https:\/\/i0.wp.com\/www.robertosedda.it\/wp-content\/uploads\/2014\/02\/videolina_pigliaru.jpg?fit=1200%2C900&ssl=1&resize=350%2C200 1x, https:\/\/i0.wp.com\/www.robertosedda.it\/wp-content\/uploads\/2014\/02\/videolina_pigliaru.jpg?fit=1200%2C900&ssl=1&resize=700%2C400 2x, https:\/\/i0.wp.com\/www.robertosedda.it\/wp-content\/uploads\/2014\/02\/videolina_pigliaru.jpg?fit=1200%2C900&ssl=1&resize=1050%2C600 3x"},"classes":[]},{"id":2880,"url":"https:\/\/www.robertosedda.it\/?p=2880","url_meta":{"origin":17215,"position":4},"title":"Tre conversazioni flash","author":"Rufus","date":"16\/04\/2013","format":false,"excerpt":"\u00abEhia!!\u00bb Salgo sul 31 e noto un ragazzino seduto. Ha una mohicana appiattita sulla cima della testa, una carnagione scurissima, un'aria complessiva da ragazzino di quartieri popolari. Se lo noto \u00e8 perch\u00e9 in spregio alle leggi della fisica riesce nell'impresa di apparire comodamente sdraiato sui sedili degli autobus del CTM,\u2026","rel":"","context":"In &quot;Coordinate&quot;","block_context":{"text":"Coordinate","link":"https:\/\/www.robertosedda.it\/?cat=52"},"img":{"alt_text":"","src":"","width":0,"height":0},"classes":[]},{"id":19076,"url":"https:\/\/www.robertosedda.it\/?p=19076","url_meta":{"origin":17215,"position":5},"title":"Barbero non ha ragione (del tutto)","author":"Rufus","date":"21\/01\/2022","format":false,"excerpt":"Ieri la mia bolla Twittter reagiva con una certa veemenza, da una parte e dall'altra, a una battuta estemporanea di Barbero sugli economisti, battuta che ci rassicura, fra l'altro, sul fatto che certe vecchie faide accademiche, tipo storici contro economisti, economisti contro ingegneri, economisti contro sociologi o fisici contro economisti\u2026","rel":"","context":"In &quot;Coordinate&quot;","block_context":{"text":"Coordinate","link":"https:\/\/www.robertosedda.it\/?cat=52"},"img":{"alt_text":"","src":"https:\/\/i0.wp.com\/www.robertosedda.it\/wp-content\/uploads\/2022\/01\/Barbero-economisti.jpg?fit=1200%2C576&ssl=1&resize=350%2C200","width":350,"height":200,"srcset":"https:\/\/i0.wp.com\/www.robertosedda.it\/wp-content\/uploads\/2022\/01\/Barbero-economisti.jpg?fit=1200%2C576&ssl=1&resize=350%2C200 1x, https:\/\/i0.wp.com\/www.robertosedda.it\/wp-content\/uploads\/2022\/01\/Barbero-economisti.jpg?fit=1200%2C576&ssl=1&resize=700%2C400 2x, https:\/\/i0.wp.com\/www.robertosedda.it\/wp-content\/uploads\/2022\/01\/Barbero-economisti.jpg?fit=1200%2C576&ssl=1&resize=1050%2C600 3x"},"classes":[]}],"_links":{"self":[{"href":"https:\/\/www.robertosedda.it\/index.php?rest_route=\/wp\/v2\/posts\/17215"}],"collection":[{"href":"https:\/\/www.robertosedda.it\/index.php?rest_route=\/wp\/v2\/posts"}],"about":[{"href":"https:\/\/www.robertosedda.it\/index.php?rest_route=\/wp\/v2\/types\/post"}],"author":[{"embeddable":true,"href":"https:\/\/www.robertosedda.it\/index.php?rest_route=\/wp\/v2\/users\/1"}],"replies":[{"embeddable":true,"href":"https:\/\/www.robertosedda.it\/index.php?rest_route=%2Fwp%2Fv2%2Fcomments&post=17215"}],"version-history":[{"count":1,"href":"https:\/\/www.robertosedda.it\/index.php?rest_route=\/wp\/v2\/posts\/17215\/revisions"}],"predecessor-version":[{"id":17217,"href":"https:\/\/www.robertosedda.it\/index.php?rest_route=\/wp\/v2\/posts\/17215\/revisions\/17217"}],"wp:featuredmedia":[{"embeddable":true,"href":"https:\/\/www.robertosedda.it\/index.php?rest_route=\/wp\/v2\/media\/17216"}],"wp:attachment":[{"href":"https:\/\/www.robertosedda.it\/index.php?rest_route=%2Fwp%2Fv2%2Fmedia&parent=17215"}],"wp:term":[{"taxonomy":"category","embeddable":true,"href":"https:\/\/www.robertosedda.it\/index.php?rest_route=%2Fwp%2Fv2%2Fcategories&post=17215"},{"taxonomy":"post_tag","embeddable":true,"href":"https:\/\/www.robertosedda.it\/index.php?rest_route=%2Fwp%2Fv2%2Ftags&post=17215"}],"curies":[{"name":"wp","href":"https:\/\/api.w.org\/{rel}","templated":true}]}}